{"id":10707,"date":"2016-01-26T18:41:53","date_gmt":"2016-01-26T17:41:53","guid":{"rendered":"http:\/\/tus-bruchhausen.de\/Fussball\/?p=10707"},"modified":"2016-02-01T08:54:01","modified_gmt":"2016-02-01T07:54:01","slug":"diesen-freitag-zaubern-die-reserve-teams-wieder","status":"publish","type":"post","link":"http:\/\/www.tus-bruchhausen.de\/Fussball\/diesen-freitag-zaubern-die-reserve-teams-wieder\/","title":{"rendered":"Diesen Freitag zaubern die Reserve Teams wieder"},"content":{"rendered":"<p>Bereits zum f\u00fcnften Mal startet am kommenden Freitag, den 29. Januar 2016 der C-Liga Reserve Cup in der Sporthalle \u201eGro\u00dfe Wiese\u201c in H\u00fcsten. Wie im Vorjahr k\u00e4mpfen wieder zw\u00f6lf Mannschaften in drei Vierer-Gruppen die Krone der Reserve-Teams.<\/p>\n<h2>Turnierstart um 17:10 Uhr mit dem Titelverteidiger<\/h2>\n<p><a href=\"http:\/\/tus-bruchhausen.de\/Fussball\/wp-content\/uploads\/2016\/01\/1490888_658003577574000_628502240_o.jpg\"  rel=\"lightbox[10707] attachment wp-att-10708\"><img loading=\"lazy\" decoding=\"async\" class=\"alignleft size-medium wp-image-10708\" src=\"http:\/\/tus-bruchhausen.de\/Fussball\/wp-content\/uploads\/2016\/01\/1490888_658003577574000_628502240_o-200x133.jpg\" alt=\"1490888_658003577574000_628502240_o\" width=\"200\" height=\"133\" srcset=\"http:\/\/www.tus-bruchhausen.de\/Fussball\/wp-content\/uploads\/2016\/01\/1490888_658003577574000_628502240_o-200x133.jpg 200w, http:\/\/www.tus-bruchhausen.de\/Fussball\/wp-content\/uploads\/2016\/01\/1490888_658003577574000_628502240_o-563x376.jpg 563w, http:\/\/www.tus-bruchhausen.de\/Fussball\/wp-content\/uploads\/2016\/01\/1490888_658003577574000_628502240_o-768x513.jpg 768w, http:\/\/www.tus-bruchhausen.de\/Fussball\/wp-content\/uploads\/2016\/01\/1490888_658003577574000_628502240_o-95x64.jpg 95w, http:\/\/www.tus-bruchhausen.de\/Fussball\/wp-content\/uploads\/2016\/01\/1490888_658003577574000_628502240_o-900x601.jpg 900w, http:\/\/www.tus-bruchhausen.de\/Fussball\/wp-content\/uploads\/2016\/01\/1490888_658003577574000_628502240_o-272x182.jpg 272w, http:\/\/www.tus-bruchhausen.de\/Fussball\/wp-content\/uploads\/2016\/01\/1490888_658003577574000_628502240_o.jpg 2048w\" sizes=\"auto, (max-width: 200px) 100vw, 200px\" \/><\/a>Das erste Turnierspiel der 5. Ausgabe des C-Liga Reserve Cup\u00b4s start um 17.10 Uhr. Er\u00f6ffnet werden die Titelk\u00e4mpfe in diesem Jahr mit dem Spiel des SV H\u00fcsten 09 III gegen den SV Bachum\/Bergheim II. Der SV H\u00fcsten 09 III geht als amtierender Titelverteidiger an den Start.\u00a0Die 09-Dritte gewann das letztj\u00e4hrige Finale in einem spannenden Neunmeterschie\u00dfen gegen die DJK GW Arnsberg II\u00a0knapp mit 5:4.\u00a0Auf dem geteilten dritten Platz landeten der SV Arnsberg 09 II und der TuS Hachen II.<\/p>\n<p>F\u00fcr die diesj\u00e4hrige Ausgabe musste der TuS Hachen II leider absagen. F\u00fcr den einmaligen Turniersieger springt der SV SW Fr\u00f6mern II aus der Kreisliga D Unna-Hamm ein. Im Spielplan \u00e4ndert sich damit lediglich der Vereinsname.<\/p>\n<p>Die beiden Erstplatzierten jeder Gruppe\u00a0 qualifizieren sich f\u00fcr das Viertelfinale. Hinzu kommen die beiden besten Dritten, so dass in der Vorrunde zun\u00e4chst nur vier Mannschaften vorzeitig die Segel streichen m\u00fcssen. Das Finale soll dann gegen 22:30 Uhr steigen.<\/p>\n<p>Gespielt wird um den Wanderpokal des Reserve-Cup. Mit dem SV Arnsberg 09 II, dem SSV Stockum II und dem TuS Hachen II sind alle ehemaligen Titeltr\u00e4ger im Teilnehmerfeld.<\/p>\n<p><a href=\"http:\/\/tus-bruchhausen.de\/Fussball\/wp-content\/uploads\/2013\/11\/C-Liga-Reserve-Cup-Pokal.png\" rel=\"lightbox[5091]\"><img loading=\"lazy\" decoding=\"async\" class=\"alignright wp-image-2241 \" src=\"http:\/\/tus-bruchhausen.de\/Fussball\/wp-content\/uploads\/2013\/11\/C-Liga-Reserve-Cup-Pokal-194x376.png\" alt=\"C-Liga Reserve Cup Pokal\" width=\"150\" height=\"291\" srcset=\"http:\/\/www.tus-bruchhausen.de\/Fussball\/wp-content\/uploads\/2013\/11\/C-Liga-Reserve-Cup-Pokal-194x376.png 194w, http:\/\/www.tus-bruchhausen.de\/Fussball\/wp-content\/uploads\/2013\/11\/C-Liga-Reserve-Cup-Pokal.png 323w\" sizes=\"auto, (max-width: 150px) 100vw, 150px\" \/><\/a><strong>Gruppe A:<\/strong> SV H\u00fcsten 09 III (C-Liga), SV Bachum\/Bergheim II (C-Liga), SSV Stockum II (C-Liga), TuRa Freienohl II (C-Liga)<\/p>\n<p><strong>Gruppe B:<\/strong> TuS Vosswinkel II (C-Liga), DJK GW Arnsberg II (D-Liga), TuS Bruchhausen III (D-Liga), SV SW Fr\u00f6mern II (D-Liga Unna-Hamm)<\/p>\n<p><strong>Gruppe C:<\/strong> SV Herdringen II (C-Liga), TuS Oeventrop II (C-Liga), TuS Bruchhausen II (C-Liga), SV Arnsberg 09 II (C-Liga)<\/p>\n<p><span style=\"color: #0000ff;\"><a style=\"color: #0000ff;\" href=\"http:\/\/tus-bruchhausen.de\/Fussball\/wp-content\/uploads\/2016\/01\/C-Liga-Reserve-Cup-2016.pdf\">-&gt; Spielplan<\/a><\/span><\/p>\n<p><span style=\"color: #0000ff;\"><a style=\"color: #0000ff;\" href=\"http:\/\/tus-bruchhausen.de\/Fussball\/wp-content\/uploads\/2015\/12\/Turnierornung-C-Liga-Reserve-Cup-2016.pdf\">-&gt; Turnierordnung<\/a><\/span><\/p>\n<p><span style=\"color: #0000ff;\"><a style=\"color: #0000ff;\" href=\"http:\/\/tus-bruchhausen.de\/Fussball\/sv-huesten-09-iii-holt-c-liga-reserve-cup-2015\/\">SV H\u00fcsten 09 III holt C-Liga Reserve Cup 2015<\/a><\/span> | <span style=\"color: #0000ff;\"><a style=\"color: #0000ff;\" href=\"http:\/\/tus-bruchhausen.de\/Fussball\/tus-hachen-ii-gewinnt-c-liga-reserve-cup\/\">TuS Hachen II gewinnt C-Liga Reserve Cup 2014<\/a><\/span><\/p>\n","protected":false},"excerpt":{"rendered":"<p>Bereits zum f\u00fcnften Mal startet am kommenden Freitag, den 29. Januar 2016 der C-Liga Reserve Cup in der Sporthalle \u201eGro\u00dfe Wiese\u201c in H\u00fcsten. Wie im Vorjahr k\u00e4mpfen wieder zw\u00f6lf Mannschaften in drei Vierer-Gruppen die Krone der Reserve-Teams. Turnierstart um 17:10 Uhr mit dem Titelverteidiger Das erste Turnierspiel der 5. Ausgabe des C-Liga Reserve Cup\u00b4s start [&hellip;]<\/p>\n","protected":false},"author":6,"featured_media":10711,"comment_status":"closed","ping_status":"closed","sticky":false,"template":"","format":"standard","meta":{"footnotes":""},"categories":[18],"tags":[],"class_list":["post-10707","post","type-post","status-publish","format-standard","has-post-thumbnail","hentry","category-spielankuendigung","small-justify-block","has-thumb"],"yoast_head":"<!-- This site is optimized with the Yoast SEO plugin v27.2 - https:\/\/yoast.com\/product\/yoast-seo-wordpress\/ -->\n<title>Diesen Freitag zaubern die Reserve Teams wieder<\/title>\n<meta name=\"robots\" content=\"index, follow, max-snippet:-1, max-image-preview:large, max-video-preview:-1\" \/>\n<link rel=\"canonical\" href=\"http:\/\/www.tus-bruchhausen.de\/Fussball\/diesen-freitag-zaubern-die-reserve-teams-wieder\/\" \/>\n<meta property=\"og:locale\" content=\"de_DE\" \/>\n<meta property=\"og:type\" content=\"article\" \/>\n<meta property=\"og:title\" content=\"Diesen Freitag zaubern die Reserve Teams wieder\" \/>\n<meta property=\"og:description\" content=\"Bereits zum f\u00fcnften Mal startet am kommenden Freitag, den 29. Januar 2016 der C-Liga Reserve Cup in der Sporthalle \u201eGro\u00dfe Wiese\u201c in H\u00fcsten. Wie im Vorjahr k\u00e4mpfen wieder zw\u00f6lf Mannschaften in drei Vierer-Gruppen die Krone der Reserve-Teams. Turnierstart um 17:10 Uhr mit dem Titelverteidiger Das erste Turnierspiel der 5. Ausgabe des C-Liga Reserve Cup\u00b4s start [&hellip;]\" \/>\n<meta property=\"og:url\" content=\"http:\/\/www.tus-bruchhausen.de\/Fussball\/diesen-freitag-zaubern-die-reserve-teams-wieder\/\" \/>\n<meta property=\"og:site_name\" content=\"TuS Bruchhausen\" \/>\n<meta property=\"article:publisher\" content=\"https:\/\/www.facebook.com\/TuS02\/\" \/>\n<meta property=\"article:published_time\" content=\"2016-01-26T17:41:53+00:00\" \/>\n<meta property=\"article:modified_time\" content=\"2016-02-01T07:54:01+00:00\" \/>\n<meta property=\"og:image\" content=\"http:\/\/www.tus-bruchhausen.de\/Fussball\/wp-content\/uploads\/2016\/01\/10926837_843624392345250_8942449565733110199_o-1-e1453801631626.jpg\" \/>\n\t<meta property=\"og:image:width\" content=\"1438\" \/>\n\t<meta property=\"og:image:height\" content=\"841\" \/>\n\t<meta property=\"og:image:type\" content=\"image\/jpeg\" \/>\n<meta name=\"author\" content=\"Dominic Gabriel\" \/>\n<meta name=\"twitter:card\" content=\"summary_large_image\" \/>\n<meta name=\"twitter:label1\" content=\"Verfasst von\" \/>\n\t<meta name=\"twitter:data1\" content=\"Dominic Gabriel\" \/>\n\t<meta name=\"twitter:label2\" content=\"Gesch\u00e4tzte Lesezeit\" \/>\n\t<meta name=\"twitter:data2\" content=\"2\u00a0Minuten\" \/>\n<script type=\"application\/ld+json\" class=\"yoast-schema-graph\">{\"@context\":\"https:\/\/schema.org\",\"@graph\":[{\"@type\":\"Article\",\"@id\":\"http:\/\/www.tus-bruchhausen.de\/Fussball\/diesen-freitag-zaubern-die-reserve-teams-wieder\/#article\",\"isPartOf\":{\"@id\":\"http:\/\/www.tus-bruchhausen.de\/Fussball\/diesen-freitag-zaubern-die-reserve-teams-wieder\/\"},\"author\":{\"name\":\"Dominic Gabriel\",\"@id\":\"https:\/\/www.tus-bruchhausen.de\/Fussball\/#\/schema\/person\/53a173c5abf387371fd35fcb395bc0af\"},\"headline\":\"Diesen Freitag zaubern die Reserve Teams wieder\",\"datePublished\":\"2016-01-26T17:41:53+00:00\",\"dateModified\":\"2016-02-01T07:54:01+00:00\",\"mainEntityOfPage\":{\"@id\":\"http:\/\/www.tus-bruchhausen.de\/Fussball\/diesen-freitag-zaubern-die-reserve-teams-wieder\/\"},\"wordCount\":324,\"image\":{\"@id\":\"http:\/\/www.tus-bruchhausen.de\/Fussball\/diesen-freitag-zaubern-die-reserve-teams-wieder\/#primaryimage\"},\"thumbnailUrl\":\"http:\/\/www.tus-bruchhausen.de\/Fussball\/wp-content\/uploads\/2016\/01\/10926837_843624392345250_8942449565733110199_o-1-e1453801631626.jpg\",\"articleSection\":[\"Spielank\u00fcndigung\"],\"inLanguage\":\"de\"},{\"@type\":\"WebPage\",\"@id\":\"http:\/\/www.tus-bruchhausen.de\/Fussball\/diesen-freitag-zaubern-die-reserve-teams-wieder\/\",\"url\":\"http:\/\/www.tus-bruchhausen.de\/Fussball\/diesen-freitag-zaubern-die-reserve-teams-wieder\/\",\"name\":\"Diesen Freitag zaubern die Reserve Teams wieder\",\"isPartOf\":{\"@id\":\"https:\/\/www.tus-bruchhausen.de\/Fussball\/#website\"},\"primaryImageOfPage\":{\"@id\":\"http:\/\/www.tus-bruchhausen.de\/Fussball\/diesen-freitag-zaubern-die-reserve-teams-wieder\/#primaryimage\"},\"image\":{\"@id\":\"http:\/\/www.tus-bruchhausen.de\/Fussball\/diesen-freitag-zaubern-die-reserve-teams-wieder\/#primaryimage\"},\"thumbnailUrl\":\"http:\/\/www.tus-bruchhausen.de\/Fussball\/wp-content\/uploads\/2016\/01\/10926837_843624392345250_8942449565733110199_o-1-e1453801631626.jpg\",\"datePublished\":\"2016-01-26T17:41:53+00:00\",\"dateModified\":\"2016-02-01T07:54:01+00:00\",\"author\":{\"@id\":\"https:\/\/www.tus-bruchhausen.de\/Fussball\/#\/schema\/person\/53a173c5abf387371fd35fcb395bc0af\"},\"breadcrumb\":{\"@id\":\"http:\/\/www.tus-bruchhausen.de\/Fussball\/diesen-freitag-zaubern-die-reserve-teams-wieder\/#breadcrumb\"},\"inLanguage\":\"de\",\"potentialAction\":[{\"@type\":\"ReadAction\",\"target\":[\"http:\/\/www.tus-bruchhausen.de\/Fussball\/diesen-freitag-zaubern-die-reserve-teams-wieder\/\"]}]},{\"@type\":\"ImageObject\",\"inLanguage\":\"de\",\"@id\":\"http:\/\/www.tus-bruchhausen.de\/Fussball\/diesen-freitag-zaubern-die-reserve-teams-wieder\/#primaryimage\",\"url\":\"http:\/\/www.tus-bruchhausen.de\/Fussball\/wp-content\/uploads\/2016\/01\/10926837_843624392345250_8942449565733110199_o-1-e1453801631626.jpg\",\"contentUrl\":\"http:\/\/www.tus-bruchhausen.de\/Fussball\/wp-content\/uploads\/2016\/01\/10926837_843624392345250_8942449565733110199_o-1-e1453801631626.jpg\",\"width\":1438,\"height\":841},{\"@type\":\"BreadcrumbList\",\"@id\":\"http:\/\/www.tus-bruchhausen.de\/Fussball\/diesen-freitag-zaubern-die-reserve-teams-wieder\/#breadcrumb\",\"itemListElement\":[{\"@type\":\"ListItem\",\"position\":1,\"name\":\"Startseite\",\"item\":\"https:\/\/www.tus-bruchhausen.de\/Fussball\/\"},{\"@type\":\"ListItem\",\"position\":2,\"name\":\"Diesen Freitag zaubern die Reserve Teams wieder\"}]},{\"@type\":\"WebSite\",\"@id\":\"https:\/\/www.tus-bruchhausen.de\/Fussball\/#website\",\"url\":\"https:\/\/www.tus-bruchhausen.de\/Fussball\/\",\"name\":\"TuS Bruchhausen\",\"description\":\"Fu\u00dfball\",\"potentialAction\":[{\"@type\":\"SearchAction\",\"target\":{\"@type\":\"EntryPoint\",\"urlTemplate\":\"https:\/\/www.tus-bruchhausen.de\/Fussball\/?s={search_term_string}\"},\"query-input\":{\"@type\":\"PropertyValueSpecification\",\"valueRequired\":true,\"valueName\":\"search_term_string\"}}],\"inLanguage\":\"de\"},{\"@type\":\"Person\",\"@id\":\"https:\/\/www.tus-bruchhausen.de\/Fussball\/#\/schema\/person\/53a173c5abf387371fd35fcb395bc0af\",\"name\":\"Dominic Gabriel\",\"image\":{\"@type\":\"ImageObject\",\"inLanguage\":\"de\",\"@id\":\"https:\/\/secure.gravatar.com\/avatar\/750762ec91b9970d725a622f9a107d8412b787d34f1fd38dd08605665102440c?s=96&d=mm&r=g\",\"url\":\"https:\/\/secure.gravatar.com\/avatar\/750762ec91b9970d725a622f9a107d8412b787d34f1fd38dd08605665102440c?s=96&d=mm&r=g\",\"contentUrl\":\"https:\/\/secure.gravatar.com\/avatar\/750762ec91b9970d725a622f9a107d8412b787d34f1fd38dd08605665102440c?s=96&d=mm&r=g\",\"caption\":\"Dominic Gabriel\"}}]}<\/script>\n<!-- \/ Yoast SEO plugin. -->","yoast_head_json":{"title":"Diesen Freitag zaubern die Reserve Teams wieder","robots":{"index":"index","follow":"follow","max-snippet":"max-snippet:-1","max-image-preview":"max-image-preview:large","max-video-preview":"max-video-preview:-1"},"canonical":"http:\/\/www.tus-bruchhausen.de\/Fussball\/diesen-freitag-zaubern-die-reserve-teams-wieder\/","og_locale":"de_DE","og_type":"article","og_title":"Diesen Freitag zaubern die Reserve Teams wieder","og_description":"Bereits zum f\u00fcnften Mal startet am kommenden Freitag, den 29. Januar 2016 der C-Liga Reserve Cup in der Sporthalle \u201eGro\u00dfe Wiese\u201c in H\u00fcsten. Wie im Vorjahr k\u00e4mpfen wieder zw\u00f6lf Mannschaften in drei Vierer-Gruppen die Krone der Reserve-Teams. Turnierstart um 17:10 Uhr mit dem Titelverteidiger Das erste Turnierspiel der 5. Ausgabe des C-Liga Reserve Cup\u00b4s start [&hellip;]","og_url":"http:\/\/www.tus-bruchhausen.de\/Fussball\/diesen-freitag-zaubern-die-reserve-teams-wieder\/","og_site_name":"TuS Bruchhausen","article_publisher":"https:\/\/www.facebook.com\/TuS02\/","article_published_time":"2016-01-26T17:41:53+00:00","article_modified_time":"2016-02-01T07:54:01+00:00","og_image":[{"width":1438,"height":841,"url":"http:\/\/www.tus-bruchhausen.de\/Fussball\/wp-content\/uploads\/2016\/01\/10926837_843624392345250_8942449565733110199_o-1-e1453801631626.jpg","type":"image\/jpeg"}],"author":"Dominic Gabriel","twitter_card":"summary_large_image","twitter_misc":{"Verfasst von":"Dominic Gabriel","Gesch\u00e4tzte Lesezeit":"2\u00a0Minuten"},"schema":{"@context":"https:\/\/schema.org","@graph":[{"@type":"Article","@id":"http:\/\/www.tus-bruchhausen.de\/Fussball\/diesen-freitag-zaubern-die-reserve-teams-wieder\/#article","isPartOf":{"@id":"http:\/\/www.tus-bruchhausen.de\/Fussball\/diesen-freitag-zaubern-die-reserve-teams-wieder\/"},"author":{"name":"Dominic Gabriel","@id":"https:\/\/www.tus-bruchhausen.de\/Fussball\/#\/schema\/person\/53a173c5abf387371fd35fcb395bc0af"},"headline":"Diesen Freitag zaubern die Reserve Teams wieder","datePublished":"2016-01-26T17:41:53+00:00","dateModified":"2016-02-01T07:54:01+00:00","mainEntityOfPage":{"@id":"http:\/\/www.tus-bruchhausen.de\/Fussball\/diesen-freitag-zaubern-die-reserve-teams-wieder\/"},"wordCount":324,"image":{"@id":"http:\/\/www.tus-bruchhausen.de\/Fussball\/diesen-freitag-zaubern-die-reserve-teams-wieder\/#primaryimage"},"thumbnailUrl":"http:\/\/www.tus-bruchhausen.de\/Fussball\/wp-content\/uploads\/2016\/01\/10926837_843624392345250_8942449565733110199_o-1-e1453801631626.jpg","articleSection":["Spielank\u00fcndigung"],"inLanguage":"de"},{"@type":"WebPage","@id":"http:\/\/www.tus-bruchhausen.de\/Fussball\/diesen-freitag-zaubern-die-reserve-teams-wieder\/","url":"http:\/\/www.tus-bruchhausen.de\/Fussball\/diesen-freitag-zaubern-die-reserve-teams-wieder\/","name":"Diesen Freitag zaubern die Reserve Teams wieder","isPartOf":{"@id":"https:\/\/www.tus-bruchhausen.de\/Fussball\/#website"},"primaryImageOfPage":{"@id":"http:\/\/www.tus-bruchhausen.de\/Fussball\/diesen-freitag-zaubern-die-reserve-teams-wieder\/#primaryimage"},"image":{"@id":"http:\/\/www.tus-bruchhausen.de\/Fussball\/diesen-freitag-zaubern-die-reserve-teams-wieder\/#primaryimage"},"thumbnailUrl":"http:\/\/www.tus-bruchhausen.de\/Fussball\/wp-content\/uploads\/2016\/01\/10926837_843624392345250_8942449565733110199_o-1-e1453801631626.jpg","datePublished":"2016-01-26T17:41:53+00:00","dateModified":"2016-02-01T07:54:01+00:00","author":{"@id":"https:\/\/www.tus-bruchhausen.de\/Fussball\/#\/schema\/person\/53a173c5abf387371fd35fcb395bc0af"},"breadcrumb":{"@id":"http:\/\/www.tus-bruchhausen.de\/Fussball\/diesen-freitag-zaubern-die-reserve-teams-wieder\/#breadcrumb"},"inLanguage":"de","potentialAction":[{"@type":"ReadAction","target":["http:\/\/www.tus-bruchhausen.de\/Fussball\/diesen-freitag-zaubern-die-reserve-teams-wieder\/"]}]},{"@type":"ImageObject","inLanguage":"de","@id":"http:\/\/www.tus-bruchhausen.de\/Fussball\/diesen-freitag-zaubern-die-reserve-teams-wieder\/#primaryimage","url":"http:\/\/www.tus-bruchhausen.de\/Fussball\/wp-content\/uploads\/2016\/01\/10926837_843624392345250_8942449565733110199_o-1-e1453801631626.jpg","contentUrl":"http:\/\/www.tus-bruchhausen.de\/Fussball\/wp-content\/uploads\/2016\/01\/10926837_843624392345250_8942449565733110199_o-1-e1453801631626.jpg","width":1438,"height":841},{"@type":"BreadcrumbList","@id":"http:\/\/www.tus-bruchhausen.de\/Fussball\/diesen-freitag-zaubern-die-reserve-teams-wieder\/#breadcrumb","itemListElement":[{"@type":"ListItem","position":1,"name":"Startseite","item":"https:\/\/www.tus-bruchhausen.de\/Fussball\/"},{"@type":"ListItem","position":2,"name":"Diesen Freitag zaubern die Reserve Teams wieder"}]},{"@type":"WebSite","@id":"https:\/\/www.tus-bruchhausen.de\/Fussball\/#website","url":"https:\/\/www.tus-bruchhausen.de\/Fussball\/","name":"TuS Bruchhausen","description":"Fu\u00dfball","potentialAction":[{"@type":"SearchAction","target":{"@type":"EntryPoint","urlTemplate":"https:\/\/www.tus-bruchhausen.de\/Fussball\/?s={search_term_string}"},"query-input":{"@type":"PropertyValueSpecification","valueRequired":true,"valueName":"search_term_string"}}],"inLanguage":"de"},{"@type":"Person","@id":"https:\/\/www.tus-bruchhausen.de\/Fussball\/#\/schema\/person\/53a173c5abf387371fd35fcb395bc0af","name":"Dominic Gabriel","image":{"@type":"ImageObject","inLanguage":"de","@id":"https:\/\/secure.gravatar.com\/avatar\/750762ec91b9970d725a622f9a107d8412b787d34f1fd38dd08605665102440c?s=96&d=mm&r=g","url":"https:\/\/secure.gravatar.com\/avatar\/750762ec91b9970d725a622f9a107d8412b787d34f1fd38dd08605665102440c?s=96&d=mm&r=g","contentUrl":"https:\/\/secure.gravatar.com\/avatar\/750762ec91b9970d725a622f9a107d8412b787d34f1fd38dd08605665102440c?s=96&d=mm&r=g","caption":"Dominic Gabriel"}}]}},"_links":{"self":[{"href":"http:\/\/www.tus-bruchhausen.de\/Fussball\/wp-json\/wp\/v2\/posts\/10707","targetHints":{"allow":["GET"]}}],"collection":[{"href":"http:\/\/www.tus-bruchhausen.de\/Fussball\/wp-json\/wp\/v2\/posts"}],"about":[{"href":"http:\/\/www.tus-bruchhausen.de\/Fussball\/wp-json\/wp\/v2\/types\/post"}],"author":[{"embeddable":true,"href":"http:\/\/www.tus-bruchhausen.de\/Fussball\/wp-json\/wp\/v2\/users\/6"}],"replies":[{"embeddable":true,"href":"http:\/\/www.tus-bruchhausen.de\/Fussball\/wp-json\/wp\/v2\/comments?post=10707"}],"version-history":[{"count":6,"href":"http:\/\/www.tus-bruchhausen.de\/Fussball\/wp-json\/wp\/v2\/posts\/10707\/revisions"}],"predecessor-version":[{"id":10725,"href":"http:\/\/www.tus-bruchhausen.de\/Fussball\/wp-json\/wp\/v2\/posts\/10707\/revisions\/10725"}],"wp:featuredmedia":[{"embeddable":true,"href":"http:\/\/www.tus-bruchhausen.de\/Fussball\/wp-json\/wp\/v2\/media\/10711"}],"wp:attachment":[{"href":"http:\/\/www.tus-bruchhausen.de\/Fussball\/wp-json\/wp\/v2\/media?parent=10707"}],"wp:term":[{"taxonomy":"category","embeddable":true,"href":"http:\/\/www.tus-bruchhausen.de\/Fussball\/wp-json\/wp\/v2\/categories?post=10707"},{"taxonomy":"post_tag","embeddable":true,"href":"http:\/\/www.tus-bruchhausen.de\/Fussball\/wp-json\/wp\/v2\/tags?post=10707"}],"curies":[{"name":"wp","href":"https:\/\/api.w.org\/{rel}","templated":true}]}}