{"id":12030,"date":"2016-05-31T15:05:48","date_gmt":"2016-05-31T13:05:48","guid":{"rendered":"http:\/\/tus-bruchhausen.de\/Fussball\/?p=12030"},"modified":"2016-05-31T16:36:00","modified_gmt":"2016-05-31T14:36:00","slug":"tus-02-sucht-nachfolge-trainer-fuer-d-liga-team","status":"publish","type":"post","link":"http:\/\/www.tus-bruchhausen.de\/Fussball\/tus-02-sucht-nachfolge-trainer-fuer-d-liga-team\/","title":{"rendered":"TuS 02 sucht Nachfolge-Trainer f\u00fcr D-Liga-Team"},"content":{"rendered":"<p>Die 3. Mannschaft des TuS Bruchhausen ist derzeit noch auf der Suche nach einem Trainer f\u00fcr die Spielzeit 2016\/17. Das bisherige Trainer-Duo Dominik Strocka und\u00a0Florian\u00a0Strocka m\u00f6chte sich zur kommenden Saison wieder in die 2. Trainerreihe zur\u00fcckziehen.<\/p>\n<p>Das Anforderungsprofil des Trainers ist schnell beschrieben. Egal ob erfahren oder noch unerfahren im Trainerjob sollte der zuk\u00fcnftige \u00dcbungsleiter sowohl Wert auf das sportliche als auch das menschliche Miteinander legen. Grade Zweiteres darf nach dem Spiel oder Training nicht zu kurz kommen. Zur Aufgabe des Trainers geh\u00f6ren\u00a0die \u00dcbungen am Trainingsabend (Mi., Fr.)\u00a0sowie die Aufstellung und das Coaching am Spieltag.<\/p>\n<p>Der neue \u00dcbungsleiter trifft auf ein D-Liga-Team das ohne Zweifel viel\u00a0Qualit\u00e4t f\u00fcr Ihre Liga mitbringt und aus gr\u00f6\u00dftenteils gestanden Fu\u00dfballer besteht. In dieser Saison rangiert die TuS-Dritte auf dem 5. Tabellenplatz in der Vorsaison belegte man einen guten sechsten Platz. Durch die vielen Schichtarbeiter im Team ver\u00e4ndert sich der Kader von Sonntag zu Sonntag immer mal wieder. \u00a0Insgesamt stehen jedoch, wenn nicht verletzt,\u00a0ca. 25\u00a0Spieler zu Verf\u00fcgung.<\/p>\n<p>Interessiert k\u00f6nnen sich sehr gerne bei Giuliano Schulte oder Dominik Strocka melden.<\/p>\n","protected":false},"excerpt":{"rendered":"<p>Die 3. Mannschaft des TuS Bruchhausen ist derzeit noch auf der Suche nach einem Trainer f\u00fcr die Spielzeit 2016\/17. Das bisherige Trainer-Duo Dominik Strocka und\u00a0Florian\u00a0Strocka m\u00f6chte sich zur kommenden Saison wieder in die 2. Trainerreihe zur\u00fcckziehen. Das Anforderungsprofil des Trainers ist schnell beschrieben. Egal ob erfahren oder noch unerfahren im Trainerjob sollte der zuk\u00fcnftige \u00dcbungsleiter [&hellip;]<\/p>\n","protected":false},"author":6,"featured_media":12035,"comment_status":"closed","ping_status":"closed","sticky":false,"template":"","format":"standard","meta":{"footnotes":""},"categories":[5,8],"tags":[],"class_list":["post-12030","post","type-post","status-publish","format-standard","has-post-thumbnail","hentry","category-3-mannschaft","category-news","small-justify-block","has-thumb"],"yoast_head":"<!-- This site is optimized with the Yoast SEO plugin v27.2 - https:\/\/yoast.com\/product\/yoast-seo-wordpress\/ -->\n<title>TuS 02 sucht Nachfolge-Trainer f\u00fcr D-Liga-Team<\/title>\n<meta name=\"robots\" content=\"index, follow, max-snippet:-1, max-image-preview:large, max-video-preview:-1\" \/>\n<link rel=\"canonical\" href=\"http:\/\/www.tus-bruchhausen.de\/Fussball\/tus-02-sucht-nachfolge-trainer-fuer-d-liga-team\/\" \/>\n<meta property=\"og:locale\" content=\"de_DE\" \/>\n<meta property=\"og:type\" content=\"article\" \/>\n<meta property=\"og:title\" content=\"TuS 02 sucht Nachfolge-Trainer f\u00fcr D-Liga-Team\" \/>\n<meta property=\"og:description\" content=\"Die 3. Mannschaft des TuS Bruchhausen ist derzeit noch auf der Suche nach einem Trainer f\u00fcr die Spielzeit 2016\/17. Das bisherige Trainer-Duo Dominik Strocka und\u00a0Florian\u00a0Strocka m\u00f6chte sich zur kommenden Saison wieder in die 2. Trainerreihe zur\u00fcckziehen. Das Anforderungsprofil des Trainers ist schnell beschrieben. Egal ob erfahren oder noch unerfahren im Trainerjob sollte der zuk\u00fcnftige \u00dcbungsleiter [&hellip;]\" \/>\n<meta property=\"og:url\" content=\"http:\/\/www.tus-bruchhausen.de\/Fussball\/tus-02-sucht-nachfolge-trainer-fuer-d-liga-team\/\" \/>\n<meta property=\"og:site_name\" content=\"TuS Bruchhausen\" \/>\n<meta property=\"article:publisher\" content=\"https:\/\/www.facebook.com\/TuS02\/\" \/>\n<meta property=\"article:published_time\" content=\"2016-05-31T13:05:48+00:00\" \/>\n<meta property=\"article:modified_time\" content=\"2016-05-31T14:36:00+00:00\" \/>\n<meta property=\"og:image\" content=\"http:\/\/www.tus-bruchhausen.de\/Fussball\/wp-content\/uploads\/2016\/05\/IMG_0927.jpg\" \/>\n\t<meta property=\"og:image:width\" content=\"1440\" \/>\n\t<meta property=\"og:image:height\" content=\"960\" \/>\n\t<meta property=\"og:image:type\" content=\"image\/jpeg\" \/>\n<meta name=\"author\" content=\"Dominic Gabriel\" \/>\n<meta name=\"twitter:card\" content=\"summary_large_image\" \/>\n<meta name=\"twitter:label1\" content=\"Verfasst von\" \/>\n\t<meta name=\"twitter:data1\" content=\"Dominic Gabriel\" \/>\n\t<meta name=\"twitter:label2\" content=\"Gesch\u00e4tzte Lesezeit\" \/>\n\t<meta name=\"twitter:data2\" content=\"1\u00a0Minute\" \/>\n<script type=\"application\/ld+json\" class=\"yoast-schema-graph\">{\"@context\":\"https:\/\/schema.org\",\"@graph\":[{\"@type\":\"Article\",\"@id\":\"http:\/\/www.tus-bruchhausen.de\/Fussball\/tus-02-sucht-nachfolge-trainer-fuer-d-liga-team\/#article\",\"isPartOf\":{\"@id\":\"http:\/\/www.tus-bruchhausen.de\/Fussball\/tus-02-sucht-nachfolge-trainer-fuer-d-liga-team\/\"},\"author\":{\"name\":\"Dominic Gabriel\",\"@id\":\"https:\/\/www.tus-bruchhausen.de\/Fussball\/#\/schema\/person\/53a173c5abf387371fd35fcb395bc0af\"},\"headline\":\"TuS 02 sucht Nachfolge-Trainer f\u00fcr D-Liga-Team\",\"datePublished\":\"2016-05-31T13:05:48+00:00\",\"dateModified\":\"2016-05-31T14:36:00+00:00\",\"mainEntityOfPage\":{\"@id\":\"http:\/\/www.tus-bruchhausen.de\/Fussball\/tus-02-sucht-nachfolge-trainer-fuer-d-liga-team\/\"},\"wordCount\":193,\"image\":{\"@id\":\"http:\/\/www.tus-bruchhausen.de\/Fussball\/tus-02-sucht-nachfolge-trainer-fuer-d-liga-team\/#primaryimage\"},\"thumbnailUrl\":\"http:\/\/www.tus-bruchhausen.de\/Fussball\/wp-content\/uploads\/2016\/05\/IMG_0927.jpg\",\"articleSection\":[\"3. Mannschaft\",\"News\"],\"inLanguage\":\"de\"},{\"@type\":\"WebPage\",\"@id\":\"http:\/\/www.tus-bruchhausen.de\/Fussball\/tus-02-sucht-nachfolge-trainer-fuer-d-liga-team\/\",\"url\":\"http:\/\/www.tus-bruchhausen.de\/Fussball\/tus-02-sucht-nachfolge-trainer-fuer-d-liga-team\/\",\"name\":\"TuS 02 sucht Nachfolge-Trainer f\u00fcr D-Liga-Team\",\"isPartOf\":{\"@id\":\"https:\/\/www.tus-bruchhausen.de\/Fussball\/#website\"},\"primaryImageOfPage\":{\"@id\":\"http:\/\/www.tus-bruchhausen.de\/Fussball\/tus-02-sucht-nachfolge-trainer-fuer-d-liga-team\/#primaryimage\"},\"image\":{\"@id\":\"http:\/\/www.tus-bruchhausen.de\/Fussball\/tus-02-sucht-nachfolge-trainer-fuer-d-liga-team\/#primaryimage\"},\"thumbnailUrl\":\"http:\/\/www.tus-bruchhausen.de\/Fussball\/wp-content\/uploads\/2016\/05\/IMG_0927.jpg\",\"datePublished\":\"2016-05-31T13:05:48+00:00\",\"dateModified\":\"2016-05-31T14:36:00+00:00\",\"author\":{\"@id\":\"https:\/\/www.tus-bruchhausen.de\/Fussball\/#\/schema\/person\/53a173c5abf387371fd35fcb395bc0af\"},\"breadcrumb\":{\"@id\":\"http:\/\/www.tus-bruchhausen.de\/Fussball\/tus-02-sucht-nachfolge-trainer-fuer-d-liga-team\/#breadcrumb\"},\"inLanguage\":\"de\",\"potentialAction\":[{\"@type\":\"ReadAction\",\"target\":[\"http:\/\/www.tus-bruchhausen.de\/Fussball\/tus-02-sucht-nachfolge-trainer-fuer-d-liga-team\/\"]}]},{\"@type\":\"ImageObject\",\"inLanguage\":\"de\",\"@id\":\"http:\/\/www.tus-bruchhausen.de\/Fussball\/tus-02-sucht-nachfolge-trainer-fuer-d-liga-team\/#primaryimage\",\"url\":\"http:\/\/www.tus-bruchhausen.de\/Fussball\/wp-content\/uploads\/2016\/05\/IMG_0927.jpg\",\"contentUrl\":\"http:\/\/www.tus-bruchhausen.de\/Fussball\/wp-content\/uploads\/2016\/05\/IMG_0927.jpg\",\"width\":1440,\"height\":960},{\"@type\":\"BreadcrumbList\",\"@id\":\"http:\/\/www.tus-bruchhausen.de\/Fussball\/tus-02-sucht-nachfolge-trainer-fuer-d-liga-team\/#breadcrumb\",\"itemListElement\":[{\"@type\":\"ListItem\",\"position\":1,\"name\":\"Startseite\",\"item\":\"https:\/\/www.tus-bruchhausen.de\/Fussball\/\"},{\"@type\":\"ListItem\",\"position\":2,\"name\":\"TuS 02 sucht Nachfolge-Trainer f\u00fcr D-Liga-Team\"}]},{\"@type\":\"WebSite\",\"@id\":\"https:\/\/www.tus-bruchhausen.de\/Fussball\/#website\",\"url\":\"https:\/\/www.tus-bruchhausen.de\/Fussball\/\",\"name\":\"TuS Bruchhausen\",\"description\":\"Fu\u00dfball\",\"potentialAction\":[{\"@type\":\"SearchAction\",\"target\":{\"@type\":\"EntryPoint\",\"urlTemplate\":\"https:\/\/www.tus-bruchhausen.de\/Fussball\/?s={search_term_string}\"},\"query-input\":{\"@type\":\"PropertyValueSpecification\",\"valueRequired\":true,\"valueName\":\"search_term_string\"}}],\"inLanguage\":\"de\"},{\"@type\":\"Person\",\"@id\":\"https:\/\/www.tus-bruchhausen.de\/Fussball\/#\/schema\/person\/53a173c5abf387371fd35fcb395bc0af\",\"name\":\"Dominic Gabriel\",\"image\":{\"@type\":\"ImageObject\",\"inLanguage\":\"de\",\"@id\":\"https:\/\/secure.gravatar.com\/avatar\/750762ec91b9970d725a622f9a107d8412b787d34f1fd38dd08605665102440c?s=96&d=mm&r=g\",\"url\":\"https:\/\/secure.gravatar.com\/avatar\/750762ec91b9970d725a622f9a107d8412b787d34f1fd38dd08605665102440c?s=96&d=mm&r=g\",\"contentUrl\":\"https:\/\/secure.gravatar.com\/avatar\/750762ec91b9970d725a622f9a107d8412b787d34f1fd38dd08605665102440c?s=96&d=mm&r=g\",\"caption\":\"Dominic Gabriel\"}}]}<\/script>\n<!-- \/ Yoast SEO plugin. -->","yoast_head_json":{"title":"TuS 02 sucht Nachfolge-Trainer f\u00fcr D-Liga-Team","robots":{"index":"index","follow":"follow","max-snippet":"max-snippet:-1","max-image-preview":"max-image-preview:large","max-video-preview":"max-video-preview:-1"},"canonical":"http:\/\/www.tus-bruchhausen.de\/Fussball\/tus-02-sucht-nachfolge-trainer-fuer-d-liga-team\/","og_locale":"de_DE","og_type":"article","og_title":"TuS 02 sucht Nachfolge-Trainer f\u00fcr D-Liga-Team","og_description":"Die 3. Mannschaft des TuS Bruchhausen ist derzeit noch auf der Suche nach einem Trainer f\u00fcr die Spielzeit 2016\/17. Das bisherige Trainer-Duo Dominik Strocka und\u00a0Florian\u00a0Strocka m\u00f6chte sich zur kommenden Saison wieder in die 2. Trainerreihe zur\u00fcckziehen. Das Anforderungsprofil des Trainers ist schnell beschrieben. Egal ob erfahren oder noch unerfahren im Trainerjob sollte der zuk\u00fcnftige \u00dcbungsleiter [&hellip;]","og_url":"http:\/\/www.tus-bruchhausen.de\/Fussball\/tus-02-sucht-nachfolge-trainer-fuer-d-liga-team\/","og_site_name":"TuS Bruchhausen","article_publisher":"https:\/\/www.facebook.com\/TuS02\/","article_published_time":"2016-05-31T13:05:48+00:00","article_modified_time":"2016-05-31T14:36:00+00:00","og_image":[{"width":1440,"height":960,"url":"http:\/\/www.tus-bruchhausen.de\/Fussball\/wp-content\/uploads\/2016\/05\/IMG_0927.jpg","type":"image\/jpeg"}],"author":"Dominic Gabriel","twitter_card":"summary_large_image","twitter_misc":{"Verfasst von":"Dominic Gabriel","Gesch\u00e4tzte Lesezeit":"1\u00a0Minute"},"schema":{"@context":"https:\/\/schema.org","@graph":[{"@type":"Article","@id":"http:\/\/www.tus-bruchhausen.de\/Fussball\/tus-02-sucht-nachfolge-trainer-fuer-d-liga-team\/#article","isPartOf":{"@id":"http:\/\/www.tus-bruchhausen.de\/Fussball\/tus-02-sucht-nachfolge-trainer-fuer-d-liga-team\/"},"author":{"name":"Dominic Gabriel","@id":"https:\/\/www.tus-bruchhausen.de\/Fussball\/#\/schema\/person\/53a173c5abf387371fd35fcb395bc0af"},"headline":"TuS 02 sucht Nachfolge-Trainer f\u00fcr D-Liga-Team","datePublished":"2016-05-31T13:05:48+00:00","dateModified":"2016-05-31T14:36:00+00:00","mainEntityOfPage":{"@id":"http:\/\/www.tus-bruchhausen.de\/Fussball\/tus-02-sucht-nachfolge-trainer-fuer-d-liga-team\/"},"wordCount":193,"image":{"@id":"http:\/\/www.tus-bruchhausen.de\/Fussball\/tus-02-sucht-nachfolge-trainer-fuer-d-liga-team\/#primaryimage"},"thumbnailUrl":"http:\/\/www.tus-bruchhausen.de\/Fussball\/wp-content\/uploads\/2016\/05\/IMG_0927.jpg","articleSection":["3. Mannschaft","News"],"inLanguage":"de"},{"@type":"WebPage","@id":"http:\/\/www.tus-bruchhausen.de\/Fussball\/tus-02-sucht-nachfolge-trainer-fuer-d-liga-team\/","url":"http:\/\/www.tus-bruchhausen.de\/Fussball\/tus-02-sucht-nachfolge-trainer-fuer-d-liga-team\/","name":"TuS 02 sucht Nachfolge-Trainer f\u00fcr D-Liga-Team","isPartOf":{"@id":"https:\/\/www.tus-bruchhausen.de\/Fussball\/#website"},"primaryImageOfPage":{"@id":"http:\/\/www.tus-bruchhausen.de\/Fussball\/tus-02-sucht-nachfolge-trainer-fuer-d-liga-team\/#primaryimage"},"image":{"@id":"http:\/\/www.tus-bruchhausen.de\/Fussball\/tus-02-sucht-nachfolge-trainer-fuer-d-liga-team\/#primaryimage"},"thumbnailUrl":"http:\/\/www.tus-bruchhausen.de\/Fussball\/wp-content\/uploads\/2016\/05\/IMG_0927.jpg","datePublished":"2016-05-31T13:05:48+00:00","dateModified":"2016-05-31T14:36:00+00:00","author":{"@id":"https:\/\/www.tus-bruchhausen.de\/Fussball\/#\/schema\/person\/53a173c5abf387371fd35fcb395bc0af"},"breadcrumb":{"@id":"http:\/\/www.tus-bruchhausen.de\/Fussball\/tus-02-sucht-nachfolge-trainer-fuer-d-liga-team\/#breadcrumb"},"inLanguage":"de","potentialAction":[{"@type":"ReadAction","target":["http:\/\/www.tus-bruchhausen.de\/Fussball\/tus-02-sucht-nachfolge-trainer-fuer-d-liga-team\/"]}]},{"@type":"ImageObject","inLanguage":"de","@id":"http:\/\/www.tus-bruchhausen.de\/Fussball\/tus-02-sucht-nachfolge-trainer-fuer-d-liga-team\/#primaryimage","url":"http:\/\/www.tus-bruchhausen.de\/Fussball\/wp-content\/uploads\/2016\/05\/IMG_0927.jpg","contentUrl":"http:\/\/www.tus-bruchhausen.de\/Fussball\/wp-content\/uploads\/2016\/05\/IMG_0927.jpg","width":1440,"height":960},{"@type":"BreadcrumbList","@id":"http:\/\/www.tus-bruchhausen.de\/Fussball\/tus-02-sucht-nachfolge-trainer-fuer-d-liga-team\/#breadcrumb","itemListElement":[{"@type":"ListItem","position":1,"name":"Startseite","item":"https:\/\/www.tus-bruchhausen.de\/Fussball\/"},{"@type":"ListItem","position":2,"name":"TuS 02 sucht Nachfolge-Trainer f\u00fcr D-Liga-Team"}]},{"@type":"WebSite","@id":"https:\/\/www.tus-bruchhausen.de\/Fussball\/#website","url":"https:\/\/www.tus-bruchhausen.de\/Fussball\/","name":"TuS Bruchhausen","description":"Fu\u00dfball","potentialAction":[{"@type":"SearchAction","target":{"@type":"EntryPoint","urlTemplate":"https:\/\/www.tus-bruchhausen.de\/Fussball\/?s={search_term_string}"},"query-input":{"@type":"PropertyValueSpecification","valueRequired":true,"valueName":"search_term_string"}}],"inLanguage":"de"},{"@type":"Person","@id":"https:\/\/www.tus-bruchhausen.de\/Fussball\/#\/schema\/person\/53a173c5abf387371fd35fcb395bc0af","name":"Dominic Gabriel","image":{"@type":"ImageObject","inLanguage":"de","@id":"https:\/\/secure.gravatar.com\/avatar\/750762ec91b9970d725a622f9a107d8412b787d34f1fd38dd08605665102440c?s=96&d=mm&r=g","url":"https:\/\/secure.gravatar.com\/avatar\/750762ec91b9970d725a622f9a107d8412b787d34f1fd38dd08605665102440c?s=96&d=mm&r=g","contentUrl":"https:\/\/secure.gravatar.com\/avatar\/750762ec91b9970d725a622f9a107d8412b787d34f1fd38dd08605665102440c?s=96&d=mm&r=g","caption":"Dominic Gabriel"}}]}},"_links":{"self":[{"href":"http:\/\/www.tus-bruchhausen.de\/Fussball\/wp-json\/wp\/v2\/posts\/12030","targetHints":{"allow":["GET"]}}],"collection":[{"href":"http:\/\/www.tus-bruchhausen.de\/Fussball\/wp-json\/wp\/v2\/posts"}],"about":[{"href":"http:\/\/www.tus-bruchhausen.de\/Fussball\/wp-json\/wp\/v2\/types\/post"}],"author":[{"embeddable":true,"href":"http:\/\/www.tus-bruchhausen.de\/Fussball\/wp-json\/wp\/v2\/users\/6"}],"replies":[{"embeddable":true,"href":"http:\/\/www.tus-bruchhausen.de\/Fussball\/wp-json\/wp\/v2\/comments?post=12030"}],"version-history":[{"count":2,"href":"http:\/\/www.tus-bruchhausen.de\/Fussball\/wp-json\/wp\/v2\/posts\/12030\/revisions"}],"predecessor-version":[{"id":12033,"href":"http:\/\/www.tus-bruchhausen.de\/Fussball\/wp-json\/wp\/v2\/posts\/12030\/revisions\/12033"}],"wp:featuredmedia":[{"embeddable":true,"href":"http:\/\/www.tus-bruchhausen.de\/Fussball\/wp-json\/wp\/v2\/media\/12035"}],"wp:attachment":[{"href":"http:\/\/www.tus-bruchhausen.de\/Fussball\/wp-json\/wp\/v2\/media?parent=12030"}],"wp:term":[{"taxonomy":"category","embeddable":true,"href":"http:\/\/www.tus-bruchhausen.de\/Fussball\/wp-json\/wp\/v2\/categories?post=12030"},{"taxonomy":"post_tag","embeddable":true,"href":"http:\/\/www.tus-bruchhausen.de\/Fussball\/wp-json\/wp\/v2\/tags?post=12030"}],"curies":[{"name":"wp","href":"https:\/\/api.w.org\/{rel}","templated":true}]}}