{"id":13572,"date":"2017-05-22T15:00:33","date_gmt":"2017-05-22T13:00:33","guid":{"rendered":"http:\/\/www.tus-bruchhausen.de\/Fussball\/?p=13572"},"modified":"2017-05-23T09:09:00","modified_gmt":"2017-05-23T07:09:00","slug":"thomas-duelberg-verabschiedet-sich-im-sommer-als-trainer","status":"publish","type":"post","link":"http:\/\/www.tus-bruchhausen.de\/Fussball\/thomas-duelberg-verabschiedet-sich-im-sommer-als-trainer\/","title":{"rendered":"Thomas D\u00fclberg verabschiedet sich am Saisonende als Trainer"},"content":{"rendered":"<p>Thomas D\u00fclberg beendet nach der aktuellen Saison seine T\u00e4tigkeit als Trainer der Reserve. Damit\u00a0verabschiedet sich der 41-j\u00e4hrige\u00a0nach neun Jahren als \u00dcbungsleiter der 2. Mannschaft. Am Mittwoch, den 24. Mai steigt bereits das letzte Spiel\u00a0mit dem\u00a0beliebten Coach. Am letzten Spieltag trifft die D\u00fclberg-Elf im\u00a0Heimspiel\u00a0auf die SG\u00a0Grevenstein\/Hellefeld-Altenhellefeld II, die ihrerseits im Fernduell um den Aufstieg k\u00e4mpfen muss. Ansto\u00df ist um 19:30 Uhr im Sportpark An der Hiag.<\/p>\n<h3>Danke &#8220;Diego&#8221; !<\/h3>\n<figure id=\"attachment_14127\" aria-describedby=\"caption-attachment-14127\" style=\"width: 300px\" class=\"wp-caption alignright\"><a href=\"http:\/\/www.tus-bruchhausen.de\/Fussball\/wp-content\/uploads\/2017\/05\/IMG_7250.jpg\" rel=\"lightbox[13572]\"><img loading=\"lazy\" decoding=\"async\" class=\"wp-image-14127 size-medium\" src=\"http:\/\/www.tus-bruchhausen.de\/Fussball\/wp-content\/uploads\/2017\/05\/IMG_7250-e1495057805108-300x213.jpg\" alt=\"\" width=\"300\" height=\"213\" srcset=\"http:\/\/www.tus-bruchhausen.de\/Fussball\/wp-content\/uploads\/2017\/05\/IMG_7250-e1495057805108-300x213.jpg 300w, http:\/\/www.tus-bruchhausen.de\/Fussball\/wp-content\/uploads\/2017\/05\/IMG_7250-e1495057805108-150x107.jpg 150w, http:\/\/www.tus-bruchhausen.de\/Fussball\/wp-content\/uploads\/2017\/05\/IMG_7250-e1495057805108-768x546.jpg 768w, http:\/\/www.tus-bruchhausen.de\/Fussball\/wp-content\/uploads\/2017\/05\/IMG_7250-e1495057805108-1689x1200.jpg 1689w, http:\/\/www.tus-bruchhausen.de\/Fussball\/wp-content\/uploads\/2017\/05\/IMG_7250-e1495057805108.jpg 1726w\" sizes=\"auto, (max-width: 300px) 100vw, 300px\" \/><\/a><figcaption id=\"caption-attachment-14127\" class=\"wp-caption-text\">TuS-Trainer Thomas D\u00fclberg bereitet die Einwechselung von Denis Magne vor.<\/figcaption><\/figure>\n<p>Eine lange \u00c4ra geht im Sommer zu Ende.\u00a0Thomas D\u00fclberg legt\u00a0im Juni 2017 nach 9 Jahren sein Amt als Trainer der 2. Mannschaft nieder. Als Spielertrainer \u00fcbernahm Thomas D\u00fclberg ab der Saison 2008\/2009\u00a0die 2. Mannschaft des TuS Bruchhausen,\u00a0mit der er zuvor viele Jahre als Spieler unterwegs war. In den ersten Jahren\u00a0teilte er sich die Aufgaben zusammen mit Sven Andres als sogenanntes Trainerduo. Ab\u00a0Sommer 2012 trat\u00a0Sven Andres k\u00fcrzer und Thomas D\u00fclberg \u00fcbernahm den Trainerposten fortan hauptverantwortlich und eigenst\u00e4ndig. Ohne Zwischenpause blieb er bis zum heutigen Tag Trainer und Mentor der 2. Mannschaft. Im Verlauf der Hinrunde reifte in ihm dann schlie\u00dflich der wohl\u00fcberlegte Entschluss die neunj\u00e4hrige Amtszeit aus freien St\u00fccken zum Saisonende auslaufen zu lassen.<\/p>\n<figure id=\"attachment_14126\" aria-describedby=\"caption-attachment-14126\" style=\"width: 300px\" class=\"wp-caption alignleft\"><a href=\"http:\/\/www.tus-bruchhausen.de\/Fussball\/wp-content\/uploads\/2017\/05\/IMG_7236.jpg\" rel=\"lightbox[13572]\"><img loading=\"lazy\" decoding=\"async\" class=\"wp-image-14126 size-medium\" src=\"http:\/\/www.tus-bruchhausen.de\/Fussball\/wp-content\/uploads\/2017\/05\/IMG_7236-300x225.jpg\" alt=\"\" width=\"300\" height=\"225\" srcset=\"http:\/\/www.tus-bruchhausen.de\/Fussball\/wp-content\/uploads\/2017\/05\/IMG_7236-300x225.jpg 300w, http:\/\/www.tus-bruchhausen.de\/Fussball\/wp-content\/uploads\/2017\/05\/IMG_7236-150x113.jpg 150w, http:\/\/www.tus-bruchhausen.de\/Fussball\/wp-content\/uploads\/2017\/05\/IMG_7236-768x576.jpg 768w, http:\/\/www.tus-bruchhausen.de\/Fussball\/wp-content\/uploads\/2017\/05\/IMG_7236-1600x1200.jpg 1600w\" sizes=\"auto, (max-width: 300px) 100vw, 300px\" \/><\/a><figcaption id=\"caption-attachment-14126\" class=\"wp-caption-text\">Trainerduo Thomas D\u00fclberg und Sven Andres (r.)<\/figcaption><\/figure>\n<p>&#8220;Ein herber\u00a0Verlust f\u00fcr den TuS Bruchhausen. Nach all diesen Jahren ist der TuS 02 Thomas\u00a0zu gro\u00dfem Dank f\u00fcr die geleistete Arbeit verpflichtet. Thomas D\u00fclberg hat sich immer in den Dienst der gesamten Fu\u00dfballabteilung und seiner Mannschaft gestellt.\u00a0Er hat alle H\u00f6hen und Tiefen zusammen mit seinem Team gemeistert und sich dabei selbst nie in den Vordergrund gestellt.\u00a0Am starken\u00a0Zusammenhalt der Zweiten hat er als Trainer ma\u00dfgeblichen Anteil. Die ab Sommer erstmals fu\u00dfballfreie Zeit g\u00f6nnt ihm wirklich jeder im Verein, die hat er sich verdient wie kein Zweiter. &#8220;, so Fu\u00dfballabteilungsleiter Tim Kuhlmann\u00a0der dem noch jungen\u00a0Familienvater alles Gute w\u00fcnscht.<\/p>\n<h3>9 Jahre mit vielen guten Platzierungen aber auch Abstiegskampf<\/h3>\n<p><iframe loading=\"lazy\" class=\"alignright\" style=\"max-width: 320px; align: right;\" src=\"https:\/\/www.youtube.com\/embed\/Kr2Vfl5LU9I?rel=0\" width=\"320\" height=\"200\" frameborder=\"0\" allowfullscreen=\"allowfullscreen\"><\/iframe>Seine Brandreden vor den Spielen, nicht nur den Entscheidenden, sind legend\u00e4r und unverwechselbar. Bemerkenswert auch, in 9 Jahren verpasste kaum eine Trainingseinheit &#8211; stets war er Mister Zuverl\u00e4ssig. Neun\u00a0Jahre lang spielte\u00a0Thomas D\u00fclberg mit seinem Team in der Kreisliga C Arnsberg.\u00a0In neun Jahren reichte es mit zwei Ausnahmen immer f\u00fcr einen einstelligen Tabellenplatz. In der Saison 2011\/2012\u00a0erreichte die D\u00fclberg-Elf in der Kreisliga C Gruppe 1 Arnsberg mit dem sechsten Rang die beste Platzierung. Besonders gefordert wurde Trainer und Team in den Spielzeiten\u00a0nach Einf\u00fchrung der eingleisigen C-Liga. Mit der neu geschaffen D-Liga gab es zur Saison 2012\/2013 erstmals die M\u00f6glichkeit im schlimmsten Fall aus der C-Liga abzusteigen.\u00a0Gleichwohl einige Male die Mission &#8220;Klassenerhalt&#8221; ausgerufen werden musste, ging die TuS-Reserve in der D\u00fclberg-\u00c4ra\u00a0stets im n\u00e4chsten Jahr wieder in der C-Liga an den Start. Das gro\u00dfe Saisonziel erreichte das Team somit\u00a0immer.<\/p>\n<figure id=\"attachment_14130\" aria-describedby=\"caption-attachment-14130\" style=\"width: 300px\" class=\"wp-caption alignleft\"><a href=\"http:\/\/www.tus-bruchhausen.de\/Fussball\/wp-content\/uploads\/2017\/05\/IMG_6915.jpg\" rel=\"lightbox[13572]\"><img loading=\"lazy\" decoding=\"async\" class=\"wp-image-14130 size-medium\" src=\"http:\/\/www.tus-bruchhausen.de\/Fussball\/wp-content\/uploads\/2017\/05\/IMG_6915-300x225.jpg\" alt=\"\" width=\"300\" height=\"225\" srcset=\"http:\/\/www.tus-bruchhausen.de\/Fussball\/wp-content\/uploads\/2017\/05\/IMG_6915-300x225.jpg 300w, http:\/\/www.tus-bruchhausen.de\/Fussball\/wp-content\/uploads\/2017\/05\/IMG_6915-150x113.jpg 150w, http:\/\/www.tus-bruchhausen.de\/Fussball\/wp-content\/uploads\/2017\/05\/IMG_6915-768x576.jpg 768w, http:\/\/www.tus-bruchhausen.de\/Fussball\/wp-content\/uploads\/2017\/05\/IMG_6915-1600x1200.jpg 1600w\" sizes=\"auto, (max-width: 300px) 100vw, 300px\" \/><\/a><figcaption id=\"caption-attachment-14130\" class=\"wp-caption-text\">Weizenbierparty der Seniorenfu\u00dfballer im Sportheim.<\/figcaption><\/figure>\n<p>Besonders kribbelig wurde es im Juni 2012 als es mit Einf\u00fchrung der neuen D-Liga zum Massenabstieg aus der C-Liga\u00a0kam. Alle Teams ab Platz 6 mussten den Gang in die neue unterste Liga antreten. Auf Grund der Punktgleichheit zwischen dem SV Arnsberg 09 II und dem TuS Bruchhausen II kam es am Ende der Saison zum Entscheidungsspiel. Auf dem damaligen Naturrasenplatz in Giersk\u00e4mpen wurde das wichtigste Spiel des Jahres ausgetragen. Nach der 1:0-F\u00fchrung der TuS-Zweiten\u00a0schaffte\u00a0der SV Arnsberg 09 II in der zweiten Halbzeit noch den 1:1-Ausgleich. In der Verl\u00e4ngerung fielen keine Tore, so dass das Elfmeterschie\u00dfen entscheiden musste. In einem spanenden Strafsto\u00dfschie\u00dfen\u00a0erzielte Bernd Lossjew das entscheidende Tor zum 4:2-Endstand f\u00fcr Bruchhausen II,\u00a0welches zugleich den Klassenerhalt sicherte. Es war ein\u00a0unvergleichbar spannungsgeladenes Highlight-Spiel in der neun J\u00e4hrigen \u00c4ra des Thomas D\u00fclberg.<\/p>\n<figure id=\"attachment_14128\" aria-describedby=\"caption-attachment-14128\" style=\"width: 300px\" class=\"wp-caption alignright\"><a href=\"http:\/\/www.tus-bruchhausen.de\/Fussball\/wp-content\/uploads\/2017\/05\/P1100109.jpg\" rel=\"lightbox[13572]\"><img loading=\"lazy\" decoding=\"async\" class=\"wp-image-14128 size-medium\" src=\"http:\/\/www.tus-bruchhausen.de\/Fussball\/wp-content\/uploads\/2017\/05\/P1100109-300x225.jpg\" alt=\"\" width=\"300\" height=\"225\" srcset=\"http:\/\/www.tus-bruchhausen.de\/Fussball\/wp-content\/uploads\/2017\/05\/P1100109-300x225.jpg 300w, http:\/\/www.tus-bruchhausen.de\/Fussball\/wp-content\/uploads\/2017\/05\/P1100109-150x113.jpg 150w, http:\/\/www.tus-bruchhausen.de\/Fussball\/wp-content\/uploads\/2017\/05\/P1100109-768x576.jpg 768w, http:\/\/www.tus-bruchhausen.de\/Fussball\/wp-content\/uploads\/2017\/05\/P1100109-1600x1200.jpg 1600w\" sizes=\"auto, (max-width: 300px) 100vw, 300px\" \/><\/a><figcaption id=\"caption-attachment-14128\" class=\"wp-caption-text\">Trainerduo Thomas D\u00fclberg (r.) und Sven Andres<\/figcaption><\/figure>\n<p>Nach einigen Spielzeiten die gepr\u00e4gt waren vom harten Abstiegskampf schaffte Thomas D\u00fclberg mit seinem Team vor 2 Jahren die Trendwende. Es folgte der Aufschwung ins gesicherte Mittelfeld. An Abstiegskampf musste die TuS-Zweite seitdem nicht mehr denken. Ein Verdienst\u00a0der kontinuierlichen Arbeit des Trainers und seines Teams. Am Ende aktuellen Saison ist nun Schluss f\u00fcr den beliebten TuS-Trainer.\u00a0Der gesamte TuS Bruchhausen w\u00fcnscht Thomas, genannt Diego, eine sch\u00f6ne Zeit neben dem Fu\u00dfballplatz und f\u00fcr die Zukunft alles Gute.<\/p>\n<p>Vielleicht sehen wir Thomas D\u00fclberg\u00a0eines Tages ja wieder im Traineramt an der Hiag. Wahrscheinlich genau dann wenn S\u00f6hnchen Mats (1) in einigen Jahren seine\u00a0ersten Fu\u00dfballschuhe bekommt.<\/p>\n","protected":false},"excerpt":{"rendered":"<p>Thomas D\u00fclberg beendet nach der aktuellen Saison seine T\u00e4tigkeit als Trainer der Reserve. Damit\u00a0verabschiedet sich der 41-j\u00e4hrige\u00a0nach neun Jahren als \u00dcbungsleiter der 2. Mannschaft. Am Mittwoch, den 24. Mai steigt bereits das letzte Spiel\u00a0mit dem\u00a0beliebten Coach. Am letzten Spieltag trifft die D\u00fclberg-Elf im\u00a0Heimspiel\u00a0auf die SG\u00a0Grevenstein\/Hellefeld-Altenhellefeld II, die ihrerseits im Fernduell um den Aufstieg k\u00e4mpfen muss. [&hellip;]<\/p>\n","protected":false},"author":1,"featured_media":2104,"comment_status":"closed","ping_status":"closed","sticky":false,"template":"","format":"standard","meta":{"footnotes":""},"categories":[4,1,8],"tags":[],"class_list":["post-13572","post","type-post","status-publish","format-standard","has-post-thumbnail","hentry","category-2-mannschaft","category-hauptverein","category-news","small-justify-block","has-thumb"],"yoast_head":"<!-- This site is optimized with the Yoast SEO plugin v27.2 - https:\/\/yoast.com\/product\/yoast-seo-wordpress\/ -->\n<title>Thomas D\u00fclberg verabschiedet sich am Saisonende als Trainer<\/title>\n<meta name=\"robots\" content=\"index, follow, max-snippet:-1, max-image-preview:large, max-video-preview:-1\" \/>\n<link rel=\"canonical\" href=\"https:\/\/www.tus-bruchhausen.de\/Fussball\/thomas-duelberg-verabschiedet-sich-im-sommer-als-trainer\/\" \/>\n<meta property=\"og:locale\" content=\"de_DE\" \/>\n<meta property=\"og:type\" content=\"article\" \/>\n<meta property=\"og:title\" content=\"Thomas D\u00fclberg verabschiedet sich am Saisonende als Trainer\" \/>\n<meta property=\"og:description\" content=\"Thomas D\u00fclberg beendet nach der aktuellen Saison seine T\u00e4tigkeit als Trainer der Reserve. Damit\u00a0verabschiedet sich der 41-j\u00e4hrige\u00a0nach neun Jahren als \u00dcbungsleiter der 2. Mannschaft. Am Mittwoch, den 24. Mai steigt bereits das letzte Spiel\u00a0mit dem\u00a0beliebten Coach. Am letzten Spieltag trifft die D\u00fclberg-Elf im\u00a0Heimspiel\u00a0auf die SG\u00a0Grevenstein\/Hellefeld-Altenhellefeld II, die ihrerseits im Fernduell um den Aufstieg k\u00e4mpfen muss. [&hellip;]\" \/>\n<meta property=\"og:url\" content=\"https:\/\/www.tus-bruchhausen.de\/Fussball\/thomas-duelberg-verabschiedet-sich-im-sommer-als-trainer\/\" \/>\n<meta property=\"og:site_name\" content=\"TuS Bruchhausen\" \/>\n<meta property=\"article:publisher\" content=\"https:\/\/www.facebook.com\/TuS02\/\" \/>\n<meta property=\"article:published_time\" content=\"2017-05-22T13:00:33+00:00\" \/>\n<meta property=\"article:modified_time\" content=\"2017-05-23T07:09:00+00:00\" \/>\n<meta property=\"og:image\" content=\"https:\/\/www.tus-bruchhausen.de\/Fussball\/wp-content\/uploads\/2013\/10\/Bruchhausen-2_-Thomas-D\u00fclberg-1280x853-e1427966928102.jpg\" \/>\n\t<meta property=\"og:image:width\" content=\"1280\" \/>\n\t<meta property=\"og:image:height\" content=\"741\" \/>\n\t<meta property=\"og:image:type\" content=\"image\/jpeg\" \/>\n<meta name=\"author\" content=\"TKuhlmann\" \/>\n<meta name=\"twitter:card\" content=\"summary_large_image\" \/>\n<meta name=\"twitter:label1\" content=\"Verfasst von\" \/>\n\t<meta name=\"twitter:data1\" content=\"TKuhlmann\" \/>\n\t<meta name=\"twitter:label2\" content=\"Gesch\u00e4tzte Lesezeit\" \/>\n\t<meta name=\"twitter:data2\" content=\"4\u00a0Minuten\" \/>\n<script type=\"application\/ld+json\" class=\"yoast-schema-graph\">{\"@context\":\"https:\/\/schema.org\",\"@graph\":[{\"@type\":\"Article\",\"@id\":\"https:\/\/www.tus-bruchhausen.de\/Fussball\/thomas-duelberg-verabschiedet-sich-im-sommer-als-trainer\/#article\",\"isPartOf\":{\"@id\":\"https:\/\/www.tus-bruchhausen.de\/Fussball\/thomas-duelberg-verabschiedet-sich-im-sommer-als-trainer\/\"},\"author\":{\"name\":\"TKuhlmann\",\"@id\":\"http:\/\/www.tus-bruchhausen.de\/Fussball\/#\/schema\/person\/92059d83c2eeb62cc1c25411e78ed9dc\"},\"headline\":\"Thomas D\u00fclberg verabschiedet sich am Saisonende als Trainer\",\"datePublished\":\"2017-05-22T13:00:33+00:00\",\"dateModified\":\"2017-05-23T07:09:00+00:00\",\"mainEntityOfPage\":{\"@id\":\"https:\/\/www.tus-bruchhausen.de\/Fussball\/thomas-duelberg-verabschiedet-sich-im-sommer-als-trainer\/\"},\"wordCount\":793,\"image\":{\"@id\":\"https:\/\/www.tus-bruchhausen.de\/Fussball\/thomas-duelberg-verabschiedet-sich-im-sommer-als-trainer\/#primaryimage\"},\"thumbnailUrl\":\"http:\/\/www.tus-bruchhausen.de\/Fussball\/wp-content\/uploads\/2013\/10\/Bruchhausen-2_-Thomas-D\u00fclberg-1280x853-e1427966928102.jpg\",\"articleSection\":[\"2. Mannschaft\",\"Hauptverein\",\"News\"],\"inLanguage\":\"de\"},{\"@type\":\"WebPage\",\"@id\":\"https:\/\/www.tus-bruchhausen.de\/Fussball\/thomas-duelberg-verabschiedet-sich-im-sommer-als-trainer\/\",\"url\":\"https:\/\/www.tus-bruchhausen.de\/Fussball\/thomas-duelberg-verabschiedet-sich-im-sommer-als-trainer\/\",\"name\":\"Thomas D\u00fclberg verabschiedet sich am Saisonende als Trainer\",\"isPartOf\":{\"@id\":\"http:\/\/www.tus-bruchhausen.de\/Fussball\/#website\"},\"primaryImageOfPage\":{\"@id\":\"https:\/\/www.tus-bruchhausen.de\/Fussball\/thomas-duelberg-verabschiedet-sich-im-sommer-als-trainer\/#primaryimage\"},\"image\":{\"@id\":\"https:\/\/www.tus-bruchhausen.de\/Fussball\/thomas-duelberg-verabschiedet-sich-im-sommer-als-trainer\/#primaryimage\"},\"thumbnailUrl\":\"http:\/\/www.tus-bruchhausen.de\/Fussball\/wp-content\/uploads\/2013\/10\/Bruchhausen-2_-Thomas-D\u00fclberg-1280x853-e1427966928102.jpg\",\"datePublished\":\"2017-05-22T13:00:33+00:00\",\"dateModified\":\"2017-05-23T07:09:00+00:00\",\"author\":{\"@id\":\"http:\/\/www.tus-bruchhausen.de\/Fussball\/#\/schema\/person\/92059d83c2eeb62cc1c25411e78ed9dc\"},\"breadcrumb\":{\"@id\":\"https:\/\/www.tus-bruchhausen.de\/Fussball\/thomas-duelberg-verabschiedet-sich-im-sommer-als-trainer\/#breadcrumb\"},\"inLanguage\":\"de\",\"potentialAction\":[{\"@type\":\"ReadAction\",\"target\":[\"https:\/\/www.tus-bruchhausen.de\/Fussball\/thomas-duelberg-verabschiedet-sich-im-sommer-als-trainer\/\"]}]},{\"@type\":\"ImageObject\",\"inLanguage\":\"de\",\"@id\":\"https:\/\/www.tus-bruchhausen.de\/Fussball\/thomas-duelberg-verabschiedet-sich-im-sommer-als-trainer\/#primaryimage\",\"url\":\"http:\/\/www.tus-bruchhausen.de\/Fussball\/wp-content\/uploads\/2013\/10\/Bruchhausen-2_-Thomas-D\u00fclberg-1280x853-e1427966928102.jpg\",\"contentUrl\":\"http:\/\/www.tus-bruchhausen.de\/Fussball\/wp-content\/uploads\/2013\/10\/Bruchhausen-2_-Thomas-D\u00fclberg-1280x853-e1427966928102.jpg\",\"width\":1280,\"height\":741},{\"@type\":\"BreadcrumbList\",\"@id\":\"https:\/\/www.tus-bruchhausen.de\/Fussball\/thomas-duelberg-verabschiedet-sich-im-sommer-als-trainer\/#breadcrumb\",\"itemListElement\":[{\"@type\":\"ListItem\",\"position\":1,\"name\":\"Startseite\",\"item\":\"https:\/\/www.tus-bruchhausen.de\/Fussball\/\"},{\"@type\":\"ListItem\",\"position\":2,\"name\":\"Thomas D\u00fclberg verabschiedet sich am Saisonende als Trainer\"}]},{\"@type\":\"WebSite\",\"@id\":\"http:\/\/www.tus-bruchhausen.de\/Fussball\/#website\",\"url\":\"http:\/\/www.tus-bruchhausen.de\/Fussball\/\",\"name\":\"TuS Bruchhausen\",\"description\":\"Fu\u00dfball\",\"potentialAction\":[{\"@type\":\"SearchAction\",\"target\":{\"@type\":\"EntryPoint\",\"urlTemplate\":\"http:\/\/www.tus-bruchhausen.de\/Fussball\/?s={search_term_string}\"},\"query-input\":{\"@type\":\"PropertyValueSpecification\",\"valueRequired\":true,\"valueName\":\"search_term_string\"}}],\"inLanguage\":\"de\"},{\"@type\":\"Person\",\"@id\":\"http:\/\/www.tus-bruchhausen.de\/Fussball\/#\/schema\/person\/92059d83c2eeb62cc1c25411e78ed9dc\",\"name\":\"TKuhlmann\",\"image\":{\"@type\":\"ImageObject\",\"inLanguage\":\"de\",\"@id\":\"https:\/\/secure.gravatar.com\/avatar\/3b91757280f33b9ed04e8ae2217709266f1c1e416af9d163b4e541134ddf3c97?s=96&d=mm&r=g\",\"url\":\"https:\/\/secure.gravatar.com\/avatar\/3b91757280f33b9ed04e8ae2217709266f1c1e416af9d163b4e541134ddf3c97?s=96&d=mm&r=g\",\"contentUrl\":\"https:\/\/secure.gravatar.com\/avatar\/3b91757280f33b9ed04e8ae2217709266f1c1e416af9d163b4e541134ddf3c97?s=96&d=mm&r=g\",\"caption\":\"TKuhlmann\"}}]}<\/script>\n<!-- \/ Yoast SEO plugin. -->","yoast_head_json":{"title":"Thomas D\u00fclberg verabschiedet sich am Saisonende als Trainer","robots":{"index":"index","follow":"follow","max-snippet":"max-snippet:-1","max-image-preview":"max-image-preview:large","max-video-preview":"max-video-preview:-1"},"canonical":"https:\/\/www.tus-bruchhausen.de\/Fussball\/thomas-duelberg-verabschiedet-sich-im-sommer-als-trainer\/","og_locale":"de_DE","og_type":"article","og_title":"Thomas D\u00fclberg verabschiedet sich am Saisonende als Trainer","og_description":"Thomas D\u00fclberg beendet nach der aktuellen Saison seine T\u00e4tigkeit als Trainer der Reserve. Damit\u00a0verabschiedet sich der 41-j\u00e4hrige\u00a0nach neun Jahren als \u00dcbungsleiter der 2. Mannschaft. Am Mittwoch, den 24. Mai steigt bereits das letzte Spiel\u00a0mit dem\u00a0beliebten Coach. Am letzten Spieltag trifft die D\u00fclberg-Elf im\u00a0Heimspiel\u00a0auf die SG\u00a0Grevenstein\/Hellefeld-Altenhellefeld II, die ihrerseits im Fernduell um den Aufstieg k\u00e4mpfen muss. [&hellip;]","og_url":"https:\/\/www.tus-bruchhausen.de\/Fussball\/thomas-duelberg-verabschiedet-sich-im-sommer-als-trainer\/","og_site_name":"TuS Bruchhausen","article_publisher":"https:\/\/www.facebook.com\/TuS02\/","article_published_time":"2017-05-22T13:00:33+00:00","article_modified_time":"2017-05-23T07:09:00+00:00","og_image":[{"width":1280,"height":741,"url":"https:\/\/www.tus-bruchhausen.de\/Fussball\/wp-content\/uploads\/2013\/10\/Bruchhausen-2_-Thomas-D\u00fclberg-1280x853-e1427966928102.jpg","type":"image\/jpeg"}],"author":"TKuhlmann","twitter_card":"summary_large_image","twitter_misc":{"Verfasst von":"TKuhlmann","Gesch\u00e4tzte Lesezeit":"4\u00a0Minuten"},"schema":{"@context":"https:\/\/schema.org","@graph":[{"@type":"Article","@id":"https:\/\/www.tus-bruchhausen.de\/Fussball\/thomas-duelberg-verabschiedet-sich-im-sommer-als-trainer\/#article","isPartOf":{"@id":"https:\/\/www.tus-bruchhausen.de\/Fussball\/thomas-duelberg-verabschiedet-sich-im-sommer-als-trainer\/"},"author":{"name":"TKuhlmann","@id":"http:\/\/www.tus-bruchhausen.de\/Fussball\/#\/schema\/person\/92059d83c2eeb62cc1c25411e78ed9dc"},"headline":"Thomas D\u00fclberg verabschiedet sich am Saisonende als Trainer","datePublished":"2017-05-22T13:00:33+00:00","dateModified":"2017-05-23T07:09:00+00:00","mainEntityOfPage":{"@id":"https:\/\/www.tus-bruchhausen.de\/Fussball\/thomas-duelberg-verabschiedet-sich-im-sommer-als-trainer\/"},"wordCount":793,"image":{"@id":"https:\/\/www.tus-bruchhausen.de\/Fussball\/thomas-duelberg-verabschiedet-sich-im-sommer-als-trainer\/#primaryimage"},"thumbnailUrl":"http:\/\/www.tus-bruchhausen.de\/Fussball\/wp-content\/uploads\/2013\/10\/Bruchhausen-2_-Thomas-D\u00fclberg-1280x853-e1427966928102.jpg","articleSection":["2. Mannschaft","Hauptverein","News"],"inLanguage":"de"},{"@type":"WebPage","@id":"https:\/\/www.tus-bruchhausen.de\/Fussball\/thomas-duelberg-verabschiedet-sich-im-sommer-als-trainer\/","url":"https:\/\/www.tus-bruchhausen.de\/Fussball\/thomas-duelberg-verabschiedet-sich-im-sommer-als-trainer\/","name":"Thomas D\u00fclberg verabschiedet sich am Saisonende als Trainer","isPartOf":{"@id":"http:\/\/www.tus-bruchhausen.de\/Fussball\/#website"},"primaryImageOfPage":{"@id":"https:\/\/www.tus-bruchhausen.de\/Fussball\/thomas-duelberg-verabschiedet-sich-im-sommer-als-trainer\/#primaryimage"},"image":{"@id":"https:\/\/www.tus-bruchhausen.de\/Fussball\/thomas-duelberg-verabschiedet-sich-im-sommer-als-trainer\/#primaryimage"},"thumbnailUrl":"http:\/\/www.tus-bruchhausen.de\/Fussball\/wp-content\/uploads\/2013\/10\/Bruchhausen-2_-Thomas-D\u00fclberg-1280x853-e1427966928102.jpg","datePublished":"2017-05-22T13:00:33+00:00","dateModified":"2017-05-23T07:09:00+00:00","author":{"@id":"http:\/\/www.tus-bruchhausen.de\/Fussball\/#\/schema\/person\/92059d83c2eeb62cc1c25411e78ed9dc"},"breadcrumb":{"@id":"https:\/\/www.tus-bruchhausen.de\/Fussball\/thomas-duelberg-verabschiedet-sich-im-sommer-als-trainer\/#breadcrumb"},"inLanguage":"de","potentialAction":[{"@type":"ReadAction","target":["https:\/\/www.tus-bruchhausen.de\/Fussball\/thomas-duelberg-verabschiedet-sich-im-sommer-als-trainer\/"]}]},{"@type":"ImageObject","inLanguage":"de","@id":"https:\/\/www.tus-bruchhausen.de\/Fussball\/thomas-duelberg-verabschiedet-sich-im-sommer-als-trainer\/#primaryimage","url":"http:\/\/www.tus-bruchhausen.de\/Fussball\/wp-content\/uploads\/2013\/10\/Bruchhausen-2_-Thomas-D\u00fclberg-1280x853-e1427966928102.jpg","contentUrl":"http:\/\/www.tus-bruchhausen.de\/Fussball\/wp-content\/uploads\/2013\/10\/Bruchhausen-2_-Thomas-D\u00fclberg-1280x853-e1427966928102.jpg","width":1280,"height":741},{"@type":"BreadcrumbList","@id":"https:\/\/www.tus-bruchhausen.de\/Fussball\/thomas-duelberg-verabschiedet-sich-im-sommer-als-trainer\/#breadcrumb","itemListElement":[{"@type":"ListItem","position":1,"name":"Startseite","item":"https:\/\/www.tus-bruchhausen.de\/Fussball\/"},{"@type":"ListItem","position":2,"name":"Thomas D\u00fclberg verabschiedet sich am Saisonende als Trainer"}]},{"@type":"WebSite","@id":"http:\/\/www.tus-bruchhausen.de\/Fussball\/#website","url":"http:\/\/www.tus-bruchhausen.de\/Fussball\/","name":"TuS Bruchhausen","description":"Fu\u00dfball","potentialAction":[{"@type":"SearchAction","target":{"@type":"EntryPoint","urlTemplate":"http:\/\/www.tus-bruchhausen.de\/Fussball\/?s={search_term_string}"},"query-input":{"@type":"PropertyValueSpecification","valueRequired":true,"valueName":"search_term_string"}}],"inLanguage":"de"},{"@type":"Person","@id":"http:\/\/www.tus-bruchhausen.de\/Fussball\/#\/schema\/person\/92059d83c2eeb62cc1c25411e78ed9dc","name":"TKuhlmann","image":{"@type":"ImageObject","inLanguage":"de","@id":"https:\/\/secure.gravatar.com\/avatar\/3b91757280f33b9ed04e8ae2217709266f1c1e416af9d163b4e541134ddf3c97?s=96&d=mm&r=g","url":"https:\/\/secure.gravatar.com\/avatar\/3b91757280f33b9ed04e8ae2217709266f1c1e416af9d163b4e541134ddf3c97?s=96&d=mm&r=g","contentUrl":"https:\/\/secure.gravatar.com\/avatar\/3b91757280f33b9ed04e8ae2217709266f1c1e416af9d163b4e541134ddf3c97?s=96&d=mm&r=g","caption":"TKuhlmann"}}]}},"_links":{"self":[{"href":"http:\/\/www.tus-bruchhausen.de\/Fussball\/wp-json\/wp\/v2\/posts\/13572","targetHints":{"allow":["GET"]}}],"collection":[{"href":"http:\/\/www.tus-bruchhausen.de\/Fussball\/wp-json\/wp\/v2\/posts"}],"about":[{"href":"http:\/\/www.tus-bruchhausen.de\/Fussball\/wp-json\/wp\/v2\/types\/post"}],"author":[{"embeddable":true,"href":"http:\/\/www.tus-bruchhausen.de\/Fussball\/wp-json\/wp\/v2\/users\/1"}],"replies":[{"embeddable":true,"href":"http:\/\/www.tus-bruchhausen.de\/Fussball\/wp-json\/wp\/v2\/comments?post=13572"}],"version-history":[{"count":33,"href":"http:\/\/www.tus-bruchhausen.de\/Fussball\/wp-json\/wp\/v2\/posts\/13572\/revisions"}],"predecessor-version":[{"id":14179,"href":"http:\/\/www.tus-bruchhausen.de\/Fussball\/wp-json\/wp\/v2\/posts\/13572\/revisions\/14179"}],"wp:featuredmedia":[{"embeddable":true,"href":"http:\/\/www.tus-bruchhausen.de\/Fussball\/wp-json\/wp\/v2\/media\/2104"}],"wp:attachment":[{"href":"http:\/\/www.tus-bruchhausen.de\/Fussball\/wp-json\/wp\/v2\/media?parent=13572"}],"wp:term":[{"taxonomy":"category","embeddable":true,"href":"http:\/\/www.tus-bruchhausen.de\/Fussball\/wp-json\/wp\/v2\/categories?post=13572"},{"taxonomy":"post_tag","embeddable":true,"href":"http:\/\/www.tus-bruchhausen.de\/Fussball\/wp-json\/wp\/v2\/tags?post=13572"}],"curies":[{"name":"wp","href":"https:\/\/api.w.org\/{rel}","templated":true}]}}