{"id":14610,"date":"2017-08-18T09:19:28","date_gmt":"2017-08-18T07:19:28","guid":{"rendered":"http:\/\/www.tus-bruchhausen.de\/Fussball\/?p=14610"},"modified":"2017-08-18T09:21:23","modified_gmt":"2017-08-18T07:21:23","slug":"u23-des-regionalligist-rhynern-gewinnt-test","status":"publish","type":"post","link":"http:\/\/www.tus-bruchhausen.de\/Fussball\/u23-des-regionalligist-rhynern-gewinnt-test\/","title":{"rendered":"U23 des Regionalligisten Rhynern gewinnt Test"},"content":{"rendered":"<p>Die 1. Mannschaft des TuS Bruchhausen hat die dritte Niederlage in der Sommervorbereitung hinnehmen m\u00fcssen. Im Testspiel gegen\u00a0Westfalia Rhynern II unterlag die TuS-Elf mit 0:4 (0:0).<\/p>\n<h3>Anspruchsvoller Test, Schlussphase mit Licht und Schatten<\/h3>\n<p>Im vorletzten Test der Vorbereitung weilte Westfalia Rhynern II am Donnerstagabend \u00a0im Sportpark An der Hiag. Das U23-Team von Regionalliga-Aufsteiger\u00a0Westfalia Rhynern geht in der Bezirksliga an den Start. \u00a0Das Team aus dem Fu\u00dfballkreis Unna-Hamm ist eine echte U23-Mannschaft, mit zwei Ausnahmen bestand die Mannschaft nur aus Spielern des Jahrgangs 1998. Der \u00e4lteste Spieler war 24 Jahre.<\/p>\n<p>Der erste Durchgang des Vorbereitungsspiels verlief torlos mit Vorteilen f\u00fcr die G\u00e4ste. Nach dem Seitenwechsel wurden beiden Mannschaften mutiger und boten auf der Gegenseite mehr R\u00e4ume an. Nachdem Westfalia Rhynern II in der 58. Minute durch eine verungl\u00fcckte Flanke mit 1:0 in F\u00fchrung ging dr\u00e4ngte der TuS Bruchhausen auf den Ausgleich. In der offensiv besten Phase der TuS 02, hatten Andreas Kehayoglou und David Feininger die besten M\u00f6glichkeiten. Zudem blieb der Quebbemann-Elf nach einem Foulspiel an Tim Ballauf, ein eindeutiger Strafsto\u00df verwert. Bruchhausen lie\u00df die Chancen liegen und die G\u00e4ste aus Hamm spielten es gut zu Ende. Wie bereits im Testspiel gegen den TuS Wickede bot die TuS-Elf lange eine gut Leistung, brach jedoch wieder in der Schlussphase ein. Von der 78. bis zur 86. Minute erzielte der Bezirksligist drei weitere Treffer und siegte am Ende mit 4:0.<\/p>\n<p>Im letzten Test vor dem ersten Meisterschaftsspiel empf\u00e4ngt der TuS Bruchhausen am Sonntag um 15:00 Uhr die DJK GW Arnberg.<\/p>\n<p><strong>Aufstellung:<\/strong> Dembinski &#8211; D. Fischer (Weber), Zaun (J\u00e4kel), Gomes Buco (Feldmann) &#8211; Kehayoglou (Ballauf), F. Fischer, Angenendt (Neuhaus), Westhoff, Feininger (Gro\u00df) &#8211; Renk (Oberreuhter), Rodrigues Gomes<\/p>\n<p>&nbsp;<\/p>\n","protected":false},"excerpt":{"rendered":"<p>Die 1. Mannschaft des TuS Bruchhausen hat die dritte Niederlage in der Sommervorbereitung hinnehmen m\u00fcssen. Im Testspiel gegen\u00a0Westfalia Rhynern II unterlag die TuS-Elf mit 0:4 (0:0). Anspruchsvoller Test, Schlussphase mit Licht und Schatten Im vorletzten Test der Vorbereitung weilte Westfalia Rhynern II am Donnerstagabend \u00a0im Sportpark An der Hiag. Das U23-Team von Regionalliga-Aufsteiger\u00a0Westfalia Rhynern geht [&hellip;]<\/p>\n","protected":false},"author":1,"featured_media":14611,"comment_status":"closed","ping_status":"closed","sticky":false,"template":"","format":"standard","meta":{"footnotes":""},"categories":[3,8],"tags":[],"class_list":["post-14610","post","type-post","status-publish","format-standard","has-post-thumbnail","hentry","category-1-mannschaft","category-news","small-justify-block","has-thumb"],"yoast_head":"<!-- This site is optimized with the Yoast SEO plugin v27.2 - https:\/\/yoast.com\/product\/yoast-seo-wordpress\/ -->\n<title>U23 des Regionalligisten Rhynern gewinnt Test<\/title>\n<meta name=\"robots\" content=\"index, follow, max-snippet:-1, max-image-preview:large, max-video-preview:-1\" \/>\n<link rel=\"canonical\" href=\"http:\/\/www.tus-bruchhausen.de\/Fussball\/u23-des-regionalligist-rhynern-gewinnt-test\/\" \/>\n<meta property=\"og:locale\" content=\"de_DE\" \/>\n<meta property=\"og:type\" content=\"article\" \/>\n<meta property=\"og:title\" content=\"U23 des Regionalligisten Rhynern gewinnt Test\" \/>\n<meta property=\"og:description\" content=\"Die 1. Mannschaft des TuS Bruchhausen hat die dritte Niederlage in der Sommervorbereitung hinnehmen m\u00fcssen. Im Testspiel gegen\u00a0Westfalia Rhynern II unterlag die TuS-Elf mit 0:4 (0:0). Anspruchsvoller Test, Schlussphase mit Licht und Schatten Im vorletzten Test der Vorbereitung weilte Westfalia Rhynern II am Donnerstagabend \u00a0im Sportpark An der Hiag. Das U23-Team von Regionalliga-Aufsteiger\u00a0Westfalia Rhynern geht [&hellip;]\" \/>\n<meta property=\"og:url\" content=\"http:\/\/www.tus-bruchhausen.de\/Fussball\/u23-des-regionalligist-rhynern-gewinnt-test\/\" \/>\n<meta property=\"og:site_name\" content=\"TuS Bruchhausen\" \/>\n<meta property=\"article:publisher\" content=\"https:\/\/www.facebook.com\/TuS02\/\" \/>\n<meta property=\"article:published_time\" content=\"2017-08-18T07:19:28+00:00\" \/>\n<meta property=\"article:modified_time\" content=\"2017-08-18T07:21:23+00:00\" \/>\n<meta property=\"og:image\" content=\"http:\/\/www.tus-bruchhausen.de\/Fussball\/wp-content\/uploads\/2017\/08\/IMG_1994-scaled.jpg\" \/>\n\t<meta property=\"og:image:width\" content=\"2560\" \/>\n\t<meta property=\"og:image:height\" content=\"1706\" \/>\n\t<meta property=\"og:image:type\" content=\"image\/jpeg\" \/>\n<meta name=\"author\" content=\"TKuhlmann\" \/>\n<meta name=\"twitter:card\" content=\"summary_large_image\" \/>\n<meta name=\"twitter:label1\" content=\"Verfasst von\" \/>\n\t<meta name=\"twitter:data1\" content=\"TKuhlmann\" \/>\n\t<meta name=\"twitter:label2\" content=\"Gesch\u00e4tzte Lesezeit\" \/>\n\t<meta name=\"twitter:data2\" content=\"1\u00a0Minute\" \/>\n<script type=\"application\/ld+json\" class=\"yoast-schema-graph\">{\"@context\":\"https:\/\/schema.org\",\"@graph\":[{\"@type\":\"Article\",\"@id\":\"http:\/\/www.tus-bruchhausen.de\/Fussball\/u23-des-regionalligist-rhynern-gewinnt-test\/#article\",\"isPartOf\":{\"@id\":\"http:\/\/www.tus-bruchhausen.de\/Fussball\/u23-des-regionalligist-rhynern-gewinnt-test\/\"},\"author\":{\"name\":\"TKuhlmann\",\"@id\":\"http:\/\/www.tus-bruchhausen.de\/Fussball\/#\/schema\/person\/92059d83c2eeb62cc1c25411e78ed9dc\"},\"headline\":\"U23 des Regionalligisten Rhynern gewinnt Test\",\"datePublished\":\"2017-08-18T07:19:28+00:00\",\"dateModified\":\"2017-08-18T07:21:23+00:00\",\"mainEntityOfPage\":{\"@id\":\"http:\/\/www.tus-bruchhausen.de\/Fussball\/u23-des-regionalligist-rhynern-gewinnt-test\/\"},\"wordCount\":284,\"image\":{\"@id\":\"http:\/\/www.tus-bruchhausen.de\/Fussball\/u23-des-regionalligist-rhynern-gewinnt-test\/#primaryimage\"},\"thumbnailUrl\":\"http:\/\/www.tus-bruchhausen.de\/Fussball\/wp-content\/uploads\/2017\/08\/IMG_1994-scaled.jpg\",\"articleSection\":[\"1. Mannschaft\",\"News\"],\"inLanguage\":\"de\"},{\"@type\":\"WebPage\",\"@id\":\"http:\/\/www.tus-bruchhausen.de\/Fussball\/u23-des-regionalligist-rhynern-gewinnt-test\/\",\"url\":\"http:\/\/www.tus-bruchhausen.de\/Fussball\/u23-des-regionalligist-rhynern-gewinnt-test\/\",\"name\":\"U23 des Regionalligisten Rhynern gewinnt Test\",\"isPartOf\":{\"@id\":\"http:\/\/www.tus-bruchhausen.de\/Fussball\/#website\"},\"primaryImageOfPage\":{\"@id\":\"http:\/\/www.tus-bruchhausen.de\/Fussball\/u23-des-regionalligist-rhynern-gewinnt-test\/#primaryimage\"},\"image\":{\"@id\":\"http:\/\/www.tus-bruchhausen.de\/Fussball\/u23-des-regionalligist-rhynern-gewinnt-test\/#primaryimage\"},\"thumbnailUrl\":\"http:\/\/www.tus-bruchhausen.de\/Fussball\/wp-content\/uploads\/2017\/08\/IMG_1994-scaled.jpg\",\"datePublished\":\"2017-08-18T07:19:28+00:00\",\"dateModified\":\"2017-08-18T07:21:23+00:00\",\"author\":{\"@id\":\"http:\/\/www.tus-bruchhausen.de\/Fussball\/#\/schema\/person\/92059d83c2eeb62cc1c25411e78ed9dc\"},\"breadcrumb\":{\"@id\":\"http:\/\/www.tus-bruchhausen.de\/Fussball\/u23-des-regionalligist-rhynern-gewinnt-test\/#breadcrumb\"},\"inLanguage\":\"de\",\"potentialAction\":[{\"@type\":\"ReadAction\",\"target\":[\"http:\/\/www.tus-bruchhausen.de\/Fussball\/u23-des-regionalligist-rhynern-gewinnt-test\/\"]}]},{\"@type\":\"ImageObject\",\"inLanguage\":\"de\",\"@id\":\"http:\/\/www.tus-bruchhausen.de\/Fussball\/u23-des-regionalligist-rhynern-gewinnt-test\/#primaryimage\",\"url\":\"http:\/\/www.tus-bruchhausen.de\/Fussball\/wp-content\/uploads\/2017\/08\/IMG_1994-scaled.jpg\",\"contentUrl\":\"http:\/\/www.tus-bruchhausen.de\/Fussball\/wp-content\/uploads\/2017\/08\/IMG_1994-scaled.jpg\",\"width\":2560,\"height\":1706},{\"@type\":\"BreadcrumbList\",\"@id\":\"http:\/\/www.tus-bruchhausen.de\/Fussball\/u23-des-regionalligist-rhynern-gewinnt-test\/#breadcrumb\",\"itemListElement\":[{\"@type\":\"ListItem\",\"position\":1,\"name\":\"Startseite\",\"item\":\"https:\/\/www.tus-bruchhausen.de\/Fussball\/\"},{\"@type\":\"ListItem\",\"position\":2,\"name\":\"U23 des Regionalligisten Rhynern gewinnt Test\"}]},{\"@type\":\"WebSite\",\"@id\":\"http:\/\/www.tus-bruchhausen.de\/Fussball\/#website\",\"url\":\"http:\/\/www.tus-bruchhausen.de\/Fussball\/\",\"name\":\"TuS Bruchhausen\",\"description\":\"Fu\u00dfball\",\"potentialAction\":[{\"@type\":\"SearchAction\",\"target\":{\"@type\":\"EntryPoint\",\"urlTemplate\":\"http:\/\/www.tus-bruchhausen.de\/Fussball\/?s={search_term_string}\"},\"query-input\":{\"@type\":\"PropertyValueSpecification\",\"valueRequired\":true,\"valueName\":\"search_term_string\"}}],\"inLanguage\":\"de\"},{\"@type\":\"Person\",\"@id\":\"http:\/\/www.tus-bruchhausen.de\/Fussball\/#\/schema\/person\/92059d83c2eeb62cc1c25411e78ed9dc\",\"name\":\"TKuhlmann\",\"image\":{\"@type\":\"ImageObject\",\"inLanguage\":\"de\",\"@id\":\"https:\/\/secure.gravatar.com\/avatar\/3b91757280f33b9ed04e8ae2217709266f1c1e416af9d163b4e541134ddf3c97?s=96&d=mm&r=g\",\"url\":\"https:\/\/secure.gravatar.com\/avatar\/3b91757280f33b9ed04e8ae2217709266f1c1e416af9d163b4e541134ddf3c97?s=96&d=mm&r=g\",\"contentUrl\":\"https:\/\/secure.gravatar.com\/avatar\/3b91757280f33b9ed04e8ae2217709266f1c1e416af9d163b4e541134ddf3c97?s=96&d=mm&r=g\",\"caption\":\"TKuhlmann\"}}]}<\/script>\n<!-- \/ Yoast SEO plugin. -->","yoast_head_json":{"title":"U23 des Regionalligisten Rhynern gewinnt Test","robots":{"index":"index","follow":"follow","max-snippet":"max-snippet:-1","max-image-preview":"max-image-preview:large","max-video-preview":"max-video-preview:-1"},"canonical":"http:\/\/www.tus-bruchhausen.de\/Fussball\/u23-des-regionalligist-rhynern-gewinnt-test\/","og_locale":"de_DE","og_type":"article","og_title":"U23 des Regionalligisten Rhynern gewinnt Test","og_description":"Die 1. Mannschaft des TuS Bruchhausen hat die dritte Niederlage in der Sommervorbereitung hinnehmen m\u00fcssen. Im Testspiel gegen\u00a0Westfalia Rhynern II unterlag die TuS-Elf mit 0:4 (0:0). Anspruchsvoller Test, Schlussphase mit Licht und Schatten Im vorletzten Test der Vorbereitung weilte Westfalia Rhynern II am Donnerstagabend \u00a0im Sportpark An der Hiag. Das U23-Team von Regionalliga-Aufsteiger\u00a0Westfalia Rhynern geht [&hellip;]","og_url":"http:\/\/www.tus-bruchhausen.de\/Fussball\/u23-des-regionalligist-rhynern-gewinnt-test\/","og_site_name":"TuS Bruchhausen","article_publisher":"https:\/\/www.facebook.com\/TuS02\/","article_published_time":"2017-08-18T07:19:28+00:00","article_modified_time":"2017-08-18T07:21:23+00:00","og_image":[{"width":2560,"height":1706,"url":"http:\/\/www.tus-bruchhausen.de\/Fussball\/wp-content\/uploads\/2017\/08\/IMG_1994-scaled.jpg","type":"image\/jpeg"}],"author":"TKuhlmann","twitter_card":"summary_large_image","twitter_misc":{"Verfasst von":"TKuhlmann","Gesch\u00e4tzte Lesezeit":"1\u00a0Minute"},"schema":{"@context":"https:\/\/schema.org","@graph":[{"@type":"Article","@id":"http:\/\/www.tus-bruchhausen.de\/Fussball\/u23-des-regionalligist-rhynern-gewinnt-test\/#article","isPartOf":{"@id":"http:\/\/www.tus-bruchhausen.de\/Fussball\/u23-des-regionalligist-rhynern-gewinnt-test\/"},"author":{"name":"TKuhlmann","@id":"http:\/\/www.tus-bruchhausen.de\/Fussball\/#\/schema\/person\/92059d83c2eeb62cc1c25411e78ed9dc"},"headline":"U23 des Regionalligisten Rhynern gewinnt Test","datePublished":"2017-08-18T07:19:28+00:00","dateModified":"2017-08-18T07:21:23+00:00","mainEntityOfPage":{"@id":"http:\/\/www.tus-bruchhausen.de\/Fussball\/u23-des-regionalligist-rhynern-gewinnt-test\/"},"wordCount":284,"image":{"@id":"http:\/\/www.tus-bruchhausen.de\/Fussball\/u23-des-regionalligist-rhynern-gewinnt-test\/#primaryimage"},"thumbnailUrl":"http:\/\/www.tus-bruchhausen.de\/Fussball\/wp-content\/uploads\/2017\/08\/IMG_1994-scaled.jpg","articleSection":["1. Mannschaft","News"],"inLanguage":"de"},{"@type":"WebPage","@id":"http:\/\/www.tus-bruchhausen.de\/Fussball\/u23-des-regionalligist-rhynern-gewinnt-test\/","url":"http:\/\/www.tus-bruchhausen.de\/Fussball\/u23-des-regionalligist-rhynern-gewinnt-test\/","name":"U23 des Regionalligisten Rhynern gewinnt Test","isPartOf":{"@id":"http:\/\/www.tus-bruchhausen.de\/Fussball\/#website"},"primaryImageOfPage":{"@id":"http:\/\/www.tus-bruchhausen.de\/Fussball\/u23-des-regionalligist-rhynern-gewinnt-test\/#primaryimage"},"image":{"@id":"http:\/\/www.tus-bruchhausen.de\/Fussball\/u23-des-regionalligist-rhynern-gewinnt-test\/#primaryimage"},"thumbnailUrl":"http:\/\/www.tus-bruchhausen.de\/Fussball\/wp-content\/uploads\/2017\/08\/IMG_1994-scaled.jpg","datePublished":"2017-08-18T07:19:28+00:00","dateModified":"2017-08-18T07:21:23+00:00","author":{"@id":"http:\/\/www.tus-bruchhausen.de\/Fussball\/#\/schema\/person\/92059d83c2eeb62cc1c25411e78ed9dc"},"breadcrumb":{"@id":"http:\/\/www.tus-bruchhausen.de\/Fussball\/u23-des-regionalligist-rhynern-gewinnt-test\/#breadcrumb"},"inLanguage":"de","potentialAction":[{"@type":"ReadAction","target":["http:\/\/www.tus-bruchhausen.de\/Fussball\/u23-des-regionalligist-rhynern-gewinnt-test\/"]}]},{"@type":"ImageObject","inLanguage":"de","@id":"http:\/\/www.tus-bruchhausen.de\/Fussball\/u23-des-regionalligist-rhynern-gewinnt-test\/#primaryimage","url":"http:\/\/www.tus-bruchhausen.de\/Fussball\/wp-content\/uploads\/2017\/08\/IMG_1994-scaled.jpg","contentUrl":"http:\/\/www.tus-bruchhausen.de\/Fussball\/wp-content\/uploads\/2017\/08\/IMG_1994-scaled.jpg","width":2560,"height":1706},{"@type":"BreadcrumbList","@id":"http:\/\/www.tus-bruchhausen.de\/Fussball\/u23-des-regionalligist-rhynern-gewinnt-test\/#breadcrumb","itemListElement":[{"@type":"ListItem","position":1,"name":"Startseite","item":"https:\/\/www.tus-bruchhausen.de\/Fussball\/"},{"@type":"ListItem","position":2,"name":"U23 des Regionalligisten Rhynern gewinnt Test"}]},{"@type":"WebSite","@id":"http:\/\/www.tus-bruchhausen.de\/Fussball\/#website","url":"http:\/\/www.tus-bruchhausen.de\/Fussball\/","name":"TuS Bruchhausen","description":"Fu\u00dfball","potentialAction":[{"@type":"SearchAction","target":{"@type":"EntryPoint","urlTemplate":"http:\/\/www.tus-bruchhausen.de\/Fussball\/?s={search_term_string}"},"query-input":{"@type":"PropertyValueSpecification","valueRequired":true,"valueName":"search_term_string"}}],"inLanguage":"de"},{"@type":"Person","@id":"http:\/\/www.tus-bruchhausen.de\/Fussball\/#\/schema\/person\/92059d83c2eeb62cc1c25411e78ed9dc","name":"TKuhlmann","image":{"@type":"ImageObject","inLanguage":"de","@id":"https:\/\/secure.gravatar.com\/avatar\/3b91757280f33b9ed04e8ae2217709266f1c1e416af9d163b4e541134ddf3c97?s=96&d=mm&r=g","url":"https:\/\/secure.gravatar.com\/avatar\/3b91757280f33b9ed04e8ae2217709266f1c1e416af9d163b4e541134ddf3c97?s=96&d=mm&r=g","contentUrl":"https:\/\/secure.gravatar.com\/avatar\/3b91757280f33b9ed04e8ae2217709266f1c1e416af9d163b4e541134ddf3c97?s=96&d=mm&r=g","caption":"TKuhlmann"}}]}},"_links":{"self":[{"href":"http:\/\/www.tus-bruchhausen.de\/Fussball\/wp-json\/wp\/v2\/posts\/14610","targetHints":{"allow":["GET"]}}],"collection":[{"href":"http:\/\/www.tus-bruchhausen.de\/Fussball\/wp-json\/wp\/v2\/posts"}],"about":[{"href":"http:\/\/www.tus-bruchhausen.de\/Fussball\/wp-json\/wp\/v2\/types\/post"}],"author":[{"embeddable":true,"href":"http:\/\/www.tus-bruchhausen.de\/Fussball\/wp-json\/wp\/v2\/users\/1"}],"replies":[{"embeddable":true,"href":"http:\/\/www.tus-bruchhausen.de\/Fussball\/wp-json\/wp\/v2\/comments?post=14610"}],"version-history":[{"count":7,"href":"http:\/\/www.tus-bruchhausen.de\/Fussball\/wp-json\/wp\/v2\/posts\/14610\/revisions"}],"predecessor-version":[{"id":14619,"href":"http:\/\/www.tus-bruchhausen.de\/Fussball\/wp-json\/wp\/v2\/posts\/14610\/revisions\/14619"}],"wp:featuredmedia":[{"embeddable":true,"href":"http:\/\/www.tus-bruchhausen.de\/Fussball\/wp-json\/wp\/v2\/media\/14611"}],"wp:attachment":[{"href":"http:\/\/www.tus-bruchhausen.de\/Fussball\/wp-json\/wp\/v2\/media?parent=14610"}],"wp:term":[{"taxonomy":"category","embeddable":true,"href":"http:\/\/www.tus-bruchhausen.de\/Fussball\/wp-json\/wp\/v2\/categories?post=14610"},{"taxonomy":"post_tag","embeddable":true,"href":"http:\/\/www.tus-bruchhausen.de\/Fussball\/wp-json\/wp\/v2\/tags?post=14610"}],"curies":[{"name":"wp","href":"https:\/\/api.w.org\/{rel}","templated":true}]}}