{"id":14823,"date":"2017-09-17T18:20:11","date_gmt":"2017-09-17T16:20:11","guid":{"rendered":"http:\/\/www.tus-bruchhausen.de\/Fussball\/?p=14823"},"modified":"2017-09-19T10:09:22","modified_gmt":"2017-09-19T08:09:22","slug":"tus-reserve-faehrt-ersten-saisonsieg-ein","status":"publish","type":"post","link":"http:\/\/www.tus-bruchhausen.de\/Fussball\/tus-reserve-faehrt-ersten-saisonsieg-ein\/","title":{"rendered":"TuS-Reserve f\u00e4hrt ersten Saisonsieg ein"},"content":{"rendered":"<p>Die 2. Mannschaft des TuS Bruchhausen hat den ersten Sieg in der neuen Saison eingefahren. Die TuS-Reserve schlug die neugegr\u00fcndete SG Allendorf\/Amecke III deutlich mit 6:2.<\/p>\n<h3><strong>Sebastian Bunsen und Michael Strocka treffen doppelt<\/strong><\/h3>\n<p><a href=\"http:\/\/www.tus-bruchhausen.de\/Fussball\/wp-content\/uploads\/2017\/09\/16903419_1449434651764218_1896330629296872335_o.jpg\" rel=\"lightbox[14823]\"><img loading=\"lazy\" decoding=\"async\" class=\"alignright size-medium wp-image-14825\" src=\"http:\/\/www.tus-bruchhausen.de\/Fussball\/wp-content\/uploads\/2017\/09\/16903419_1449434651764218_1896330629296872335_o-300x200.jpg\" alt=\"\" width=\"300\" height=\"200\" srcset=\"http:\/\/www.tus-bruchhausen.de\/Fussball\/wp-content\/uploads\/2017\/09\/16903419_1449434651764218_1896330629296872335_o-300x200.jpg 300w, http:\/\/www.tus-bruchhausen.de\/Fussball\/wp-content\/uploads\/2017\/09\/16903419_1449434651764218_1896330629296872335_o-150x100.jpg 150w, http:\/\/www.tus-bruchhausen.de\/Fussball\/wp-content\/uploads\/2017\/09\/16903419_1449434651764218_1896330629296872335_o-768x512.jpg 768w, http:\/\/www.tus-bruchhausen.de\/Fussball\/wp-content\/uploads\/2017\/09\/16903419_1449434651764218_1896330629296872335_o-1800x1200.jpg 1800w, http:\/\/www.tus-bruchhausen.de\/Fussball\/wp-content\/uploads\/2017\/09\/16903419_1449434651764218_1896330629296872335_o-272x182.jpg 272w, http:\/\/www.tus-bruchhausen.de\/Fussball\/wp-content\/uploads\/2017\/09\/16903419_1449434651764218_1896330629296872335_o.jpg 2048w\" sizes=\"auto, (max-width: 300px) 100vw, 300px\" \/><\/a>Der Trend der TuS-Reserve zeigt nach oben. Eine Woche nach dem Punktgewinn gegen den SV Herdringen II hat die Mannschaft von Trainer Adrian Raczka drei weitere Z\u00e4hler in Allendorf gesammelt. \u00a0Bereits im ersten Durchgang legte das TuS-Team den Grundschein f\u00fcr den Ausw\u00e4rtserfolg. TuS-St\u00fcrmer Sebastian Bunsen (10. \/ 20.) und Michael Strocka (15.) schossen den TuS 02 im F\u00fcnf-Minuten-Takt mit 3:0 in F\u00fchrung. Vor der Pause konnte die neugegr\u00fcndete Spielgemeinschaft noch 1:3 verk\u00fcrzen.<\/p>\n<p>Trotz des Gegentreffers lie\u00df sich die TuS-Reserve im zweiten Durchgang nicht verunsichern und kam durch Marcel Sawatzki (50.) und Manuel Hoffmann (60.) zum zwischenzeitlichen 5:1. Nach dem zweiten Treffer der G\u00e4ste, sch\u00fcttelte sich das TuS-Team nur kurz. Mit dem Tor zum 6:2-Endstand stellte Michael Strocka (70.) den alten Abstand dann aber wieder her. Einen besonderen Lob verdiente sich TuS-Keeper Mike Weber der gleich zwei Elfmeter in diesem Spiel parierte. Insgesamt feierte die TuS-Zweite einen ungef\u00e4hrdeten Ausw\u00e4rtserfolg bei der SG Allendorf\/Amecke III. Nach dem schweren Auftaktprogramm reiht sich die Mannschaft des TuS 02 mit vier Punkten auf dem neunten Platz ein.<\/p>\n","protected":false},"excerpt":{"rendered":"<p>Die 2. Mannschaft des TuS Bruchhausen hat den ersten Sieg in der neuen Saison eingefahren. Die TuS-Reserve schlug die neugegr\u00fcndete SG Allendorf\/Amecke III deutlich mit 6:2. Sebastian Bunsen und Michael Strocka treffen doppelt Der Trend der TuS-Reserve zeigt nach oben. Eine Woche nach dem Punktgewinn gegen den SV Herdringen II hat die Mannschaft von Trainer [&hellip;]<\/p>\n","protected":false},"author":1,"featured_media":14824,"comment_status":"closed","ping_status":"closed","sticky":false,"template":"","format":"standard","meta":{"footnotes":""},"categories":[4,8],"tags":[],"class_list":["post-14823","post","type-post","status-publish","format-standard","has-post-thumbnail","hentry","category-2-mannschaft","category-news","small-justify-block","has-thumb"],"yoast_head":"<!-- This site is optimized with the Yoast SEO plugin v27.2 - https:\/\/yoast.com\/product\/yoast-seo-wordpress\/ -->\n<title>TuS-Reserve f\u00e4hrt ersten Saisonsieg ein<\/title>\n<meta name=\"robots\" content=\"index, follow, max-snippet:-1, max-image-preview:large, max-video-preview:-1\" \/>\n<link rel=\"canonical\" href=\"http:\/\/www.tus-bruchhausen.de\/Fussball\/tus-reserve-faehrt-ersten-saisonsieg-ein\/\" \/>\n<meta property=\"og:locale\" content=\"de_DE\" \/>\n<meta property=\"og:type\" content=\"article\" \/>\n<meta property=\"og:title\" content=\"TuS-Reserve f\u00e4hrt ersten Saisonsieg ein\" \/>\n<meta property=\"og:description\" content=\"Die 2. Mannschaft des TuS Bruchhausen hat den ersten Sieg in der neuen Saison eingefahren. Die TuS-Reserve schlug die neugegr\u00fcndete SG Allendorf\/Amecke III deutlich mit 6:2. Sebastian Bunsen und Michael Strocka treffen doppelt Der Trend der TuS-Reserve zeigt nach oben. Eine Woche nach dem Punktgewinn gegen den SV Herdringen II hat die Mannschaft von Trainer [&hellip;]\" \/>\n<meta property=\"og:url\" content=\"http:\/\/www.tus-bruchhausen.de\/Fussball\/tus-reserve-faehrt-ersten-saisonsieg-ein\/\" \/>\n<meta property=\"og:site_name\" content=\"TuS Bruchhausen\" \/>\n<meta property=\"article:publisher\" content=\"https:\/\/www.facebook.com\/TuS02\/\" \/>\n<meta property=\"article:published_time\" content=\"2017-09-17T16:20:11+00:00\" \/>\n<meta property=\"article:modified_time\" content=\"2017-09-19T08:09:22+00:00\" \/>\n<meta property=\"og:image\" content=\"http:\/\/www.tus-bruchhausen.de\/Fussball\/wp-content\/uploads\/2017\/09\/13002332_1092094070831613_7517099743550055745_o.jpg\" \/>\n\t<meta property=\"og:image:width\" content=\"1588\" \/>\n\t<meta property=\"og:image:height\" content=\"1059\" \/>\n\t<meta property=\"og:image:type\" content=\"image\/jpeg\" \/>\n<meta name=\"author\" content=\"TKuhlmann\" \/>\n<meta name=\"twitter:card\" content=\"summary_large_image\" \/>\n<meta name=\"twitter:label1\" content=\"Verfasst von\" \/>\n\t<meta name=\"twitter:data1\" content=\"TKuhlmann\" \/>\n\t<meta name=\"twitter:label2\" content=\"Gesch\u00e4tzte Lesezeit\" \/>\n\t<meta name=\"twitter:data2\" content=\"1\u00a0Minute\" \/>\n<script type=\"application\/ld+json\" class=\"yoast-schema-graph\">{\"@context\":\"https:\/\/schema.org\",\"@graph\":[{\"@type\":\"Article\",\"@id\":\"http:\/\/www.tus-bruchhausen.de\/Fussball\/tus-reserve-faehrt-ersten-saisonsieg-ein\/#article\",\"isPartOf\":{\"@id\":\"http:\/\/www.tus-bruchhausen.de\/Fussball\/tus-reserve-faehrt-ersten-saisonsieg-ein\/\"},\"author\":{\"name\":\"TKuhlmann\",\"@id\":\"http:\/\/www.tus-bruchhausen.de\/Fussball\/#\/schema\/person\/92059d83c2eeb62cc1c25411e78ed9dc\"},\"headline\":\"TuS-Reserve f\u00e4hrt ersten Saisonsieg ein\",\"datePublished\":\"2017-09-17T16:20:11+00:00\",\"dateModified\":\"2017-09-19T08:09:22+00:00\",\"mainEntityOfPage\":{\"@id\":\"http:\/\/www.tus-bruchhausen.de\/Fussball\/tus-reserve-faehrt-ersten-saisonsieg-ein\/\"},\"wordCount\":212,\"image\":{\"@id\":\"http:\/\/www.tus-bruchhausen.de\/Fussball\/tus-reserve-faehrt-ersten-saisonsieg-ein\/#primaryimage\"},\"thumbnailUrl\":\"http:\/\/www.tus-bruchhausen.de\/Fussball\/wp-content\/uploads\/2017\/09\/13002332_1092094070831613_7517099743550055745_o.jpg\",\"articleSection\":[\"2. Mannschaft\",\"News\"],\"inLanguage\":\"de\"},{\"@type\":\"WebPage\",\"@id\":\"http:\/\/www.tus-bruchhausen.de\/Fussball\/tus-reserve-faehrt-ersten-saisonsieg-ein\/\",\"url\":\"http:\/\/www.tus-bruchhausen.de\/Fussball\/tus-reserve-faehrt-ersten-saisonsieg-ein\/\",\"name\":\"TuS-Reserve f\u00e4hrt ersten Saisonsieg ein\",\"isPartOf\":{\"@id\":\"http:\/\/www.tus-bruchhausen.de\/Fussball\/#website\"},\"primaryImageOfPage\":{\"@id\":\"http:\/\/www.tus-bruchhausen.de\/Fussball\/tus-reserve-faehrt-ersten-saisonsieg-ein\/#primaryimage\"},\"image\":{\"@id\":\"http:\/\/www.tus-bruchhausen.de\/Fussball\/tus-reserve-faehrt-ersten-saisonsieg-ein\/#primaryimage\"},\"thumbnailUrl\":\"http:\/\/www.tus-bruchhausen.de\/Fussball\/wp-content\/uploads\/2017\/09\/13002332_1092094070831613_7517099743550055745_o.jpg\",\"datePublished\":\"2017-09-17T16:20:11+00:00\",\"dateModified\":\"2017-09-19T08:09:22+00:00\",\"author\":{\"@id\":\"http:\/\/www.tus-bruchhausen.de\/Fussball\/#\/schema\/person\/92059d83c2eeb62cc1c25411e78ed9dc\"},\"breadcrumb\":{\"@id\":\"http:\/\/www.tus-bruchhausen.de\/Fussball\/tus-reserve-faehrt-ersten-saisonsieg-ein\/#breadcrumb\"},\"inLanguage\":\"de\",\"potentialAction\":[{\"@type\":\"ReadAction\",\"target\":[\"http:\/\/www.tus-bruchhausen.de\/Fussball\/tus-reserve-faehrt-ersten-saisonsieg-ein\/\"]}]},{\"@type\":\"ImageObject\",\"inLanguage\":\"de\",\"@id\":\"http:\/\/www.tus-bruchhausen.de\/Fussball\/tus-reserve-faehrt-ersten-saisonsieg-ein\/#primaryimage\",\"url\":\"http:\/\/www.tus-bruchhausen.de\/Fussball\/wp-content\/uploads\/2017\/09\/13002332_1092094070831613_7517099743550055745_o.jpg\",\"contentUrl\":\"http:\/\/www.tus-bruchhausen.de\/Fussball\/wp-content\/uploads\/2017\/09\/13002332_1092094070831613_7517099743550055745_o.jpg\",\"width\":1588,\"height\":1059},{\"@type\":\"BreadcrumbList\",\"@id\":\"http:\/\/www.tus-bruchhausen.de\/Fussball\/tus-reserve-faehrt-ersten-saisonsieg-ein\/#breadcrumb\",\"itemListElement\":[{\"@type\":\"ListItem\",\"position\":1,\"name\":\"Startseite\",\"item\":\"https:\/\/www.tus-bruchhausen.de\/Fussball\/\"},{\"@type\":\"ListItem\",\"position\":2,\"name\":\"TuS-Reserve f\u00e4hrt ersten Saisonsieg ein\"}]},{\"@type\":\"WebSite\",\"@id\":\"http:\/\/www.tus-bruchhausen.de\/Fussball\/#website\",\"url\":\"http:\/\/www.tus-bruchhausen.de\/Fussball\/\",\"name\":\"TuS Bruchhausen\",\"description\":\"Fu\u00dfball\",\"potentialAction\":[{\"@type\":\"SearchAction\",\"target\":{\"@type\":\"EntryPoint\",\"urlTemplate\":\"http:\/\/www.tus-bruchhausen.de\/Fussball\/?s={search_term_string}\"},\"query-input\":{\"@type\":\"PropertyValueSpecification\",\"valueRequired\":true,\"valueName\":\"search_term_string\"}}],\"inLanguage\":\"de\"},{\"@type\":\"Person\",\"@id\":\"http:\/\/www.tus-bruchhausen.de\/Fussball\/#\/schema\/person\/92059d83c2eeb62cc1c25411e78ed9dc\",\"name\":\"TKuhlmann\",\"image\":{\"@type\":\"ImageObject\",\"inLanguage\":\"de\",\"@id\":\"https:\/\/secure.gravatar.com\/avatar\/3b91757280f33b9ed04e8ae2217709266f1c1e416af9d163b4e541134ddf3c97?s=96&d=mm&r=g\",\"url\":\"https:\/\/secure.gravatar.com\/avatar\/3b91757280f33b9ed04e8ae2217709266f1c1e416af9d163b4e541134ddf3c97?s=96&d=mm&r=g\",\"contentUrl\":\"https:\/\/secure.gravatar.com\/avatar\/3b91757280f33b9ed04e8ae2217709266f1c1e416af9d163b4e541134ddf3c97?s=96&d=mm&r=g\",\"caption\":\"TKuhlmann\"}}]}<\/script>\n<!-- \/ Yoast SEO plugin. -->","yoast_head_json":{"title":"TuS-Reserve f\u00e4hrt ersten Saisonsieg ein","robots":{"index":"index","follow":"follow","max-snippet":"max-snippet:-1","max-image-preview":"max-image-preview:large","max-video-preview":"max-video-preview:-1"},"canonical":"http:\/\/www.tus-bruchhausen.de\/Fussball\/tus-reserve-faehrt-ersten-saisonsieg-ein\/","og_locale":"de_DE","og_type":"article","og_title":"TuS-Reserve f\u00e4hrt ersten Saisonsieg ein","og_description":"Die 2. Mannschaft des TuS Bruchhausen hat den ersten Sieg in der neuen Saison eingefahren. Die TuS-Reserve schlug die neugegr\u00fcndete SG Allendorf\/Amecke III deutlich mit 6:2. Sebastian Bunsen und Michael Strocka treffen doppelt Der Trend der TuS-Reserve zeigt nach oben. Eine Woche nach dem Punktgewinn gegen den SV Herdringen II hat die Mannschaft von Trainer [&hellip;]","og_url":"http:\/\/www.tus-bruchhausen.de\/Fussball\/tus-reserve-faehrt-ersten-saisonsieg-ein\/","og_site_name":"TuS Bruchhausen","article_publisher":"https:\/\/www.facebook.com\/TuS02\/","article_published_time":"2017-09-17T16:20:11+00:00","article_modified_time":"2017-09-19T08:09:22+00:00","og_image":[{"width":1588,"height":1059,"url":"http:\/\/www.tus-bruchhausen.de\/Fussball\/wp-content\/uploads\/2017\/09\/13002332_1092094070831613_7517099743550055745_o.jpg","type":"image\/jpeg"}],"author":"TKuhlmann","twitter_card":"summary_large_image","twitter_misc":{"Verfasst von":"TKuhlmann","Gesch\u00e4tzte Lesezeit":"1\u00a0Minute"},"schema":{"@context":"https:\/\/schema.org","@graph":[{"@type":"Article","@id":"http:\/\/www.tus-bruchhausen.de\/Fussball\/tus-reserve-faehrt-ersten-saisonsieg-ein\/#article","isPartOf":{"@id":"http:\/\/www.tus-bruchhausen.de\/Fussball\/tus-reserve-faehrt-ersten-saisonsieg-ein\/"},"author":{"name":"TKuhlmann","@id":"http:\/\/www.tus-bruchhausen.de\/Fussball\/#\/schema\/person\/92059d83c2eeb62cc1c25411e78ed9dc"},"headline":"TuS-Reserve f\u00e4hrt ersten Saisonsieg ein","datePublished":"2017-09-17T16:20:11+00:00","dateModified":"2017-09-19T08:09:22+00:00","mainEntityOfPage":{"@id":"http:\/\/www.tus-bruchhausen.de\/Fussball\/tus-reserve-faehrt-ersten-saisonsieg-ein\/"},"wordCount":212,"image":{"@id":"http:\/\/www.tus-bruchhausen.de\/Fussball\/tus-reserve-faehrt-ersten-saisonsieg-ein\/#primaryimage"},"thumbnailUrl":"http:\/\/www.tus-bruchhausen.de\/Fussball\/wp-content\/uploads\/2017\/09\/13002332_1092094070831613_7517099743550055745_o.jpg","articleSection":["2. Mannschaft","News"],"inLanguage":"de"},{"@type":"WebPage","@id":"http:\/\/www.tus-bruchhausen.de\/Fussball\/tus-reserve-faehrt-ersten-saisonsieg-ein\/","url":"http:\/\/www.tus-bruchhausen.de\/Fussball\/tus-reserve-faehrt-ersten-saisonsieg-ein\/","name":"TuS-Reserve f\u00e4hrt ersten Saisonsieg ein","isPartOf":{"@id":"http:\/\/www.tus-bruchhausen.de\/Fussball\/#website"},"primaryImageOfPage":{"@id":"http:\/\/www.tus-bruchhausen.de\/Fussball\/tus-reserve-faehrt-ersten-saisonsieg-ein\/#primaryimage"},"image":{"@id":"http:\/\/www.tus-bruchhausen.de\/Fussball\/tus-reserve-faehrt-ersten-saisonsieg-ein\/#primaryimage"},"thumbnailUrl":"http:\/\/www.tus-bruchhausen.de\/Fussball\/wp-content\/uploads\/2017\/09\/13002332_1092094070831613_7517099743550055745_o.jpg","datePublished":"2017-09-17T16:20:11+00:00","dateModified":"2017-09-19T08:09:22+00:00","author":{"@id":"http:\/\/www.tus-bruchhausen.de\/Fussball\/#\/schema\/person\/92059d83c2eeb62cc1c25411e78ed9dc"},"breadcrumb":{"@id":"http:\/\/www.tus-bruchhausen.de\/Fussball\/tus-reserve-faehrt-ersten-saisonsieg-ein\/#breadcrumb"},"inLanguage":"de","potentialAction":[{"@type":"ReadAction","target":["http:\/\/www.tus-bruchhausen.de\/Fussball\/tus-reserve-faehrt-ersten-saisonsieg-ein\/"]}]},{"@type":"ImageObject","inLanguage":"de","@id":"http:\/\/www.tus-bruchhausen.de\/Fussball\/tus-reserve-faehrt-ersten-saisonsieg-ein\/#primaryimage","url":"http:\/\/www.tus-bruchhausen.de\/Fussball\/wp-content\/uploads\/2017\/09\/13002332_1092094070831613_7517099743550055745_o.jpg","contentUrl":"http:\/\/www.tus-bruchhausen.de\/Fussball\/wp-content\/uploads\/2017\/09\/13002332_1092094070831613_7517099743550055745_o.jpg","width":1588,"height":1059},{"@type":"BreadcrumbList","@id":"http:\/\/www.tus-bruchhausen.de\/Fussball\/tus-reserve-faehrt-ersten-saisonsieg-ein\/#breadcrumb","itemListElement":[{"@type":"ListItem","position":1,"name":"Startseite","item":"https:\/\/www.tus-bruchhausen.de\/Fussball\/"},{"@type":"ListItem","position":2,"name":"TuS-Reserve f\u00e4hrt ersten Saisonsieg ein"}]},{"@type":"WebSite","@id":"http:\/\/www.tus-bruchhausen.de\/Fussball\/#website","url":"http:\/\/www.tus-bruchhausen.de\/Fussball\/","name":"TuS Bruchhausen","description":"Fu\u00dfball","potentialAction":[{"@type":"SearchAction","target":{"@type":"EntryPoint","urlTemplate":"http:\/\/www.tus-bruchhausen.de\/Fussball\/?s={search_term_string}"},"query-input":{"@type":"PropertyValueSpecification","valueRequired":true,"valueName":"search_term_string"}}],"inLanguage":"de"},{"@type":"Person","@id":"http:\/\/www.tus-bruchhausen.de\/Fussball\/#\/schema\/person\/92059d83c2eeb62cc1c25411e78ed9dc","name":"TKuhlmann","image":{"@type":"ImageObject","inLanguage":"de","@id":"https:\/\/secure.gravatar.com\/avatar\/3b91757280f33b9ed04e8ae2217709266f1c1e416af9d163b4e541134ddf3c97?s=96&d=mm&r=g","url":"https:\/\/secure.gravatar.com\/avatar\/3b91757280f33b9ed04e8ae2217709266f1c1e416af9d163b4e541134ddf3c97?s=96&d=mm&r=g","contentUrl":"https:\/\/secure.gravatar.com\/avatar\/3b91757280f33b9ed04e8ae2217709266f1c1e416af9d163b4e541134ddf3c97?s=96&d=mm&r=g","caption":"TKuhlmann"}}]}},"_links":{"self":[{"href":"http:\/\/www.tus-bruchhausen.de\/Fussball\/wp-json\/wp\/v2\/posts\/14823","targetHints":{"allow":["GET"]}}],"collection":[{"href":"http:\/\/www.tus-bruchhausen.de\/Fussball\/wp-json\/wp\/v2\/posts"}],"about":[{"href":"http:\/\/www.tus-bruchhausen.de\/Fussball\/wp-json\/wp\/v2\/types\/post"}],"author":[{"embeddable":true,"href":"http:\/\/www.tus-bruchhausen.de\/Fussball\/wp-json\/wp\/v2\/users\/1"}],"replies":[{"embeddable":true,"href":"http:\/\/www.tus-bruchhausen.de\/Fussball\/wp-json\/wp\/v2\/comments?post=14823"}],"version-history":[{"count":3,"href":"http:\/\/www.tus-bruchhausen.de\/Fussball\/wp-json\/wp\/v2\/posts\/14823\/revisions"}],"predecessor-version":[{"id":14828,"href":"http:\/\/www.tus-bruchhausen.de\/Fussball\/wp-json\/wp\/v2\/posts\/14823\/revisions\/14828"}],"wp:featuredmedia":[{"embeddable":true,"href":"http:\/\/www.tus-bruchhausen.de\/Fussball\/wp-json\/wp\/v2\/media\/14824"}],"wp:attachment":[{"href":"http:\/\/www.tus-bruchhausen.de\/Fussball\/wp-json\/wp\/v2\/media?parent=14823"}],"wp:term":[{"taxonomy":"category","embeddable":true,"href":"http:\/\/www.tus-bruchhausen.de\/Fussball\/wp-json\/wp\/v2\/categories?post=14823"},{"taxonomy":"post_tag","embeddable":true,"href":"http:\/\/www.tus-bruchhausen.de\/Fussball\/wp-json\/wp\/v2\/tags?post=14823"}],"curies":[{"name":"wp","href":"https:\/\/api.w.org\/{rel}","templated":true}]}}