{"id":15520,"date":"2018-03-25T13:17:46","date_gmt":"2018-03-25T11:17:46","guid":{"rendered":"http:\/\/www.tus-bruchhausen.de\/Fussball\/?p=15520"},"modified":"2018-03-25T23:30:17","modified_gmt":"2018-03-25T21:30:17","slug":"81-tus-reserve-feiert-deutlichen-derbysieg","status":"publish","type":"post","link":"http:\/\/www.tus-bruchhausen.de\/Fussball\/81-tus-reserve-feiert-deutlichen-derbysieg\/","title":{"rendered":"8:1 &#8211; TuS-Reserve gelingt deutlicher Derbysieg"},"content":{"rendered":"<p>Die 2. Mannschaft des TuS Bruchhausen hat einen Kantersieg eingefahren. Das Derby beim SV H\u00fcsten 09 III entschied die TuS-Reserve mit 8:1 (3:1) klar und deutlich f\u00fcr sich. F\u00fcr das Team des TuS Bruchhausen II war es der dritte Sieg in Serie.<\/p>\n<h3><strong>Raczka gelingt erneut Hattrick &#8211; Castro und Jansen mit Doppelpack<\/strong><\/h3>\n<p>Bereits nach acht Spielminuten f\u00fchrte die Mannschaft des TuS Bruchhausen II mit 2:0. Ricardo Castro (6.) und Jahn Gross (8.) hatten zum Doppelschlag ausgeholt. Nach dem zwischenzeitlichen Anschlusstreffer des SV H\u00fcsten 09 III stellte Ricardo Castro (17.) die Zwei-Tore-F\u00fchrung wieder her.<\/p>\n<p>In der 2. Halbzeit lie\u00df der TuS 02 keine Zweifel \u00fcber den Sieger aufkommen. Mit einem lupenreinen Hattrick erh\u00f6hte Spielertrainer Adrian Raczka (50. \/ 64. \/ 71.) den Zwischenstand auf 6:1. Es war nach letzter Woche bereits sein zweiter Hattrick in Folge. Mit einem Doppelpack schraubte TuS- Spieler Tobias Jansen (80. \/ 86.) den Endstand auf 8:1.<\/p>\n<p>Mit nun 31 Punkten aus 21 Spielen belegt die TuS Reserve den siebten Tabellenplatz der Kreisliga C Arnsberg.\u00a0 Bereits am Ostermontag geht es f\u00fcr den TuS Bruchhausen II weiter, dann reist das Team zum TuS Hachen II.<\/p>\n<p>&nbsp;<\/p>\n","protected":false},"excerpt":{"rendered":"<p>Die 2. Mannschaft des TuS Bruchhausen hat einen Kantersieg eingefahren. Das Derby beim SV H\u00fcsten 09 III entschied die TuS-Reserve mit 8:1 (3:1) klar und deutlich f\u00fcr sich. F\u00fcr das Team des TuS Bruchhausen II war es der dritte Sieg in Serie. Raczka gelingt erneut Hattrick &#8211; Castro und Jansen mit Doppelpack Bereits nach acht [&hellip;]<\/p>\n","protected":false},"author":1,"featured_media":15522,"comment_status":"closed","ping_status":"closed","sticky":false,"template":"","format":"standard","meta":{"footnotes":""},"categories":[4,8],"tags":[],"class_list":["post-15520","post","type-post","status-publish","format-standard","has-post-thumbnail","hentry","category-2-mannschaft","category-news","small-justify-block","has-thumb"],"yoast_head":"<!-- This site is optimized with the Yoast SEO plugin v27.2 - https:\/\/yoast.com\/product\/yoast-seo-wordpress\/ -->\n<title>8:1 - TuS-Reserve gelingt deutlicher Derbysieg<\/title>\n<meta name=\"robots\" content=\"index, follow, max-snippet:-1, max-image-preview:large, max-video-preview:-1\" \/>\n<link rel=\"canonical\" href=\"http:\/\/www.tus-bruchhausen.de\/Fussball\/81-tus-reserve-feiert-deutlichen-derbysieg\/\" \/>\n<meta property=\"og:locale\" content=\"de_DE\" \/>\n<meta property=\"og:type\" content=\"article\" \/>\n<meta property=\"og:title\" content=\"8:1 - TuS-Reserve gelingt deutlicher Derbysieg\" \/>\n<meta property=\"og:description\" content=\"Die 2. Mannschaft des TuS Bruchhausen hat einen Kantersieg eingefahren. Das Derby beim SV H\u00fcsten 09 III entschied die TuS-Reserve mit 8:1 (3:1) klar und deutlich f\u00fcr sich. F\u00fcr das Team des TuS Bruchhausen II war es der dritte Sieg in Serie. Raczka gelingt erneut Hattrick &#8211; Castro und Jansen mit Doppelpack Bereits nach acht [&hellip;]\" \/>\n<meta property=\"og:url\" content=\"http:\/\/www.tus-bruchhausen.de\/Fussball\/81-tus-reserve-feiert-deutlichen-derbysieg\/\" \/>\n<meta property=\"og:site_name\" content=\"TuS Bruchhausen\" \/>\n<meta property=\"article:publisher\" content=\"https:\/\/www.facebook.com\/TuS02\/\" \/>\n<meta property=\"article:published_time\" content=\"2018-03-25T11:17:46+00:00\" \/>\n<meta property=\"article:modified_time\" content=\"2018-03-25T21:30:17+00:00\" \/>\n<meta property=\"og:image\" content=\"http:\/\/www.tus-bruchhausen.de\/Fussball\/wp-content\/uploads\/2018\/03\/17240670_1466558183385198_8918171528484843926_o.jpg\" \/>\n\t<meta property=\"og:image:width\" content=\"2048\" \/>\n\t<meta property=\"og:image:height\" content=\"1365\" \/>\n\t<meta property=\"og:image:type\" content=\"image\/jpeg\" \/>\n<meta name=\"author\" content=\"TKuhlmann\" \/>\n<meta name=\"twitter:card\" content=\"summary_large_image\" \/>\n<meta name=\"twitter:label1\" content=\"Verfasst von\" \/>\n\t<meta name=\"twitter:data1\" content=\"TKuhlmann\" \/>\n\t<meta name=\"twitter:label2\" content=\"Gesch\u00e4tzte Lesezeit\" \/>\n\t<meta name=\"twitter:data2\" content=\"1\u00a0Minute\" \/>\n<script type=\"application\/ld+json\" class=\"yoast-schema-graph\">{\"@context\":\"https:\/\/schema.org\",\"@graph\":[{\"@type\":\"Article\",\"@id\":\"http:\/\/www.tus-bruchhausen.de\/Fussball\/81-tus-reserve-feiert-deutlichen-derbysieg\/#article\",\"isPartOf\":{\"@id\":\"http:\/\/www.tus-bruchhausen.de\/Fussball\/81-tus-reserve-feiert-deutlichen-derbysieg\/\"},\"author\":{\"name\":\"TKuhlmann\",\"@id\":\"http:\/\/www.tus-bruchhausen.de\/Fussball\/#\/schema\/person\/92059d83c2eeb62cc1c25411e78ed9dc\"},\"headline\":\"8:1 &#8211; TuS-Reserve gelingt deutlicher Derbysieg\",\"datePublished\":\"2018-03-25T11:17:46+00:00\",\"dateModified\":\"2018-03-25T21:30:17+00:00\",\"mainEntityOfPage\":{\"@id\":\"http:\/\/www.tus-bruchhausen.de\/Fussball\/81-tus-reserve-feiert-deutlichen-derbysieg\/\"},\"wordCount\":178,\"image\":{\"@id\":\"http:\/\/www.tus-bruchhausen.de\/Fussball\/81-tus-reserve-feiert-deutlichen-derbysieg\/#primaryimage\"},\"thumbnailUrl\":\"http:\/\/www.tus-bruchhausen.de\/Fussball\/wp-content\/uploads\/2018\/03\/17240670_1466558183385198_8918171528484843926_o.jpg\",\"articleSection\":[\"2. Mannschaft\",\"News\"],\"inLanguage\":\"de\"},{\"@type\":\"WebPage\",\"@id\":\"http:\/\/www.tus-bruchhausen.de\/Fussball\/81-tus-reserve-feiert-deutlichen-derbysieg\/\",\"url\":\"http:\/\/www.tus-bruchhausen.de\/Fussball\/81-tus-reserve-feiert-deutlichen-derbysieg\/\",\"name\":\"8:1 - TuS-Reserve gelingt deutlicher Derbysieg\",\"isPartOf\":{\"@id\":\"http:\/\/www.tus-bruchhausen.de\/Fussball\/#website\"},\"primaryImageOfPage\":{\"@id\":\"http:\/\/www.tus-bruchhausen.de\/Fussball\/81-tus-reserve-feiert-deutlichen-derbysieg\/#primaryimage\"},\"image\":{\"@id\":\"http:\/\/www.tus-bruchhausen.de\/Fussball\/81-tus-reserve-feiert-deutlichen-derbysieg\/#primaryimage\"},\"thumbnailUrl\":\"http:\/\/www.tus-bruchhausen.de\/Fussball\/wp-content\/uploads\/2018\/03\/17240670_1466558183385198_8918171528484843926_o.jpg\",\"datePublished\":\"2018-03-25T11:17:46+00:00\",\"dateModified\":\"2018-03-25T21:30:17+00:00\",\"author\":{\"@id\":\"http:\/\/www.tus-bruchhausen.de\/Fussball\/#\/schema\/person\/92059d83c2eeb62cc1c25411e78ed9dc\"},\"breadcrumb\":{\"@id\":\"http:\/\/www.tus-bruchhausen.de\/Fussball\/81-tus-reserve-feiert-deutlichen-derbysieg\/#breadcrumb\"},\"inLanguage\":\"de\",\"potentialAction\":[{\"@type\":\"ReadAction\",\"target\":[\"http:\/\/www.tus-bruchhausen.de\/Fussball\/81-tus-reserve-feiert-deutlichen-derbysieg\/\"]}]},{\"@type\":\"ImageObject\",\"inLanguage\":\"de\",\"@id\":\"http:\/\/www.tus-bruchhausen.de\/Fussball\/81-tus-reserve-feiert-deutlichen-derbysieg\/#primaryimage\",\"url\":\"http:\/\/www.tus-bruchhausen.de\/Fussball\/wp-content\/uploads\/2018\/03\/17240670_1466558183385198_8918171528484843926_o.jpg\",\"contentUrl\":\"http:\/\/www.tus-bruchhausen.de\/Fussball\/wp-content\/uploads\/2018\/03\/17240670_1466558183385198_8918171528484843926_o.jpg\",\"width\":2048,\"height\":1365},{\"@type\":\"BreadcrumbList\",\"@id\":\"http:\/\/www.tus-bruchhausen.de\/Fussball\/81-tus-reserve-feiert-deutlichen-derbysieg\/#breadcrumb\",\"itemListElement\":[{\"@type\":\"ListItem\",\"position\":1,\"name\":\"Startseite\",\"item\":\"http:\/\/www.tus-bruchhausen.de\/Fussball\/\"},{\"@type\":\"ListItem\",\"position\":2,\"name\":\"8:1 &#8211; TuS-Reserve gelingt deutlicher Derbysieg\"}]},{\"@type\":\"WebSite\",\"@id\":\"http:\/\/www.tus-bruchhausen.de\/Fussball\/#website\",\"url\":\"http:\/\/www.tus-bruchhausen.de\/Fussball\/\",\"name\":\"TuS Bruchhausen\",\"description\":\"Fu\u00dfball\",\"potentialAction\":[{\"@type\":\"SearchAction\",\"target\":{\"@type\":\"EntryPoint\",\"urlTemplate\":\"http:\/\/www.tus-bruchhausen.de\/Fussball\/?s={search_term_string}\"},\"query-input\":{\"@type\":\"PropertyValueSpecification\",\"valueRequired\":true,\"valueName\":\"search_term_string\"}}],\"inLanguage\":\"de\"},{\"@type\":\"Person\",\"@id\":\"http:\/\/www.tus-bruchhausen.de\/Fussball\/#\/schema\/person\/92059d83c2eeb62cc1c25411e78ed9dc\",\"name\":\"TKuhlmann\",\"image\":{\"@type\":\"ImageObject\",\"inLanguage\":\"de\",\"@id\":\"https:\/\/secure.gravatar.com\/avatar\/3b91757280f33b9ed04e8ae2217709266f1c1e416af9d163b4e541134ddf3c97?s=96&d=mm&r=g\",\"url\":\"https:\/\/secure.gravatar.com\/avatar\/3b91757280f33b9ed04e8ae2217709266f1c1e416af9d163b4e541134ddf3c97?s=96&d=mm&r=g\",\"contentUrl\":\"https:\/\/secure.gravatar.com\/avatar\/3b91757280f33b9ed04e8ae2217709266f1c1e416af9d163b4e541134ddf3c97?s=96&d=mm&r=g\",\"caption\":\"TKuhlmann\"}}]}<\/script>\n<!-- \/ Yoast SEO plugin. -->","yoast_head_json":{"title":"8:1 - TuS-Reserve gelingt deutlicher Derbysieg","robots":{"index":"index","follow":"follow","max-snippet":"max-snippet:-1","max-image-preview":"max-image-preview:large","max-video-preview":"max-video-preview:-1"},"canonical":"http:\/\/www.tus-bruchhausen.de\/Fussball\/81-tus-reserve-feiert-deutlichen-derbysieg\/","og_locale":"de_DE","og_type":"article","og_title":"8:1 - TuS-Reserve gelingt deutlicher Derbysieg","og_description":"Die 2. Mannschaft des TuS Bruchhausen hat einen Kantersieg eingefahren. Das Derby beim SV H\u00fcsten 09 III entschied die TuS-Reserve mit 8:1 (3:1) klar und deutlich f\u00fcr sich. F\u00fcr das Team des TuS Bruchhausen II war es der dritte Sieg in Serie. Raczka gelingt erneut Hattrick &#8211; Castro und Jansen mit Doppelpack Bereits nach acht [&hellip;]","og_url":"http:\/\/www.tus-bruchhausen.de\/Fussball\/81-tus-reserve-feiert-deutlichen-derbysieg\/","og_site_name":"TuS Bruchhausen","article_publisher":"https:\/\/www.facebook.com\/TuS02\/","article_published_time":"2018-03-25T11:17:46+00:00","article_modified_time":"2018-03-25T21:30:17+00:00","og_image":[{"width":2048,"height":1365,"url":"http:\/\/www.tus-bruchhausen.de\/Fussball\/wp-content\/uploads\/2018\/03\/17240670_1466558183385198_8918171528484843926_o.jpg","type":"image\/jpeg"}],"author":"TKuhlmann","twitter_card":"summary_large_image","twitter_misc":{"Verfasst von":"TKuhlmann","Gesch\u00e4tzte Lesezeit":"1\u00a0Minute"},"schema":{"@context":"https:\/\/schema.org","@graph":[{"@type":"Article","@id":"http:\/\/www.tus-bruchhausen.de\/Fussball\/81-tus-reserve-feiert-deutlichen-derbysieg\/#article","isPartOf":{"@id":"http:\/\/www.tus-bruchhausen.de\/Fussball\/81-tus-reserve-feiert-deutlichen-derbysieg\/"},"author":{"name":"TKuhlmann","@id":"http:\/\/www.tus-bruchhausen.de\/Fussball\/#\/schema\/person\/92059d83c2eeb62cc1c25411e78ed9dc"},"headline":"8:1 &#8211; TuS-Reserve gelingt deutlicher Derbysieg","datePublished":"2018-03-25T11:17:46+00:00","dateModified":"2018-03-25T21:30:17+00:00","mainEntityOfPage":{"@id":"http:\/\/www.tus-bruchhausen.de\/Fussball\/81-tus-reserve-feiert-deutlichen-derbysieg\/"},"wordCount":178,"image":{"@id":"http:\/\/www.tus-bruchhausen.de\/Fussball\/81-tus-reserve-feiert-deutlichen-derbysieg\/#primaryimage"},"thumbnailUrl":"http:\/\/www.tus-bruchhausen.de\/Fussball\/wp-content\/uploads\/2018\/03\/17240670_1466558183385198_8918171528484843926_o.jpg","articleSection":["2. Mannschaft","News"],"inLanguage":"de"},{"@type":"WebPage","@id":"http:\/\/www.tus-bruchhausen.de\/Fussball\/81-tus-reserve-feiert-deutlichen-derbysieg\/","url":"http:\/\/www.tus-bruchhausen.de\/Fussball\/81-tus-reserve-feiert-deutlichen-derbysieg\/","name":"8:1 - TuS-Reserve gelingt deutlicher Derbysieg","isPartOf":{"@id":"http:\/\/www.tus-bruchhausen.de\/Fussball\/#website"},"primaryImageOfPage":{"@id":"http:\/\/www.tus-bruchhausen.de\/Fussball\/81-tus-reserve-feiert-deutlichen-derbysieg\/#primaryimage"},"image":{"@id":"http:\/\/www.tus-bruchhausen.de\/Fussball\/81-tus-reserve-feiert-deutlichen-derbysieg\/#primaryimage"},"thumbnailUrl":"http:\/\/www.tus-bruchhausen.de\/Fussball\/wp-content\/uploads\/2018\/03\/17240670_1466558183385198_8918171528484843926_o.jpg","datePublished":"2018-03-25T11:17:46+00:00","dateModified":"2018-03-25T21:30:17+00:00","author":{"@id":"http:\/\/www.tus-bruchhausen.de\/Fussball\/#\/schema\/person\/92059d83c2eeb62cc1c25411e78ed9dc"},"breadcrumb":{"@id":"http:\/\/www.tus-bruchhausen.de\/Fussball\/81-tus-reserve-feiert-deutlichen-derbysieg\/#breadcrumb"},"inLanguage":"de","potentialAction":[{"@type":"ReadAction","target":["http:\/\/www.tus-bruchhausen.de\/Fussball\/81-tus-reserve-feiert-deutlichen-derbysieg\/"]}]},{"@type":"ImageObject","inLanguage":"de","@id":"http:\/\/www.tus-bruchhausen.de\/Fussball\/81-tus-reserve-feiert-deutlichen-derbysieg\/#primaryimage","url":"http:\/\/www.tus-bruchhausen.de\/Fussball\/wp-content\/uploads\/2018\/03\/17240670_1466558183385198_8918171528484843926_o.jpg","contentUrl":"http:\/\/www.tus-bruchhausen.de\/Fussball\/wp-content\/uploads\/2018\/03\/17240670_1466558183385198_8918171528484843926_o.jpg","width":2048,"height":1365},{"@type":"BreadcrumbList","@id":"http:\/\/www.tus-bruchhausen.de\/Fussball\/81-tus-reserve-feiert-deutlichen-derbysieg\/#breadcrumb","itemListElement":[{"@type":"ListItem","position":1,"name":"Startseite","item":"http:\/\/www.tus-bruchhausen.de\/Fussball\/"},{"@type":"ListItem","position":2,"name":"8:1 &#8211; TuS-Reserve gelingt deutlicher Derbysieg"}]},{"@type":"WebSite","@id":"http:\/\/www.tus-bruchhausen.de\/Fussball\/#website","url":"http:\/\/www.tus-bruchhausen.de\/Fussball\/","name":"TuS Bruchhausen","description":"Fu\u00dfball","potentialAction":[{"@type":"SearchAction","target":{"@type":"EntryPoint","urlTemplate":"http:\/\/www.tus-bruchhausen.de\/Fussball\/?s={search_term_string}"},"query-input":{"@type":"PropertyValueSpecification","valueRequired":true,"valueName":"search_term_string"}}],"inLanguage":"de"},{"@type":"Person","@id":"http:\/\/www.tus-bruchhausen.de\/Fussball\/#\/schema\/person\/92059d83c2eeb62cc1c25411e78ed9dc","name":"TKuhlmann","image":{"@type":"ImageObject","inLanguage":"de","@id":"https:\/\/secure.gravatar.com\/avatar\/3b91757280f33b9ed04e8ae2217709266f1c1e416af9d163b4e541134ddf3c97?s=96&d=mm&r=g","url":"https:\/\/secure.gravatar.com\/avatar\/3b91757280f33b9ed04e8ae2217709266f1c1e416af9d163b4e541134ddf3c97?s=96&d=mm&r=g","contentUrl":"https:\/\/secure.gravatar.com\/avatar\/3b91757280f33b9ed04e8ae2217709266f1c1e416af9d163b4e541134ddf3c97?s=96&d=mm&r=g","caption":"TKuhlmann"}}]}},"_links":{"self":[{"href":"http:\/\/www.tus-bruchhausen.de\/Fussball\/wp-json\/wp\/v2\/posts\/15520","targetHints":{"allow":["GET"]}}],"collection":[{"href":"http:\/\/www.tus-bruchhausen.de\/Fussball\/wp-json\/wp\/v2\/posts"}],"about":[{"href":"http:\/\/www.tus-bruchhausen.de\/Fussball\/wp-json\/wp\/v2\/types\/post"}],"author":[{"embeddable":true,"href":"http:\/\/www.tus-bruchhausen.de\/Fussball\/wp-json\/wp\/v2\/users\/1"}],"replies":[{"embeddable":true,"href":"http:\/\/www.tus-bruchhausen.de\/Fussball\/wp-json\/wp\/v2\/comments?post=15520"}],"version-history":[{"count":5,"href":"http:\/\/www.tus-bruchhausen.de\/Fussball\/wp-json\/wp\/v2\/posts\/15520\/revisions"}],"predecessor-version":[{"id":15526,"href":"http:\/\/www.tus-bruchhausen.de\/Fussball\/wp-json\/wp\/v2\/posts\/15520\/revisions\/15526"}],"wp:featuredmedia":[{"embeddable":true,"href":"http:\/\/www.tus-bruchhausen.de\/Fussball\/wp-json\/wp\/v2\/media\/15522"}],"wp:attachment":[{"href":"http:\/\/www.tus-bruchhausen.de\/Fussball\/wp-json\/wp\/v2\/media?parent=15520"}],"wp:term":[{"taxonomy":"category","embeddable":true,"href":"http:\/\/www.tus-bruchhausen.de\/Fussball\/wp-json\/wp\/v2\/categories?post=15520"},{"taxonomy":"post_tag","embeddable":true,"href":"http:\/\/www.tus-bruchhausen.de\/Fussball\/wp-json\/wp\/v2\/tags?post=15520"}],"curies":[{"name":"wp","href":"https:\/\/api.w.org\/{rel}","templated":true}]}}