{"id":15540,"date":"2018-03-28T15:38:12","date_gmt":"2018-03-28T13:38:12","guid":{"rendered":"http:\/\/www.tus-bruchhausen.de\/Fussball\/?p=15540"},"modified":"2018-04-23T08:13:53","modified_gmt":"2018-04-23T06:13:53","slug":"naechste-strassenfegeaktion-nach-ostern","status":"publish","type":"post","link":"http:\/\/www.tus-bruchhausen.de\/Fussball\/naechste-strassenfegeaktion-nach-ostern\/","title":{"rendered":"N\u00e4chste Stra\u00dfenfegeaktion nach Ostern"},"content":{"rendered":"<p>Die Uhren sind bereits auf Sommer umgestellt, um nun den Sommer endg\u00fcltig einzul\u00e4uten, fegen die Jugendspieler\/innen am \u00fcbern\u00e4chsten Wochenende wieder durch das Entendorf. Die Jugendfussballer\/innen unserer Nachwuchsmannschaften sind am\u00a0 <strong>Samstag, den 07.April <\/strong><strong>ab 9:30 Uhr<\/strong> wieder unterwegs und s\u00e4ubern p\u00fcnktlich zum &#8220;Wei\u00dfen Sonntag&#8221; unser sch\u00f6nes Dorf.<\/p>\n<p>Gegen einen kleinen Obolus werden die Stra\u00dfen und Einfahrten der Bruchhauser B\u00fcrger von unseren Jugendspielern gefegt. S\u00e4mtliche Spenden kommen der Jugendabteilung zu Gute. Ein Teil wandert direkt in die Mannschaftskassen, um u.a die einzelnen Abschlussfahrten finanziell zu unterst\u00fczten.<\/p>\n<p>Im Namen aller Jugendmannschaften bedanken wir uns schon jetzt recht herzlich f\u00fcr jede Unterst\u00fctzung.<\/p>\n","protected":false},"excerpt":{"rendered":"<p>Die Uhren sind bereits auf Sommer umgestellt, um nun den Sommer endg\u00fcltig einzul\u00e4uten, fegen die Jugendspieler\/innen am \u00fcbern\u00e4chsten Wochenende wieder durch das Entendorf. Die Jugendfussballer\/innen unserer Nachwuchsmannschaften sind am\u00a0 Samstag, den 07.April ab 9:30 Uhr wieder unterwegs und s\u00e4ubern p\u00fcnktlich zum &#8220;Wei\u00dfen Sonntag&#8221; unser sch\u00f6nes Dorf. Gegen einen kleinen Obolus werden die Stra\u00dfen und Einfahrten [&hellip;]<\/p>\n","protected":false},"author":2,"featured_media":2869,"comment_status":"closed","ping_status":"closed","sticky":false,"template":"","format":"standard","meta":{"footnotes":""},"categories":[6,1,7,18,20],"tags":[],"class_list":["post-15540","post","type-post","status-publish","format-standard","has-post-thumbnail","hentry","category-abteilung","category-hauptverein","category-jugend","category-spielankuendigung","category-app","small-justify-block","has-thumb"],"yoast_head":"<!-- This site is optimized with the Yoast SEO plugin v27.2 - https:\/\/yoast.com\/product\/yoast-seo-wordpress\/ -->\n<title>N\u00e4chste Stra\u00dfenfegeaktion nach Ostern<\/title>\n<meta name=\"robots\" content=\"index, follow, max-snippet:-1, max-image-preview:large, max-video-preview:-1\" \/>\n<link rel=\"canonical\" href=\"http:\/\/www.tus-bruchhausen.de\/Fussball\/naechste-strassenfegeaktion-nach-ostern\/\" \/>\n<meta property=\"og:locale\" content=\"de_DE\" \/>\n<meta property=\"og:type\" content=\"article\" \/>\n<meta property=\"og:title\" content=\"N\u00e4chste Stra\u00dfenfegeaktion nach Ostern\" \/>\n<meta property=\"og:description\" content=\"Die Uhren sind bereits auf Sommer umgestellt, um nun den Sommer endg\u00fcltig einzul\u00e4uten, fegen die Jugendspieler\/innen am \u00fcbern\u00e4chsten Wochenende wieder durch das Entendorf. Die Jugendfussballer\/innen unserer Nachwuchsmannschaften sind am\u00a0 Samstag, den 07.April ab 9:30 Uhr wieder unterwegs und s\u00e4ubern p\u00fcnktlich zum &#8220;Wei\u00dfen Sonntag&#8221; unser sch\u00f6nes Dorf. Gegen einen kleinen Obolus werden die Stra\u00dfen und Einfahrten [&hellip;]\" \/>\n<meta property=\"og:url\" content=\"http:\/\/www.tus-bruchhausen.de\/Fussball\/naechste-strassenfegeaktion-nach-ostern\/\" \/>\n<meta property=\"og:site_name\" content=\"TuS Bruchhausen\" \/>\n<meta property=\"article:publisher\" content=\"https:\/\/www.facebook.com\/TuS02\/\" \/>\n<meta property=\"article:published_time\" content=\"2018-03-28T13:38:12+00:00\" \/>\n<meta property=\"article:modified_time\" content=\"2018-04-23T06:13:53+00:00\" \/>\n<meta property=\"og:image\" content=\"http:\/\/www.tus-bruchhausen.de\/Fussball\/wp-content\/uploads\/2014\/04\/url-e1459494106194.jpeg\" \/>\n\t<meta property=\"og:image:width\" content=\"1500\" \/>\n\t<meta property=\"og:image:height\" content=\"843\" \/>\n\t<meta property=\"og:image:type\" content=\"image\/jpeg\" \/>\n<meta name=\"author\" content=\"Ingo\" \/>\n<meta name=\"twitter:card\" content=\"summary_large_image\" \/>\n<meta name=\"twitter:label1\" content=\"Verfasst von\" \/>\n\t<meta name=\"twitter:data1\" content=\"Ingo\" \/>\n\t<meta name=\"twitter:label2\" content=\"Gesch\u00e4tzte Lesezeit\" \/>\n\t<meta name=\"twitter:data2\" content=\"1\u00a0Minute\" \/>\n<script type=\"application\/ld+json\" class=\"yoast-schema-graph\">{\"@context\":\"https:\/\/schema.org\",\"@graph\":[{\"@type\":\"Article\",\"@id\":\"http:\/\/www.tus-bruchhausen.de\/Fussball\/naechste-strassenfegeaktion-nach-ostern\/#article\",\"isPartOf\":{\"@id\":\"http:\/\/www.tus-bruchhausen.de\/Fussball\/naechste-strassenfegeaktion-nach-ostern\/\"},\"author\":{\"name\":\"Ingo\",\"@id\":\"http:\/\/www.tus-bruchhausen.de\/Fussball\/#\/schema\/person\/99013c72b57268294b20c04b1e1b875a\"},\"headline\":\"N\u00e4chste Stra\u00dfenfegeaktion nach Ostern\",\"datePublished\":\"2018-03-28T13:38:12+00:00\",\"dateModified\":\"2018-04-23T06:13:53+00:00\",\"mainEntityOfPage\":{\"@id\":\"http:\/\/www.tus-bruchhausen.de\/Fussball\/naechste-strassenfegeaktion-nach-ostern\/\"},\"wordCount\":119,\"image\":{\"@id\":\"http:\/\/www.tus-bruchhausen.de\/Fussball\/naechste-strassenfegeaktion-nach-ostern\/#primaryimage\"},\"thumbnailUrl\":\"http:\/\/www.tus-bruchhausen.de\/Fussball\/wp-content\/uploads\/2014\/04\/url-e1459494106194.jpeg\",\"articleSection\":[\"Abteilung\",\"Hauptverein\",\"Jugend\",\"Spielank\u00fcndigung\",\"Z_APP\"],\"inLanguage\":\"de\"},{\"@type\":\"WebPage\",\"@id\":\"http:\/\/www.tus-bruchhausen.de\/Fussball\/naechste-strassenfegeaktion-nach-ostern\/\",\"url\":\"http:\/\/www.tus-bruchhausen.de\/Fussball\/naechste-strassenfegeaktion-nach-ostern\/\",\"name\":\"N\u00e4chste Stra\u00dfenfegeaktion nach Ostern\",\"isPartOf\":{\"@id\":\"http:\/\/www.tus-bruchhausen.de\/Fussball\/#website\"},\"primaryImageOfPage\":{\"@id\":\"http:\/\/www.tus-bruchhausen.de\/Fussball\/naechste-strassenfegeaktion-nach-ostern\/#primaryimage\"},\"image\":{\"@id\":\"http:\/\/www.tus-bruchhausen.de\/Fussball\/naechste-strassenfegeaktion-nach-ostern\/#primaryimage\"},\"thumbnailUrl\":\"http:\/\/www.tus-bruchhausen.de\/Fussball\/wp-content\/uploads\/2014\/04\/url-e1459494106194.jpeg\",\"datePublished\":\"2018-03-28T13:38:12+00:00\",\"dateModified\":\"2018-04-23T06:13:53+00:00\",\"author\":{\"@id\":\"http:\/\/www.tus-bruchhausen.de\/Fussball\/#\/schema\/person\/99013c72b57268294b20c04b1e1b875a\"},\"breadcrumb\":{\"@id\":\"http:\/\/www.tus-bruchhausen.de\/Fussball\/naechste-strassenfegeaktion-nach-ostern\/#breadcrumb\"},\"inLanguage\":\"de\",\"potentialAction\":[{\"@type\":\"ReadAction\",\"target\":[\"http:\/\/www.tus-bruchhausen.de\/Fussball\/naechste-strassenfegeaktion-nach-ostern\/\"]}]},{\"@type\":\"ImageObject\",\"inLanguage\":\"de\",\"@id\":\"http:\/\/www.tus-bruchhausen.de\/Fussball\/naechste-strassenfegeaktion-nach-ostern\/#primaryimage\",\"url\":\"http:\/\/www.tus-bruchhausen.de\/Fussball\/wp-content\/uploads\/2014\/04\/url-e1459494106194.jpeg\",\"contentUrl\":\"http:\/\/www.tus-bruchhausen.de\/Fussball\/wp-content\/uploads\/2014\/04\/url-e1459494106194.jpeg\",\"width\":1500,\"height\":843},{\"@type\":\"BreadcrumbList\",\"@id\":\"http:\/\/www.tus-bruchhausen.de\/Fussball\/naechste-strassenfegeaktion-nach-ostern\/#breadcrumb\",\"itemListElement\":[{\"@type\":\"ListItem\",\"position\":1,\"name\":\"Startseite\",\"item\":\"http:\/\/www.tus-bruchhausen.de\/Fussball\/\"},{\"@type\":\"ListItem\",\"position\":2,\"name\":\"N\u00e4chste Stra\u00dfenfegeaktion nach Ostern\"}]},{\"@type\":\"WebSite\",\"@id\":\"http:\/\/www.tus-bruchhausen.de\/Fussball\/#website\",\"url\":\"http:\/\/www.tus-bruchhausen.de\/Fussball\/\",\"name\":\"TuS Bruchhausen\",\"description\":\"Fu\u00dfball\",\"potentialAction\":[{\"@type\":\"SearchAction\",\"target\":{\"@type\":\"EntryPoint\",\"urlTemplate\":\"http:\/\/www.tus-bruchhausen.de\/Fussball\/?s={search_term_string}\"},\"query-input\":{\"@type\":\"PropertyValueSpecification\",\"valueRequired\":true,\"valueName\":\"search_term_string\"}}],\"inLanguage\":\"de\"},{\"@type\":\"Person\",\"@id\":\"http:\/\/www.tus-bruchhausen.de\/Fussball\/#\/schema\/person\/99013c72b57268294b20c04b1e1b875a\",\"name\":\"Ingo\",\"image\":{\"@type\":\"ImageObject\",\"inLanguage\":\"de\",\"@id\":\"https:\/\/secure.gravatar.com\/avatar\/567f8450178f932a7ca8deea1bbe124461fcfe94e5ac63f9823ea053073c143d?s=96&d=mm&r=g\",\"url\":\"https:\/\/secure.gravatar.com\/avatar\/567f8450178f932a7ca8deea1bbe124461fcfe94e5ac63f9823ea053073c143d?s=96&d=mm&r=g\",\"contentUrl\":\"https:\/\/secure.gravatar.com\/avatar\/567f8450178f932a7ca8deea1bbe124461fcfe94e5ac63f9823ea053073c143d?s=96&d=mm&r=g\",\"caption\":\"Ingo\"}}]}<\/script>\n<!-- \/ Yoast SEO plugin. -->","yoast_head_json":{"title":"N\u00e4chste Stra\u00dfenfegeaktion nach Ostern","robots":{"index":"index","follow":"follow","max-snippet":"max-snippet:-1","max-image-preview":"max-image-preview:large","max-video-preview":"max-video-preview:-1"},"canonical":"http:\/\/www.tus-bruchhausen.de\/Fussball\/naechste-strassenfegeaktion-nach-ostern\/","og_locale":"de_DE","og_type":"article","og_title":"N\u00e4chste Stra\u00dfenfegeaktion nach Ostern","og_description":"Die Uhren sind bereits auf Sommer umgestellt, um nun den Sommer endg\u00fcltig einzul\u00e4uten, fegen die Jugendspieler\/innen am \u00fcbern\u00e4chsten Wochenende wieder durch das Entendorf. Die Jugendfussballer\/innen unserer Nachwuchsmannschaften sind am\u00a0 Samstag, den 07.April ab 9:30 Uhr wieder unterwegs und s\u00e4ubern p\u00fcnktlich zum &#8220;Wei\u00dfen Sonntag&#8221; unser sch\u00f6nes Dorf. Gegen einen kleinen Obolus werden die Stra\u00dfen und Einfahrten [&hellip;]","og_url":"http:\/\/www.tus-bruchhausen.de\/Fussball\/naechste-strassenfegeaktion-nach-ostern\/","og_site_name":"TuS Bruchhausen","article_publisher":"https:\/\/www.facebook.com\/TuS02\/","article_published_time":"2018-03-28T13:38:12+00:00","article_modified_time":"2018-04-23T06:13:53+00:00","og_image":[{"width":1500,"height":843,"url":"http:\/\/www.tus-bruchhausen.de\/Fussball\/wp-content\/uploads\/2014\/04\/url-e1459494106194.jpeg","type":"image\/jpeg"}],"author":"Ingo","twitter_card":"summary_large_image","twitter_misc":{"Verfasst von":"Ingo","Gesch\u00e4tzte Lesezeit":"1\u00a0Minute"},"schema":{"@context":"https:\/\/schema.org","@graph":[{"@type":"Article","@id":"http:\/\/www.tus-bruchhausen.de\/Fussball\/naechste-strassenfegeaktion-nach-ostern\/#article","isPartOf":{"@id":"http:\/\/www.tus-bruchhausen.de\/Fussball\/naechste-strassenfegeaktion-nach-ostern\/"},"author":{"name":"Ingo","@id":"http:\/\/www.tus-bruchhausen.de\/Fussball\/#\/schema\/person\/99013c72b57268294b20c04b1e1b875a"},"headline":"N\u00e4chste Stra\u00dfenfegeaktion nach Ostern","datePublished":"2018-03-28T13:38:12+00:00","dateModified":"2018-04-23T06:13:53+00:00","mainEntityOfPage":{"@id":"http:\/\/www.tus-bruchhausen.de\/Fussball\/naechste-strassenfegeaktion-nach-ostern\/"},"wordCount":119,"image":{"@id":"http:\/\/www.tus-bruchhausen.de\/Fussball\/naechste-strassenfegeaktion-nach-ostern\/#primaryimage"},"thumbnailUrl":"http:\/\/www.tus-bruchhausen.de\/Fussball\/wp-content\/uploads\/2014\/04\/url-e1459494106194.jpeg","articleSection":["Abteilung","Hauptverein","Jugend","Spielank\u00fcndigung","Z_APP"],"inLanguage":"de"},{"@type":"WebPage","@id":"http:\/\/www.tus-bruchhausen.de\/Fussball\/naechste-strassenfegeaktion-nach-ostern\/","url":"http:\/\/www.tus-bruchhausen.de\/Fussball\/naechste-strassenfegeaktion-nach-ostern\/","name":"N\u00e4chste Stra\u00dfenfegeaktion nach Ostern","isPartOf":{"@id":"http:\/\/www.tus-bruchhausen.de\/Fussball\/#website"},"primaryImageOfPage":{"@id":"http:\/\/www.tus-bruchhausen.de\/Fussball\/naechste-strassenfegeaktion-nach-ostern\/#primaryimage"},"image":{"@id":"http:\/\/www.tus-bruchhausen.de\/Fussball\/naechste-strassenfegeaktion-nach-ostern\/#primaryimage"},"thumbnailUrl":"http:\/\/www.tus-bruchhausen.de\/Fussball\/wp-content\/uploads\/2014\/04\/url-e1459494106194.jpeg","datePublished":"2018-03-28T13:38:12+00:00","dateModified":"2018-04-23T06:13:53+00:00","author":{"@id":"http:\/\/www.tus-bruchhausen.de\/Fussball\/#\/schema\/person\/99013c72b57268294b20c04b1e1b875a"},"breadcrumb":{"@id":"http:\/\/www.tus-bruchhausen.de\/Fussball\/naechste-strassenfegeaktion-nach-ostern\/#breadcrumb"},"inLanguage":"de","potentialAction":[{"@type":"ReadAction","target":["http:\/\/www.tus-bruchhausen.de\/Fussball\/naechste-strassenfegeaktion-nach-ostern\/"]}]},{"@type":"ImageObject","inLanguage":"de","@id":"http:\/\/www.tus-bruchhausen.de\/Fussball\/naechste-strassenfegeaktion-nach-ostern\/#primaryimage","url":"http:\/\/www.tus-bruchhausen.de\/Fussball\/wp-content\/uploads\/2014\/04\/url-e1459494106194.jpeg","contentUrl":"http:\/\/www.tus-bruchhausen.de\/Fussball\/wp-content\/uploads\/2014\/04\/url-e1459494106194.jpeg","width":1500,"height":843},{"@type":"BreadcrumbList","@id":"http:\/\/www.tus-bruchhausen.de\/Fussball\/naechste-strassenfegeaktion-nach-ostern\/#breadcrumb","itemListElement":[{"@type":"ListItem","position":1,"name":"Startseite","item":"http:\/\/www.tus-bruchhausen.de\/Fussball\/"},{"@type":"ListItem","position":2,"name":"N\u00e4chste Stra\u00dfenfegeaktion nach Ostern"}]},{"@type":"WebSite","@id":"http:\/\/www.tus-bruchhausen.de\/Fussball\/#website","url":"http:\/\/www.tus-bruchhausen.de\/Fussball\/","name":"TuS Bruchhausen","description":"Fu\u00dfball","potentialAction":[{"@type":"SearchAction","target":{"@type":"EntryPoint","urlTemplate":"http:\/\/www.tus-bruchhausen.de\/Fussball\/?s={search_term_string}"},"query-input":{"@type":"PropertyValueSpecification","valueRequired":true,"valueName":"search_term_string"}}],"inLanguage":"de"},{"@type":"Person","@id":"http:\/\/www.tus-bruchhausen.de\/Fussball\/#\/schema\/person\/99013c72b57268294b20c04b1e1b875a","name":"Ingo","image":{"@type":"ImageObject","inLanguage":"de","@id":"https:\/\/secure.gravatar.com\/avatar\/567f8450178f932a7ca8deea1bbe124461fcfe94e5ac63f9823ea053073c143d?s=96&d=mm&r=g","url":"https:\/\/secure.gravatar.com\/avatar\/567f8450178f932a7ca8deea1bbe124461fcfe94e5ac63f9823ea053073c143d?s=96&d=mm&r=g","contentUrl":"https:\/\/secure.gravatar.com\/avatar\/567f8450178f932a7ca8deea1bbe124461fcfe94e5ac63f9823ea053073c143d?s=96&d=mm&r=g","caption":"Ingo"}}]}},"_links":{"self":[{"href":"http:\/\/www.tus-bruchhausen.de\/Fussball\/wp-json\/wp\/v2\/posts\/15540","targetHints":{"allow":["GET"]}}],"collection":[{"href":"http:\/\/www.tus-bruchhausen.de\/Fussball\/wp-json\/wp\/v2\/posts"}],"about":[{"href":"http:\/\/www.tus-bruchhausen.de\/Fussball\/wp-json\/wp\/v2\/types\/post"}],"author":[{"embeddable":true,"href":"http:\/\/www.tus-bruchhausen.de\/Fussball\/wp-json\/wp\/v2\/users\/2"}],"replies":[{"embeddable":true,"href":"http:\/\/www.tus-bruchhausen.de\/Fussball\/wp-json\/wp\/v2\/comments?post=15540"}],"version-history":[{"count":1,"href":"http:\/\/www.tus-bruchhausen.de\/Fussball\/wp-json\/wp\/v2\/posts\/15540\/revisions"}],"predecessor-version":[{"id":15541,"href":"http:\/\/www.tus-bruchhausen.de\/Fussball\/wp-json\/wp\/v2\/posts\/15540\/revisions\/15541"}],"wp:featuredmedia":[{"embeddable":true,"href":"http:\/\/www.tus-bruchhausen.de\/Fussball\/wp-json\/wp\/v2\/media\/2869"}],"wp:attachment":[{"href":"http:\/\/www.tus-bruchhausen.de\/Fussball\/wp-json\/wp\/v2\/media?parent=15540"}],"wp:term":[{"taxonomy":"category","embeddable":true,"href":"http:\/\/www.tus-bruchhausen.de\/Fussball\/wp-json\/wp\/v2\/categories?post=15540"},{"taxonomy":"post_tag","embeddable":true,"href":"http:\/\/www.tus-bruchhausen.de\/Fussball\/wp-json\/wp\/v2\/tags?post=15540"}],"curies":[{"name":"wp","href":"https:\/\/api.w.org\/{rel}","templated":true}]}}