{"id":15559,"date":"2018-04-26T10:45:59","date_gmt":"2018-04-26T08:45:59","guid":{"rendered":"http:\/\/www.tus-bruchhausen.de\/Fussball\/?p=15559"},"modified":"2018-04-26T11:56:00","modified_gmt":"2018-04-26T09:56:00","slug":"fabian-fischer-wird-co-trainer-von-frank-pribel","status":"publish","type":"post","link":"http:\/\/www.tus-bruchhausen.de\/Fussball\/fabian-fischer-wird-co-trainer-von-frank-pribel\/","title":{"rendered":"Fabian Fischer wird Co-Trainer von Frank Pribel"},"content":{"rendered":"<p>Die 1. Mannschaft des TuS Bruchhausen hat die Weichen f\u00fcr die Saison 2018|2019 gestellt. In diesem Sommer tut sich vor allem etwas auf der Trainerbank des TuS 02.<\/p>\n<h3><strong>Finn Pribel bleibt Torwarttrainer der HIAG-Elf<\/strong><\/h3>\n<p><a href=\"http:\/\/www.tus-bruchhausen.de\/Fussball\/wp-content\/uploads\/2018\/04\/finn-pribel-beitragsbild-670x315.jpg\" rel=\"lightbox[15559]\"><img loading=\"lazy\" decoding=\"async\" class=\"alignright wp-image-15573 size-medium\" src=\"http:\/\/www.tus-bruchhausen.de\/Fussball\/wp-content\/uploads\/2018\/04\/finn-pribel-beitragsbild-670x315-300x141.jpg\" alt=\"\" width=\"300\" height=\"141\" srcset=\"http:\/\/www.tus-bruchhausen.de\/Fussball\/wp-content\/uploads\/2018\/04\/finn-pribel-beitragsbild-670x315-300x141.jpg 300w, http:\/\/www.tus-bruchhausen.de\/Fussball\/wp-content\/uploads\/2018\/04\/finn-pribel-beitragsbild-670x315-150x71.jpg 150w, http:\/\/www.tus-bruchhausen.de\/Fussball\/wp-content\/uploads\/2018\/04\/finn-pribel-beitragsbild-670x315.jpg 670w\" sizes=\"auto, (max-width: 300px) 100vw, 300px\" \/><\/a>Die Konstante im Trainerteam bleibt Torwart-Trainer Finn Pribel. Der Sohn von Neutrainer Frank Pribel, r\u00fcckte bereits im vergangenen Sommer auf den Posten des Torwarttrainers. Die vorherigen Torwarttrainer-Besetzungen funktionierten immer nur kurzzeitig. Doch mit dem 19-j\u00e4hrigen Finn Pribel hat sich eine zuverl\u00e4ssige und sehr kompetente L\u00f6sung gefunden, die \u00fcber den Sommer hinaus Bestand hat.<\/p>\n<p>An der Seite von Trainer Frank Pribel \u00fcbernimmt TuS-Spieler Fabian Fischer das Amt des Co-Trainers. Bereits in der Winterpause hatten Freddy Quebbemann, der ab Sommer Bezirksligist Freienohl \u00fcbernimmt und Stephen Hoffmann, der aus famili\u00e4ren Gr\u00fcnden k\u00fcrzer tritt ihren Abschied bei der 1. Mannschaft verk\u00fcndet.<\/p>\n<h3><strong>Fabian Fischer sagt anderen Optionen ab und freut sich auf\u00a0Herausforderung beim TuS 02<\/strong><\/h3>\n<p><a href=\"http:\/\/www.tus-bruchhausen.de\/Fussball\/wp-content\/uploads\/2018\/04\/22179883_1718916198149394_6655451155924280816_o.jpg\" rel=\"lightbox[15559]\"><img loading=\"lazy\" decoding=\"async\" class=\"alignright size-medium wp-image-15563\" src=\"http:\/\/www.tus-bruchhausen.de\/Fussball\/wp-content\/uploads\/2018\/04\/22179883_1718916198149394_6655451155924280816_o-300x200.jpg\" alt=\"\" width=\"300\" height=\"200\" srcset=\"http:\/\/www.tus-bruchhausen.de\/Fussball\/wp-content\/uploads\/2018\/04\/22179883_1718916198149394_6655451155924280816_o-300x200.jpg 300w, http:\/\/www.tus-bruchhausen.de\/Fussball\/wp-content\/uploads\/2018\/04\/22179883_1718916198149394_6655451155924280816_o-150x100.jpg 150w, http:\/\/www.tus-bruchhausen.de\/Fussball\/wp-content\/uploads\/2018\/04\/22179883_1718916198149394_6655451155924280816_o-768x512.jpg 768w, http:\/\/www.tus-bruchhausen.de\/Fussball\/wp-content\/uploads\/2018\/04\/22179883_1718916198149394_6655451155924280816_o-1800x1200.jpg 1800w, http:\/\/www.tus-bruchhausen.de\/Fussball\/wp-content\/uploads\/2018\/04\/22179883_1718916198149394_6655451155924280816_o-272x182.jpg 272w, http:\/\/www.tus-bruchhausen.de\/Fussball\/wp-content\/uploads\/2018\/04\/22179883_1718916198149394_6655451155924280816_o.jpg 2048w\" sizes=\"auto, (max-width: 300px) 100vw, 300px\" \/><\/a>Fabian Fischer wechselte im Sommer 2015 vom damaligen Landesligisten SV H\u00fcsten 09 zum TuS Bruchhausen. Der Mittelfeldspieler wurde beim TuS 02 anschlie\u00dfend F\u00fchrungsspieler und Vizekapit\u00e4n. &#8220;Den neuen Trainer Frank Pribel kannte ich bei Bekanntmachung nur vom Namen her. Kurz darauf haben wir uns zu einem Austausch-Gespr\u00e4ch getroffen. Nachdem ich nach 3 Stunden seine Haust\u00fcr mit dem Angebot sein Co-Trainer werden zu k\u00f6nnen verlassen habe, war ich erstmal sprachlos. Dieses super positive Gespr\u00e4ch, die junge und entwicklungsf\u00e4hige Mannschaft, das gesamte TuS-Umfeld mit der Sportanlage und der Philosophie der Vereinsf\u00fchrung ergaben f\u00fcr mich Sinn&#8221;, so Fabian Fischer der seine Entscheidung begr\u00fcndete.<\/p>\n<p>Vor der Entscheidung f\u00fcr den TuS 02 lagen auch andere Optionen auf dem Tisch: &#8220;Nat\u00fcrlich brauchte ich etwas Bedenkzeit, aber dann wurde mir immer klarer, dass ich auch pers\u00f6nlich gerne mehr Verantwortung \u00fcbernehmen m\u00f6chte. Somit war der Ball rund. Ich freue mich auf die neue Herausforderung und die M\u00f6glichkeit von einem Top ausgebildeten Trainer zu lernen sowie die Mannschaft auf und neben dem Platz noch weiter nach vorne zu bringen. F\u00fcr das ausgesprochene Vertrauen bedanke ich mich schon jetzt bei allen Verantwortlichen&#8221;<\/p>\n<p>&nbsp;<\/p>\n","protected":false},"excerpt":{"rendered":"<p>Die 1. Mannschaft des TuS Bruchhausen hat die Weichen f\u00fcr die Saison 2018|2019 gestellt. In diesem Sommer tut sich vor allem etwas auf der Trainerbank des TuS 02. Finn Pribel bleibt Torwarttrainer der HIAG-Elf Die Konstante im Trainerteam bleibt Torwart-Trainer Finn Pribel. Der Sohn von Neutrainer Frank Pribel, r\u00fcckte bereits im vergangenen Sommer auf den [&hellip;]<\/p>\n","protected":false},"author":1,"featured_media":15577,"comment_status":"closed","ping_status":"closed","sticky":false,"template":"","format":"standard","meta":{"footnotes":""},"categories":[3,8],"tags":[],"class_list":["post-15559","post","type-post","status-publish","format-standard","has-post-thumbnail","hentry","category-1-mannschaft","category-news","small-justify-block","has-thumb"],"yoast_head":"<!-- This site is optimized with the Yoast SEO plugin v27.2 - https:\/\/yoast.com\/product\/yoast-seo-wordpress\/ -->\n<title>Fabian Fischer wird Co-Trainer von Frank Pribel<\/title>\n<meta name=\"robots\" content=\"index, follow, max-snippet:-1, max-image-preview:large, max-video-preview:-1\" \/>\n<link rel=\"canonical\" href=\"http:\/\/www.tus-bruchhausen.de\/Fussball\/fabian-fischer-wird-co-trainer-von-frank-pribel\/\" \/>\n<meta property=\"og:locale\" content=\"de_DE\" \/>\n<meta property=\"og:type\" content=\"article\" \/>\n<meta property=\"og:title\" content=\"Fabian Fischer wird Co-Trainer von Frank Pribel\" \/>\n<meta property=\"og:description\" content=\"Die 1. Mannschaft des TuS Bruchhausen hat die Weichen f\u00fcr die Saison 2018|2019 gestellt. In diesem Sommer tut sich vor allem etwas auf der Trainerbank des TuS 02. Finn Pribel bleibt Torwarttrainer der HIAG-Elf Die Konstante im Trainerteam bleibt Torwart-Trainer Finn Pribel. Der Sohn von Neutrainer Frank Pribel, r\u00fcckte bereits im vergangenen Sommer auf den [&hellip;]\" \/>\n<meta property=\"og:url\" content=\"http:\/\/www.tus-bruchhausen.de\/Fussball\/fabian-fischer-wird-co-trainer-von-frank-pribel\/\" \/>\n<meta property=\"og:site_name\" content=\"TuS Bruchhausen\" \/>\n<meta property=\"article:publisher\" content=\"https:\/\/www.facebook.com\/TuS02\/\" \/>\n<meta property=\"article:published_time\" content=\"2018-04-26T08:45:59+00:00\" \/>\n<meta property=\"article:modified_time\" content=\"2018-04-26T09:56:00+00:00\" \/>\n<meta property=\"og:image\" content=\"http:\/\/www.tus-bruchhausen.de\/Fussball\/wp-content\/uploads\/2018\/04\/17158985_1458113277563022_8770332422422525387_o.jpg\" \/>\n\t<meta property=\"og:image:width\" content=\"2048\" \/>\n\t<meta property=\"og:image:height\" content=\"1365\" \/>\n\t<meta property=\"og:image:type\" content=\"image\/jpeg\" \/>\n<meta name=\"author\" content=\"TKuhlmann\" \/>\n<meta name=\"twitter:card\" content=\"summary_large_image\" \/>\n<meta name=\"twitter:label1\" content=\"Verfasst von\" \/>\n\t<meta name=\"twitter:data1\" content=\"TKuhlmann\" \/>\n\t<meta name=\"twitter:label2\" content=\"Gesch\u00e4tzte Lesezeit\" \/>\n\t<meta name=\"twitter:data2\" content=\"2\u00a0Minuten\" \/>\n<script type=\"application\/ld+json\" class=\"yoast-schema-graph\">{\"@context\":\"https:\/\/schema.org\",\"@graph\":[{\"@type\":\"Article\",\"@id\":\"http:\/\/www.tus-bruchhausen.de\/Fussball\/fabian-fischer-wird-co-trainer-von-frank-pribel\/#article\",\"isPartOf\":{\"@id\":\"http:\/\/www.tus-bruchhausen.de\/Fussball\/fabian-fischer-wird-co-trainer-von-frank-pribel\/\"},\"author\":{\"name\":\"TKuhlmann\",\"@id\":\"http:\/\/www.tus-bruchhausen.de\/Fussball\/#\/schema\/person\/92059d83c2eeb62cc1c25411e78ed9dc\"},\"headline\":\"Fabian Fischer wird Co-Trainer von Frank Pribel\",\"datePublished\":\"2018-04-26T08:45:59+00:00\",\"dateModified\":\"2018-04-26T09:56:00+00:00\",\"mainEntityOfPage\":{\"@id\":\"http:\/\/www.tus-bruchhausen.de\/Fussball\/fabian-fischer-wird-co-trainer-von-frank-pribel\/\"},\"wordCount\":351,\"image\":{\"@id\":\"http:\/\/www.tus-bruchhausen.de\/Fussball\/fabian-fischer-wird-co-trainer-von-frank-pribel\/#primaryimage\"},\"thumbnailUrl\":\"http:\/\/www.tus-bruchhausen.de\/Fussball\/wp-content\/uploads\/2018\/04\/17158985_1458113277563022_8770332422422525387_o.jpg\",\"articleSection\":[\"1. Mannschaft\",\"News\"],\"inLanguage\":\"de\"},{\"@type\":\"WebPage\",\"@id\":\"http:\/\/www.tus-bruchhausen.de\/Fussball\/fabian-fischer-wird-co-trainer-von-frank-pribel\/\",\"url\":\"http:\/\/www.tus-bruchhausen.de\/Fussball\/fabian-fischer-wird-co-trainer-von-frank-pribel\/\",\"name\":\"Fabian Fischer wird Co-Trainer von Frank Pribel\",\"isPartOf\":{\"@id\":\"http:\/\/www.tus-bruchhausen.de\/Fussball\/#website\"},\"primaryImageOfPage\":{\"@id\":\"http:\/\/www.tus-bruchhausen.de\/Fussball\/fabian-fischer-wird-co-trainer-von-frank-pribel\/#primaryimage\"},\"image\":{\"@id\":\"http:\/\/www.tus-bruchhausen.de\/Fussball\/fabian-fischer-wird-co-trainer-von-frank-pribel\/#primaryimage\"},\"thumbnailUrl\":\"http:\/\/www.tus-bruchhausen.de\/Fussball\/wp-content\/uploads\/2018\/04\/17158985_1458113277563022_8770332422422525387_o.jpg\",\"datePublished\":\"2018-04-26T08:45:59+00:00\",\"dateModified\":\"2018-04-26T09:56:00+00:00\",\"author\":{\"@id\":\"http:\/\/www.tus-bruchhausen.de\/Fussball\/#\/schema\/person\/92059d83c2eeb62cc1c25411e78ed9dc\"},\"breadcrumb\":{\"@id\":\"http:\/\/www.tus-bruchhausen.de\/Fussball\/fabian-fischer-wird-co-trainer-von-frank-pribel\/#breadcrumb\"},\"inLanguage\":\"de\",\"potentialAction\":[{\"@type\":\"ReadAction\",\"target\":[\"http:\/\/www.tus-bruchhausen.de\/Fussball\/fabian-fischer-wird-co-trainer-von-frank-pribel\/\"]}]},{\"@type\":\"ImageObject\",\"inLanguage\":\"de\",\"@id\":\"http:\/\/www.tus-bruchhausen.de\/Fussball\/fabian-fischer-wird-co-trainer-von-frank-pribel\/#primaryimage\",\"url\":\"http:\/\/www.tus-bruchhausen.de\/Fussball\/wp-content\/uploads\/2018\/04\/17158985_1458113277563022_8770332422422525387_o.jpg\",\"contentUrl\":\"http:\/\/www.tus-bruchhausen.de\/Fussball\/wp-content\/uploads\/2018\/04\/17158985_1458113277563022_8770332422422525387_o.jpg\",\"width\":2048,\"height\":1365},{\"@type\":\"BreadcrumbList\",\"@id\":\"http:\/\/www.tus-bruchhausen.de\/Fussball\/fabian-fischer-wird-co-trainer-von-frank-pribel\/#breadcrumb\",\"itemListElement\":[{\"@type\":\"ListItem\",\"position\":1,\"name\":\"Startseite\",\"item\":\"http:\/\/www.tus-bruchhausen.de\/Fussball\/\"},{\"@type\":\"ListItem\",\"position\":2,\"name\":\"Fabian Fischer wird Co-Trainer von Frank Pribel\"}]},{\"@type\":\"WebSite\",\"@id\":\"http:\/\/www.tus-bruchhausen.de\/Fussball\/#website\",\"url\":\"http:\/\/www.tus-bruchhausen.de\/Fussball\/\",\"name\":\"TuS Bruchhausen\",\"description\":\"Fu\u00dfball\",\"potentialAction\":[{\"@type\":\"SearchAction\",\"target\":{\"@type\":\"EntryPoint\",\"urlTemplate\":\"http:\/\/www.tus-bruchhausen.de\/Fussball\/?s={search_term_string}\"},\"query-input\":{\"@type\":\"PropertyValueSpecification\",\"valueRequired\":true,\"valueName\":\"search_term_string\"}}],\"inLanguage\":\"de\"},{\"@type\":\"Person\",\"@id\":\"http:\/\/www.tus-bruchhausen.de\/Fussball\/#\/schema\/person\/92059d83c2eeb62cc1c25411e78ed9dc\",\"name\":\"TKuhlmann\",\"image\":{\"@type\":\"ImageObject\",\"inLanguage\":\"de\",\"@id\":\"https:\/\/secure.gravatar.com\/avatar\/3b91757280f33b9ed04e8ae2217709266f1c1e416af9d163b4e541134ddf3c97?s=96&d=mm&r=g\",\"url\":\"https:\/\/secure.gravatar.com\/avatar\/3b91757280f33b9ed04e8ae2217709266f1c1e416af9d163b4e541134ddf3c97?s=96&d=mm&r=g\",\"contentUrl\":\"https:\/\/secure.gravatar.com\/avatar\/3b91757280f33b9ed04e8ae2217709266f1c1e416af9d163b4e541134ddf3c97?s=96&d=mm&r=g\",\"caption\":\"TKuhlmann\"}}]}<\/script>\n<!-- \/ Yoast SEO plugin. -->","yoast_head_json":{"title":"Fabian Fischer wird Co-Trainer von Frank Pribel","robots":{"index":"index","follow":"follow","max-snippet":"max-snippet:-1","max-image-preview":"max-image-preview:large","max-video-preview":"max-video-preview:-1"},"canonical":"http:\/\/www.tus-bruchhausen.de\/Fussball\/fabian-fischer-wird-co-trainer-von-frank-pribel\/","og_locale":"de_DE","og_type":"article","og_title":"Fabian Fischer wird Co-Trainer von Frank Pribel","og_description":"Die 1. Mannschaft des TuS Bruchhausen hat die Weichen f\u00fcr die Saison 2018|2019 gestellt. In diesem Sommer tut sich vor allem etwas auf der Trainerbank des TuS 02. Finn Pribel bleibt Torwarttrainer der HIAG-Elf Die Konstante im Trainerteam bleibt Torwart-Trainer Finn Pribel. Der Sohn von Neutrainer Frank Pribel, r\u00fcckte bereits im vergangenen Sommer auf den [&hellip;]","og_url":"http:\/\/www.tus-bruchhausen.de\/Fussball\/fabian-fischer-wird-co-trainer-von-frank-pribel\/","og_site_name":"TuS Bruchhausen","article_publisher":"https:\/\/www.facebook.com\/TuS02\/","article_published_time":"2018-04-26T08:45:59+00:00","article_modified_time":"2018-04-26T09:56:00+00:00","og_image":[{"width":2048,"height":1365,"url":"http:\/\/www.tus-bruchhausen.de\/Fussball\/wp-content\/uploads\/2018\/04\/17158985_1458113277563022_8770332422422525387_o.jpg","type":"image\/jpeg"}],"author":"TKuhlmann","twitter_card":"summary_large_image","twitter_misc":{"Verfasst von":"TKuhlmann","Gesch\u00e4tzte Lesezeit":"2\u00a0Minuten"},"schema":{"@context":"https:\/\/schema.org","@graph":[{"@type":"Article","@id":"http:\/\/www.tus-bruchhausen.de\/Fussball\/fabian-fischer-wird-co-trainer-von-frank-pribel\/#article","isPartOf":{"@id":"http:\/\/www.tus-bruchhausen.de\/Fussball\/fabian-fischer-wird-co-trainer-von-frank-pribel\/"},"author":{"name":"TKuhlmann","@id":"http:\/\/www.tus-bruchhausen.de\/Fussball\/#\/schema\/person\/92059d83c2eeb62cc1c25411e78ed9dc"},"headline":"Fabian Fischer wird Co-Trainer von Frank Pribel","datePublished":"2018-04-26T08:45:59+00:00","dateModified":"2018-04-26T09:56:00+00:00","mainEntityOfPage":{"@id":"http:\/\/www.tus-bruchhausen.de\/Fussball\/fabian-fischer-wird-co-trainer-von-frank-pribel\/"},"wordCount":351,"image":{"@id":"http:\/\/www.tus-bruchhausen.de\/Fussball\/fabian-fischer-wird-co-trainer-von-frank-pribel\/#primaryimage"},"thumbnailUrl":"http:\/\/www.tus-bruchhausen.de\/Fussball\/wp-content\/uploads\/2018\/04\/17158985_1458113277563022_8770332422422525387_o.jpg","articleSection":["1. Mannschaft","News"],"inLanguage":"de"},{"@type":"WebPage","@id":"http:\/\/www.tus-bruchhausen.de\/Fussball\/fabian-fischer-wird-co-trainer-von-frank-pribel\/","url":"http:\/\/www.tus-bruchhausen.de\/Fussball\/fabian-fischer-wird-co-trainer-von-frank-pribel\/","name":"Fabian Fischer wird Co-Trainer von Frank Pribel","isPartOf":{"@id":"http:\/\/www.tus-bruchhausen.de\/Fussball\/#website"},"primaryImageOfPage":{"@id":"http:\/\/www.tus-bruchhausen.de\/Fussball\/fabian-fischer-wird-co-trainer-von-frank-pribel\/#primaryimage"},"image":{"@id":"http:\/\/www.tus-bruchhausen.de\/Fussball\/fabian-fischer-wird-co-trainer-von-frank-pribel\/#primaryimage"},"thumbnailUrl":"http:\/\/www.tus-bruchhausen.de\/Fussball\/wp-content\/uploads\/2018\/04\/17158985_1458113277563022_8770332422422525387_o.jpg","datePublished":"2018-04-26T08:45:59+00:00","dateModified":"2018-04-26T09:56:00+00:00","author":{"@id":"http:\/\/www.tus-bruchhausen.de\/Fussball\/#\/schema\/person\/92059d83c2eeb62cc1c25411e78ed9dc"},"breadcrumb":{"@id":"http:\/\/www.tus-bruchhausen.de\/Fussball\/fabian-fischer-wird-co-trainer-von-frank-pribel\/#breadcrumb"},"inLanguage":"de","potentialAction":[{"@type":"ReadAction","target":["http:\/\/www.tus-bruchhausen.de\/Fussball\/fabian-fischer-wird-co-trainer-von-frank-pribel\/"]}]},{"@type":"ImageObject","inLanguage":"de","@id":"http:\/\/www.tus-bruchhausen.de\/Fussball\/fabian-fischer-wird-co-trainer-von-frank-pribel\/#primaryimage","url":"http:\/\/www.tus-bruchhausen.de\/Fussball\/wp-content\/uploads\/2018\/04\/17158985_1458113277563022_8770332422422525387_o.jpg","contentUrl":"http:\/\/www.tus-bruchhausen.de\/Fussball\/wp-content\/uploads\/2018\/04\/17158985_1458113277563022_8770332422422525387_o.jpg","width":2048,"height":1365},{"@type":"BreadcrumbList","@id":"http:\/\/www.tus-bruchhausen.de\/Fussball\/fabian-fischer-wird-co-trainer-von-frank-pribel\/#breadcrumb","itemListElement":[{"@type":"ListItem","position":1,"name":"Startseite","item":"http:\/\/www.tus-bruchhausen.de\/Fussball\/"},{"@type":"ListItem","position":2,"name":"Fabian Fischer wird Co-Trainer von Frank Pribel"}]},{"@type":"WebSite","@id":"http:\/\/www.tus-bruchhausen.de\/Fussball\/#website","url":"http:\/\/www.tus-bruchhausen.de\/Fussball\/","name":"TuS Bruchhausen","description":"Fu\u00dfball","potentialAction":[{"@type":"SearchAction","target":{"@type":"EntryPoint","urlTemplate":"http:\/\/www.tus-bruchhausen.de\/Fussball\/?s={search_term_string}"},"query-input":{"@type":"PropertyValueSpecification","valueRequired":true,"valueName":"search_term_string"}}],"inLanguage":"de"},{"@type":"Person","@id":"http:\/\/www.tus-bruchhausen.de\/Fussball\/#\/schema\/person\/92059d83c2eeb62cc1c25411e78ed9dc","name":"TKuhlmann","image":{"@type":"ImageObject","inLanguage":"de","@id":"https:\/\/secure.gravatar.com\/avatar\/3b91757280f33b9ed04e8ae2217709266f1c1e416af9d163b4e541134ddf3c97?s=96&d=mm&r=g","url":"https:\/\/secure.gravatar.com\/avatar\/3b91757280f33b9ed04e8ae2217709266f1c1e416af9d163b4e541134ddf3c97?s=96&d=mm&r=g","contentUrl":"https:\/\/secure.gravatar.com\/avatar\/3b91757280f33b9ed04e8ae2217709266f1c1e416af9d163b4e541134ddf3c97?s=96&d=mm&r=g","caption":"TKuhlmann"}}]}},"_links":{"self":[{"href":"http:\/\/www.tus-bruchhausen.de\/Fussball\/wp-json\/wp\/v2\/posts\/15559","targetHints":{"allow":["GET"]}}],"collection":[{"href":"http:\/\/www.tus-bruchhausen.de\/Fussball\/wp-json\/wp\/v2\/posts"}],"about":[{"href":"http:\/\/www.tus-bruchhausen.de\/Fussball\/wp-json\/wp\/v2\/types\/post"}],"author":[{"embeddable":true,"href":"http:\/\/www.tus-bruchhausen.de\/Fussball\/wp-json\/wp\/v2\/users\/1"}],"replies":[{"embeddable":true,"href":"http:\/\/www.tus-bruchhausen.de\/Fussball\/wp-json\/wp\/v2\/comments?post=15559"}],"version-history":[{"count":7,"href":"http:\/\/www.tus-bruchhausen.de\/Fussball\/wp-json\/wp\/v2\/posts\/15559\/revisions"}],"predecessor-version":[{"id":15576,"href":"http:\/\/www.tus-bruchhausen.de\/Fussball\/wp-json\/wp\/v2\/posts\/15559\/revisions\/15576"}],"wp:featuredmedia":[{"embeddable":true,"href":"http:\/\/www.tus-bruchhausen.de\/Fussball\/wp-json\/wp\/v2\/media\/15577"}],"wp:attachment":[{"href":"http:\/\/www.tus-bruchhausen.de\/Fussball\/wp-json\/wp\/v2\/media?parent=15559"}],"wp:term":[{"taxonomy":"category","embeddable":true,"href":"http:\/\/www.tus-bruchhausen.de\/Fussball\/wp-json\/wp\/v2\/categories?post=15559"},{"taxonomy":"post_tag","embeddable":true,"href":"http:\/\/www.tus-bruchhausen.de\/Fussball\/wp-json\/wp\/v2\/tags?post=15559"}],"curies":[{"name":"wp","href":"https:\/\/api.w.org\/{rel}","templated":true}]}}