{"id":15861,"date":"2018-07-18T12:27:01","date_gmt":"2018-07-18T10:27:01","guid":{"rendered":"http:\/\/www.tus-bruchhausen.de\/Fussball\/?p=15861"},"modified":"2018-07-18T12:36:13","modified_gmt":"2018-07-18T10:36:13","slug":"hiag-elf-eroeffnet-saison-mit-heimspiel-gegen-rumbeck","status":"publish","type":"post","link":"http:\/\/www.tus-bruchhausen.de\/Fussball\/hiag-elf-eroeffnet-saison-mit-heimspiel-gegen-rumbeck\/","title":{"rendered":"HIAG-Elf er\u00f6ffnet Saison mit Heimspiel gegen Rumbeck"},"content":{"rendered":"<p>Der Fu\u00dfballkreis Arnsberg hat den Spielplan f\u00fcr die Saison 2018\/2019 ver\u00f6ffentlicht. In der A-Kreisliga startet die Mannschaft des TuS Bruchhausen am Freitag, 24. August um 18:30 Uhr mit einem Heimspiel gegen den TuS Rumbeck. Eine Woche sp\u00e4ter bestreitet der TuS Bruchhausen das erste Ausw\u00e4rtsspiel beim Aufsteiger Korriku Sundern.<\/p>\n<h3><strong>Bruchhausen trifft am Kirmes-Wochenende erneut auf den TuS Vo\u00dfwinkel<\/strong><\/h3>\n<p>Die ersten Wochen der neuen Saison haben es in sich. Nach dem ersten Meisterschaftsspiel reist die HIAG-Elf\u00a0am Mittwoch, den 29.08.2018\u00a0 im Kreispokal zur SG Balve\/Garbeck. Vier Tage sp\u00e4ter steht das Ausw\u00e4rtsspiel bei Korriku Sundern an. Am dritten Spieltag ist Kirmes-Wochenende, dort empf\u00e4ngt die Pribel-Elf den TuS Vo\u00dfwinkel im Sportpark An der HIAG. Bereits im letzten Jahr trafen beide Team an diesem Wochenende aufeinander. Das Spiel endet nach zweimaliger F\u00fchrung 2:2-Unentschieden.<\/p>\n<p><strong>Der 1. Spieltag in der \u00dcbersicht:<\/strong><\/p>\n<p>Fr. 24.08.2018 | 18:30 Uhr |<strong>TuS Bruchhausen 02<\/strong> &#8211; TuS Rumbeck<br \/>\nSo. 26.08.2018 | 13:15 Uhr |SV H\u00fcsten 09 II &#8211; SG Balve\/Garbeck<br \/>\nSo. 26.08.2018 | 15:00 Uhr |SV Affeln &#8211; FC BW Giersk\u00e4mpen<br \/>\nSo. 26.08.2018 | 15:00 Uhr |SG Grevenstein\/Hellefeld-Altenhellefeld &#8211; KF 2. Korriku Sundern<br \/>\nSo .26.08.2018 | 15:00 Uhr |SV Bachum\/Bergheim &#8211; TuS Vosswinkel<br \/>\nSo. 26.08.2018 | 15:00 Uhr |TuS Oeventrop &#8211; SG Allendorf\/Amecke<br \/>\nSo. 26.08.2018 | 15:00 Uhr |DJK GW Arnsberg &#8211; SV Arnsberg 09<br \/>\nSo. 26.08.2018 | 16:00 Uhr |SuS Westenfeld &#8211; SSV K\u00fcntrop<\/p>\n<p><strong>Die Spiele des TuS 02 in der \u00dcbersicht:<\/strong><\/p>\n<p>Fr. 24.08.2018 | 18:30 Uhr | <strong>TuS Bruchhausen 02<\/strong> &#8211; TuS Rumbeck<br \/>\nSo. 02.09.2018 | 15:00 Uhr | KF 2. Korriku Sundern &#8211; <strong>TuS Bruchhausen 02<br \/>\n<\/strong>So. 09.09.2018 | 15:00 Uhr | <strong>TuS Bruchhausen 02 &#8211;<\/strong> TuS Vosswinkel<br \/>\nSo. 16.09.2018 | 15:00 Uhr | <strong>TuS Bruchhausen 02<\/strong> &#8211; SSV K\u00fcntrop<br \/>\nSo. 23.09.2018 | 15:00 Uhr | <strong>TuS Bruchhausen 02<\/strong> &#8211; SG Allendorf\/Amecke<br \/>\nSo. 30.09.2018 | 15:00 Uhr | SG Balve\/Garbeck &#8211; <strong>TuS Bruchhausen 02<br \/>\n<\/strong>Mi. 03.10.2018 | 19:30 Uhr |<strong> TuS Bruchhausen 02<\/strong> &#8211; DJK GW Arnsberg<br \/>\nSo. 07.10.2018 | 15:00 Uhr | <strong>TuS Bruchhausen 02<\/strong> &#8211; FC BW Giersk\u00e4mpen<br \/>\nSo. 14.10.2018 | 13:15 Uhr | SV H\u00fcsten 09 II &#8211; <strong>TuS Bruchhausen 02<br \/>\n<\/strong>So. 21.10.2018 | 15:00 Uhr | <strong>TuS Bruchhausen 02<\/strong> &#8211; TuS Oeventrop<br \/>\nSo. 28.10.2018 | 15:00 Uhr | SuS Westenfeld &#8211;<strong> TuS Bruchhausen 02<br \/>\n<\/strong>So. 04.11.2018 | 14:30 Uhr | <strong>TuS Bruchhausen 02<\/strong> &#8211; SV Bachum\/Bergheim<br \/>\nSo. 11.11.2018 | 14:30 Uhr | SG Grevenstein\/Hellefeld-Altenhellefeld &#8211; <strong>TuS Bruchhausen 02<br \/>\n<\/strong>So. 18.11.2018 | 14:30 Uhr |<strong> TuS Bruchhausen 02<\/strong> &#8211; SV Affeln<br \/>\nSa. 24.11.2018 | 16:00 Uhr | SV Arnsberg &#8211; <strong>TuS Bruchhausen 02<br \/>\n<\/strong>So. 02.12.2018 | 14:30 Uhr | DJK GW Arnsberg &#8211; <strong>TuS Bruchhausen 02<br \/>\n<\/strong>So. 09.12.2018 | 14:30 Uhr | <strong>TuS Bruchhausen 02<\/strong> &#8211; SV Arnsberg<\/p>\n<p>So. 10.03.2019 | 15:00 Uhr | TuS Vosswinkel &#8211; <strong>TuS Bruchhausen 02<br \/>\n<\/strong>So. 17.03.2019 | 15:00 Uhr | SSV K\u00fcntrop &#8211;<strong> TuS Bruchhausen 02<br \/>\n<\/strong>So. 24.03.2019 | 15:00 Uhr | SG Allendorf\/Amecke &#8211; <strong>TuS Bruchhausen 02<br \/>\n<\/strong>So. 31.03.2019 | 15:00 Uhr |<strong> TuS Bruchhausen 02<\/strong> &#8211; SG Balve\/Garbeck<br \/>\nSo. 07.04.2019 | 15:00 Uhr | FC BW Giersk\u00e4mpen &#8211; <strong>TuS Bruchhausen 02<br \/>\n<\/strong>So. 14.04.2019 | 15:00 Uhr | <strong>TuS Bruchhausen 02<\/strong> &#8211; SV H\u00fcsten 09 II<br \/>\nSo. 28.04.2019 | 15:00 Uhr | TuS Oeventrop &#8211; <strong>TuS Bruchhausen 02<br \/>\n<\/strong>Mi. 01.05.2019 | 15:00 Uhr |<strong> TuS Bruchhausen 02<\/strong> &#8211; KF 2. Korriku Sundern<br \/>\nSo. 05.05.2019 | 15:00 Uhr | <strong>TuS Bruchhausen 02 <\/strong>&#8211; SuS Westenfeld<br \/>\nSo. 12.05.2019 | 15:00 Uhr | SV Bachum\/Bergheim &#8211;<strong> TuS Bruchhausen 02<br \/>\n<\/strong>So. 19.05.2019 | 15:00 Uhr |<strong> TuS Bruchhausen 02<\/strong> &#8211; SG Grevenstein\/Hellefeld-Altenhellefeld<br \/>\nSo. 26.05.2019 | 15:00 Uhr | SV Affeln &#8211; <strong>TuS Bruchhausen 02<br \/>\n<\/strong>So. 02.06.2019 | 15:00 Uhr | TuS Rumbeck &#8211; <strong>TuS Bruchhausen 02<\/strong><\/p>\n","protected":false},"excerpt":{"rendered":"<p>Der Fu\u00dfballkreis Arnsberg hat den Spielplan f\u00fcr die Saison 2018\/2019 ver\u00f6ffentlicht. In der A-Kreisliga startet die Mannschaft des TuS Bruchhausen am Freitag, 24. August um 18:30 Uhr mit einem Heimspiel gegen den TuS Rumbeck. Eine Woche sp\u00e4ter bestreitet der TuS Bruchhausen das erste Ausw\u00e4rtsspiel beim Aufsteiger Korriku Sundern. Bruchhausen trifft am Kirmes-Wochenende erneut auf den [&hellip;]<\/p>\n","protected":false},"author":1,"featured_media":15863,"comment_status":"closed","ping_status":"closed","sticky":false,"template":"","format":"standard","meta":{"footnotes":""},"categories":[3,8,20],"tags":[],"class_list":["post-15861","post","type-post","status-publish","format-standard","has-post-thumbnail","hentry","category-1-mannschaft","category-news","category-app","small-justify-block","has-thumb"],"yoast_head":"<!-- This site is optimized with the Yoast SEO plugin v27.2 - https:\/\/yoast.com\/product\/yoast-seo-wordpress\/ -->\n<title>HIAG-Elf er\u00f6ffnet Saison mit Heimspiel gegen Rumbeck<\/title>\n<meta name=\"robots\" content=\"index, follow, max-snippet:-1, max-image-preview:large, max-video-preview:-1\" \/>\n<link rel=\"canonical\" href=\"http:\/\/www.tus-bruchhausen.de\/Fussball\/hiag-elf-eroeffnet-saison-mit-heimspiel-gegen-rumbeck\/\" \/>\n<meta property=\"og:locale\" content=\"de_DE\" \/>\n<meta property=\"og:type\" content=\"article\" \/>\n<meta property=\"og:title\" content=\"HIAG-Elf er\u00f6ffnet Saison mit Heimspiel gegen Rumbeck\" \/>\n<meta property=\"og:description\" content=\"Der Fu\u00dfballkreis Arnsberg hat den Spielplan f\u00fcr die Saison 2018\/2019 ver\u00f6ffentlicht. In der A-Kreisliga startet die Mannschaft des TuS Bruchhausen am Freitag, 24. August um 18:30 Uhr mit einem Heimspiel gegen den TuS Rumbeck. Eine Woche sp\u00e4ter bestreitet der TuS Bruchhausen das erste Ausw\u00e4rtsspiel beim Aufsteiger Korriku Sundern. Bruchhausen trifft am Kirmes-Wochenende erneut auf den [&hellip;]\" \/>\n<meta property=\"og:url\" content=\"http:\/\/www.tus-bruchhausen.de\/Fussball\/hiag-elf-eroeffnet-saison-mit-heimspiel-gegen-rumbeck\/\" \/>\n<meta property=\"og:site_name\" content=\"TuS Bruchhausen\" \/>\n<meta property=\"article:publisher\" content=\"https:\/\/www.facebook.com\/TuS02\/\" \/>\n<meta property=\"article:published_time\" content=\"2018-07-18T10:27:01+00:00\" \/>\n<meta property=\"article:modified_time\" content=\"2018-07-18T10:36:13+00:00\" \/>\n<meta property=\"og:image\" content=\"http:\/\/www.tus-bruchhausen.de\/Fussball\/wp-content\/uploads\/2018\/07\/a-liga.jpg\" \/>\n\t<meta property=\"og:image:width\" content=\"1442\" \/>\n\t<meta property=\"og:image:height\" content=\"921\" \/>\n\t<meta property=\"og:image:type\" content=\"image\/jpeg\" \/>\n<meta name=\"author\" content=\"TKuhlmann\" \/>\n<meta name=\"twitter:card\" content=\"summary_large_image\" \/>\n<meta name=\"twitter:label1\" content=\"Verfasst von\" \/>\n\t<meta name=\"twitter:data1\" content=\"TKuhlmann\" \/>\n\t<meta name=\"twitter:label2\" content=\"Gesch\u00e4tzte Lesezeit\" \/>\n\t<meta name=\"twitter:data2\" content=\"2\u00a0Minuten\" \/>\n<script type=\"application\/ld+json\" class=\"yoast-schema-graph\">{\"@context\":\"https:\/\/schema.org\",\"@graph\":[{\"@type\":\"Article\",\"@id\":\"http:\/\/www.tus-bruchhausen.de\/Fussball\/hiag-elf-eroeffnet-saison-mit-heimspiel-gegen-rumbeck\/#article\",\"isPartOf\":{\"@id\":\"http:\/\/www.tus-bruchhausen.de\/Fussball\/hiag-elf-eroeffnet-saison-mit-heimspiel-gegen-rumbeck\/\"},\"author\":{\"name\":\"TKuhlmann\",\"@id\":\"http:\/\/www.tus-bruchhausen.de\/Fussball\/#\/schema\/person\/92059d83c2eeb62cc1c25411e78ed9dc\"},\"headline\":\"HIAG-Elf er\u00f6ffnet Saison mit Heimspiel gegen Rumbeck\",\"datePublished\":\"2018-07-18T10:27:01+00:00\",\"dateModified\":\"2018-07-18T10:36:13+00:00\",\"mainEntityOfPage\":{\"@id\":\"http:\/\/www.tus-bruchhausen.de\/Fussball\/hiag-elf-eroeffnet-saison-mit-heimspiel-gegen-rumbeck\/\"},\"wordCount\":455,\"image\":{\"@id\":\"http:\/\/www.tus-bruchhausen.de\/Fussball\/hiag-elf-eroeffnet-saison-mit-heimspiel-gegen-rumbeck\/#primaryimage\"},\"thumbnailUrl\":\"http:\/\/www.tus-bruchhausen.de\/Fussball\/wp-content\/uploads\/2018\/07\/a-liga.jpg\",\"articleSection\":[\"1. Mannschaft\",\"News\",\"Z_APP\"],\"inLanguage\":\"de\"},{\"@type\":\"WebPage\",\"@id\":\"http:\/\/www.tus-bruchhausen.de\/Fussball\/hiag-elf-eroeffnet-saison-mit-heimspiel-gegen-rumbeck\/\",\"url\":\"http:\/\/www.tus-bruchhausen.de\/Fussball\/hiag-elf-eroeffnet-saison-mit-heimspiel-gegen-rumbeck\/\",\"name\":\"HIAG-Elf er\u00f6ffnet Saison mit Heimspiel gegen Rumbeck\",\"isPartOf\":{\"@id\":\"http:\/\/www.tus-bruchhausen.de\/Fussball\/#website\"},\"primaryImageOfPage\":{\"@id\":\"http:\/\/www.tus-bruchhausen.de\/Fussball\/hiag-elf-eroeffnet-saison-mit-heimspiel-gegen-rumbeck\/#primaryimage\"},\"image\":{\"@id\":\"http:\/\/www.tus-bruchhausen.de\/Fussball\/hiag-elf-eroeffnet-saison-mit-heimspiel-gegen-rumbeck\/#primaryimage\"},\"thumbnailUrl\":\"http:\/\/www.tus-bruchhausen.de\/Fussball\/wp-content\/uploads\/2018\/07\/a-liga.jpg\",\"datePublished\":\"2018-07-18T10:27:01+00:00\",\"dateModified\":\"2018-07-18T10:36:13+00:00\",\"author\":{\"@id\":\"http:\/\/www.tus-bruchhausen.de\/Fussball\/#\/schema\/person\/92059d83c2eeb62cc1c25411e78ed9dc\"},\"breadcrumb\":{\"@id\":\"http:\/\/www.tus-bruchhausen.de\/Fussball\/hiag-elf-eroeffnet-saison-mit-heimspiel-gegen-rumbeck\/#breadcrumb\"},\"inLanguage\":\"de\",\"potentialAction\":[{\"@type\":\"ReadAction\",\"target\":[\"http:\/\/www.tus-bruchhausen.de\/Fussball\/hiag-elf-eroeffnet-saison-mit-heimspiel-gegen-rumbeck\/\"]}]},{\"@type\":\"ImageObject\",\"inLanguage\":\"de\",\"@id\":\"http:\/\/www.tus-bruchhausen.de\/Fussball\/hiag-elf-eroeffnet-saison-mit-heimspiel-gegen-rumbeck\/#primaryimage\",\"url\":\"http:\/\/www.tus-bruchhausen.de\/Fussball\/wp-content\/uploads\/2018\/07\/a-liga.jpg\",\"contentUrl\":\"http:\/\/www.tus-bruchhausen.de\/Fussball\/wp-content\/uploads\/2018\/07\/a-liga.jpg\",\"width\":1442,\"height\":921},{\"@type\":\"BreadcrumbList\",\"@id\":\"http:\/\/www.tus-bruchhausen.de\/Fussball\/hiag-elf-eroeffnet-saison-mit-heimspiel-gegen-rumbeck\/#breadcrumb\",\"itemListElement\":[{\"@type\":\"ListItem\",\"position\":1,\"name\":\"Startseite\",\"item\":\"http:\/\/www.tus-bruchhausen.de\/Fussball\/\"},{\"@type\":\"ListItem\",\"position\":2,\"name\":\"HIAG-Elf er\u00f6ffnet Saison mit Heimspiel gegen Rumbeck\"}]},{\"@type\":\"WebSite\",\"@id\":\"http:\/\/www.tus-bruchhausen.de\/Fussball\/#website\",\"url\":\"http:\/\/www.tus-bruchhausen.de\/Fussball\/\",\"name\":\"TuS Bruchhausen\",\"description\":\"Fu\u00dfball\",\"potentialAction\":[{\"@type\":\"SearchAction\",\"target\":{\"@type\":\"EntryPoint\",\"urlTemplate\":\"http:\/\/www.tus-bruchhausen.de\/Fussball\/?s={search_term_string}\"},\"query-input\":{\"@type\":\"PropertyValueSpecification\",\"valueRequired\":true,\"valueName\":\"search_term_string\"}}],\"inLanguage\":\"de\"},{\"@type\":\"Person\",\"@id\":\"http:\/\/www.tus-bruchhausen.de\/Fussball\/#\/schema\/person\/92059d83c2eeb62cc1c25411e78ed9dc\",\"name\":\"TKuhlmann\",\"image\":{\"@type\":\"ImageObject\",\"inLanguage\":\"de\",\"@id\":\"https:\/\/secure.gravatar.com\/avatar\/3b91757280f33b9ed04e8ae2217709266f1c1e416af9d163b4e541134ddf3c97?s=96&d=mm&r=g\",\"url\":\"https:\/\/secure.gravatar.com\/avatar\/3b91757280f33b9ed04e8ae2217709266f1c1e416af9d163b4e541134ddf3c97?s=96&d=mm&r=g\",\"contentUrl\":\"https:\/\/secure.gravatar.com\/avatar\/3b91757280f33b9ed04e8ae2217709266f1c1e416af9d163b4e541134ddf3c97?s=96&d=mm&r=g\",\"caption\":\"TKuhlmann\"}}]}<\/script>\n<!-- \/ Yoast SEO plugin. -->","yoast_head_json":{"title":"HIAG-Elf er\u00f6ffnet Saison mit Heimspiel gegen Rumbeck","robots":{"index":"index","follow":"follow","max-snippet":"max-snippet:-1","max-image-preview":"max-image-preview:large","max-video-preview":"max-video-preview:-1"},"canonical":"http:\/\/www.tus-bruchhausen.de\/Fussball\/hiag-elf-eroeffnet-saison-mit-heimspiel-gegen-rumbeck\/","og_locale":"de_DE","og_type":"article","og_title":"HIAG-Elf er\u00f6ffnet Saison mit Heimspiel gegen Rumbeck","og_description":"Der Fu\u00dfballkreis Arnsberg hat den Spielplan f\u00fcr die Saison 2018\/2019 ver\u00f6ffentlicht. In der A-Kreisliga startet die Mannschaft des TuS Bruchhausen am Freitag, 24. August um 18:30 Uhr mit einem Heimspiel gegen den TuS Rumbeck. Eine Woche sp\u00e4ter bestreitet der TuS Bruchhausen das erste Ausw\u00e4rtsspiel beim Aufsteiger Korriku Sundern. Bruchhausen trifft am Kirmes-Wochenende erneut auf den [&hellip;]","og_url":"http:\/\/www.tus-bruchhausen.de\/Fussball\/hiag-elf-eroeffnet-saison-mit-heimspiel-gegen-rumbeck\/","og_site_name":"TuS Bruchhausen","article_publisher":"https:\/\/www.facebook.com\/TuS02\/","article_published_time":"2018-07-18T10:27:01+00:00","article_modified_time":"2018-07-18T10:36:13+00:00","og_image":[{"width":1442,"height":921,"url":"http:\/\/www.tus-bruchhausen.de\/Fussball\/wp-content\/uploads\/2018\/07\/a-liga.jpg","type":"image\/jpeg"}],"author":"TKuhlmann","twitter_card":"summary_large_image","twitter_misc":{"Verfasst von":"TKuhlmann","Gesch\u00e4tzte Lesezeit":"2\u00a0Minuten"},"schema":{"@context":"https:\/\/schema.org","@graph":[{"@type":"Article","@id":"http:\/\/www.tus-bruchhausen.de\/Fussball\/hiag-elf-eroeffnet-saison-mit-heimspiel-gegen-rumbeck\/#article","isPartOf":{"@id":"http:\/\/www.tus-bruchhausen.de\/Fussball\/hiag-elf-eroeffnet-saison-mit-heimspiel-gegen-rumbeck\/"},"author":{"name":"TKuhlmann","@id":"http:\/\/www.tus-bruchhausen.de\/Fussball\/#\/schema\/person\/92059d83c2eeb62cc1c25411e78ed9dc"},"headline":"HIAG-Elf er\u00f6ffnet Saison mit Heimspiel gegen Rumbeck","datePublished":"2018-07-18T10:27:01+00:00","dateModified":"2018-07-18T10:36:13+00:00","mainEntityOfPage":{"@id":"http:\/\/www.tus-bruchhausen.de\/Fussball\/hiag-elf-eroeffnet-saison-mit-heimspiel-gegen-rumbeck\/"},"wordCount":455,"image":{"@id":"http:\/\/www.tus-bruchhausen.de\/Fussball\/hiag-elf-eroeffnet-saison-mit-heimspiel-gegen-rumbeck\/#primaryimage"},"thumbnailUrl":"http:\/\/www.tus-bruchhausen.de\/Fussball\/wp-content\/uploads\/2018\/07\/a-liga.jpg","articleSection":["1. Mannschaft","News","Z_APP"],"inLanguage":"de"},{"@type":"WebPage","@id":"http:\/\/www.tus-bruchhausen.de\/Fussball\/hiag-elf-eroeffnet-saison-mit-heimspiel-gegen-rumbeck\/","url":"http:\/\/www.tus-bruchhausen.de\/Fussball\/hiag-elf-eroeffnet-saison-mit-heimspiel-gegen-rumbeck\/","name":"HIAG-Elf er\u00f6ffnet Saison mit Heimspiel gegen Rumbeck","isPartOf":{"@id":"http:\/\/www.tus-bruchhausen.de\/Fussball\/#website"},"primaryImageOfPage":{"@id":"http:\/\/www.tus-bruchhausen.de\/Fussball\/hiag-elf-eroeffnet-saison-mit-heimspiel-gegen-rumbeck\/#primaryimage"},"image":{"@id":"http:\/\/www.tus-bruchhausen.de\/Fussball\/hiag-elf-eroeffnet-saison-mit-heimspiel-gegen-rumbeck\/#primaryimage"},"thumbnailUrl":"http:\/\/www.tus-bruchhausen.de\/Fussball\/wp-content\/uploads\/2018\/07\/a-liga.jpg","datePublished":"2018-07-18T10:27:01+00:00","dateModified":"2018-07-18T10:36:13+00:00","author":{"@id":"http:\/\/www.tus-bruchhausen.de\/Fussball\/#\/schema\/person\/92059d83c2eeb62cc1c25411e78ed9dc"},"breadcrumb":{"@id":"http:\/\/www.tus-bruchhausen.de\/Fussball\/hiag-elf-eroeffnet-saison-mit-heimspiel-gegen-rumbeck\/#breadcrumb"},"inLanguage":"de","potentialAction":[{"@type":"ReadAction","target":["http:\/\/www.tus-bruchhausen.de\/Fussball\/hiag-elf-eroeffnet-saison-mit-heimspiel-gegen-rumbeck\/"]}]},{"@type":"ImageObject","inLanguage":"de","@id":"http:\/\/www.tus-bruchhausen.de\/Fussball\/hiag-elf-eroeffnet-saison-mit-heimspiel-gegen-rumbeck\/#primaryimage","url":"http:\/\/www.tus-bruchhausen.de\/Fussball\/wp-content\/uploads\/2018\/07\/a-liga.jpg","contentUrl":"http:\/\/www.tus-bruchhausen.de\/Fussball\/wp-content\/uploads\/2018\/07\/a-liga.jpg","width":1442,"height":921},{"@type":"BreadcrumbList","@id":"http:\/\/www.tus-bruchhausen.de\/Fussball\/hiag-elf-eroeffnet-saison-mit-heimspiel-gegen-rumbeck\/#breadcrumb","itemListElement":[{"@type":"ListItem","position":1,"name":"Startseite","item":"http:\/\/www.tus-bruchhausen.de\/Fussball\/"},{"@type":"ListItem","position":2,"name":"HIAG-Elf er\u00f6ffnet Saison mit Heimspiel gegen Rumbeck"}]},{"@type":"WebSite","@id":"http:\/\/www.tus-bruchhausen.de\/Fussball\/#website","url":"http:\/\/www.tus-bruchhausen.de\/Fussball\/","name":"TuS Bruchhausen","description":"Fu\u00dfball","potentialAction":[{"@type":"SearchAction","target":{"@type":"EntryPoint","urlTemplate":"http:\/\/www.tus-bruchhausen.de\/Fussball\/?s={search_term_string}"},"query-input":{"@type":"PropertyValueSpecification","valueRequired":true,"valueName":"search_term_string"}}],"inLanguage":"de"},{"@type":"Person","@id":"http:\/\/www.tus-bruchhausen.de\/Fussball\/#\/schema\/person\/92059d83c2eeb62cc1c25411e78ed9dc","name":"TKuhlmann","image":{"@type":"ImageObject","inLanguage":"de","@id":"https:\/\/secure.gravatar.com\/avatar\/3b91757280f33b9ed04e8ae2217709266f1c1e416af9d163b4e541134ddf3c97?s=96&d=mm&r=g","url":"https:\/\/secure.gravatar.com\/avatar\/3b91757280f33b9ed04e8ae2217709266f1c1e416af9d163b4e541134ddf3c97?s=96&d=mm&r=g","contentUrl":"https:\/\/secure.gravatar.com\/avatar\/3b91757280f33b9ed04e8ae2217709266f1c1e416af9d163b4e541134ddf3c97?s=96&d=mm&r=g","caption":"TKuhlmann"}}]}},"_links":{"self":[{"href":"http:\/\/www.tus-bruchhausen.de\/Fussball\/wp-json\/wp\/v2\/posts\/15861","targetHints":{"allow":["GET"]}}],"collection":[{"href":"http:\/\/www.tus-bruchhausen.de\/Fussball\/wp-json\/wp\/v2\/posts"}],"about":[{"href":"http:\/\/www.tus-bruchhausen.de\/Fussball\/wp-json\/wp\/v2\/types\/post"}],"author":[{"embeddable":true,"href":"http:\/\/www.tus-bruchhausen.de\/Fussball\/wp-json\/wp\/v2\/users\/1"}],"replies":[{"embeddable":true,"href":"http:\/\/www.tus-bruchhausen.de\/Fussball\/wp-json\/wp\/v2\/comments?post=15861"}],"version-history":[{"count":10,"href":"http:\/\/www.tus-bruchhausen.de\/Fussball\/wp-json\/wp\/v2\/posts\/15861\/revisions"}],"predecessor-version":[{"id":15883,"href":"http:\/\/www.tus-bruchhausen.de\/Fussball\/wp-json\/wp\/v2\/posts\/15861\/revisions\/15883"}],"wp:featuredmedia":[{"embeddable":true,"href":"http:\/\/www.tus-bruchhausen.de\/Fussball\/wp-json\/wp\/v2\/media\/15863"}],"wp:attachment":[{"href":"http:\/\/www.tus-bruchhausen.de\/Fussball\/wp-json\/wp\/v2\/media?parent=15861"}],"wp:term":[{"taxonomy":"category","embeddable":true,"href":"http:\/\/www.tus-bruchhausen.de\/Fussball\/wp-json\/wp\/v2\/categories?post=15861"},{"taxonomy":"post_tag","embeddable":true,"href":"http:\/\/www.tus-bruchhausen.de\/Fussball\/wp-json\/wp\/v2\/tags?post=15861"}],"curies":[{"name":"wp","href":"https:\/\/api.w.org\/{rel}","templated":true}]}}