{"id":16017,"date":"2018-09-08T12:45:05","date_gmt":"2018-09-08T10:45:05","guid":{"rendered":"http:\/\/www.tus-bruchhausen.de\/Fussball\/?p=16017"},"modified":"2018-09-08T12:46:24","modified_gmt":"2018-09-08T10:46:24","slug":"kirmesfreitag-unentschieden-nach-doppelfuehrung","status":"publish","type":"post","link":"http:\/\/www.tus-bruchhausen.de\/Fussball\/kirmesfreitag-unentschieden-nach-doppelfuehrung\/","title":{"rendered":"Kirmesfreitag: Unentschieden nach Doppelf\u00fchrung"},"content":{"rendered":"<p>Die 1. Mannschaft des TuS Bruchhausen hat am Kirmeswochenende gepunktet. Im Heimspiel gegen den TuS Vo\u00dfwinkel ging die Mannschaft von Trainer Frank Pribel zweimal in F\u00fchrung musste sich am Ende jedoch mit einem 2:2 (1:1) Unentschieden begn\u00fcgen.<\/p>\n<h3><strong>Tordeb\u00fct von Andr\u00e9 Tautz bringt 1:0-F\u00fchrung\u00a0\u00a0<\/strong><\/h3>\n<p><a href=\"http:\/\/www.tus-bruchhausen.de\/Fussball\/wp-content\/uploads\/2018\/09\/IMG_0224.jpg\" rel=\"lightbox[16017]\"><img loading=\"lazy\" decoding=\"async\" class=\"alignright size-medium wp-image-16022\" src=\"http:\/\/www.tus-bruchhausen.de\/Fussball\/wp-content\/uploads\/2018\/09\/IMG_0224-300x200.jpg\" alt=\"\" width=\"300\" height=\"200\" srcset=\"http:\/\/www.tus-bruchhausen.de\/Fussball\/wp-content\/uploads\/2018\/09\/IMG_0224-300x200.jpg 300w, http:\/\/www.tus-bruchhausen.de\/Fussball\/wp-content\/uploads\/2018\/09\/IMG_0224-150x100.jpg 150w, http:\/\/www.tus-bruchhausen.de\/Fussball\/wp-content\/uploads\/2018\/09\/IMG_0224-768x512.jpg 768w, http:\/\/www.tus-bruchhausen.de\/Fussball\/wp-content\/uploads\/2018\/09\/IMG_0224-1800x1200.jpg 1800w, http:\/\/www.tus-bruchhausen.de\/Fussball\/wp-content\/uploads\/2018\/09\/IMG_0224-272x182.jpg 272w\" sizes=\"auto, (max-width: 300px) 100vw, 300px\" \/><\/a>Bereits am Freitagabend er\u00f6ffnete der TuS Bruchhausen den 3. A-Liga Spieltag und empfing den TuS Vo\u00dfwinkel zum Duell am Kirmeswochenende. Das Spiel war gepr\u00e4gt von dem hohem Tempo, das beide Mannschaften \u00fcber 90 Minuten abrufen konnten. Bruchhausen begann optisch \u00fcberlegen und hatte in der ersten Halbzeit mehr Strafraumszenen als die G\u00e4ste aus Vo\u00dfwinkel. Die gr\u00f6\u00dfte M\u00f6glichkeit zu F\u00fchrung hatte TuS-St\u00fcrmer Andreas Kehayoglou, doch sein wuchtiger Kopfball klatschte leider nur die Querlatte. Wenige Minuten sp\u00e4ter machte es die HIAG-Elf dann jedoch effektiver. Nach dem Bruchhausen im Angriff zun\u00e4chst wieder nur Aluminium traf gelangte der Abpraller \u00fcber Umwege zu Andr\u00e9 Tautz (33.), der aus sechs Metern Torentfernung nur noch zur 1:0 F\u00fchrung einschieben musste. F\u00fcr den Sommer-Neuzugang aus Allendorf war es das erste Tor im TuS-Trikot.<\/p>\n<p>Nach der F\u00fchrung blieb Bruchhausen gef\u00e4hrlich, konnte die M\u00f6glichkeiten jedoch nicht erfolgreich zu Ende spielen. Die G\u00e4ste aus Vo\u00dfwinkel gingen ebenfalls sehr hohes Tempo, trugen ihren Teil zu einem ansehnlichen Spiel bei. Im Verlauf der ersten Halbzeit kam der TuS Vo\u00dfwinkel aber kaum gef\u00e4hrlich vor das TuS-Tor. Kurz vor der Pause spielten die G\u00e4ste einen Angriff \u00fcber ihre linke Seite gut zu Ende und glichen die Partie durch das Tor von Pascal N\u00f6lke (40.) aus. Wie der G\u00e4ste-Trainer lautstark bemerkte war es ihr erster gescheiter Angriff im Spiel.<\/p>\n<h3><strong>Kamil Mika verwandelt Foulelfmeter f\u00fcr die HIAG-Elf<\/strong><\/h3>\n<p><a href=\"http:\/\/www.tus-bruchhausen.de\/Fussball\/wp-content\/uploads\/2018\/09\/IMG_0354.jpg\" rel=\"lightbox[16017]\"><img loading=\"lazy\" decoding=\"async\" class=\"alignright size-medium wp-image-16023\" src=\"http:\/\/www.tus-bruchhausen.de\/Fussball\/wp-content\/uploads\/2018\/09\/IMG_0354-300x200.jpg\" alt=\"\" width=\"300\" height=\"200\" srcset=\"http:\/\/www.tus-bruchhausen.de\/Fussball\/wp-content\/uploads\/2018\/09\/IMG_0354-300x200.jpg 300w, http:\/\/www.tus-bruchhausen.de\/Fussball\/wp-content\/uploads\/2018\/09\/IMG_0354-150x100.jpg 150w, http:\/\/www.tus-bruchhausen.de\/Fussball\/wp-content\/uploads\/2018\/09\/IMG_0354-768x512.jpg 768w, http:\/\/www.tus-bruchhausen.de\/Fussball\/wp-content\/uploads\/2018\/09\/IMG_0354-272x182.jpg 272w, http:\/\/www.tus-bruchhausen.de\/Fussball\/wp-content\/uploads\/2018\/09\/IMG_0354.jpg 1507w\" sizes=\"auto, (max-width: 300px) 100vw, 300px\" \/><\/a>Nach dem Seitenwechsel blieb es ein enges und umk\u00e4mpftes Spiel. Wiederum erwischte Bruchhausen den besseren Start, hatte gute Torraumszenen und blieb gef\u00e4hrlich. Eine Stunde war gespielt als Christian Rodrigues Gomes von der Abwehr des TuS Vo\u00dfwinkel elfmeterw\u00fcrdig gestoppt wurde. Der Unparteiische z\u00f6gerte nicht und entschied direkt auf Strafsto\u00df f\u00fcr den TuS Bruchhausen. TuS-Spieler Kamil Mika (60.) trat an und versenkte das Leder zur erneuten F\u00fchrung im Tor der G\u00e4ste. Bruchhausen war nun dem Sieg am Kirmeswochenende nahe. Anschlie\u00dfend r\u00fcckte jedoch der Schiedsrichter in den Blickpunkt. Mit zunehmender Spielzeit bekam der TuS Vo\u00dfwinkel immer mehr gef\u00e4hrliche Standardsituationen vom Spielleiter zu gesprochen. Und so kam es dass die G\u00e4ste nach dem zweiten unberechtigten Eckball in Folge die Partie ausglichen. Im Strafraumgew\u00fchl reagierte G\u00e4ste-Spieler Lars Kleinhorst (2:2) am schnellsten und traf zum 2:2.<\/p>\n<p>In der Schlussphase sah TuS-Spieler Fabian Fischer nach seinem zweiten Foulspiel im Spiel die gelbe Karte. Weil er schon f\u00fcr ein taktischen Foulspiel in der ersten Halbzeit verwarnt war, musste er mit der Ampelkarte das Feld verlassen und fehlt nun im n\u00e4chsten Spiel. In Unterzahl\u00a0gegen einen guten Gegner bem\u00fchte sich der TuS 02 nun den Punkt an der HIAG zu behalten, auch wem vom Spielverlauf her ein Sieg durchaus drin gewesen w\u00e4re. Bis zum Spielende lie\u00df der TuS Bruchhausen nichts mehr zu. Am Ende trennte man sich wie bereits im letzten Jahr am Kirmeswochenende 2:2-Unentschieden. Nach 3 Spieltagen hat der TuS 02 vier Punkte auf dem Konto. Es folgen nun zwei weitere Heimspiele, am n\u00e4chsten Wochenende ist zun\u00e4chst der SSV K\u00fcntrop zu Gast im Sportpark An der HIAG.<\/p>\n<p>&nbsp;<\/p>\n","protected":false},"excerpt":{"rendered":"<p>Die 1. Mannschaft des TuS Bruchhausen hat am Kirmeswochenende gepunktet. Im Heimspiel gegen den TuS Vo\u00dfwinkel ging die Mannschaft von Trainer Frank Pribel zweimal in F\u00fchrung musste sich am Ende jedoch mit einem 2:2 (1:1) Unentschieden begn\u00fcgen. Tordeb\u00fct von Andr\u00e9 Tautz bringt 1:0-F\u00fchrung\u00a0\u00a0 Bereits am Freitagabend er\u00f6ffnete der TuS Bruchhausen den 3. A-Liga Spieltag und [&hellip;]<\/p>\n","protected":false},"author":1,"featured_media":16020,"comment_status":"closed","ping_status":"closed","sticky":false,"template":"","format":"standard","meta":{"footnotes":""},"categories":[3,8],"tags":[],"class_list":["post-16017","post","type-post","status-publish","format-standard","has-post-thumbnail","hentry","category-1-mannschaft","category-news","small-justify-block","has-thumb"],"yoast_head":"<!-- This site is optimized with the Yoast SEO plugin v27.2 - https:\/\/yoast.com\/product\/yoast-seo-wordpress\/ -->\n<title>Kirmesfreitag: Unentschieden nach Doppelf\u00fchrung<\/title>\n<meta name=\"robots\" content=\"index, follow, max-snippet:-1, max-image-preview:large, max-video-preview:-1\" \/>\n<link rel=\"canonical\" href=\"http:\/\/www.tus-bruchhausen.de\/Fussball\/kirmesfreitag-unentschieden-nach-doppelfuehrung\/\" \/>\n<meta property=\"og:locale\" content=\"de_DE\" \/>\n<meta property=\"og:type\" content=\"article\" \/>\n<meta property=\"og:title\" content=\"Kirmesfreitag: Unentschieden nach Doppelf\u00fchrung\" \/>\n<meta property=\"og:description\" content=\"Die 1. Mannschaft des TuS Bruchhausen hat am Kirmeswochenende gepunktet. Im Heimspiel gegen den TuS Vo\u00dfwinkel ging die Mannschaft von Trainer Frank Pribel zweimal in F\u00fchrung musste sich am Ende jedoch mit einem 2:2 (1:1) Unentschieden begn\u00fcgen. Tordeb\u00fct von Andr\u00e9 Tautz bringt 1:0-F\u00fchrung\u00a0\u00a0 Bereits am Freitagabend er\u00f6ffnete der TuS Bruchhausen den 3. A-Liga Spieltag und [&hellip;]\" \/>\n<meta property=\"og:url\" content=\"http:\/\/www.tus-bruchhausen.de\/Fussball\/kirmesfreitag-unentschieden-nach-doppelfuehrung\/\" \/>\n<meta property=\"og:site_name\" content=\"TuS Bruchhausen\" \/>\n<meta property=\"article:publisher\" content=\"https:\/\/www.facebook.com\/TuS02\/\" \/>\n<meta property=\"article:published_time\" content=\"2018-09-08T10:45:05+00:00\" \/>\n<meta property=\"article:modified_time\" content=\"2018-09-08T10:46:24+00:00\" \/>\n<meta property=\"og:image\" content=\"http:\/\/www.tus-bruchhausen.de\/Fussball\/wp-content\/uploads\/2018\/09\/IMG_0211-1800x1200.jpg\" \/>\n\t<meta property=\"og:image:width\" content=\"1800\" \/>\n\t<meta property=\"og:image:height\" content=\"1200\" \/>\n\t<meta property=\"og:image:type\" content=\"image\/jpeg\" \/>\n<meta name=\"author\" content=\"TKuhlmann\" \/>\n<meta name=\"twitter:card\" content=\"summary_large_image\" \/>\n<meta name=\"twitter:label1\" content=\"Verfasst von\" \/>\n\t<meta name=\"twitter:data1\" content=\"TKuhlmann\" \/>\n\t<meta name=\"twitter:label2\" content=\"Gesch\u00e4tzte Lesezeit\" \/>\n\t<meta name=\"twitter:data2\" content=\"3\u00a0Minuten\" \/>\n<script type=\"application\/ld+json\" class=\"yoast-schema-graph\">{\"@context\":\"https:\/\/schema.org\",\"@graph\":[{\"@type\":\"Article\",\"@id\":\"http:\/\/www.tus-bruchhausen.de\/Fussball\/kirmesfreitag-unentschieden-nach-doppelfuehrung\/#article\",\"isPartOf\":{\"@id\":\"http:\/\/www.tus-bruchhausen.de\/Fussball\/kirmesfreitag-unentschieden-nach-doppelfuehrung\/\"},\"author\":{\"name\":\"TKuhlmann\",\"@id\":\"http:\/\/www.tus-bruchhausen.de\/Fussball\/#\/schema\/person\/92059d83c2eeb62cc1c25411e78ed9dc\"},\"headline\":\"Kirmesfreitag: Unentschieden nach Doppelf\u00fchrung\",\"datePublished\":\"2018-09-08T10:45:05+00:00\",\"dateModified\":\"2018-09-08T10:46:24+00:00\",\"mainEntityOfPage\":{\"@id\":\"http:\/\/www.tus-bruchhausen.de\/Fussball\/kirmesfreitag-unentschieden-nach-doppelfuehrung\/\"},\"wordCount\":564,\"image\":{\"@id\":\"http:\/\/www.tus-bruchhausen.de\/Fussball\/kirmesfreitag-unentschieden-nach-doppelfuehrung\/#primaryimage\"},\"thumbnailUrl\":\"http:\/\/www.tus-bruchhausen.de\/Fussball\/wp-content\/uploads\/2018\/09\/IMG_0211.jpg\",\"articleSection\":[\"1. Mannschaft\",\"News\"],\"inLanguage\":\"de\"},{\"@type\":\"WebPage\",\"@id\":\"http:\/\/www.tus-bruchhausen.de\/Fussball\/kirmesfreitag-unentschieden-nach-doppelfuehrung\/\",\"url\":\"http:\/\/www.tus-bruchhausen.de\/Fussball\/kirmesfreitag-unentschieden-nach-doppelfuehrung\/\",\"name\":\"Kirmesfreitag: Unentschieden nach Doppelf\u00fchrung\",\"isPartOf\":{\"@id\":\"http:\/\/www.tus-bruchhausen.de\/Fussball\/#website\"},\"primaryImageOfPage\":{\"@id\":\"http:\/\/www.tus-bruchhausen.de\/Fussball\/kirmesfreitag-unentschieden-nach-doppelfuehrung\/#primaryimage\"},\"image\":{\"@id\":\"http:\/\/www.tus-bruchhausen.de\/Fussball\/kirmesfreitag-unentschieden-nach-doppelfuehrung\/#primaryimage\"},\"thumbnailUrl\":\"http:\/\/www.tus-bruchhausen.de\/Fussball\/wp-content\/uploads\/2018\/09\/IMG_0211.jpg\",\"datePublished\":\"2018-09-08T10:45:05+00:00\",\"dateModified\":\"2018-09-08T10:46:24+00:00\",\"author\":{\"@id\":\"http:\/\/www.tus-bruchhausen.de\/Fussball\/#\/schema\/person\/92059d83c2eeb62cc1c25411e78ed9dc\"},\"breadcrumb\":{\"@id\":\"http:\/\/www.tus-bruchhausen.de\/Fussball\/kirmesfreitag-unentschieden-nach-doppelfuehrung\/#breadcrumb\"},\"inLanguage\":\"de\",\"potentialAction\":[{\"@type\":\"ReadAction\",\"target\":[\"http:\/\/www.tus-bruchhausen.de\/Fussball\/kirmesfreitag-unentschieden-nach-doppelfuehrung\/\"]}]},{\"@type\":\"ImageObject\",\"inLanguage\":\"de\",\"@id\":\"http:\/\/www.tus-bruchhausen.de\/Fussball\/kirmesfreitag-unentschieden-nach-doppelfuehrung\/#primaryimage\",\"url\":\"http:\/\/www.tus-bruchhausen.de\/Fussball\/wp-content\/uploads\/2018\/09\/IMG_0211.jpg\",\"contentUrl\":\"http:\/\/www.tus-bruchhausen.de\/Fussball\/wp-content\/uploads\/2018\/09\/IMG_0211.jpg\",\"width\":2167,\"height\":1445},{\"@type\":\"BreadcrumbList\",\"@id\":\"http:\/\/www.tus-bruchhausen.de\/Fussball\/kirmesfreitag-unentschieden-nach-doppelfuehrung\/#breadcrumb\",\"itemListElement\":[{\"@type\":\"ListItem\",\"position\":1,\"name\":\"Startseite\",\"item\":\"http:\/\/www.tus-bruchhausen.de\/Fussball\/\"},{\"@type\":\"ListItem\",\"position\":2,\"name\":\"Kirmesfreitag: Unentschieden nach Doppelf\u00fchrung\"}]},{\"@type\":\"WebSite\",\"@id\":\"http:\/\/www.tus-bruchhausen.de\/Fussball\/#website\",\"url\":\"http:\/\/www.tus-bruchhausen.de\/Fussball\/\",\"name\":\"TuS Bruchhausen\",\"description\":\"Fu\u00dfball\",\"potentialAction\":[{\"@type\":\"SearchAction\",\"target\":{\"@type\":\"EntryPoint\",\"urlTemplate\":\"http:\/\/www.tus-bruchhausen.de\/Fussball\/?s={search_term_string}\"},\"query-input\":{\"@type\":\"PropertyValueSpecification\",\"valueRequired\":true,\"valueName\":\"search_term_string\"}}],\"inLanguage\":\"de\"},{\"@type\":\"Person\",\"@id\":\"http:\/\/www.tus-bruchhausen.de\/Fussball\/#\/schema\/person\/92059d83c2eeb62cc1c25411e78ed9dc\",\"name\":\"TKuhlmann\",\"image\":{\"@type\":\"ImageObject\",\"inLanguage\":\"de\",\"@id\":\"https:\/\/secure.gravatar.com\/avatar\/3b91757280f33b9ed04e8ae2217709266f1c1e416af9d163b4e541134ddf3c97?s=96&d=mm&r=g\",\"url\":\"https:\/\/secure.gravatar.com\/avatar\/3b91757280f33b9ed04e8ae2217709266f1c1e416af9d163b4e541134ddf3c97?s=96&d=mm&r=g\",\"contentUrl\":\"https:\/\/secure.gravatar.com\/avatar\/3b91757280f33b9ed04e8ae2217709266f1c1e416af9d163b4e541134ddf3c97?s=96&d=mm&r=g\",\"caption\":\"TKuhlmann\"}}]}<\/script>\n<!-- \/ Yoast SEO plugin. -->","yoast_head_json":{"title":"Kirmesfreitag: Unentschieden nach Doppelf\u00fchrung","robots":{"index":"index","follow":"follow","max-snippet":"max-snippet:-1","max-image-preview":"max-image-preview:large","max-video-preview":"max-video-preview:-1"},"canonical":"http:\/\/www.tus-bruchhausen.de\/Fussball\/kirmesfreitag-unentschieden-nach-doppelfuehrung\/","og_locale":"de_DE","og_type":"article","og_title":"Kirmesfreitag: Unentschieden nach Doppelf\u00fchrung","og_description":"Die 1. Mannschaft des TuS Bruchhausen hat am Kirmeswochenende gepunktet. Im Heimspiel gegen den TuS Vo\u00dfwinkel ging die Mannschaft von Trainer Frank Pribel zweimal in F\u00fchrung musste sich am Ende jedoch mit einem 2:2 (1:1) Unentschieden begn\u00fcgen. Tordeb\u00fct von Andr\u00e9 Tautz bringt 1:0-F\u00fchrung\u00a0\u00a0 Bereits am Freitagabend er\u00f6ffnete der TuS Bruchhausen den 3. A-Liga Spieltag und [&hellip;]","og_url":"http:\/\/www.tus-bruchhausen.de\/Fussball\/kirmesfreitag-unentschieden-nach-doppelfuehrung\/","og_site_name":"TuS Bruchhausen","article_publisher":"https:\/\/www.facebook.com\/TuS02\/","article_published_time":"2018-09-08T10:45:05+00:00","article_modified_time":"2018-09-08T10:46:24+00:00","og_image":[{"width":1800,"height":1200,"url":"http:\/\/www.tus-bruchhausen.de\/Fussball\/wp-content\/uploads\/2018\/09\/IMG_0211-1800x1200.jpg","type":"image\/jpeg"}],"author":"TKuhlmann","twitter_card":"summary_large_image","twitter_misc":{"Verfasst von":"TKuhlmann","Gesch\u00e4tzte Lesezeit":"3\u00a0Minuten"},"schema":{"@context":"https:\/\/schema.org","@graph":[{"@type":"Article","@id":"http:\/\/www.tus-bruchhausen.de\/Fussball\/kirmesfreitag-unentschieden-nach-doppelfuehrung\/#article","isPartOf":{"@id":"http:\/\/www.tus-bruchhausen.de\/Fussball\/kirmesfreitag-unentschieden-nach-doppelfuehrung\/"},"author":{"name":"TKuhlmann","@id":"http:\/\/www.tus-bruchhausen.de\/Fussball\/#\/schema\/person\/92059d83c2eeb62cc1c25411e78ed9dc"},"headline":"Kirmesfreitag: Unentschieden nach Doppelf\u00fchrung","datePublished":"2018-09-08T10:45:05+00:00","dateModified":"2018-09-08T10:46:24+00:00","mainEntityOfPage":{"@id":"http:\/\/www.tus-bruchhausen.de\/Fussball\/kirmesfreitag-unentschieden-nach-doppelfuehrung\/"},"wordCount":564,"image":{"@id":"http:\/\/www.tus-bruchhausen.de\/Fussball\/kirmesfreitag-unentschieden-nach-doppelfuehrung\/#primaryimage"},"thumbnailUrl":"http:\/\/www.tus-bruchhausen.de\/Fussball\/wp-content\/uploads\/2018\/09\/IMG_0211.jpg","articleSection":["1. Mannschaft","News"],"inLanguage":"de"},{"@type":"WebPage","@id":"http:\/\/www.tus-bruchhausen.de\/Fussball\/kirmesfreitag-unentschieden-nach-doppelfuehrung\/","url":"http:\/\/www.tus-bruchhausen.de\/Fussball\/kirmesfreitag-unentschieden-nach-doppelfuehrung\/","name":"Kirmesfreitag: Unentschieden nach Doppelf\u00fchrung","isPartOf":{"@id":"http:\/\/www.tus-bruchhausen.de\/Fussball\/#website"},"primaryImageOfPage":{"@id":"http:\/\/www.tus-bruchhausen.de\/Fussball\/kirmesfreitag-unentschieden-nach-doppelfuehrung\/#primaryimage"},"image":{"@id":"http:\/\/www.tus-bruchhausen.de\/Fussball\/kirmesfreitag-unentschieden-nach-doppelfuehrung\/#primaryimage"},"thumbnailUrl":"http:\/\/www.tus-bruchhausen.de\/Fussball\/wp-content\/uploads\/2018\/09\/IMG_0211.jpg","datePublished":"2018-09-08T10:45:05+00:00","dateModified":"2018-09-08T10:46:24+00:00","author":{"@id":"http:\/\/www.tus-bruchhausen.de\/Fussball\/#\/schema\/person\/92059d83c2eeb62cc1c25411e78ed9dc"},"breadcrumb":{"@id":"http:\/\/www.tus-bruchhausen.de\/Fussball\/kirmesfreitag-unentschieden-nach-doppelfuehrung\/#breadcrumb"},"inLanguage":"de","potentialAction":[{"@type":"ReadAction","target":["http:\/\/www.tus-bruchhausen.de\/Fussball\/kirmesfreitag-unentschieden-nach-doppelfuehrung\/"]}]},{"@type":"ImageObject","inLanguage":"de","@id":"http:\/\/www.tus-bruchhausen.de\/Fussball\/kirmesfreitag-unentschieden-nach-doppelfuehrung\/#primaryimage","url":"http:\/\/www.tus-bruchhausen.de\/Fussball\/wp-content\/uploads\/2018\/09\/IMG_0211.jpg","contentUrl":"http:\/\/www.tus-bruchhausen.de\/Fussball\/wp-content\/uploads\/2018\/09\/IMG_0211.jpg","width":2167,"height":1445},{"@type":"BreadcrumbList","@id":"http:\/\/www.tus-bruchhausen.de\/Fussball\/kirmesfreitag-unentschieden-nach-doppelfuehrung\/#breadcrumb","itemListElement":[{"@type":"ListItem","position":1,"name":"Startseite","item":"http:\/\/www.tus-bruchhausen.de\/Fussball\/"},{"@type":"ListItem","position":2,"name":"Kirmesfreitag: Unentschieden nach Doppelf\u00fchrung"}]},{"@type":"WebSite","@id":"http:\/\/www.tus-bruchhausen.de\/Fussball\/#website","url":"http:\/\/www.tus-bruchhausen.de\/Fussball\/","name":"TuS Bruchhausen","description":"Fu\u00dfball","potentialAction":[{"@type":"SearchAction","target":{"@type":"EntryPoint","urlTemplate":"http:\/\/www.tus-bruchhausen.de\/Fussball\/?s={search_term_string}"},"query-input":{"@type":"PropertyValueSpecification","valueRequired":true,"valueName":"search_term_string"}}],"inLanguage":"de"},{"@type":"Person","@id":"http:\/\/www.tus-bruchhausen.de\/Fussball\/#\/schema\/person\/92059d83c2eeb62cc1c25411e78ed9dc","name":"TKuhlmann","image":{"@type":"ImageObject","inLanguage":"de","@id":"https:\/\/secure.gravatar.com\/avatar\/3b91757280f33b9ed04e8ae2217709266f1c1e416af9d163b4e541134ddf3c97?s=96&d=mm&r=g","url":"https:\/\/secure.gravatar.com\/avatar\/3b91757280f33b9ed04e8ae2217709266f1c1e416af9d163b4e541134ddf3c97?s=96&d=mm&r=g","contentUrl":"https:\/\/secure.gravatar.com\/avatar\/3b91757280f33b9ed04e8ae2217709266f1c1e416af9d163b4e541134ddf3c97?s=96&d=mm&r=g","caption":"TKuhlmann"}}]}},"_links":{"self":[{"href":"http:\/\/www.tus-bruchhausen.de\/Fussball\/wp-json\/wp\/v2\/posts\/16017","targetHints":{"allow":["GET"]}}],"collection":[{"href":"http:\/\/www.tus-bruchhausen.de\/Fussball\/wp-json\/wp\/v2\/posts"}],"about":[{"href":"http:\/\/www.tus-bruchhausen.de\/Fussball\/wp-json\/wp\/v2\/types\/post"}],"author":[{"embeddable":true,"href":"http:\/\/www.tus-bruchhausen.de\/Fussball\/wp-json\/wp\/v2\/users\/1"}],"replies":[{"embeddable":true,"href":"http:\/\/www.tus-bruchhausen.de\/Fussball\/wp-json\/wp\/v2\/comments?post=16017"}],"version-history":[{"count":4,"href":"http:\/\/www.tus-bruchhausen.de\/Fussball\/wp-json\/wp\/v2\/posts\/16017\/revisions"}],"predecessor-version":[{"id":16024,"href":"http:\/\/www.tus-bruchhausen.de\/Fussball\/wp-json\/wp\/v2\/posts\/16017\/revisions\/16024"}],"wp:featuredmedia":[{"embeddable":true,"href":"http:\/\/www.tus-bruchhausen.de\/Fussball\/wp-json\/wp\/v2\/media\/16020"}],"wp:attachment":[{"href":"http:\/\/www.tus-bruchhausen.de\/Fussball\/wp-json\/wp\/v2\/media?parent=16017"}],"wp:term":[{"taxonomy":"category","embeddable":true,"href":"http:\/\/www.tus-bruchhausen.de\/Fussball\/wp-json\/wp\/v2\/categories?post=16017"},{"taxonomy":"post_tag","embeddable":true,"href":"http:\/\/www.tus-bruchhausen.de\/Fussball\/wp-json\/wp\/v2\/tags?post=16017"}],"curies":[{"name":"wp","href":"https:\/\/api.w.org\/{rel}","templated":true}]}}