{"id":16029,"date":"2018-09-10T10:14:02","date_gmt":"2018-09-10T08:14:02","guid":{"rendered":"http:\/\/www.tus-bruchhausen.de\/Fussball\/?p=16029"},"modified":"2018-09-10T10:15:05","modified_gmt":"2018-09-10T08:15:05","slug":"tus-reserve-punktgleich-mit-der-tabellenspitze","status":"publish","type":"post","link":"http:\/\/www.tus-bruchhausen.de\/Fussball\/tus-reserve-punktgleich-mit-der-tabellenspitze\/","title":{"rendered":"TuS-Reserve punktgleich mit der Tabellenspitze"},"content":{"rendered":"<p>Die 2. Mannschaft des TuS Bruchhausen hat ihren Saisonstart perfekt gemacht. Gegen die SG Holzen\/Eisborn II gewann die TuS -Reserve im Sportpark An der HIAG mit 2:0 und feierte somit den dritten Sieg im dritten Spiel.<\/p>\n<h3><strong>Sebastian Luckei trifft zur F\u00fchrung<\/strong><\/h3>\n<p>Im Spiel gegen die SG Holzen\/Eisborn II legte die Mannschaft des TuS 02 einen guten Start hin und ging Mitte der 1. Halbzeit durch ein Tor von Sebastian Luckei (20.) in F\u00fchrung. Anschlie\u00dfend blieb die Partie eng, doch Bruchhausen II verteidigte die F\u00fchrung geschickt. In der Schlussphase konnte Sommer-Neuzugang Fabrice Delporte (85.) mit seinem Treffer zu 2:0 f\u00fcr die Entscheidung sorgen.<\/p>\n<p>Mit nun 9 Punkten nach drei Spieltagen steht die 2. Mannschaft des TuS Bruchhausen Grund der Tordifferenz punktgleich mit der Tabellenspitze auf dem zweiten Platz der Kreisliga C.<\/p>\n","protected":false},"excerpt":{"rendered":"<p>Die 2. Mannschaft des TuS Bruchhausen hat ihren Saisonstart perfekt gemacht. Gegen die SG Holzen\/Eisborn II gewann die TuS -Reserve im Sportpark An der HIAG mit 2:0 und feierte somit den dritten Sieg im dritten Spiel. Sebastian Luckei trifft zur F\u00fchrung Im Spiel gegen die SG Holzen\/Eisborn II legte die Mannschaft des TuS 02 einen [&hellip;]<\/p>\n","protected":false},"author":1,"featured_media":16032,"comment_status":"closed","ping_status":"closed","sticky":false,"template":"","format":"standard","meta":{"footnotes":""},"categories":[4,8],"tags":[],"class_list":["post-16029","post","type-post","status-publish","format-standard","has-post-thumbnail","hentry","category-2-mannschaft","category-news","small-justify-block","has-thumb"],"yoast_head":"<!-- This site is optimized with the Yoast SEO plugin v27.2 - https:\/\/yoast.com\/product\/yoast-seo-wordpress\/ -->\n<title>TuS-Reserve punktgleich mit der Tabellenspitze<\/title>\n<meta name=\"robots\" content=\"index, follow, max-snippet:-1, max-image-preview:large, max-video-preview:-1\" \/>\n<link rel=\"canonical\" href=\"http:\/\/www.tus-bruchhausen.de\/Fussball\/tus-reserve-punktgleich-mit-der-tabellenspitze\/\" \/>\n<meta property=\"og:locale\" content=\"de_DE\" \/>\n<meta property=\"og:type\" content=\"article\" \/>\n<meta property=\"og:title\" content=\"TuS-Reserve punktgleich mit der Tabellenspitze\" \/>\n<meta property=\"og:description\" content=\"Die 2. Mannschaft des TuS Bruchhausen hat ihren Saisonstart perfekt gemacht. Gegen die SG Holzen\/Eisborn II gewann die TuS -Reserve im Sportpark An der HIAG mit 2:0 und feierte somit den dritten Sieg im dritten Spiel. Sebastian Luckei trifft zur F\u00fchrung Im Spiel gegen die SG Holzen\/Eisborn II legte die Mannschaft des TuS 02 einen [&hellip;]\" \/>\n<meta property=\"og:url\" content=\"http:\/\/www.tus-bruchhausen.de\/Fussball\/tus-reserve-punktgleich-mit-der-tabellenspitze\/\" \/>\n<meta property=\"og:site_name\" content=\"TuS Bruchhausen\" \/>\n<meta property=\"article:publisher\" content=\"https:\/\/www.facebook.com\/TuS02\/\" \/>\n<meta property=\"article:published_time\" content=\"2018-09-10T08:14:02+00:00\" \/>\n<meta property=\"article:modified_time\" content=\"2018-09-10T08:15:05+00:00\" \/>\n<meta property=\"og:image\" content=\"http:\/\/www.tus-bruchhausen.de\/Fussball\/wp-content\/uploads\/2018\/09\/IMG_0197-e1536567226622.jpg\" \/>\n\t<meta property=\"og:image:width\" content=\"2352\" \/>\n\t<meta property=\"og:image:height\" content=\"1409\" \/>\n\t<meta property=\"og:image:type\" content=\"image\/jpeg\" \/>\n<meta name=\"author\" content=\"TKuhlmann\" \/>\n<meta name=\"twitter:card\" content=\"summary_large_image\" \/>\n<meta name=\"twitter:label1\" content=\"Verfasst von\" \/>\n\t<meta name=\"twitter:data1\" content=\"TKuhlmann\" \/>\n\t<meta name=\"twitter:label2\" content=\"Gesch\u00e4tzte Lesezeit\" \/>\n\t<meta name=\"twitter:data2\" content=\"1\u00a0Minute\" \/>\n<script type=\"application\/ld+json\" class=\"yoast-schema-graph\">{\"@context\":\"https:\/\/schema.org\",\"@graph\":[{\"@type\":\"Article\",\"@id\":\"http:\/\/www.tus-bruchhausen.de\/Fussball\/tus-reserve-punktgleich-mit-der-tabellenspitze\/#article\",\"isPartOf\":{\"@id\":\"http:\/\/www.tus-bruchhausen.de\/Fussball\/tus-reserve-punktgleich-mit-der-tabellenspitze\/\"},\"author\":{\"name\":\"TKuhlmann\",\"@id\":\"http:\/\/www.tus-bruchhausen.de\/Fussball\/#\/schema\/person\/92059d83c2eeb62cc1c25411e78ed9dc\"},\"headline\":\"TuS-Reserve punktgleich mit der Tabellenspitze\",\"datePublished\":\"2018-09-10T08:14:02+00:00\",\"dateModified\":\"2018-09-10T08:15:05+00:00\",\"mainEntityOfPage\":{\"@id\":\"http:\/\/www.tus-bruchhausen.de\/Fussball\/tus-reserve-punktgleich-mit-der-tabellenspitze\/\"},\"wordCount\":133,\"image\":{\"@id\":\"http:\/\/www.tus-bruchhausen.de\/Fussball\/tus-reserve-punktgleich-mit-der-tabellenspitze\/#primaryimage\"},\"thumbnailUrl\":\"http:\/\/www.tus-bruchhausen.de\/Fussball\/wp-content\/uploads\/2018\/09\/IMG_0197-e1536567226622.jpg\",\"articleSection\":[\"2. Mannschaft\",\"News\"],\"inLanguage\":\"de\"},{\"@type\":\"WebPage\",\"@id\":\"http:\/\/www.tus-bruchhausen.de\/Fussball\/tus-reserve-punktgleich-mit-der-tabellenspitze\/\",\"url\":\"http:\/\/www.tus-bruchhausen.de\/Fussball\/tus-reserve-punktgleich-mit-der-tabellenspitze\/\",\"name\":\"TuS-Reserve punktgleich mit der Tabellenspitze\",\"isPartOf\":{\"@id\":\"http:\/\/www.tus-bruchhausen.de\/Fussball\/#website\"},\"primaryImageOfPage\":{\"@id\":\"http:\/\/www.tus-bruchhausen.de\/Fussball\/tus-reserve-punktgleich-mit-der-tabellenspitze\/#primaryimage\"},\"image\":{\"@id\":\"http:\/\/www.tus-bruchhausen.de\/Fussball\/tus-reserve-punktgleich-mit-der-tabellenspitze\/#primaryimage\"},\"thumbnailUrl\":\"http:\/\/www.tus-bruchhausen.de\/Fussball\/wp-content\/uploads\/2018\/09\/IMG_0197-e1536567226622.jpg\",\"datePublished\":\"2018-09-10T08:14:02+00:00\",\"dateModified\":\"2018-09-10T08:15:05+00:00\",\"author\":{\"@id\":\"http:\/\/www.tus-bruchhausen.de\/Fussball\/#\/schema\/person\/92059d83c2eeb62cc1c25411e78ed9dc\"},\"breadcrumb\":{\"@id\":\"http:\/\/www.tus-bruchhausen.de\/Fussball\/tus-reserve-punktgleich-mit-der-tabellenspitze\/#breadcrumb\"},\"inLanguage\":\"de\",\"potentialAction\":[{\"@type\":\"ReadAction\",\"target\":[\"http:\/\/www.tus-bruchhausen.de\/Fussball\/tus-reserve-punktgleich-mit-der-tabellenspitze\/\"]}]},{\"@type\":\"ImageObject\",\"inLanguage\":\"de\",\"@id\":\"http:\/\/www.tus-bruchhausen.de\/Fussball\/tus-reserve-punktgleich-mit-der-tabellenspitze\/#primaryimage\",\"url\":\"http:\/\/www.tus-bruchhausen.de\/Fussball\/wp-content\/uploads\/2018\/09\/IMG_0197-e1536567226622.jpg\",\"contentUrl\":\"http:\/\/www.tus-bruchhausen.de\/Fussball\/wp-content\/uploads\/2018\/09\/IMG_0197-e1536567226622.jpg\",\"width\":2352,\"height\":1409},{\"@type\":\"BreadcrumbList\",\"@id\":\"http:\/\/www.tus-bruchhausen.de\/Fussball\/tus-reserve-punktgleich-mit-der-tabellenspitze\/#breadcrumb\",\"itemListElement\":[{\"@type\":\"ListItem\",\"position\":1,\"name\":\"Startseite\",\"item\":\"https:\/\/www.tus-bruchhausen.de\/Fussball\/\"},{\"@type\":\"ListItem\",\"position\":2,\"name\":\"TuS-Reserve punktgleich mit der Tabellenspitze\"}]},{\"@type\":\"WebSite\",\"@id\":\"http:\/\/www.tus-bruchhausen.de\/Fussball\/#website\",\"url\":\"http:\/\/www.tus-bruchhausen.de\/Fussball\/\",\"name\":\"TuS Bruchhausen\",\"description\":\"Fu\u00dfball\",\"potentialAction\":[{\"@type\":\"SearchAction\",\"target\":{\"@type\":\"EntryPoint\",\"urlTemplate\":\"http:\/\/www.tus-bruchhausen.de\/Fussball\/?s={search_term_string}\"},\"query-input\":{\"@type\":\"PropertyValueSpecification\",\"valueRequired\":true,\"valueName\":\"search_term_string\"}}],\"inLanguage\":\"de\"},{\"@type\":\"Person\",\"@id\":\"http:\/\/www.tus-bruchhausen.de\/Fussball\/#\/schema\/person\/92059d83c2eeb62cc1c25411e78ed9dc\",\"name\":\"TKuhlmann\",\"image\":{\"@type\":\"ImageObject\",\"inLanguage\":\"de\",\"@id\":\"https:\/\/secure.gravatar.com\/avatar\/3b91757280f33b9ed04e8ae2217709266f1c1e416af9d163b4e541134ddf3c97?s=96&d=mm&r=g\",\"url\":\"https:\/\/secure.gravatar.com\/avatar\/3b91757280f33b9ed04e8ae2217709266f1c1e416af9d163b4e541134ddf3c97?s=96&d=mm&r=g\",\"contentUrl\":\"https:\/\/secure.gravatar.com\/avatar\/3b91757280f33b9ed04e8ae2217709266f1c1e416af9d163b4e541134ddf3c97?s=96&d=mm&r=g\",\"caption\":\"TKuhlmann\"}}]}<\/script>\n<!-- \/ Yoast SEO plugin. -->","yoast_head_json":{"title":"TuS-Reserve punktgleich mit der Tabellenspitze","robots":{"index":"index","follow":"follow","max-snippet":"max-snippet:-1","max-image-preview":"max-image-preview:large","max-video-preview":"max-video-preview:-1"},"canonical":"http:\/\/www.tus-bruchhausen.de\/Fussball\/tus-reserve-punktgleich-mit-der-tabellenspitze\/","og_locale":"de_DE","og_type":"article","og_title":"TuS-Reserve punktgleich mit der Tabellenspitze","og_description":"Die 2. Mannschaft des TuS Bruchhausen hat ihren Saisonstart perfekt gemacht. Gegen die SG Holzen\/Eisborn II gewann die TuS -Reserve im Sportpark An der HIAG mit 2:0 und feierte somit den dritten Sieg im dritten Spiel. Sebastian Luckei trifft zur F\u00fchrung Im Spiel gegen die SG Holzen\/Eisborn II legte die Mannschaft des TuS 02 einen [&hellip;]","og_url":"http:\/\/www.tus-bruchhausen.de\/Fussball\/tus-reserve-punktgleich-mit-der-tabellenspitze\/","og_site_name":"TuS Bruchhausen","article_publisher":"https:\/\/www.facebook.com\/TuS02\/","article_published_time":"2018-09-10T08:14:02+00:00","article_modified_time":"2018-09-10T08:15:05+00:00","og_image":[{"width":2352,"height":1409,"url":"http:\/\/www.tus-bruchhausen.de\/Fussball\/wp-content\/uploads\/2018\/09\/IMG_0197-e1536567226622.jpg","type":"image\/jpeg"}],"author":"TKuhlmann","twitter_card":"summary_large_image","twitter_misc":{"Verfasst von":"TKuhlmann","Gesch\u00e4tzte Lesezeit":"1\u00a0Minute"},"schema":{"@context":"https:\/\/schema.org","@graph":[{"@type":"Article","@id":"http:\/\/www.tus-bruchhausen.de\/Fussball\/tus-reserve-punktgleich-mit-der-tabellenspitze\/#article","isPartOf":{"@id":"http:\/\/www.tus-bruchhausen.de\/Fussball\/tus-reserve-punktgleich-mit-der-tabellenspitze\/"},"author":{"name":"TKuhlmann","@id":"http:\/\/www.tus-bruchhausen.de\/Fussball\/#\/schema\/person\/92059d83c2eeb62cc1c25411e78ed9dc"},"headline":"TuS-Reserve punktgleich mit der Tabellenspitze","datePublished":"2018-09-10T08:14:02+00:00","dateModified":"2018-09-10T08:15:05+00:00","mainEntityOfPage":{"@id":"http:\/\/www.tus-bruchhausen.de\/Fussball\/tus-reserve-punktgleich-mit-der-tabellenspitze\/"},"wordCount":133,"image":{"@id":"http:\/\/www.tus-bruchhausen.de\/Fussball\/tus-reserve-punktgleich-mit-der-tabellenspitze\/#primaryimage"},"thumbnailUrl":"http:\/\/www.tus-bruchhausen.de\/Fussball\/wp-content\/uploads\/2018\/09\/IMG_0197-e1536567226622.jpg","articleSection":["2. Mannschaft","News"],"inLanguage":"de"},{"@type":"WebPage","@id":"http:\/\/www.tus-bruchhausen.de\/Fussball\/tus-reserve-punktgleich-mit-der-tabellenspitze\/","url":"http:\/\/www.tus-bruchhausen.de\/Fussball\/tus-reserve-punktgleich-mit-der-tabellenspitze\/","name":"TuS-Reserve punktgleich mit der Tabellenspitze","isPartOf":{"@id":"http:\/\/www.tus-bruchhausen.de\/Fussball\/#website"},"primaryImageOfPage":{"@id":"http:\/\/www.tus-bruchhausen.de\/Fussball\/tus-reserve-punktgleich-mit-der-tabellenspitze\/#primaryimage"},"image":{"@id":"http:\/\/www.tus-bruchhausen.de\/Fussball\/tus-reserve-punktgleich-mit-der-tabellenspitze\/#primaryimage"},"thumbnailUrl":"http:\/\/www.tus-bruchhausen.de\/Fussball\/wp-content\/uploads\/2018\/09\/IMG_0197-e1536567226622.jpg","datePublished":"2018-09-10T08:14:02+00:00","dateModified":"2018-09-10T08:15:05+00:00","author":{"@id":"http:\/\/www.tus-bruchhausen.de\/Fussball\/#\/schema\/person\/92059d83c2eeb62cc1c25411e78ed9dc"},"breadcrumb":{"@id":"http:\/\/www.tus-bruchhausen.de\/Fussball\/tus-reserve-punktgleich-mit-der-tabellenspitze\/#breadcrumb"},"inLanguage":"de","potentialAction":[{"@type":"ReadAction","target":["http:\/\/www.tus-bruchhausen.de\/Fussball\/tus-reserve-punktgleich-mit-der-tabellenspitze\/"]}]},{"@type":"ImageObject","inLanguage":"de","@id":"http:\/\/www.tus-bruchhausen.de\/Fussball\/tus-reserve-punktgleich-mit-der-tabellenspitze\/#primaryimage","url":"http:\/\/www.tus-bruchhausen.de\/Fussball\/wp-content\/uploads\/2018\/09\/IMG_0197-e1536567226622.jpg","contentUrl":"http:\/\/www.tus-bruchhausen.de\/Fussball\/wp-content\/uploads\/2018\/09\/IMG_0197-e1536567226622.jpg","width":2352,"height":1409},{"@type":"BreadcrumbList","@id":"http:\/\/www.tus-bruchhausen.de\/Fussball\/tus-reserve-punktgleich-mit-der-tabellenspitze\/#breadcrumb","itemListElement":[{"@type":"ListItem","position":1,"name":"Startseite","item":"https:\/\/www.tus-bruchhausen.de\/Fussball\/"},{"@type":"ListItem","position":2,"name":"TuS-Reserve punktgleich mit der Tabellenspitze"}]},{"@type":"WebSite","@id":"http:\/\/www.tus-bruchhausen.de\/Fussball\/#website","url":"http:\/\/www.tus-bruchhausen.de\/Fussball\/","name":"TuS Bruchhausen","description":"Fu\u00dfball","potentialAction":[{"@type":"SearchAction","target":{"@type":"EntryPoint","urlTemplate":"http:\/\/www.tus-bruchhausen.de\/Fussball\/?s={search_term_string}"},"query-input":{"@type":"PropertyValueSpecification","valueRequired":true,"valueName":"search_term_string"}}],"inLanguage":"de"},{"@type":"Person","@id":"http:\/\/www.tus-bruchhausen.de\/Fussball\/#\/schema\/person\/92059d83c2eeb62cc1c25411e78ed9dc","name":"TKuhlmann","image":{"@type":"ImageObject","inLanguage":"de","@id":"https:\/\/secure.gravatar.com\/avatar\/3b91757280f33b9ed04e8ae2217709266f1c1e416af9d163b4e541134ddf3c97?s=96&d=mm&r=g","url":"https:\/\/secure.gravatar.com\/avatar\/3b91757280f33b9ed04e8ae2217709266f1c1e416af9d163b4e541134ddf3c97?s=96&d=mm&r=g","contentUrl":"https:\/\/secure.gravatar.com\/avatar\/3b91757280f33b9ed04e8ae2217709266f1c1e416af9d163b4e541134ddf3c97?s=96&d=mm&r=g","caption":"TKuhlmann"}}]}},"_links":{"self":[{"href":"http:\/\/www.tus-bruchhausen.de\/Fussball\/wp-json\/wp\/v2\/posts\/16029","targetHints":{"allow":["GET"]}}],"collection":[{"href":"http:\/\/www.tus-bruchhausen.de\/Fussball\/wp-json\/wp\/v2\/posts"}],"about":[{"href":"http:\/\/www.tus-bruchhausen.de\/Fussball\/wp-json\/wp\/v2\/types\/post"}],"author":[{"embeddable":true,"href":"http:\/\/www.tus-bruchhausen.de\/Fussball\/wp-json\/wp\/v2\/users\/1"}],"replies":[{"embeddable":true,"href":"http:\/\/www.tus-bruchhausen.de\/Fussball\/wp-json\/wp\/v2\/comments?post=16029"}],"version-history":[{"count":1,"href":"http:\/\/www.tus-bruchhausen.de\/Fussball\/wp-json\/wp\/v2\/posts\/16029\/revisions"}],"predecessor-version":[{"id":16031,"href":"http:\/\/www.tus-bruchhausen.de\/Fussball\/wp-json\/wp\/v2\/posts\/16029\/revisions\/16031"}],"wp:featuredmedia":[{"embeddable":true,"href":"http:\/\/www.tus-bruchhausen.de\/Fussball\/wp-json\/wp\/v2\/media\/16032"}],"wp:attachment":[{"href":"http:\/\/www.tus-bruchhausen.de\/Fussball\/wp-json\/wp\/v2\/media?parent=16029"}],"wp:term":[{"taxonomy":"category","embeddable":true,"href":"http:\/\/www.tus-bruchhausen.de\/Fussball\/wp-json\/wp\/v2\/categories?post=16029"},{"taxonomy":"post_tag","embeddable":true,"href":"http:\/\/www.tus-bruchhausen.de\/Fussball\/wp-json\/wp\/v2\/tags?post=16029"}],"curies":[{"name":"wp","href":"https:\/\/api.w.org\/{rel}","templated":true}]}}