{"id":16163,"date":"2019-01-02T15:08:31","date_gmt":"2019-01-02T14:08:31","guid":{"rendered":"http:\/\/www.tus-bruchhausen.de\/Fussball\/?p=16163"},"modified":"2019-01-02T15:16:14","modified_gmt":"2019-01-02T14:16:14","slug":"budenzauber-am-01-februar-2019-in-der-grossen-wiese","status":"publish","type":"post","link":"http:\/\/www.tus-bruchhausen.de\/Fussball\/budenzauber-am-01-februar-2019-in-der-grossen-wiese\/","title":{"rendered":"Budenzauber am 01. Februar 2019 in der &#8220;Gro\u00dfen Wiese&#8221;"},"content":{"rendered":"<p>Am\u00a0 1. Februar 2019 startet erneut der Budenzauber der Reserveteams. Der C-Liga Reserve Cup wird bereits zum achten Mal in der Sporthalle \u201eGro\u00dfe Wiese\u201c in H\u00fcsten ausgetragen. Es ist das Hallenturnier f\u00fcr 2. und 3. Mannschaften, die in der C- oder D-Kreisliga spielen.<\/p>\n<h3>12 Reserve-Teams k\u00e4mpfen um den Wanderpokal<\/h3>\n<p>In 2019 gehen zw\u00f6lf Mannschaften in drei Vierer-Gruppen an den Start. Die beiden Erstplatzierten jeder Gruppe qualifizieren sich f\u00fcr das Viertelfinale.\u00a0Hinzu kommen die zwei besten Gruppen Dritten. Das erste Turnierspiel der 8. Ausgabe des C-Liga Reserve Cup\u00b4s startet um 17:15 Uhr, das Finale soll gegen 22:10 Uhr steigen. Als Titelverteidiger geht der SSV Stockum II\u00a0 in der Gruppe A an den Start. Der insgesamt dreifache Turniersieger, gewann zuletzt zweimal in Folge.<\/p>\n<p><a href=\"http:\/\/tus-bruchhausen.de\/Fussball\/wp-content\/uploads\/2013\/11\/C-Liga-Reserve-Cup-Pokal.png\" rel=\"lightbox[5091]\"><img loading=\"lazy\" decoding=\"async\" class=\"alignright wp-image-2241 \" src=\"http:\/\/tus-bruchhausen.de\/Fussball\/wp-content\/uploads\/2013\/11\/C-Liga-Reserve-Cup-Pokal-194x376.png\" alt=\"C-Liga Reserve Cup Pokal\" width=\"150\" height=\"291\" srcset=\"http:\/\/www.tus-bruchhausen.de\/Fussball\/wp-content\/uploads\/2013\/11\/C-Liga-Reserve-Cup-Pokal-194x376.png 194w, http:\/\/www.tus-bruchhausen.de\/Fussball\/wp-content\/uploads\/2013\/11\/C-Liga-Reserve-Cup-Pokal.png 323w\" sizes=\"auto, (max-width: 150px) 100vw, 150px\" \/><\/a><strong>Gruppe A:\u00a0<\/strong>SV Bachum\/Bergheim II, FC Neheim-Erlenbruch II, TuS Bruchhausen II, SSV Stockum\u00a0II<\/p>\n<p><strong>Gruppe B: <\/strong>TuS Vo\u00dfwinkel III, DJK GW Arnsberg II, SV Herdringen II, TuS Hachen II<\/p>\n<p><strong>Gruppe C: <\/strong>TuS Oeventrop II, SuS Westenfeld II, SV H\u00fcsten 09 III, TuS Rumbeck II<strong><br \/>\n<\/strong><\/p>\n<p><a href=\"http:\/\/www.tus-bruchhausen.de\/Fussball\/wp-content\/uploads\/2019\/01\/C-Liga-Reserve-Cup-2019.pdf\">-&gt; Spielplan<\/a><\/p>\n<p><a href=\"http:\/\/www.tus-bruchhausen.de\/Fussball\/wp-content\/uploads\/2019\/01\/Turnierordnung-C-Liga-Reserve-Cup-2019.pdf\">-&gt; Turnierordnung<\/a><\/p>\n<p><a href=\"http:\/\/www.tus-bruchhausen.de\/Fussball\/titelverteidiger-stockum-ii-gewinnt-c-liga-reserve-cup\/\">Titelverteidiger Stockum II gewinnt C-Liga Reserve Cup<\/a>\u00a0|\u00a0<a href=\"http:\/\/www.tus-bruchhausen.de\/Fussball\/ssv-stockum-ii-holt-sich-den-c-liga-reserve-cup\/\">SSV Stockum II holt sich den C-Liga Reserve Cup 2017<\/a>\u00a0|\u00a0<a href=\"http:\/\/www.tus-bruchhausen.de\/Fussball\/debuetant-gewinnt-den-c-liga-reserve-cup\/\">Deb\u00fctant gewinnt den C-Liga Reserve Cup<\/a>\u00a0| <a href=\"http:\/\/tus-bruchhausen.de\/Fussball\/sv-huesten-09-iii-holt-c-liga-reserve-cup-2015\/\">SV H\u00fcsten 09 III holt C-Liga Reserve Cup 2015<\/a> | <a href=\"http:\/\/tus-bruchhausen.de\/Fussball\/tus-hachen-ii-gewinnt-c-liga-reserve-cup\/\">TuS Hachen II gewinnt C-Liga Reserve Cup 2014\u00a0<\/a><\/p>\n","protected":false},"excerpt":{"rendered":"<p>Am\u00a0 1. Februar 2019 startet erneut der Budenzauber der Reserveteams. Der C-Liga Reserve Cup wird bereits zum achten Mal in der Sporthalle \u201eGro\u00dfe Wiese\u201c in H\u00fcsten ausgetragen. Es ist das Hallenturnier f\u00fcr 2. und 3. Mannschaften, die in der C- oder D-Kreisliga spielen. 12 Reserve-Teams k\u00e4mpfen um den Wanderpokal In 2019 gehen zw\u00f6lf Mannschaften in [&hellip;]<\/p>\n","protected":false},"author":1,"featured_media":16171,"comment_status":"closed","ping_status":"closed","sticky":false,"template":"","format":"standard","meta":{"footnotes":""},"categories":[4,1,8,18,20],"tags":[],"class_list":["post-16163","post","type-post","status-publish","format-standard","has-post-thumbnail","hentry","category-2-mannschaft","category-hauptverein","category-news","category-spielankuendigung","category-app","small-justify-block","has-thumb"],"yoast_head":"<!-- This site is optimized with the Yoast SEO plugin v27.2 - https:\/\/yoast.com\/product\/yoast-seo-wordpress\/ -->\n<title>Budenzauber am 01. Februar 2019 in der &quot;Gro\u00dfen Wiese&quot;<\/title>\n<meta name=\"robots\" content=\"index, follow, max-snippet:-1, max-image-preview:large, max-video-preview:-1\" \/>\n<link rel=\"canonical\" href=\"http:\/\/www.tus-bruchhausen.de\/Fussball\/budenzauber-am-01-februar-2019-in-der-grossen-wiese\/\" \/>\n<meta property=\"og:locale\" content=\"de_DE\" \/>\n<meta property=\"og:type\" content=\"article\" \/>\n<meta property=\"og:title\" content=\"Budenzauber am 01. Februar 2019 in der &quot;Gro\u00dfen Wiese&quot;\" \/>\n<meta property=\"og:description\" content=\"Am\u00a0 1. Februar 2019 startet erneut der Budenzauber der Reserveteams. Der C-Liga Reserve Cup wird bereits zum achten Mal in der Sporthalle \u201eGro\u00dfe Wiese\u201c in H\u00fcsten ausgetragen. Es ist das Hallenturnier f\u00fcr 2. und 3. Mannschaften, die in der C- oder D-Kreisliga spielen. 12 Reserve-Teams k\u00e4mpfen um den Wanderpokal In 2019 gehen zw\u00f6lf Mannschaften in [&hellip;]\" \/>\n<meta property=\"og:url\" content=\"http:\/\/www.tus-bruchhausen.de\/Fussball\/budenzauber-am-01-februar-2019-in-der-grossen-wiese\/\" \/>\n<meta property=\"og:site_name\" content=\"TuS Bruchhausen\" \/>\n<meta property=\"article:publisher\" content=\"https:\/\/www.facebook.com\/TuS02\/\" \/>\n<meta property=\"article:published_time\" content=\"2019-01-02T14:08:31+00:00\" \/>\n<meta property=\"article:modified_time\" content=\"2019-01-02T14:16:14+00:00\" \/>\n<meta property=\"og:image\" content=\"http:\/\/www.tus-bruchhausen.de\/Fussball\/wp-content\/uploads\/2019\/01\/IMG_9472-1800x1200.jpg\" \/>\n\t<meta property=\"og:image:width\" content=\"1800\" \/>\n\t<meta property=\"og:image:height\" content=\"1200\" \/>\n\t<meta property=\"og:image:type\" content=\"image\/jpeg\" \/>\n<meta name=\"author\" content=\"TKuhlmann\" \/>\n<meta name=\"twitter:card\" content=\"summary_large_image\" \/>\n<meta name=\"twitter:label1\" content=\"Verfasst von\" \/>\n\t<meta name=\"twitter:data1\" content=\"TKuhlmann\" \/>\n\t<meta name=\"twitter:label2\" content=\"Gesch\u00e4tzte Lesezeit\" \/>\n\t<meta name=\"twitter:data2\" content=\"1\u00a0Minute\" \/>\n<script type=\"application\/ld+json\" class=\"yoast-schema-graph\">{\"@context\":\"https:\/\/schema.org\",\"@graph\":[{\"@type\":\"Article\",\"@id\":\"http:\/\/www.tus-bruchhausen.de\/Fussball\/budenzauber-am-01-februar-2019-in-der-grossen-wiese\/#article\",\"isPartOf\":{\"@id\":\"http:\/\/www.tus-bruchhausen.de\/Fussball\/budenzauber-am-01-februar-2019-in-der-grossen-wiese\/\"},\"author\":{\"name\":\"TKuhlmann\",\"@id\":\"https:\/\/www.tus-bruchhausen.de\/Fussball\/#\/schema\/person\/92059d83c2eeb62cc1c25411e78ed9dc\"},\"headline\":\"Budenzauber am 01. Februar 2019 in der &#8220;Gro\u00dfen Wiese&#8221;\",\"datePublished\":\"2019-01-02T14:08:31+00:00\",\"dateModified\":\"2019-01-02T14:16:14+00:00\",\"mainEntityOfPage\":{\"@id\":\"http:\/\/www.tus-bruchhausen.de\/Fussball\/budenzauber-am-01-februar-2019-in-der-grossen-wiese\/\"},\"wordCount\":217,\"image\":{\"@id\":\"http:\/\/www.tus-bruchhausen.de\/Fussball\/budenzauber-am-01-februar-2019-in-der-grossen-wiese\/#primaryimage\"},\"thumbnailUrl\":\"http:\/\/www.tus-bruchhausen.de\/Fussball\/wp-content\/uploads\/2019\/01\/IMG_9472.jpg\",\"articleSection\":[\"2. Mannschaft\",\"Hauptverein\",\"News\",\"Spielank\u00fcndigung\",\"Z_APP\"],\"inLanguage\":\"de\"},{\"@type\":\"WebPage\",\"@id\":\"http:\/\/www.tus-bruchhausen.de\/Fussball\/budenzauber-am-01-februar-2019-in-der-grossen-wiese\/\",\"url\":\"http:\/\/www.tus-bruchhausen.de\/Fussball\/budenzauber-am-01-februar-2019-in-der-grossen-wiese\/\",\"name\":\"Budenzauber am 01. Februar 2019 in der \\\"Gro\u00dfen Wiese\\\"\",\"isPartOf\":{\"@id\":\"https:\/\/www.tus-bruchhausen.de\/Fussball\/#website\"},\"primaryImageOfPage\":{\"@id\":\"http:\/\/www.tus-bruchhausen.de\/Fussball\/budenzauber-am-01-februar-2019-in-der-grossen-wiese\/#primaryimage\"},\"image\":{\"@id\":\"http:\/\/www.tus-bruchhausen.de\/Fussball\/budenzauber-am-01-februar-2019-in-der-grossen-wiese\/#primaryimage\"},\"thumbnailUrl\":\"http:\/\/www.tus-bruchhausen.de\/Fussball\/wp-content\/uploads\/2019\/01\/IMG_9472.jpg\",\"datePublished\":\"2019-01-02T14:08:31+00:00\",\"dateModified\":\"2019-01-02T14:16:14+00:00\",\"author\":{\"@id\":\"https:\/\/www.tus-bruchhausen.de\/Fussball\/#\/schema\/person\/92059d83c2eeb62cc1c25411e78ed9dc\"},\"breadcrumb\":{\"@id\":\"http:\/\/www.tus-bruchhausen.de\/Fussball\/budenzauber-am-01-februar-2019-in-der-grossen-wiese\/#breadcrumb\"},\"inLanguage\":\"de\",\"potentialAction\":[{\"@type\":\"ReadAction\",\"target\":[\"http:\/\/www.tus-bruchhausen.de\/Fussball\/budenzauber-am-01-februar-2019-in-der-grossen-wiese\/\"]}]},{\"@type\":\"ImageObject\",\"inLanguage\":\"de\",\"@id\":\"http:\/\/www.tus-bruchhausen.de\/Fussball\/budenzauber-am-01-februar-2019-in-der-grossen-wiese\/#primaryimage\",\"url\":\"http:\/\/www.tus-bruchhausen.de\/Fussball\/wp-content\/uploads\/2019\/01\/IMG_9472.jpg\",\"contentUrl\":\"http:\/\/www.tus-bruchhausen.de\/Fussball\/wp-content\/uploads\/2019\/01\/IMG_9472.jpg\",\"width\":2538,\"height\":1692},{\"@type\":\"BreadcrumbList\",\"@id\":\"http:\/\/www.tus-bruchhausen.de\/Fussball\/budenzauber-am-01-februar-2019-in-der-grossen-wiese\/#breadcrumb\",\"itemListElement\":[{\"@type\":\"ListItem\",\"position\":1,\"name\":\"Startseite\",\"item\":\"https:\/\/www.tus-bruchhausen.de\/Fussball\/\"},{\"@type\":\"ListItem\",\"position\":2,\"name\":\"Budenzauber am 01. Februar 2019 in der &#8220;Gro\u00dfen Wiese&#8221;\"}]},{\"@type\":\"WebSite\",\"@id\":\"https:\/\/www.tus-bruchhausen.de\/Fussball\/#website\",\"url\":\"https:\/\/www.tus-bruchhausen.de\/Fussball\/\",\"name\":\"TuS Bruchhausen\",\"description\":\"Fu\u00dfball\",\"potentialAction\":[{\"@type\":\"SearchAction\",\"target\":{\"@type\":\"EntryPoint\",\"urlTemplate\":\"https:\/\/www.tus-bruchhausen.de\/Fussball\/?s={search_term_string}\"},\"query-input\":{\"@type\":\"PropertyValueSpecification\",\"valueRequired\":true,\"valueName\":\"search_term_string\"}}],\"inLanguage\":\"de\"},{\"@type\":\"Person\",\"@id\":\"https:\/\/www.tus-bruchhausen.de\/Fussball\/#\/schema\/person\/92059d83c2eeb62cc1c25411e78ed9dc\",\"name\":\"TKuhlmann\",\"image\":{\"@type\":\"ImageObject\",\"inLanguage\":\"de\",\"@id\":\"https:\/\/secure.gravatar.com\/avatar\/3b91757280f33b9ed04e8ae2217709266f1c1e416af9d163b4e541134ddf3c97?s=96&d=mm&r=g\",\"url\":\"https:\/\/secure.gravatar.com\/avatar\/3b91757280f33b9ed04e8ae2217709266f1c1e416af9d163b4e541134ddf3c97?s=96&d=mm&r=g\",\"contentUrl\":\"https:\/\/secure.gravatar.com\/avatar\/3b91757280f33b9ed04e8ae2217709266f1c1e416af9d163b4e541134ddf3c97?s=96&d=mm&r=g\",\"caption\":\"TKuhlmann\"}}]}<\/script>\n<!-- \/ Yoast SEO plugin. -->","yoast_head_json":{"title":"Budenzauber am 01. Februar 2019 in der \"Gro\u00dfen Wiese\"","robots":{"index":"index","follow":"follow","max-snippet":"max-snippet:-1","max-image-preview":"max-image-preview:large","max-video-preview":"max-video-preview:-1"},"canonical":"http:\/\/www.tus-bruchhausen.de\/Fussball\/budenzauber-am-01-februar-2019-in-der-grossen-wiese\/","og_locale":"de_DE","og_type":"article","og_title":"Budenzauber am 01. Februar 2019 in der \"Gro\u00dfen Wiese\"","og_description":"Am\u00a0 1. Februar 2019 startet erneut der Budenzauber der Reserveteams. Der C-Liga Reserve Cup wird bereits zum achten Mal in der Sporthalle \u201eGro\u00dfe Wiese\u201c in H\u00fcsten ausgetragen. Es ist das Hallenturnier f\u00fcr 2. und 3. Mannschaften, die in der C- oder D-Kreisliga spielen. 12 Reserve-Teams k\u00e4mpfen um den Wanderpokal In 2019 gehen zw\u00f6lf Mannschaften in [&hellip;]","og_url":"http:\/\/www.tus-bruchhausen.de\/Fussball\/budenzauber-am-01-februar-2019-in-der-grossen-wiese\/","og_site_name":"TuS Bruchhausen","article_publisher":"https:\/\/www.facebook.com\/TuS02\/","article_published_time":"2019-01-02T14:08:31+00:00","article_modified_time":"2019-01-02T14:16:14+00:00","og_image":[{"width":1800,"height":1200,"url":"http:\/\/www.tus-bruchhausen.de\/Fussball\/wp-content\/uploads\/2019\/01\/IMG_9472-1800x1200.jpg","type":"image\/jpeg"}],"author":"TKuhlmann","twitter_card":"summary_large_image","twitter_misc":{"Verfasst von":"TKuhlmann","Gesch\u00e4tzte Lesezeit":"1\u00a0Minute"},"schema":{"@context":"https:\/\/schema.org","@graph":[{"@type":"Article","@id":"http:\/\/www.tus-bruchhausen.de\/Fussball\/budenzauber-am-01-februar-2019-in-der-grossen-wiese\/#article","isPartOf":{"@id":"http:\/\/www.tus-bruchhausen.de\/Fussball\/budenzauber-am-01-februar-2019-in-der-grossen-wiese\/"},"author":{"name":"TKuhlmann","@id":"https:\/\/www.tus-bruchhausen.de\/Fussball\/#\/schema\/person\/92059d83c2eeb62cc1c25411e78ed9dc"},"headline":"Budenzauber am 01. Februar 2019 in der &#8220;Gro\u00dfen Wiese&#8221;","datePublished":"2019-01-02T14:08:31+00:00","dateModified":"2019-01-02T14:16:14+00:00","mainEntityOfPage":{"@id":"http:\/\/www.tus-bruchhausen.de\/Fussball\/budenzauber-am-01-februar-2019-in-der-grossen-wiese\/"},"wordCount":217,"image":{"@id":"http:\/\/www.tus-bruchhausen.de\/Fussball\/budenzauber-am-01-februar-2019-in-der-grossen-wiese\/#primaryimage"},"thumbnailUrl":"http:\/\/www.tus-bruchhausen.de\/Fussball\/wp-content\/uploads\/2019\/01\/IMG_9472.jpg","articleSection":["2. Mannschaft","Hauptverein","News","Spielank\u00fcndigung","Z_APP"],"inLanguage":"de"},{"@type":"WebPage","@id":"http:\/\/www.tus-bruchhausen.de\/Fussball\/budenzauber-am-01-februar-2019-in-der-grossen-wiese\/","url":"http:\/\/www.tus-bruchhausen.de\/Fussball\/budenzauber-am-01-februar-2019-in-der-grossen-wiese\/","name":"Budenzauber am 01. Februar 2019 in der \"Gro\u00dfen Wiese\"","isPartOf":{"@id":"https:\/\/www.tus-bruchhausen.de\/Fussball\/#website"},"primaryImageOfPage":{"@id":"http:\/\/www.tus-bruchhausen.de\/Fussball\/budenzauber-am-01-februar-2019-in-der-grossen-wiese\/#primaryimage"},"image":{"@id":"http:\/\/www.tus-bruchhausen.de\/Fussball\/budenzauber-am-01-februar-2019-in-der-grossen-wiese\/#primaryimage"},"thumbnailUrl":"http:\/\/www.tus-bruchhausen.de\/Fussball\/wp-content\/uploads\/2019\/01\/IMG_9472.jpg","datePublished":"2019-01-02T14:08:31+00:00","dateModified":"2019-01-02T14:16:14+00:00","author":{"@id":"https:\/\/www.tus-bruchhausen.de\/Fussball\/#\/schema\/person\/92059d83c2eeb62cc1c25411e78ed9dc"},"breadcrumb":{"@id":"http:\/\/www.tus-bruchhausen.de\/Fussball\/budenzauber-am-01-februar-2019-in-der-grossen-wiese\/#breadcrumb"},"inLanguage":"de","potentialAction":[{"@type":"ReadAction","target":["http:\/\/www.tus-bruchhausen.de\/Fussball\/budenzauber-am-01-februar-2019-in-der-grossen-wiese\/"]}]},{"@type":"ImageObject","inLanguage":"de","@id":"http:\/\/www.tus-bruchhausen.de\/Fussball\/budenzauber-am-01-februar-2019-in-der-grossen-wiese\/#primaryimage","url":"http:\/\/www.tus-bruchhausen.de\/Fussball\/wp-content\/uploads\/2019\/01\/IMG_9472.jpg","contentUrl":"http:\/\/www.tus-bruchhausen.de\/Fussball\/wp-content\/uploads\/2019\/01\/IMG_9472.jpg","width":2538,"height":1692},{"@type":"BreadcrumbList","@id":"http:\/\/www.tus-bruchhausen.de\/Fussball\/budenzauber-am-01-februar-2019-in-der-grossen-wiese\/#breadcrumb","itemListElement":[{"@type":"ListItem","position":1,"name":"Startseite","item":"https:\/\/www.tus-bruchhausen.de\/Fussball\/"},{"@type":"ListItem","position":2,"name":"Budenzauber am 01. Februar 2019 in der &#8220;Gro\u00dfen Wiese&#8221;"}]},{"@type":"WebSite","@id":"https:\/\/www.tus-bruchhausen.de\/Fussball\/#website","url":"https:\/\/www.tus-bruchhausen.de\/Fussball\/","name":"TuS Bruchhausen","description":"Fu\u00dfball","potentialAction":[{"@type":"SearchAction","target":{"@type":"EntryPoint","urlTemplate":"https:\/\/www.tus-bruchhausen.de\/Fussball\/?s={search_term_string}"},"query-input":{"@type":"PropertyValueSpecification","valueRequired":true,"valueName":"search_term_string"}}],"inLanguage":"de"},{"@type":"Person","@id":"https:\/\/www.tus-bruchhausen.de\/Fussball\/#\/schema\/person\/92059d83c2eeb62cc1c25411e78ed9dc","name":"TKuhlmann","image":{"@type":"ImageObject","inLanguage":"de","@id":"https:\/\/secure.gravatar.com\/avatar\/3b91757280f33b9ed04e8ae2217709266f1c1e416af9d163b4e541134ddf3c97?s=96&d=mm&r=g","url":"https:\/\/secure.gravatar.com\/avatar\/3b91757280f33b9ed04e8ae2217709266f1c1e416af9d163b4e541134ddf3c97?s=96&d=mm&r=g","contentUrl":"https:\/\/secure.gravatar.com\/avatar\/3b91757280f33b9ed04e8ae2217709266f1c1e416af9d163b4e541134ddf3c97?s=96&d=mm&r=g","caption":"TKuhlmann"}}]}},"_links":{"self":[{"href":"http:\/\/www.tus-bruchhausen.de\/Fussball\/wp-json\/wp\/v2\/posts\/16163","targetHints":{"allow":["GET"]}}],"collection":[{"href":"http:\/\/www.tus-bruchhausen.de\/Fussball\/wp-json\/wp\/v2\/posts"}],"about":[{"href":"http:\/\/www.tus-bruchhausen.de\/Fussball\/wp-json\/wp\/v2\/types\/post"}],"author":[{"embeddable":true,"href":"http:\/\/www.tus-bruchhausen.de\/Fussball\/wp-json\/wp\/v2\/users\/1"}],"replies":[{"embeddable":true,"href":"http:\/\/www.tus-bruchhausen.de\/Fussball\/wp-json\/wp\/v2\/comments?post=16163"}],"version-history":[{"count":3,"href":"http:\/\/www.tus-bruchhausen.de\/Fussball\/wp-json\/wp\/v2\/posts\/16163\/revisions"}],"predecessor-version":[{"id":16170,"href":"http:\/\/www.tus-bruchhausen.de\/Fussball\/wp-json\/wp\/v2\/posts\/16163\/revisions\/16170"}],"wp:featuredmedia":[{"embeddable":true,"href":"http:\/\/www.tus-bruchhausen.de\/Fussball\/wp-json\/wp\/v2\/media\/16171"}],"wp:attachment":[{"href":"http:\/\/www.tus-bruchhausen.de\/Fussball\/wp-json\/wp\/v2\/media?parent=16163"}],"wp:term":[{"taxonomy":"category","embeddable":true,"href":"http:\/\/www.tus-bruchhausen.de\/Fussball\/wp-json\/wp\/v2\/categories?post=16163"},{"taxonomy":"post_tag","embeddable":true,"href":"http:\/\/www.tus-bruchhausen.de\/Fussball\/wp-json\/wp\/v2\/tags?post=16163"}],"curies":[{"name":"wp","href":"https:\/\/api.w.org\/{rel}","templated":true}]}}