{"id":17140,"date":"2019-09-16T09:38:59","date_gmt":"2019-09-16T07:38:59","guid":{"rendered":"http:\/\/www.tus-bruchhausen.de\/Fussball\/?p=17140"},"modified":"2019-09-17T11:25:32","modified_gmt":"2019-09-17T09:25:32","slug":"hiag-elf-feiert-heimerfolg-gegen-beckum","status":"publish","type":"post","link":"http:\/\/www.tus-bruchhausen.de\/Fussball\/hiag-elf-feiert-heimerfolg-gegen-beckum\/","title":{"rendered":"HIAG-Elf feiert Heimerfolg gegen Beckum"},"content":{"rendered":"<p>Die 1. Mannschaft des TuS Bruchhausen ist weiter ungeschlagen unterwegs. Im Heimspiel gegen die SG Beckum\/H\u00f6vel gewann die HIAG-Elf mit 3:2 (1:0) und schiebt sich auf den dritten Tabellenplatz vor.<\/p>\n<h3><strong>Marvin Weber gelingt Siegtreffer per Kopf<\/strong><\/h3>\n<p>In der letzten Saison fehlten der SG Beckum\/H\u00f6vel nur 4 Punkte zum Aufstieg in die A-Liga, ein ensprechend starken Gegner erwartete man deshalb an der HIAG. Im Spiel gegen den Vorjahresvierten spielte sich die Mannschaft des TuS 02 jedoch von Beginn an ein optisches \u00dcbergewicht mit einigen guten Offensivaktionen. Um den bis dahin gut aufgelegten G\u00e4stekeeper zu \u00fcberwinden musste in der 1. Halbzeit eine Standardsituation herhalten. TuS-Mittelfeldspieler Marcel Angenendt (39.) legte sich das Leder bei einem Freisto\u00df aus 20 Metern zurecht und platzierte den Ball \u00fcber die gegerische Mauer ins Tor. Wenige Sekunden nach der 1:0 F\u00fchrung war TuS-St\u00fcrmer Marcel Linke unterwegs zum Doppelschlag als er per Notbremse vom SG-Keeper gestoppt wurde. Der Schiedsrichter z\u00f6gerte nicht und schickte den Schlussmann mit rot vom Feld. Der anschlie\u00dfende Freisto\u00df brachte allerdings nichts ein.<\/p>\n<p>Nach dem Seitenwechsel entwickelte sich ein munteres Spielchen. In \u00dcberzahl spielend gelang es Marcel Linke (60.) den Ersatztorh\u00fcter mit einem &#8220;no-look Heber&#8221; mit dem R\u00fccken zum Tor zu \u00fcberwinden. Es war das 2:0 f\u00fcr den TuS Bruchhausen und wie viele dachten die Vorentscheidung. Doch die G\u00e4ste auch Beckum und H\u00f6vel fanden zur\u00fcck in die Partie. Innerhalb von sieben Minuten hatten Yves Breucking (75.) und Christian Daake (82.) den Spielstand auszugleichen. Ein Schock f\u00fcr das bis dahin \u00fcberlegende TuS-Team. Doch Bruchhausen hatte f\u00fcnf Minuten vor dem Spielende die passende Antwort perat. Mit einen musterg\u00fcltigen Kopfball traf TuS-Spielf\u00fchrer Marvin Weber (85.) zum Siegtreffer f\u00fcr die Elf von Trainer Benedikt Brune. Nach vier Spielen klettert die HIAG-Elf auf den 3. Tabellenplatz und ist zusammen mit dem TuS Langenholthausen II noch ungeschlagen in der Kreisliga B.<\/p>\n<p>Weiter geht es bereits am Mittwoch im Krombacher Kreispokal. Im Achtelfinale ist A-Liga Aufsteiger SG Holzen\/Eisborn um 19:30 Uhr zu Gast im Sporpark An der HIAG.<\/p>\n","protected":false},"excerpt":{"rendered":"<p>Die 1. Mannschaft des TuS Bruchhausen ist weiter ungeschlagen unterwegs. Im Heimspiel gegen die SG Beckum\/H\u00f6vel gewann die HIAG-Elf mit 3:2 (1:0) und schiebt sich auf den dritten Tabellenplatz vor. Marvin Weber gelingt Siegtreffer per Kopf In der letzten Saison fehlten der SG Beckum\/H\u00f6vel nur 4 Punkte zum Aufstieg in die A-Liga, ein ensprechend starken [&hellip;]<\/p>\n","protected":false},"author":1,"featured_media":17125,"comment_status":"closed","ping_status":"closed","sticky":false,"template":"","format":"standard","meta":{"footnotes":""},"categories":[3,8],"tags":[],"class_list":["post-17140","post","type-post","status-publish","format-standard","has-post-thumbnail","hentry","category-1-mannschaft","category-news","small-justify-block","has-thumb"],"yoast_head":"<!-- This site is optimized with the Yoast SEO plugin v27.2 - https:\/\/yoast.com\/product\/yoast-seo-wordpress\/ -->\n<title>HIAG-Elf feiert Heimerfolg gegen Beckum<\/title>\n<meta name=\"robots\" content=\"index, follow, max-snippet:-1, max-image-preview:large, max-video-preview:-1\" \/>\n<link rel=\"canonical\" href=\"http:\/\/www.tus-bruchhausen.de\/Fussball\/hiag-elf-feiert-heimerfolg-gegen-beckum\/\" \/>\n<meta property=\"og:locale\" content=\"de_DE\" \/>\n<meta property=\"og:type\" content=\"article\" \/>\n<meta property=\"og:title\" content=\"HIAG-Elf feiert Heimerfolg gegen Beckum\" \/>\n<meta property=\"og:description\" content=\"Die 1. Mannschaft des TuS Bruchhausen ist weiter ungeschlagen unterwegs. Im Heimspiel gegen die SG Beckum\/H\u00f6vel gewann die HIAG-Elf mit 3:2 (1:0) und schiebt sich auf den dritten Tabellenplatz vor. Marvin Weber gelingt Siegtreffer per Kopf In der letzten Saison fehlten der SG Beckum\/H\u00f6vel nur 4 Punkte zum Aufstieg in die A-Liga, ein ensprechend starken [&hellip;]\" \/>\n<meta property=\"og:url\" content=\"http:\/\/www.tus-bruchhausen.de\/Fussball\/hiag-elf-feiert-heimerfolg-gegen-beckum\/\" \/>\n<meta property=\"og:site_name\" content=\"TuS Bruchhausen\" \/>\n<meta property=\"article:publisher\" content=\"https:\/\/www.facebook.com\/TuS02\/\" \/>\n<meta property=\"article:published_time\" content=\"2019-09-16T07:38:59+00:00\" \/>\n<meta property=\"article:modified_time\" content=\"2019-09-17T09:25:32+00:00\" \/>\n<meta property=\"og:image\" content=\"http:\/\/www.tus-bruchhausen.de\/Fussball\/wp-content\/uploads\/2019\/09\/IMG_7888-scaled.jpg\" \/>\n\t<meta property=\"og:image:width\" content=\"2560\" \/>\n\t<meta property=\"og:image:height\" content=\"1707\" \/>\n\t<meta property=\"og:image:type\" content=\"image\/jpeg\" \/>\n<meta name=\"author\" content=\"TKuhlmann\" \/>\n<meta name=\"twitter:card\" content=\"summary_large_image\" \/>\n<meta name=\"twitter:label1\" content=\"Verfasst von\" \/>\n\t<meta name=\"twitter:data1\" content=\"TKuhlmann\" \/>\n\t<meta name=\"twitter:label2\" content=\"Gesch\u00e4tzte Lesezeit\" \/>\n\t<meta name=\"twitter:data2\" content=\"2\u00a0Minuten\" \/>\n<script type=\"application\/ld+json\" class=\"yoast-schema-graph\">{\"@context\":\"https:\/\/schema.org\",\"@graph\":[{\"@type\":\"Article\",\"@id\":\"http:\/\/www.tus-bruchhausen.de\/Fussball\/hiag-elf-feiert-heimerfolg-gegen-beckum\/#article\",\"isPartOf\":{\"@id\":\"http:\/\/www.tus-bruchhausen.de\/Fussball\/hiag-elf-feiert-heimerfolg-gegen-beckum\/\"},\"author\":{\"name\":\"TKuhlmann\",\"@id\":\"https:\/\/www.tus-bruchhausen.de\/Fussball\/#\/schema\/person\/92059d83c2eeb62cc1c25411e78ed9dc\"},\"headline\":\"HIAG-Elf feiert Heimerfolg gegen Beckum\",\"datePublished\":\"2019-09-16T07:38:59+00:00\",\"dateModified\":\"2019-09-17T09:25:32+00:00\",\"mainEntityOfPage\":{\"@id\":\"http:\/\/www.tus-bruchhausen.de\/Fussball\/hiag-elf-feiert-heimerfolg-gegen-beckum\/\"},\"wordCount\":335,\"image\":{\"@id\":\"http:\/\/www.tus-bruchhausen.de\/Fussball\/hiag-elf-feiert-heimerfolg-gegen-beckum\/#primaryimage\"},\"thumbnailUrl\":\"http:\/\/www.tus-bruchhausen.de\/Fussball\/wp-content\/uploads\/2019\/09\/IMG_7888-scaled.jpg\",\"articleSection\":[\"1. Mannschaft\",\"News\"],\"inLanguage\":\"de\"},{\"@type\":\"WebPage\",\"@id\":\"http:\/\/www.tus-bruchhausen.de\/Fussball\/hiag-elf-feiert-heimerfolg-gegen-beckum\/\",\"url\":\"http:\/\/www.tus-bruchhausen.de\/Fussball\/hiag-elf-feiert-heimerfolg-gegen-beckum\/\",\"name\":\"HIAG-Elf feiert Heimerfolg gegen Beckum\",\"isPartOf\":{\"@id\":\"https:\/\/www.tus-bruchhausen.de\/Fussball\/#website\"},\"primaryImageOfPage\":{\"@id\":\"http:\/\/www.tus-bruchhausen.de\/Fussball\/hiag-elf-feiert-heimerfolg-gegen-beckum\/#primaryimage\"},\"image\":{\"@id\":\"http:\/\/www.tus-bruchhausen.de\/Fussball\/hiag-elf-feiert-heimerfolg-gegen-beckum\/#primaryimage\"},\"thumbnailUrl\":\"http:\/\/www.tus-bruchhausen.de\/Fussball\/wp-content\/uploads\/2019\/09\/IMG_7888-scaled.jpg\",\"datePublished\":\"2019-09-16T07:38:59+00:00\",\"dateModified\":\"2019-09-17T09:25:32+00:00\",\"author\":{\"@id\":\"https:\/\/www.tus-bruchhausen.de\/Fussball\/#\/schema\/person\/92059d83c2eeb62cc1c25411e78ed9dc\"},\"breadcrumb\":{\"@id\":\"http:\/\/www.tus-bruchhausen.de\/Fussball\/hiag-elf-feiert-heimerfolg-gegen-beckum\/#breadcrumb\"},\"inLanguage\":\"de\",\"potentialAction\":[{\"@type\":\"ReadAction\",\"target\":[\"http:\/\/www.tus-bruchhausen.de\/Fussball\/hiag-elf-feiert-heimerfolg-gegen-beckum\/\"]}]},{\"@type\":\"ImageObject\",\"inLanguage\":\"de\",\"@id\":\"http:\/\/www.tus-bruchhausen.de\/Fussball\/hiag-elf-feiert-heimerfolg-gegen-beckum\/#primaryimage\",\"url\":\"http:\/\/www.tus-bruchhausen.de\/Fussball\/wp-content\/uploads\/2019\/09\/IMG_7888-scaled.jpg\",\"contentUrl\":\"http:\/\/www.tus-bruchhausen.de\/Fussball\/wp-content\/uploads\/2019\/09\/IMG_7888-scaled.jpg\",\"width\":2560,\"height\":1707},{\"@type\":\"BreadcrumbList\",\"@id\":\"http:\/\/www.tus-bruchhausen.de\/Fussball\/hiag-elf-feiert-heimerfolg-gegen-beckum\/#breadcrumb\",\"itemListElement\":[{\"@type\":\"ListItem\",\"position\":1,\"name\":\"Startseite\",\"item\":\"https:\/\/www.tus-bruchhausen.de\/Fussball\/\"},{\"@type\":\"ListItem\",\"position\":2,\"name\":\"HIAG-Elf feiert Heimerfolg gegen Beckum\"}]},{\"@type\":\"WebSite\",\"@id\":\"https:\/\/www.tus-bruchhausen.de\/Fussball\/#website\",\"url\":\"https:\/\/www.tus-bruchhausen.de\/Fussball\/\",\"name\":\"TuS Bruchhausen\",\"description\":\"Fu\u00dfball\",\"potentialAction\":[{\"@type\":\"SearchAction\",\"target\":{\"@type\":\"EntryPoint\",\"urlTemplate\":\"https:\/\/www.tus-bruchhausen.de\/Fussball\/?s={search_term_string}\"},\"query-input\":{\"@type\":\"PropertyValueSpecification\",\"valueRequired\":true,\"valueName\":\"search_term_string\"}}],\"inLanguage\":\"de\"},{\"@type\":\"Person\",\"@id\":\"https:\/\/www.tus-bruchhausen.de\/Fussball\/#\/schema\/person\/92059d83c2eeb62cc1c25411e78ed9dc\",\"name\":\"TKuhlmann\",\"image\":{\"@type\":\"ImageObject\",\"inLanguage\":\"de\",\"@id\":\"https:\/\/secure.gravatar.com\/avatar\/3b91757280f33b9ed04e8ae2217709266f1c1e416af9d163b4e541134ddf3c97?s=96&d=mm&r=g\",\"url\":\"https:\/\/secure.gravatar.com\/avatar\/3b91757280f33b9ed04e8ae2217709266f1c1e416af9d163b4e541134ddf3c97?s=96&d=mm&r=g\",\"contentUrl\":\"https:\/\/secure.gravatar.com\/avatar\/3b91757280f33b9ed04e8ae2217709266f1c1e416af9d163b4e541134ddf3c97?s=96&d=mm&r=g\",\"caption\":\"TKuhlmann\"}}]}<\/script>\n<!-- \/ Yoast SEO plugin. -->","yoast_head_json":{"title":"HIAG-Elf feiert Heimerfolg gegen Beckum","robots":{"index":"index","follow":"follow","max-snippet":"max-snippet:-1","max-image-preview":"max-image-preview:large","max-video-preview":"max-video-preview:-1"},"canonical":"http:\/\/www.tus-bruchhausen.de\/Fussball\/hiag-elf-feiert-heimerfolg-gegen-beckum\/","og_locale":"de_DE","og_type":"article","og_title":"HIAG-Elf feiert Heimerfolg gegen Beckum","og_description":"Die 1. Mannschaft des TuS Bruchhausen ist weiter ungeschlagen unterwegs. Im Heimspiel gegen die SG Beckum\/H\u00f6vel gewann die HIAG-Elf mit 3:2 (1:0) und schiebt sich auf den dritten Tabellenplatz vor. Marvin Weber gelingt Siegtreffer per Kopf In der letzten Saison fehlten der SG Beckum\/H\u00f6vel nur 4 Punkte zum Aufstieg in die A-Liga, ein ensprechend starken [&hellip;]","og_url":"http:\/\/www.tus-bruchhausen.de\/Fussball\/hiag-elf-feiert-heimerfolg-gegen-beckum\/","og_site_name":"TuS Bruchhausen","article_publisher":"https:\/\/www.facebook.com\/TuS02\/","article_published_time":"2019-09-16T07:38:59+00:00","article_modified_time":"2019-09-17T09:25:32+00:00","og_image":[{"width":2560,"height":1707,"url":"http:\/\/www.tus-bruchhausen.de\/Fussball\/wp-content\/uploads\/2019\/09\/IMG_7888-scaled.jpg","type":"image\/jpeg"}],"author":"TKuhlmann","twitter_card":"summary_large_image","twitter_misc":{"Verfasst von":"TKuhlmann","Gesch\u00e4tzte Lesezeit":"2\u00a0Minuten"},"schema":{"@context":"https:\/\/schema.org","@graph":[{"@type":"Article","@id":"http:\/\/www.tus-bruchhausen.de\/Fussball\/hiag-elf-feiert-heimerfolg-gegen-beckum\/#article","isPartOf":{"@id":"http:\/\/www.tus-bruchhausen.de\/Fussball\/hiag-elf-feiert-heimerfolg-gegen-beckum\/"},"author":{"name":"TKuhlmann","@id":"https:\/\/www.tus-bruchhausen.de\/Fussball\/#\/schema\/person\/92059d83c2eeb62cc1c25411e78ed9dc"},"headline":"HIAG-Elf feiert Heimerfolg gegen Beckum","datePublished":"2019-09-16T07:38:59+00:00","dateModified":"2019-09-17T09:25:32+00:00","mainEntityOfPage":{"@id":"http:\/\/www.tus-bruchhausen.de\/Fussball\/hiag-elf-feiert-heimerfolg-gegen-beckum\/"},"wordCount":335,"image":{"@id":"http:\/\/www.tus-bruchhausen.de\/Fussball\/hiag-elf-feiert-heimerfolg-gegen-beckum\/#primaryimage"},"thumbnailUrl":"http:\/\/www.tus-bruchhausen.de\/Fussball\/wp-content\/uploads\/2019\/09\/IMG_7888-scaled.jpg","articleSection":["1. Mannschaft","News"],"inLanguage":"de"},{"@type":"WebPage","@id":"http:\/\/www.tus-bruchhausen.de\/Fussball\/hiag-elf-feiert-heimerfolg-gegen-beckum\/","url":"http:\/\/www.tus-bruchhausen.de\/Fussball\/hiag-elf-feiert-heimerfolg-gegen-beckum\/","name":"HIAG-Elf feiert Heimerfolg gegen Beckum","isPartOf":{"@id":"https:\/\/www.tus-bruchhausen.de\/Fussball\/#website"},"primaryImageOfPage":{"@id":"http:\/\/www.tus-bruchhausen.de\/Fussball\/hiag-elf-feiert-heimerfolg-gegen-beckum\/#primaryimage"},"image":{"@id":"http:\/\/www.tus-bruchhausen.de\/Fussball\/hiag-elf-feiert-heimerfolg-gegen-beckum\/#primaryimage"},"thumbnailUrl":"http:\/\/www.tus-bruchhausen.de\/Fussball\/wp-content\/uploads\/2019\/09\/IMG_7888-scaled.jpg","datePublished":"2019-09-16T07:38:59+00:00","dateModified":"2019-09-17T09:25:32+00:00","author":{"@id":"https:\/\/www.tus-bruchhausen.de\/Fussball\/#\/schema\/person\/92059d83c2eeb62cc1c25411e78ed9dc"},"breadcrumb":{"@id":"http:\/\/www.tus-bruchhausen.de\/Fussball\/hiag-elf-feiert-heimerfolg-gegen-beckum\/#breadcrumb"},"inLanguage":"de","potentialAction":[{"@type":"ReadAction","target":["http:\/\/www.tus-bruchhausen.de\/Fussball\/hiag-elf-feiert-heimerfolg-gegen-beckum\/"]}]},{"@type":"ImageObject","inLanguage":"de","@id":"http:\/\/www.tus-bruchhausen.de\/Fussball\/hiag-elf-feiert-heimerfolg-gegen-beckum\/#primaryimage","url":"http:\/\/www.tus-bruchhausen.de\/Fussball\/wp-content\/uploads\/2019\/09\/IMG_7888-scaled.jpg","contentUrl":"http:\/\/www.tus-bruchhausen.de\/Fussball\/wp-content\/uploads\/2019\/09\/IMG_7888-scaled.jpg","width":2560,"height":1707},{"@type":"BreadcrumbList","@id":"http:\/\/www.tus-bruchhausen.de\/Fussball\/hiag-elf-feiert-heimerfolg-gegen-beckum\/#breadcrumb","itemListElement":[{"@type":"ListItem","position":1,"name":"Startseite","item":"https:\/\/www.tus-bruchhausen.de\/Fussball\/"},{"@type":"ListItem","position":2,"name":"HIAG-Elf feiert Heimerfolg gegen Beckum"}]},{"@type":"WebSite","@id":"https:\/\/www.tus-bruchhausen.de\/Fussball\/#website","url":"https:\/\/www.tus-bruchhausen.de\/Fussball\/","name":"TuS Bruchhausen","description":"Fu\u00dfball","potentialAction":[{"@type":"SearchAction","target":{"@type":"EntryPoint","urlTemplate":"https:\/\/www.tus-bruchhausen.de\/Fussball\/?s={search_term_string}"},"query-input":{"@type":"PropertyValueSpecification","valueRequired":true,"valueName":"search_term_string"}}],"inLanguage":"de"},{"@type":"Person","@id":"https:\/\/www.tus-bruchhausen.de\/Fussball\/#\/schema\/person\/92059d83c2eeb62cc1c25411e78ed9dc","name":"TKuhlmann","image":{"@type":"ImageObject","inLanguage":"de","@id":"https:\/\/secure.gravatar.com\/avatar\/3b91757280f33b9ed04e8ae2217709266f1c1e416af9d163b4e541134ddf3c97?s=96&d=mm&r=g","url":"https:\/\/secure.gravatar.com\/avatar\/3b91757280f33b9ed04e8ae2217709266f1c1e416af9d163b4e541134ddf3c97?s=96&d=mm&r=g","contentUrl":"https:\/\/secure.gravatar.com\/avatar\/3b91757280f33b9ed04e8ae2217709266f1c1e416af9d163b4e541134ddf3c97?s=96&d=mm&r=g","caption":"TKuhlmann"}}]}},"_links":{"self":[{"href":"http:\/\/www.tus-bruchhausen.de\/Fussball\/wp-json\/wp\/v2\/posts\/17140","targetHints":{"allow":["GET"]}}],"collection":[{"href":"http:\/\/www.tus-bruchhausen.de\/Fussball\/wp-json\/wp\/v2\/posts"}],"about":[{"href":"http:\/\/www.tus-bruchhausen.de\/Fussball\/wp-json\/wp\/v2\/types\/post"}],"author":[{"embeddable":true,"href":"http:\/\/www.tus-bruchhausen.de\/Fussball\/wp-json\/wp\/v2\/users\/1"}],"replies":[{"embeddable":true,"href":"http:\/\/www.tus-bruchhausen.de\/Fussball\/wp-json\/wp\/v2\/comments?post=17140"}],"version-history":[{"count":3,"href":"http:\/\/www.tus-bruchhausen.de\/Fussball\/wp-json\/wp\/v2\/posts\/17140\/revisions"}],"predecessor-version":[{"id":17155,"href":"http:\/\/www.tus-bruchhausen.de\/Fussball\/wp-json\/wp\/v2\/posts\/17140\/revisions\/17155"}],"wp:featuredmedia":[{"embeddable":true,"href":"http:\/\/www.tus-bruchhausen.de\/Fussball\/wp-json\/wp\/v2\/media\/17125"}],"wp:attachment":[{"href":"http:\/\/www.tus-bruchhausen.de\/Fussball\/wp-json\/wp\/v2\/media?parent=17140"}],"wp:term":[{"taxonomy":"category","embeddable":true,"href":"http:\/\/www.tus-bruchhausen.de\/Fussball\/wp-json\/wp\/v2\/categories?post=17140"},{"taxonomy":"post_tag","embeddable":true,"href":"http:\/\/www.tus-bruchhausen.de\/Fussball\/wp-json\/wp\/v2\/tags?post=17140"}],"curies":[{"name":"wp","href":"https:\/\/api.w.org\/{rel}","templated":true}]}}