{"id":17575,"date":"2020-05-18T10:39:07","date_gmt":"2020-05-18T08:39:07","guid":{"rendered":"http:\/\/www.tus-bruchhausen.de\/Fussball\/?p=17575"},"modified":"2020-05-18T10:39:10","modified_gmt":"2020-05-18T08:39:10","slug":"16-fussball-feriencamp-verschiebt-sich","status":"publish","type":"post","link":"http:\/\/www.tus-bruchhausen.de\/Fussball\/16-fussball-feriencamp-verschiebt-sich\/","title":{"rendered":"16. Fu\u00dfball Feriencamp verschiebt sich"},"content":{"rendered":"<p>Zwar wurden die ersten Lockerungen getroffen, doch die Corona-Pandemie hat noch immer Auswirkungen auf unser allt\u00e4gliches Leben. Da aktuell niemand absehen kann, wie lange diese Situation noch andauert, hat nun das Orgateam um J\u00f6rg Niemeyer entschieden, dass die 16. Auflage des Fu\u00dfball Feriencamp in diesem Sommer nicht stattfindet. &#8220;Auf Grund der unsicheren Situation k\u00f6nnen wir aktuell kein Fu\u00dfball Feriencamp planen. Unter den aktuellen Umst\u00e4nden k\u00f6nnen wir keinen geregelten Ablauf f\u00fcr rund 50 Kinder sicherstellen&#8221;, so J\u00f6rg Niemeyer. Zudem m\u00fcssten bereits jetzt schon Anmeldungen und entsprechende Bestellungen f\u00fcr Trikots, B\u00e4lle und Essen gemacht werden. Und das zu einem Zeitpunkt, wo niemand wei\u00df, wie es sich weiterentwickelt. &#8220;Wir haben lang und breit besprochen was wir machen und wie lange wir warten k\u00f6nnen. Aber aktuell ist die Unsicherheit und die entsprechende Verantwortung f\u00fcr so viele Kinder und auch Eltern zu gro\u00df&#8221;, erg\u00e4nzt Jugendleiter Ingo Renk.<\/p>\n<h2>Mini-Camp im Herbst?<\/h2>\n<p>&#8220;Es ist nat\u00fcrlich schade f\u00fcr die Kinder, die sich schon lange auf das Fu\u00dfball Feriencamp gefreut haben. Dennoch ist diese Absage f\u00fcr den Sommer und den aktuellen Umst\u00e4nden alternativlos&#8221;, so Renk weiter. &#8220;Es wird aber vorsichtig an einer Ersatzl\u00f6sung f\u00fcr die Herbstferien geplant&#8221;, berichtet Orga-Chef Niemeyer. Das h\u00e4ngt aber nat\u00fcrlich von der weiteren Corona Entwicklung ab. Zudem muss das Orgateam auch Zeit haben, um eventuell eine kleinere Version der Fu\u00dfball Feriencamps 2020 zu planen und durchzuf\u00fchren.<\/p>\n","protected":false},"excerpt":{"rendered":"<p>Zwar wurden die ersten Lockerungen getroffen, doch die Corona-Pandemie hat noch immer Auswirkungen auf unser allt\u00e4gliches Leben. Da aktuell niemand absehen kann, wie lange diese Situation noch andauert, hat nun das Orgateam um J\u00f6rg Niemeyer entschieden, dass die 16. Auflage des Fu\u00dfball Feriencamp in diesem Sommer nicht stattfindet. &#8220;Auf Grund der unsicheren Situation k\u00f6nnen wir [&hellip;]<\/p>\n","protected":false},"author":2,"featured_media":16836,"comment_status":"closed","ping_status":"closed","sticky":false,"template":"","format":"standard","meta":{"footnotes":""},"categories":[6,1,7,8,20],"tags":[],"class_list":["post-17575","post","type-post","status-publish","format-standard","has-post-thumbnail","hentry","category-abteilung","category-hauptverein","category-jugend","category-news","category-app","small-justify-block","has-thumb"],"yoast_head":"<!-- This site is optimized with the Yoast SEO plugin v27.2 - https:\/\/yoast.com\/product\/yoast-seo-wordpress\/ -->\n<title>16. Fu\u00dfball Feriencamp verschiebt sich<\/title>\n<meta name=\"robots\" content=\"index, follow, max-snippet:-1, max-image-preview:large, max-video-preview:-1\" \/>\n<link rel=\"canonical\" href=\"http:\/\/www.tus-bruchhausen.de\/Fussball\/16-fussball-feriencamp-verschiebt-sich\/\" \/>\n<meta property=\"og:locale\" content=\"de_DE\" \/>\n<meta property=\"og:type\" content=\"article\" \/>\n<meta property=\"og:title\" content=\"16. Fu\u00dfball Feriencamp verschiebt sich\" \/>\n<meta property=\"og:description\" content=\"Zwar wurden die ersten Lockerungen getroffen, doch die Corona-Pandemie hat noch immer Auswirkungen auf unser allt\u00e4gliches Leben. Da aktuell niemand absehen kann, wie lange diese Situation noch andauert, hat nun das Orgateam um J\u00f6rg Niemeyer entschieden, dass die 16. Auflage des Fu\u00dfball Feriencamp in diesem Sommer nicht stattfindet. &#8220;Auf Grund der unsicheren Situation k\u00f6nnen wir [&hellip;]\" \/>\n<meta property=\"og:url\" content=\"http:\/\/www.tus-bruchhausen.de\/Fussball\/16-fussball-feriencamp-verschiebt-sich\/\" \/>\n<meta property=\"og:site_name\" content=\"TuS Bruchhausen\" \/>\n<meta property=\"article:publisher\" content=\"https:\/\/www.facebook.com\/TuS02\/\" \/>\n<meta property=\"article:published_time\" content=\"2020-05-18T08:39:07+00:00\" \/>\n<meta property=\"article:modified_time\" content=\"2020-05-18T08:39:10+00:00\" \/>\n<meta property=\"og:image\" content=\"http:\/\/www.tus-bruchhausen.de\/Fussball\/wp-content\/uploads\/2019\/08\/IMG_4456-e1564998055266-scaled.jpg\" \/>\n\t<meta property=\"og:image:width\" content=\"2560\" \/>\n\t<meta property=\"og:image:height\" content=\"995\" \/>\n\t<meta property=\"og:image:type\" content=\"image\/jpeg\" \/>\n<meta name=\"author\" content=\"Ingo\" \/>\n<meta name=\"twitter:card\" content=\"summary_large_image\" \/>\n<meta name=\"twitter:label1\" content=\"Verfasst von\" \/>\n\t<meta name=\"twitter:data1\" content=\"Ingo\" \/>\n\t<meta name=\"twitter:label2\" content=\"Gesch\u00e4tzte Lesezeit\" \/>\n\t<meta name=\"twitter:data2\" content=\"1\u00a0Minute\" \/>\n<script type=\"application\/ld+json\" class=\"yoast-schema-graph\">{\"@context\":\"https:\/\/schema.org\",\"@graph\":[{\"@type\":\"Article\",\"@id\":\"http:\/\/www.tus-bruchhausen.de\/Fussball\/16-fussball-feriencamp-verschiebt-sich\/#article\",\"isPartOf\":{\"@id\":\"http:\/\/www.tus-bruchhausen.de\/Fussball\/16-fussball-feriencamp-verschiebt-sich\/\"},\"author\":{\"name\":\"Ingo\",\"@id\":\"http:\/\/www.tus-bruchhausen.de\/Fussball\/#\/schema\/person\/99013c72b57268294b20c04b1e1b875a\"},\"headline\":\"16. Fu\u00dfball Feriencamp verschiebt sich\",\"datePublished\":\"2020-05-18T08:39:07+00:00\",\"dateModified\":\"2020-05-18T08:39:10+00:00\",\"mainEntityOfPage\":{\"@id\":\"http:\/\/www.tus-bruchhausen.de\/Fussball\/16-fussball-feriencamp-verschiebt-sich\/\"},\"wordCount\":249,\"image\":{\"@id\":\"http:\/\/www.tus-bruchhausen.de\/Fussball\/16-fussball-feriencamp-verschiebt-sich\/#primaryimage\"},\"thumbnailUrl\":\"http:\/\/www.tus-bruchhausen.de\/Fussball\/wp-content\/uploads\/2019\/08\/IMG_4456-e1564998055266-scaled.jpg\",\"articleSection\":[\"Abteilung\",\"Hauptverein\",\"Jugend\",\"News\",\"Z_APP\"],\"inLanguage\":\"de\"},{\"@type\":\"WebPage\",\"@id\":\"http:\/\/www.tus-bruchhausen.de\/Fussball\/16-fussball-feriencamp-verschiebt-sich\/\",\"url\":\"http:\/\/www.tus-bruchhausen.de\/Fussball\/16-fussball-feriencamp-verschiebt-sich\/\",\"name\":\"16. Fu\u00dfball Feriencamp verschiebt sich\",\"isPartOf\":{\"@id\":\"http:\/\/www.tus-bruchhausen.de\/Fussball\/#website\"},\"primaryImageOfPage\":{\"@id\":\"http:\/\/www.tus-bruchhausen.de\/Fussball\/16-fussball-feriencamp-verschiebt-sich\/#primaryimage\"},\"image\":{\"@id\":\"http:\/\/www.tus-bruchhausen.de\/Fussball\/16-fussball-feriencamp-verschiebt-sich\/#primaryimage\"},\"thumbnailUrl\":\"http:\/\/www.tus-bruchhausen.de\/Fussball\/wp-content\/uploads\/2019\/08\/IMG_4456-e1564998055266-scaled.jpg\",\"datePublished\":\"2020-05-18T08:39:07+00:00\",\"dateModified\":\"2020-05-18T08:39:10+00:00\",\"author\":{\"@id\":\"http:\/\/www.tus-bruchhausen.de\/Fussball\/#\/schema\/person\/99013c72b57268294b20c04b1e1b875a\"},\"breadcrumb\":{\"@id\":\"http:\/\/www.tus-bruchhausen.de\/Fussball\/16-fussball-feriencamp-verschiebt-sich\/#breadcrumb\"},\"inLanguage\":\"de\",\"potentialAction\":[{\"@type\":\"ReadAction\",\"target\":[\"http:\/\/www.tus-bruchhausen.de\/Fussball\/16-fussball-feriencamp-verschiebt-sich\/\"]}]},{\"@type\":\"ImageObject\",\"inLanguage\":\"de\",\"@id\":\"http:\/\/www.tus-bruchhausen.de\/Fussball\/16-fussball-feriencamp-verschiebt-sich\/#primaryimage\",\"url\":\"http:\/\/www.tus-bruchhausen.de\/Fussball\/wp-content\/uploads\/2019\/08\/IMG_4456-e1564998055266-scaled.jpg\",\"contentUrl\":\"http:\/\/www.tus-bruchhausen.de\/Fussball\/wp-content\/uploads\/2019\/08\/IMG_4456-e1564998055266-scaled.jpg\",\"width\":2560,\"height\":995},{\"@type\":\"BreadcrumbList\",\"@id\":\"http:\/\/www.tus-bruchhausen.de\/Fussball\/16-fussball-feriencamp-verschiebt-sich\/#breadcrumb\",\"itemListElement\":[{\"@type\":\"ListItem\",\"position\":1,\"name\":\"Startseite\",\"item\":\"https:\/\/www.tus-bruchhausen.de\/Fussball\/\"},{\"@type\":\"ListItem\",\"position\":2,\"name\":\"16. Fu\u00dfball Feriencamp verschiebt sich\"}]},{\"@type\":\"WebSite\",\"@id\":\"http:\/\/www.tus-bruchhausen.de\/Fussball\/#website\",\"url\":\"http:\/\/www.tus-bruchhausen.de\/Fussball\/\",\"name\":\"TuS Bruchhausen\",\"description\":\"Fu\u00dfball\",\"potentialAction\":[{\"@type\":\"SearchAction\",\"target\":{\"@type\":\"EntryPoint\",\"urlTemplate\":\"http:\/\/www.tus-bruchhausen.de\/Fussball\/?s={search_term_string}\"},\"query-input\":{\"@type\":\"PropertyValueSpecification\",\"valueRequired\":true,\"valueName\":\"search_term_string\"}}],\"inLanguage\":\"de\"},{\"@type\":\"Person\",\"@id\":\"http:\/\/www.tus-bruchhausen.de\/Fussball\/#\/schema\/person\/99013c72b57268294b20c04b1e1b875a\",\"name\":\"Ingo\",\"image\":{\"@type\":\"ImageObject\",\"inLanguage\":\"de\",\"@id\":\"https:\/\/secure.gravatar.com\/avatar\/567f8450178f932a7ca8deea1bbe124461fcfe94e5ac63f9823ea053073c143d?s=96&d=mm&r=g\",\"url\":\"https:\/\/secure.gravatar.com\/avatar\/567f8450178f932a7ca8deea1bbe124461fcfe94e5ac63f9823ea053073c143d?s=96&d=mm&r=g\",\"contentUrl\":\"https:\/\/secure.gravatar.com\/avatar\/567f8450178f932a7ca8deea1bbe124461fcfe94e5ac63f9823ea053073c143d?s=96&d=mm&r=g\",\"caption\":\"Ingo\"}}]}<\/script>\n<!-- \/ Yoast SEO plugin. -->","yoast_head_json":{"title":"16. Fu\u00dfball Feriencamp verschiebt sich","robots":{"index":"index","follow":"follow","max-snippet":"max-snippet:-1","max-image-preview":"max-image-preview:large","max-video-preview":"max-video-preview:-1"},"canonical":"http:\/\/www.tus-bruchhausen.de\/Fussball\/16-fussball-feriencamp-verschiebt-sich\/","og_locale":"de_DE","og_type":"article","og_title":"16. Fu\u00dfball Feriencamp verschiebt sich","og_description":"Zwar wurden die ersten Lockerungen getroffen, doch die Corona-Pandemie hat noch immer Auswirkungen auf unser allt\u00e4gliches Leben. Da aktuell niemand absehen kann, wie lange diese Situation noch andauert, hat nun das Orgateam um J\u00f6rg Niemeyer entschieden, dass die 16. Auflage des Fu\u00dfball Feriencamp in diesem Sommer nicht stattfindet. &#8220;Auf Grund der unsicheren Situation k\u00f6nnen wir [&hellip;]","og_url":"http:\/\/www.tus-bruchhausen.de\/Fussball\/16-fussball-feriencamp-verschiebt-sich\/","og_site_name":"TuS Bruchhausen","article_publisher":"https:\/\/www.facebook.com\/TuS02\/","article_published_time":"2020-05-18T08:39:07+00:00","article_modified_time":"2020-05-18T08:39:10+00:00","og_image":[{"width":2560,"height":995,"url":"http:\/\/www.tus-bruchhausen.de\/Fussball\/wp-content\/uploads\/2019\/08\/IMG_4456-e1564998055266-scaled.jpg","type":"image\/jpeg"}],"author":"Ingo","twitter_card":"summary_large_image","twitter_misc":{"Verfasst von":"Ingo","Gesch\u00e4tzte Lesezeit":"1\u00a0Minute"},"schema":{"@context":"https:\/\/schema.org","@graph":[{"@type":"Article","@id":"http:\/\/www.tus-bruchhausen.de\/Fussball\/16-fussball-feriencamp-verschiebt-sich\/#article","isPartOf":{"@id":"http:\/\/www.tus-bruchhausen.de\/Fussball\/16-fussball-feriencamp-verschiebt-sich\/"},"author":{"name":"Ingo","@id":"http:\/\/www.tus-bruchhausen.de\/Fussball\/#\/schema\/person\/99013c72b57268294b20c04b1e1b875a"},"headline":"16. Fu\u00dfball Feriencamp verschiebt sich","datePublished":"2020-05-18T08:39:07+00:00","dateModified":"2020-05-18T08:39:10+00:00","mainEntityOfPage":{"@id":"http:\/\/www.tus-bruchhausen.de\/Fussball\/16-fussball-feriencamp-verschiebt-sich\/"},"wordCount":249,"image":{"@id":"http:\/\/www.tus-bruchhausen.de\/Fussball\/16-fussball-feriencamp-verschiebt-sich\/#primaryimage"},"thumbnailUrl":"http:\/\/www.tus-bruchhausen.de\/Fussball\/wp-content\/uploads\/2019\/08\/IMG_4456-e1564998055266-scaled.jpg","articleSection":["Abteilung","Hauptverein","Jugend","News","Z_APP"],"inLanguage":"de"},{"@type":"WebPage","@id":"http:\/\/www.tus-bruchhausen.de\/Fussball\/16-fussball-feriencamp-verschiebt-sich\/","url":"http:\/\/www.tus-bruchhausen.de\/Fussball\/16-fussball-feriencamp-verschiebt-sich\/","name":"16. Fu\u00dfball Feriencamp verschiebt sich","isPartOf":{"@id":"http:\/\/www.tus-bruchhausen.de\/Fussball\/#website"},"primaryImageOfPage":{"@id":"http:\/\/www.tus-bruchhausen.de\/Fussball\/16-fussball-feriencamp-verschiebt-sich\/#primaryimage"},"image":{"@id":"http:\/\/www.tus-bruchhausen.de\/Fussball\/16-fussball-feriencamp-verschiebt-sich\/#primaryimage"},"thumbnailUrl":"http:\/\/www.tus-bruchhausen.de\/Fussball\/wp-content\/uploads\/2019\/08\/IMG_4456-e1564998055266-scaled.jpg","datePublished":"2020-05-18T08:39:07+00:00","dateModified":"2020-05-18T08:39:10+00:00","author":{"@id":"http:\/\/www.tus-bruchhausen.de\/Fussball\/#\/schema\/person\/99013c72b57268294b20c04b1e1b875a"},"breadcrumb":{"@id":"http:\/\/www.tus-bruchhausen.de\/Fussball\/16-fussball-feriencamp-verschiebt-sich\/#breadcrumb"},"inLanguage":"de","potentialAction":[{"@type":"ReadAction","target":["http:\/\/www.tus-bruchhausen.de\/Fussball\/16-fussball-feriencamp-verschiebt-sich\/"]}]},{"@type":"ImageObject","inLanguage":"de","@id":"http:\/\/www.tus-bruchhausen.de\/Fussball\/16-fussball-feriencamp-verschiebt-sich\/#primaryimage","url":"http:\/\/www.tus-bruchhausen.de\/Fussball\/wp-content\/uploads\/2019\/08\/IMG_4456-e1564998055266-scaled.jpg","contentUrl":"http:\/\/www.tus-bruchhausen.de\/Fussball\/wp-content\/uploads\/2019\/08\/IMG_4456-e1564998055266-scaled.jpg","width":2560,"height":995},{"@type":"BreadcrumbList","@id":"http:\/\/www.tus-bruchhausen.de\/Fussball\/16-fussball-feriencamp-verschiebt-sich\/#breadcrumb","itemListElement":[{"@type":"ListItem","position":1,"name":"Startseite","item":"https:\/\/www.tus-bruchhausen.de\/Fussball\/"},{"@type":"ListItem","position":2,"name":"16. Fu\u00dfball Feriencamp verschiebt sich"}]},{"@type":"WebSite","@id":"http:\/\/www.tus-bruchhausen.de\/Fussball\/#website","url":"http:\/\/www.tus-bruchhausen.de\/Fussball\/","name":"TuS Bruchhausen","description":"Fu\u00dfball","potentialAction":[{"@type":"SearchAction","target":{"@type":"EntryPoint","urlTemplate":"http:\/\/www.tus-bruchhausen.de\/Fussball\/?s={search_term_string}"},"query-input":{"@type":"PropertyValueSpecification","valueRequired":true,"valueName":"search_term_string"}}],"inLanguage":"de"},{"@type":"Person","@id":"http:\/\/www.tus-bruchhausen.de\/Fussball\/#\/schema\/person\/99013c72b57268294b20c04b1e1b875a","name":"Ingo","image":{"@type":"ImageObject","inLanguage":"de","@id":"https:\/\/secure.gravatar.com\/avatar\/567f8450178f932a7ca8deea1bbe124461fcfe94e5ac63f9823ea053073c143d?s=96&d=mm&r=g","url":"https:\/\/secure.gravatar.com\/avatar\/567f8450178f932a7ca8deea1bbe124461fcfe94e5ac63f9823ea053073c143d?s=96&d=mm&r=g","contentUrl":"https:\/\/secure.gravatar.com\/avatar\/567f8450178f932a7ca8deea1bbe124461fcfe94e5ac63f9823ea053073c143d?s=96&d=mm&r=g","caption":"Ingo"}}]}},"_links":{"self":[{"href":"http:\/\/www.tus-bruchhausen.de\/Fussball\/wp-json\/wp\/v2\/posts\/17575","targetHints":{"allow":["GET"]}}],"collection":[{"href":"http:\/\/www.tus-bruchhausen.de\/Fussball\/wp-json\/wp\/v2\/posts"}],"about":[{"href":"http:\/\/www.tus-bruchhausen.de\/Fussball\/wp-json\/wp\/v2\/types\/post"}],"author":[{"embeddable":true,"href":"http:\/\/www.tus-bruchhausen.de\/Fussball\/wp-json\/wp\/v2\/users\/2"}],"replies":[{"embeddable":true,"href":"http:\/\/www.tus-bruchhausen.de\/Fussball\/wp-json\/wp\/v2\/comments?post=17575"}],"version-history":[{"count":2,"href":"http:\/\/www.tus-bruchhausen.de\/Fussball\/wp-json\/wp\/v2\/posts\/17575\/revisions"}],"predecessor-version":[{"id":17578,"href":"http:\/\/www.tus-bruchhausen.de\/Fussball\/wp-json\/wp\/v2\/posts\/17575\/revisions\/17578"}],"wp:featuredmedia":[{"embeddable":true,"href":"http:\/\/www.tus-bruchhausen.de\/Fussball\/wp-json\/wp\/v2\/media\/16836"}],"wp:attachment":[{"href":"http:\/\/www.tus-bruchhausen.de\/Fussball\/wp-json\/wp\/v2\/media?parent=17575"}],"wp:term":[{"taxonomy":"category","embeddable":true,"href":"http:\/\/www.tus-bruchhausen.de\/Fussball\/wp-json\/wp\/v2\/categories?post=17575"},{"taxonomy":"post_tag","embeddable":true,"href":"http:\/\/www.tus-bruchhausen.de\/Fussball\/wp-json\/wp\/v2\/tags?post=17575"}],"curies":[{"name":"wp","href":"https:\/\/api.w.org\/{rel}","templated":true}]}}