{"id":18704,"date":"2021-09-09T10:28:30","date_gmt":"2021-09-09T08:28:30","guid":{"rendered":"http:\/\/www.tus-bruchhausen.de\/Fussball\/?p=18704"},"modified":"2021-09-09T10:28:30","modified_gmt":"2021-09-09T08:28:30","slug":"abteilungsversammlung-am-mittwoch-29-09-2021","status":"publish","type":"post","link":"http:\/\/www.tus-bruchhausen.de\/Fussball\/abteilungsversammlung-am-mittwoch-29-09-2021\/","title":{"rendered":"Abteilungsversammlung am Mittwoch, 29.09.2021"},"content":{"rendered":"<p>Die Abteilungsversammlung der Fu\u00dfballabteilung des TuS Bruchhausen findet dieses Jahr am Mittwoch, den 29.09.2021 um 19:02 Uhr im Sportheim statt. Eingeladen sind alle aktiven und passiven Fu\u00dfballer der Jugend, deren Eltern, Senioren und Seniorinnen sowie der Alte Herren.<\/p>\n<p>In diesem Jahr finden u.a. Neuwahlen zum Abteilungsvorstand statt.<\/p>\n<p>F\u00fcr die Abteilungsversammlung gilt die 3G-Regel gem\u00e4\u00df der Coronaschutzverordnung des Landes NRW.<\/p>\n<p>Die <a href=\"http:\/\/www.tus-bruchhausen.de\/Fussball\/wp-content\/uploads\/2021\/09\/Einladung-Abteilungsversammlung-2021.pdf\">Einladung und Tagesordnung<\/a> ist <a href=\"http:\/\/www.tus-bruchhausen.de\/Fussball\/wp-content\/uploads\/2021\/09\/Einladung-Abteilungsversammlung-2021.pdf\">Hier<\/a> zu finden.<\/p>\n<p>&nbsp;<\/p>\n","protected":false},"excerpt":{"rendered":"<p>Die Abteilungsversammlung der Fu\u00dfballabteilung des TuS Bruchhausen findet dieses Jahr am Mittwoch, den 29.09.2021 um 19:02 Uhr im Sportheim statt. Eingeladen sind alle aktiven und passiven Fu\u00dfballer der Jugend, deren Eltern, Senioren und Seniorinnen sowie der Alte Herren. In diesem Jahr finden u.a. Neuwahlen zum Abteilungsvorstand statt. F\u00fcr die Abteilungsversammlung gilt die 3G-Regel gem\u00e4\u00df der [&hellip;]<\/p>\n","protected":false},"author":1,"featured_media":1526,"comment_status":"closed","ping_status":"closed","sticky":false,"template":"","format":"standard","meta":{"footnotes":""},"categories":[6,1,8],"tags":[],"class_list":["post-18704","post","type-post","status-publish","format-standard","has-post-thumbnail","hentry","category-abteilung","category-hauptverein","category-news","small-justify-block","has-thumb"],"yoast_head":"<!-- This site is optimized with the Yoast SEO plugin v27.2 - https:\/\/yoast.com\/product\/yoast-seo-wordpress\/ -->\n<title>Abteilungsversammlung am Mittwoch, 29.09.2021<\/title>\n<meta name=\"robots\" content=\"index, follow, max-snippet:-1, max-image-preview:large, max-video-preview:-1\" \/>\n<link rel=\"canonical\" href=\"http:\/\/www.tus-bruchhausen.de\/Fussball\/abteilungsversammlung-am-mittwoch-29-09-2021\/\" \/>\n<meta property=\"og:locale\" content=\"de_DE\" \/>\n<meta property=\"og:type\" content=\"article\" \/>\n<meta property=\"og:title\" content=\"Abteilungsversammlung am Mittwoch, 29.09.2021\" \/>\n<meta property=\"og:description\" content=\"Die Abteilungsversammlung der Fu\u00dfballabteilung des TuS Bruchhausen findet dieses Jahr am Mittwoch, den 29.09.2021 um 19:02 Uhr im Sportheim statt. Eingeladen sind alle aktiven und passiven Fu\u00dfballer der Jugend, deren Eltern, Senioren und Seniorinnen sowie der Alte Herren. In diesem Jahr finden u.a. Neuwahlen zum Abteilungsvorstand statt. F\u00fcr die Abteilungsversammlung gilt die 3G-Regel gem\u00e4\u00df der [&hellip;]\" \/>\n<meta property=\"og:url\" content=\"http:\/\/www.tus-bruchhausen.de\/Fussball\/abteilungsversammlung-am-mittwoch-29-09-2021\/\" \/>\n<meta property=\"og:site_name\" content=\"TuS Bruchhausen\" \/>\n<meta property=\"article:publisher\" content=\"https:\/\/www.facebook.com\/TuS02\/\" \/>\n<meta property=\"article:published_time\" content=\"2021-09-09T08:28:30+00:00\" \/>\n<meta property=\"og:image\" content=\"http:\/\/www.tus-bruchhausen.de\/Fussball\/wp-content\/uploads\/2013\/09\/Wichtig-scaled.jpg\" \/>\n\t<meta property=\"og:image:width\" content=\"2560\" \/>\n\t<meta property=\"og:image:height\" content=\"1707\" \/>\n\t<meta property=\"og:image:type\" content=\"image\/jpeg\" \/>\n<meta name=\"author\" content=\"TKuhlmann\" \/>\n<meta name=\"twitter:card\" content=\"summary_large_image\" \/>\n<meta name=\"twitter:label1\" content=\"Verfasst von\" \/>\n\t<meta name=\"twitter:data1\" content=\"TKuhlmann\" \/>\n\t<meta name=\"twitter:label2\" content=\"Gesch\u00e4tzte Lesezeit\" \/>\n\t<meta name=\"twitter:data2\" content=\"1\u00a0Minute\" \/>\n<script type=\"application\/ld+json\" class=\"yoast-schema-graph\">{\"@context\":\"https:\/\/schema.org\",\"@graph\":[{\"@type\":\"Article\",\"@id\":\"http:\/\/www.tus-bruchhausen.de\/Fussball\/abteilungsversammlung-am-mittwoch-29-09-2021\/#article\",\"isPartOf\":{\"@id\":\"http:\/\/www.tus-bruchhausen.de\/Fussball\/abteilungsversammlung-am-mittwoch-29-09-2021\/\"},\"author\":{\"name\":\"TKuhlmann\",\"@id\":\"http:\/\/www.tus-bruchhausen.de\/Fussball\/#\/schema\/person\/92059d83c2eeb62cc1c25411e78ed9dc\"},\"headline\":\"Abteilungsversammlung am Mittwoch, 29.09.2021\",\"datePublished\":\"2021-09-09T08:28:30+00:00\",\"mainEntityOfPage\":{\"@id\":\"http:\/\/www.tus-bruchhausen.de\/Fussball\/abteilungsversammlung-am-mittwoch-29-09-2021\/\"},\"wordCount\":73,\"image\":{\"@id\":\"http:\/\/www.tus-bruchhausen.de\/Fussball\/abteilungsversammlung-am-mittwoch-29-09-2021\/#primaryimage\"},\"thumbnailUrl\":\"http:\/\/www.tus-bruchhausen.de\/Fussball\/wp-content\/uploads\/2013\/09\/Wichtig-scaled.jpg\",\"articleSection\":[\"Abteilung\",\"Hauptverein\",\"News\"],\"inLanguage\":\"de\"},{\"@type\":\"WebPage\",\"@id\":\"http:\/\/www.tus-bruchhausen.de\/Fussball\/abteilungsversammlung-am-mittwoch-29-09-2021\/\",\"url\":\"http:\/\/www.tus-bruchhausen.de\/Fussball\/abteilungsversammlung-am-mittwoch-29-09-2021\/\",\"name\":\"Abteilungsversammlung am Mittwoch, 29.09.2021\",\"isPartOf\":{\"@id\":\"http:\/\/www.tus-bruchhausen.de\/Fussball\/#website\"},\"primaryImageOfPage\":{\"@id\":\"http:\/\/www.tus-bruchhausen.de\/Fussball\/abteilungsversammlung-am-mittwoch-29-09-2021\/#primaryimage\"},\"image\":{\"@id\":\"http:\/\/www.tus-bruchhausen.de\/Fussball\/abteilungsversammlung-am-mittwoch-29-09-2021\/#primaryimage\"},\"thumbnailUrl\":\"http:\/\/www.tus-bruchhausen.de\/Fussball\/wp-content\/uploads\/2013\/09\/Wichtig-scaled.jpg\",\"datePublished\":\"2021-09-09T08:28:30+00:00\",\"author\":{\"@id\":\"http:\/\/www.tus-bruchhausen.de\/Fussball\/#\/schema\/person\/92059d83c2eeb62cc1c25411e78ed9dc\"},\"breadcrumb\":{\"@id\":\"http:\/\/www.tus-bruchhausen.de\/Fussball\/abteilungsversammlung-am-mittwoch-29-09-2021\/#breadcrumb\"},\"inLanguage\":\"de\",\"potentialAction\":[{\"@type\":\"ReadAction\",\"target\":[\"http:\/\/www.tus-bruchhausen.de\/Fussball\/abteilungsversammlung-am-mittwoch-29-09-2021\/\"]}]},{\"@type\":\"ImageObject\",\"inLanguage\":\"de\",\"@id\":\"http:\/\/www.tus-bruchhausen.de\/Fussball\/abteilungsversammlung-am-mittwoch-29-09-2021\/#primaryimage\",\"url\":\"http:\/\/www.tus-bruchhausen.de\/Fussball\/wp-content\/uploads\/2013\/09\/Wichtig-scaled.jpg\",\"contentUrl\":\"http:\/\/www.tus-bruchhausen.de\/Fussball\/wp-content\/uploads\/2013\/09\/Wichtig-scaled.jpg\",\"width\":2560,\"height\":1707},{\"@type\":\"BreadcrumbList\",\"@id\":\"http:\/\/www.tus-bruchhausen.de\/Fussball\/abteilungsversammlung-am-mittwoch-29-09-2021\/#breadcrumb\",\"itemListElement\":[{\"@type\":\"ListItem\",\"position\":1,\"name\":\"Startseite\",\"item\":\"https:\/\/www.tus-bruchhausen.de\/Fussball\/\"},{\"@type\":\"ListItem\",\"position\":2,\"name\":\"Abteilungsversammlung am Mittwoch, 29.09.2021\"}]},{\"@type\":\"WebSite\",\"@id\":\"http:\/\/www.tus-bruchhausen.de\/Fussball\/#website\",\"url\":\"http:\/\/www.tus-bruchhausen.de\/Fussball\/\",\"name\":\"TuS Bruchhausen\",\"description\":\"Fu\u00dfball\",\"potentialAction\":[{\"@type\":\"SearchAction\",\"target\":{\"@type\":\"EntryPoint\",\"urlTemplate\":\"http:\/\/www.tus-bruchhausen.de\/Fussball\/?s={search_term_string}\"},\"query-input\":{\"@type\":\"PropertyValueSpecification\",\"valueRequired\":true,\"valueName\":\"search_term_string\"}}],\"inLanguage\":\"de\"},{\"@type\":\"Person\",\"@id\":\"http:\/\/www.tus-bruchhausen.de\/Fussball\/#\/schema\/person\/92059d83c2eeb62cc1c25411e78ed9dc\",\"name\":\"TKuhlmann\",\"image\":{\"@type\":\"ImageObject\",\"inLanguage\":\"de\",\"@id\":\"https:\/\/secure.gravatar.com\/avatar\/3b91757280f33b9ed04e8ae2217709266f1c1e416af9d163b4e541134ddf3c97?s=96&d=mm&r=g\",\"url\":\"https:\/\/secure.gravatar.com\/avatar\/3b91757280f33b9ed04e8ae2217709266f1c1e416af9d163b4e541134ddf3c97?s=96&d=mm&r=g\",\"contentUrl\":\"https:\/\/secure.gravatar.com\/avatar\/3b91757280f33b9ed04e8ae2217709266f1c1e416af9d163b4e541134ddf3c97?s=96&d=mm&r=g\",\"caption\":\"TKuhlmann\"}}]}<\/script>\n<!-- \/ Yoast SEO plugin. -->","yoast_head_json":{"title":"Abteilungsversammlung am Mittwoch, 29.09.2021","robots":{"index":"index","follow":"follow","max-snippet":"max-snippet:-1","max-image-preview":"max-image-preview:large","max-video-preview":"max-video-preview:-1"},"canonical":"http:\/\/www.tus-bruchhausen.de\/Fussball\/abteilungsversammlung-am-mittwoch-29-09-2021\/","og_locale":"de_DE","og_type":"article","og_title":"Abteilungsversammlung am Mittwoch, 29.09.2021","og_description":"Die Abteilungsversammlung der Fu\u00dfballabteilung des TuS Bruchhausen findet dieses Jahr am Mittwoch, den 29.09.2021 um 19:02 Uhr im Sportheim statt. Eingeladen sind alle aktiven und passiven Fu\u00dfballer der Jugend, deren Eltern, Senioren und Seniorinnen sowie der Alte Herren. In diesem Jahr finden u.a. Neuwahlen zum Abteilungsvorstand statt. F\u00fcr die Abteilungsversammlung gilt die 3G-Regel gem\u00e4\u00df der [&hellip;]","og_url":"http:\/\/www.tus-bruchhausen.de\/Fussball\/abteilungsversammlung-am-mittwoch-29-09-2021\/","og_site_name":"TuS Bruchhausen","article_publisher":"https:\/\/www.facebook.com\/TuS02\/","article_published_time":"2021-09-09T08:28:30+00:00","og_image":[{"width":2560,"height":1707,"url":"http:\/\/www.tus-bruchhausen.de\/Fussball\/wp-content\/uploads\/2013\/09\/Wichtig-scaled.jpg","type":"image\/jpeg"}],"author":"TKuhlmann","twitter_card":"summary_large_image","twitter_misc":{"Verfasst von":"TKuhlmann","Gesch\u00e4tzte Lesezeit":"1\u00a0Minute"},"schema":{"@context":"https:\/\/schema.org","@graph":[{"@type":"Article","@id":"http:\/\/www.tus-bruchhausen.de\/Fussball\/abteilungsversammlung-am-mittwoch-29-09-2021\/#article","isPartOf":{"@id":"http:\/\/www.tus-bruchhausen.de\/Fussball\/abteilungsversammlung-am-mittwoch-29-09-2021\/"},"author":{"name":"TKuhlmann","@id":"http:\/\/www.tus-bruchhausen.de\/Fussball\/#\/schema\/person\/92059d83c2eeb62cc1c25411e78ed9dc"},"headline":"Abteilungsversammlung am Mittwoch, 29.09.2021","datePublished":"2021-09-09T08:28:30+00:00","mainEntityOfPage":{"@id":"http:\/\/www.tus-bruchhausen.de\/Fussball\/abteilungsversammlung-am-mittwoch-29-09-2021\/"},"wordCount":73,"image":{"@id":"http:\/\/www.tus-bruchhausen.de\/Fussball\/abteilungsversammlung-am-mittwoch-29-09-2021\/#primaryimage"},"thumbnailUrl":"http:\/\/www.tus-bruchhausen.de\/Fussball\/wp-content\/uploads\/2013\/09\/Wichtig-scaled.jpg","articleSection":["Abteilung","Hauptverein","News"],"inLanguage":"de"},{"@type":"WebPage","@id":"http:\/\/www.tus-bruchhausen.de\/Fussball\/abteilungsversammlung-am-mittwoch-29-09-2021\/","url":"http:\/\/www.tus-bruchhausen.de\/Fussball\/abteilungsversammlung-am-mittwoch-29-09-2021\/","name":"Abteilungsversammlung am Mittwoch, 29.09.2021","isPartOf":{"@id":"http:\/\/www.tus-bruchhausen.de\/Fussball\/#website"},"primaryImageOfPage":{"@id":"http:\/\/www.tus-bruchhausen.de\/Fussball\/abteilungsversammlung-am-mittwoch-29-09-2021\/#primaryimage"},"image":{"@id":"http:\/\/www.tus-bruchhausen.de\/Fussball\/abteilungsversammlung-am-mittwoch-29-09-2021\/#primaryimage"},"thumbnailUrl":"http:\/\/www.tus-bruchhausen.de\/Fussball\/wp-content\/uploads\/2013\/09\/Wichtig-scaled.jpg","datePublished":"2021-09-09T08:28:30+00:00","author":{"@id":"http:\/\/www.tus-bruchhausen.de\/Fussball\/#\/schema\/person\/92059d83c2eeb62cc1c25411e78ed9dc"},"breadcrumb":{"@id":"http:\/\/www.tus-bruchhausen.de\/Fussball\/abteilungsversammlung-am-mittwoch-29-09-2021\/#breadcrumb"},"inLanguage":"de","potentialAction":[{"@type":"ReadAction","target":["http:\/\/www.tus-bruchhausen.de\/Fussball\/abteilungsversammlung-am-mittwoch-29-09-2021\/"]}]},{"@type":"ImageObject","inLanguage":"de","@id":"http:\/\/www.tus-bruchhausen.de\/Fussball\/abteilungsversammlung-am-mittwoch-29-09-2021\/#primaryimage","url":"http:\/\/www.tus-bruchhausen.de\/Fussball\/wp-content\/uploads\/2013\/09\/Wichtig-scaled.jpg","contentUrl":"http:\/\/www.tus-bruchhausen.de\/Fussball\/wp-content\/uploads\/2013\/09\/Wichtig-scaled.jpg","width":2560,"height":1707},{"@type":"BreadcrumbList","@id":"http:\/\/www.tus-bruchhausen.de\/Fussball\/abteilungsversammlung-am-mittwoch-29-09-2021\/#breadcrumb","itemListElement":[{"@type":"ListItem","position":1,"name":"Startseite","item":"https:\/\/www.tus-bruchhausen.de\/Fussball\/"},{"@type":"ListItem","position":2,"name":"Abteilungsversammlung am Mittwoch, 29.09.2021"}]},{"@type":"WebSite","@id":"http:\/\/www.tus-bruchhausen.de\/Fussball\/#website","url":"http:\/\/www.tus-bruchhausen.de\/Fussball\/","name":"TuS Bruchhausen","description":"Fu\u00dfball","potentialAction":[{"@type":"SearchAction","target":{"@type":"EntryPoint","urlTemplate":"http:\/\/www.tus-bruchhausen.de\/Fussball\/?s={search_term_string}"},"query-input":{"@type":"PropertyValueSpecification","valueRequired":true,"valueName":"search_term_string"}}],"inLanguage":"de"},{"@type":"Person","@id":"http:\/\/www.tus-bruchhausen.de\/Fussball\/#\/schema\/person\/92059d83c2eeb62cc1c25411e78ed9dc","name":"TKuhlmann","image":{"@type":"ImageObject","inLanguage":"de","@id":"https:\/\/secure.gravatar.com\/avatar\/3b91757280f33b9ed04e8ae2217709266f1c1e416af9d163b4e541134ddf3c97?s=96&d=mm&r=g","url":"https:\/\/secure.gravatar.com\/avatar\/3b91757280f33b9ed04e8ae2217709266f1c1e416af9d163b4e541134ddf3c97?s=96&d=mm&r=g","contentUrl":"https:\/\/secure.gravatar.com\/avatar\/3b91757280f33b9ed04e8ae2217709266f1c1e416af9d163b4e541134ddf3c97?s=96&d=mm&r=g","caption":"TKuhlmann"}}]}},"_links":{"self":[{"href":"http:\/\/www.tus-bruchhausen.de\/Fussball\/wp-json\/wp\/v2\/posts\/18704","targetHints":{"allow":["GET"]}}],"collection":[{"href":"http:\/\/www.tus-bruchhausen.de\/Fussball\/wp-json\/wp\/v2\/posts"}],"about":[{"href":"http:\/\/www.tus-bruchhausen.de\/Fussball\/wp-json\/wp\/v2\/types\/post"}],"author":[{"embeddable":true,"href":"http:\/\/www.tus-bruchhausen.de\/Fussball\/wp-json\/wp\/v2\/users\/1"}],"replies":[{"embeddable":true,"href":"http:\/\/www.tus-bruchhausen.de\/Fussball\/wp-json\/wp\/v2\/comments?post=18704"}],"version-history":[{"count":2,"href":"http:\/\/www.tus-bruchhausen.de\/Fussball\/wp-json\/wp\/v2\/posts\/18704\/revisions"}],"predecessor-version":[{"id":18713,"href":"http:\/\/www.tus-bruchhausen.de\/Fussball\/wp-json\/wp\/v2\/posts\/18704\/revisions\/18713"}],"wp:featuredmedia":[{"embeddable":true,"href":"http:\/\/www.tus-bruchhausen.de\/Fussball\/wp-json\/wp\/v2\/media\/1526"}],"wp:attachment":[{"href":"http:\/\/www.tus-bruchhausen.de\/Fussball\/wp-json\/wp\/v2\/media?parent=18704"}],"wp:term":[{"taxonomy":"category","embeddable":true,"href":"http:\/\/www.tus-bruchhausen.de\/Fussball\/wp-json\/wp\/v2\/categories?post=18704"},{"taxonomy":"post_tag","embeddable":true,"href":"http:\/\/www.tus-bruchhausen.de\/Fussball\/wp-json\/wp\/v2\/tags?post=18704"}],"curies":[{"name":"wp","href":"https:\/\/api.w.org\/{rel}","templated":true}]}}