{"id":19115,"date":"2022-04-12T08:17:12","date_gmt":"2022-04-12T06:17:12","guid":{"rendered":"http:\/\/www.tus-bruchhausen.de\/Fussball\/?p=19115"},"modified":"2022-04-12T08:17:12","modified_gmt":"2022-04-12T06:17:12","slug":"abteilungsversammlung-am-27-april","status":"publish","type":"post","link":"http:\/\/www.tus-bruchhausen.de\/Fussball\/abteilungsversammlung-am-27-april\/","title":{"rendered":"Abteilungsversammlung am 27. April"},"content":{"rendered":"<p>Am Mittwoch den 27. April l\u00e4dt die Fu\u00dfballabteilung zur diesj\u00e4hrigen Abteilungsversammlung ins Sportheim. Neben der aktuellen Finanzlage werden wie immer T\u00e4tigkeits- sowie Sportberichte aus den einzelnen Bereichen vorgestellt.<\/p>\n<p>Alle Mitglieder, sowie bei den JugendspielerInnen die Erziehungsberechtigten, sind herzlich ab 19:02 Uhr eingeladen.<\/p>\n<p><img loading=\"lazy\" decoding=\"async\" class=\"aligncenter wp-image-19117 size-full\" src=\"http:\/\/www.tus-bruchhausen.de\/Fussball\/wp-content\/uploads\/2022\/04\/Unbenannt.jpg\" alt=\"\" width=\"957\" height=\"868\" srcset=\"http:\/\/www.tus-bruchhausen.de\/Fussball\/wp-content\/uploads\/2022\/04\/Unbenannt.jpg 957w, http:\/\/www.tus-bruchhausen.de\/Fussball\/wp-content\/uploads\/2022\/04\/Unbenannt-300x272.jpg 300w, http:\/\/www.tus-bruchhausen.de\/Fussball\/wp-content\/uploads\/2022\/04\/Unbenannt-150x136.jpg 150w, http:\/\/www.tus-bruchhausen.de\/Fussball\/wp-content\/uploads\/2022\/04\/Unbenannt-768x697.jpg 768w\" sizes=\"auto, (max-width: 957px) 100vw, 957px\" \/><\/p>\n<p>&nbsp;<\/p>\n<p>&nbsp;<\/p>\n","protected":false},"excerpt":{"rendered":"<p>Am Mittwoch den 27. April l\u00e4dt die Fu\u00dfballabteilung zur diesj\u00e4hrigen Abteilungsversammlung ins Sportheim. Neben der aktuellen Finanzlage werden wie immer T\u00e4tigkeits- sowie Sportberichte aus den einzelnen Bereichen vorgestellt. Alle Mitglieder, sowie bei den JugendspielerInnen die Erziehungsberechtigten, sind herzlich ab 19:02 Uhr eingeladen. &nbsp; &nbsp;<\/p>\n","protected":false},"author":2,"featured_media":17776,"comment_status":"closed","ping_status":"closed","sticky":false,"template":"","format":"standard","meta":{"footnotes":""},"categories":[6,1,8],"tags":[],"class_list":["post-19115","post","type-post","status-publish","format-standard","has-post-thumbnail","hentry","category-abteilung","category-hauptverein","category-news","small-justify-block","has-thumb"],"yoast_head":"<!-- This site is optimized with the Yoast SEO plugin v27.2 - https:\/\/yoast.com\/product\/yoast-seo-wordpress\/ -->\n<title>Abteilungsversammlung am 27. April<\/title>\n<meta name=\"robots\" content=\"index, follow, max-snippet:-1, max-image-preview:large, max-video-preview:-1\" \/>\n<link rel=\"canonical\" href=\"http:\/\/www.tus-bruchhausen.de\/Fussball\/abteilungsversammlung-am-27-april\/\" \/>\n<meta property=\"og:locale\" content=\"de_DE\" \/>\n<meta property=\"og:type\" content=\"article\" \/>\n<meta property=\"og:title\" content=\"Abteilungsversammlung am 27. April\" \/>\n<meta property=\"og:description\" content=\"Am Mittwoch den 27. April l\u00e4dt die Fu\u00dfballabteilung zur diesj\u00e4hrigen Abteilungsversammlung ins Sportheim. Neben der aktuellen Finanzlage werden wie immer T\u00e4tigkeits- sowie Sportberichte aus den einzelnen Bereichen vorgestellt. Alle Mitglieder, sowie bei den JugendspielerInnen die Erziehungsberechtigten, sind herzlich ab 19:02 Uhr eingeladen. &nbsp; &nbsp;\" \/>\n<meta property=\"og:url\" content=\"http:\/\/www.tus-bruchhausen.de\/Fussball\/abteilungsversammlung-am-27-april\/\" \/>\n<meta property=\"og:site_name\" content=\"TuS Bruchhausen\" \/>\n<meta property=\"article:publisher\" content=\"https:\/\/www.facebook.com\/TuS02\/\" \/>\n<meta property=\"article:published_time\" content=\"2022-04-12T06:17:12+00:00\" \/>\n<meta property=\"og:image\" content=\"http:\/\/www.tus-bruchhausen.de\/Fussball\/wp-content\/uploads\/2015\/05\/cropped-Logo_TuS-1.png\" \/>\n\t<meta property=\"og:image:width\" content=\"485\" \/>\n\t<meta property=\"og:image:height\" content=\"485\" \/>\n\t<meta property=\"og:image:type\" content=\"image\/png\" \/>\n<meta name=\"author\" content=\"Ingo\" \/>\n<meta name=\"twitter:card\" content=\"summary_large_image\" \/>\n<meta name=\"twitter:label1\" content=\"Verfasst von\" \/>\n\t<meta name=\"twitter:data1\" content=\"Ingo\" \/>\n\t<meta name=\"twitter:label2\" content=\"Gesch\u00e4tzte Lesezeit\" \/>\n\t<meta name=\"twitter:data2\" content=\"1\u00a0Minute\" \/>\n<script type=\"application\/ld+json\" class=\"yoast-schema-graph\">{\"@context\":\"https:\/\/schema.org\",\"@graph\":[{\"@type\":\"Article\",\"@id\":\"http:\/\/www.tus-bruchhausen.de\/Fussball\/abteilungsversammlung-am-27-april\/#article\",\"isPartOf\":{\"@id\":\"http:\/\/www.tus-bruchhausen.de\/Fussball\/abteilungsversammlung-am-27-april\/\"},\"author\":{\"name\":\"Ingo\",\"@id\":\"https:\/\/www.tus-bruchhausen.de\/Fussball\/#\/schema\/person\/99013c72b57268294b20c04b1e1b875a\"},\"headline\":\"Abteilungsversammlung am 27. April\",\"datePublished\":\"2022-04-12T06:17:12+00:00\",\"mainEntityOfPage\":{\"@id\":\"http:\/\/www.tus-bruchhausen.de\/Fussball\/abteilungsversammlung-am-27-april\/\"},\"wordCount\":49,\"image\":{\"@id\":\"http:\/\/www.tus-bruchhausen.de\/Fussball\/abteilungsversammlung-am-27-april\/#primaryimage\"},\"thumbnailUrl\":\"http:\/\/www.tus-bruchhausen.de\/Fussball\/wp-content\/uploads\/2015\/05\/cropped-Logo_TuS-1.png\",\"articleSection\":[\"Abteilung\",\"Hauptverein\",\"News\"],\"inLanguage\":\"de\"},{\"@type\":\"WebPage\",\"@id\":\"http:\/\/www.tus-bruchhausen.de\/Fussball\/abteilungsversammlung-am-27-april\/\",\"url\":\"http:\/\/www.tus-bruchhausen.de\/Fussball\/abteilungsversammlung-am-27-april\/\",\"name\":\"Abteilungsversammlung am 27. April\",\"isPartOf\":{\"@id\":\"https:\/\/www.tus-bruchhausen.de\/Fussball\/#website\"},\"primaryImageOfPage\":{\"@id\":\"http:\/\/www.tus-bruchhausen.de\/Fussball\/abteilungsversammlung-am-27-april\/#primaryimage\"},\"image\":{\"@id\":\"http:\/\/www.tus-bruchhausen.de\/Fussball\/abteilungsversammlung-am-27-april\/#primaryimage\"},\"thumbnailUrl\":\"http:\/\/www.tus-bruchhausen.de\/Fussball\/wp-content\/uploads\/2015\/05\/cropped-Logo_TuS-1.png\",\"datePublished\":\"2022-04-12T06:17:12+00:00\",\"author\":{\"@id\":\"https:\/\/www.tus-bruchhausen.de\/Fussball\/#\/schema\/person\/99013c72b57268294b20c04b1e1b875a\"},\"breadcrumb\":{\"@id\":\"http:\/\/www.tus-bruchhausen.de\/Fussball\/abteilungsversammlung-am-27-april\/#breadcrumb\"},\"inLanguage\":\"de\",\"potentialAction\":[{\"@type\":\"ReadAction\",\"target\":[\"http:\/\/www.tus-bruchhausen.de\/Fussball\/abteilungsversammlung-am-27-april\/\"]}]},{\"@type\":\"ImageObject\",\"inLanguage\":\"de\",\"@id\":\"http:\/\/www.tus-bruchhausen.de\/Fussball\/abteilungsversammlung-am-27-april\/#primaryimage\",\"url\":\"http:\/\/www.tus-bruchhausen.de\/Fussball\/wp-content\/uploads\/2015\/05\/cropped-Logo_TuS-1.png\",\"contentUrl\":\"http:\/\/www.tus-bruchhausen.de\/Fussball\/wp-content\/uploads\/2015\/05\/cropped-Logo_TuS-1.png\",\"width\":485,\"height\":485},{\"@type\":\"BreadcrumbList\",\"@id\":\"http:\/\/www.tus-bruchhausen.de\/Fussball\/abteilungsversammlung-am-27-april\/#breadcrumb\",\"itemListElement\":[{\"@type\":\"ListItem\",\"position\":1,\"name\":\"Startseite\",\"item\":\"https:\/\/www.tus-bruchhausen.de\/Fussball\/\"},{\"@type\":\"ListItem\",\"position\":2,\"name\":\"Abteilungsversammlung am 27. April\"}]},{\"@type\":\"WebSite\",\"@id\":\"https:\/\/www.tus-bruchhausen.de\/Fussball\/#website\",\"url\":\"https:\/\/www.tus-bruchhausen.de\/Fussball\/\",\"name\":\"TuS Bruchhausen\",\"description\":\"Fu\u00dfball\",\"potentialAction\":[{\"@type\":\"SearchAction\",\"target\":{\"@type\":\"EntryPoint\",\"urlTemplate\":\"https:\/\/www.tus-bruchhausen.de\/Fussball\/?s={search_term_string}\"},\"query-input\":{\"@type\":\"PropertyValueSpecification\",\"valueRequired\":true,\"valueName\":\"search_term_string\"}}],\"inLanguage\":\"de\"},{\"@type\":\"Person\",\"@id\":\"https:\/\/www.tus-bruchhausen.de\/Fussball\/#\/schema\/person\/99013c72b57268294b20c04b1e1b875a\",\"name\":\"Ingo\",\"image\":{\"@type\":\"ImageObject\",\"inLanguage\":\"de\",\"@id\":\"https:\/\/secure.gravatar.com\/avatar\/567f8450178f932a7ca8deea1bbe124461fcfe94e5ac63f9823ea053073c143d?s=96&d=mm&r=g\",\"url\":\"https:\/\/secure.gravatar.com\/avatar\/567f8450178f932a7ca8deea1bbe124461fcfe94e5ac63f9823ea053073c143d?s=96&d=mm&r=g\",\"contentUrl\":\"https:\/\/secure.gravatar.com\/avatar\/567f8450178f932a7ca8deea1bbe124461fcfe94e5ac63f9823ea053073c143d?s=96&d=mm&r=g\",\"caption\":\"Ingo\"}}]}<\/script>\n<!-- \/ Yoast SEO plugin. -->","yoast_head_json":{"title":"Abteilungsversammlung am 27. April","robots":{"index":"index","follow":"follow","max-snippet":"max-snippet:-1","max-image-preview":"max-image-preview:large","max-video-preview":"max-video-preview:-1"},"canonical":"http:\/\/www.tus-bruchhausen.de\/Fussball\/abteilungsversammlung-am-27-april\/","og_locale":"de_DE","og_type":"article","og_title":"Abteilungsversammlung am 27. April","og_description":"Am Mittwoch den 27. April l\u00e4dt die Fu\u00dfballabteilung zur diesj\u00e4hrigen Abteilungsversammlung ins Sportheim. Neben der aktuellen Finanzlage werden wie immer T\u00e4tigkeits- sowie Sportberichte aus den einzelnen Bereichen vorgestellt. Alle Mitglieder, sowie bei den JugendspielerInnen die Erziehungsberechtigten, sind herzlich ab 19:02 Uhr eingeladen. &nbsp; &nbsp;","og_url":"http:\/\/www.tus-bruchhausen.de\/Fussball\/abteilungsversammlung-am-27-april\/","og_site_name":"TuS Bruchhausen","article_publisher":"https:\/\/www.facebook.com\/TuS02\/","article_published_time":"2022-04-12T06:17:12+00:00","og_image":[{"width":485,"height":485,"url":"http:\/\/www.tus-bruchhausen.de\/Fussball\/wp-content\/uploads\/2015\/05\/cropped-Logo_TuS-1.png","type":"image\/png"}],"author":"Ingo","twitter_card":"summary_large_image","twitter_misc":{"Verfasst von":"Ingo","Gesch\u00e4tzte Lesezeit":"1\u00a0Minute"},"schema":{"@context":"https:\/\/schema.org","@graph":[{"@type":"Article","@id":"http:\/\/www.tus-bruchhausen.de\/Fussball\/abteilungsversammlung-am-27-april\/#article","isPartOf":{"@id":"http:\/\/www.tus-bruchhausen.de\/Fussball\/abteilungsversammlung-am-27-april\/"},"author":{"name":"Ingo","@id":"https:\/\/www.tus-bruchhausen.de\/Fussball\/#\/schema\/person\/99013c72b57268294b20c04b1e1b875a"},"headline":"Abteilungsversammlung am 27. April","datePublished":"2022-04-12T06:17:12+00:00","mainEntityOfPage":{"@id":"http:\/\/www.tus-bruchhausen.de\/Fussball\/abteilungsversammlung-am-27-april\/"},"wordCount":49,"image":{"@id":"http:\/\/www.tus-bruchhausen.de\/Fussball\/abteilungsversammlung-am-27-april\/#primaryimage"},"thumbnailUrl":"http:\/\/www.tus-bruchhausen.de\/Fussball\/wp-content\/uploads\/2015\/05\/cropped-Logo_TuS-1.png","articleSection":["Abteilung","Hauptverein","News"],"inLanguage":"de"},{"@type":"WebPage","@id":"http:\/\/www.tus-bruchhausen.de\/Fussball\/abteilungsversammlung-am-27-april\/","url":"http:\/\/www.tus-bruchhausen.de\/Fussball\/abteilungsversammlung-am-27-april\/","name":"Abteilungsversammlung am 27. April","isPartOf":{"@id":"https:\/\/www.tus-bruchhausen.de\/Fussball\/#website"},"primaryImageOfPage":{"@id":"http:\/\/www.tus-bruchhausen.de\/Fussball\/abteilungsversammlung-am-27-april\/#primaryimage"},"image":{"@id":"http:\/\/www.tus-bruchhausen.de\/Fussball\/abteilungsversammlung-am-27-april\/#primaryimage"},"thumbnailUrl":"http:\/\/www.tus-bruchhausen.de\/Fussball\/wp-content\/uploads\/2015\/05\/cropped-Logo_TuS-1.png","datePublished":"2022-04-12T06:17:12+00:00","author":{"@id":"https:\/\/www.tus-bruchhausen.de\/Fussball\/#\/schema\/person\/99013c72b57268294b20c04b1e1b875a"},"breadcrumb":{"@id":"http:\/\/www.tus-bruchhausen.de\/Fussball\/abteilungsversammlung-am-27-april\/#breadcrumb"},"inLanguage":"de","potentialAction":[{"@type":"ReadAction","target":["http:\/\/www.tus-bruchhausen.de\/Fussball\/abteilungsversammlung-am-27-april\/"]}]},{"@type":"ImageObject","inLanguage":"de","@id":"http:\/\/www.tus-bruchhausen.de\/Fussball\/abteilungsversammlung-am-27-april\/#primaryimage","url":"http:\/\/www.tus-bruchhausen.de\/Fussball\/wp-content\/uploads\/2015\/05\/cropped-Logo_TuS-1.png","contentUrl":"http:\/\/www.tus-bruchhausen.de\/Fussball\/wp-content\/uploads\/2015\/05\/cropped-Logo_TuS-1.png","width":485,"height":485},{"@type":"BreadcrumbList","@id":"http:\/\/www.tus-bruchhausen.de\/Fussball\/abteilungsversammlung-am-27-april\/#breadcrumb","itemListElement":[{"@type":"ListItem","position":1,"name":"Startseite","item":"https:\/\/www.tus-bruchhausen.de\/Fussball\/"},{"@type":"ListItem","position":2,"name":"Abteilungsversammlung am 27. April"}]},{"@type":"WebSite","@id":"https:\/\/www.tus-bruchhausen.de\/Fussball\/#website","url":"https:\/\/www.tus-bruchhausen.de\/Fussball\/","name":"TuS Bruchhausen","description":"Fu\u00dfball","potentialAction":[{"@type":"SearchAction","target":{"@type":"EntryPoint","urlTemplate":"https:\/\/www.tus-bruchhausen.de\/Fussball\/?s={search_term_string}"},"query-input":{"@type":"PropertyValueSpecification","valueRequired":true,"valueName":"search_term_string"}}],"inLanguage":"de"},{"@type":"Person","@id":"https:\/\/www.tus-bruchhausen.de\/Fussball\/#\/schema\/person\/99013c72b57268294b20c04b1e1b875a","name":"Ingo","image":{"@type":"ImageObject","inLanguage":"de","@id":"https:\/\/secure.gravatar.com\/avatar\/567f8450178f932a7ca8deea1bbe124461fcfe94e5ac63f9823ea053073c143d?s=96&d=mm&r=g","url":"https:\/\/secure.gravatar.com\/avatar\/567f8450178f932a7ca8deea1bbe124461fcfe94e5ac63f9823ea053073c143d?s=96&d=mm&r=g","contentUrl":"https:\/\/secure.gravatar.com\/avatar\/567f8450178f932a7ca8deea1bbe124461fcfe94e5ac63f9823ea053073c143d?s=96&d=mm&r=g","caption":"Ingo"}}]}},"_links":{"self":[{"href":"http:\/\/www.tus-bruchhausen.de\/Fussball\/wp-json\/wp\/v2\/posts\/19115","targetHints":{"allow":["GET"]}}],"collection":[{"href":"http:\/\/www.tus-bruchhausen.de\/Fussball\/wp-json\/wp\/v2\/posts"}],"about":[{"href":"http:\/\/www.tus-bruchhausen.de\/Fussball\/wp-json\/wp\/v2\/types\/post"}],"author":[{"embeddable":true,"href":"http:\/\/www.tus-bruchhausen.de\/Fussball\/wp-json\/wp\/v2\/users\/2"}],"replies":[{"embeddable":true,"href":"http:\/\/www.tus-bruchhausen.de\/Fussball\/wp-json\/wp\/v2\/comments?post=19115"}],"version-history":[{"count":1,"href":"http:\/\/www.tus-bruchhausen.de\/Fussball\/wp-json\/wp\/v2\/posts\/19115\/revisions"}],"predecessor-version":[{"id":19118,"href":"http:\/\/www.tus-bruchhausen.de\/Fussball\/wp-json\/wp\/v2\/posts\/19115\/revisions\/19118"}],"wp:featuredmedia":[{"embeddable":true,"href":"http:\/\/www.tus-bruchhausen.de\/Fussball\/wp-json\/wp\/v2\/media\/17776"}],"wp:attachment":[{"href":"http:\/\/www.tus-bruchhausen.de\/Fussball\/wp-json\/wp\/v2\/media?parent=19115"}],"wp:term":[{"taxonomy":"category","embeddable":true,"href":"http:\/\/www.tus-bruchhausen.de\/Fussball\/wp-json\/wp\/v2\/categories?post=19115"},{"taxonomy":"post_tag","embeddable":true,"href":"http:\/\/www.tus-bruchhausen.de\/Fussball\/wp-json\/wp\/v2\/tags?post=19115"}],"curies":[{"name":"wp","href":"https:\/\/api.w.org\/{rel}","templated":true}]}}