{"id":19469,"date":"2022-10-11T10:07:03","date_gmt":"2022-10-11T08:07:03","guid":{"rendered":"http:\/\/www.tus-bruchhausen.de\/Fussball\/?p=19469"},"modified":"2022-10-11T10:07:03","modified_gmt":"2022-10-11T08:07:03","slug":"am-kommenden-samstag-fegt-es-wieder-durchs-entendorf","status":"publish","type":"post","link":"http:\/\/www.tus-bruchhausen.de\/Fussball\/am-kommenden-samstag-fegt-es-wieder-durchs-entendorf\/","title":{"rendered":"Am kommenden Samstag fegt es wieder durchs Entendorf!"},"content":{"rendered":"<p>Am Samstag den 15.10. ziehen ab 9:30 Uhr unsere Jugendmannschaften der JSG Bruchhausen\/Niedereimer wieder durch Bruchhausen und fegen f\u00fcr einen kleinen Obolus die Stra\u00dfen und Einfahrten der B\u00fcrger. Das gesammelte Geld flie\u00dft am Ende vollst\u00e4ndig in die Jugendmannschaften. Mit dem gesammelten Geld werden Abschlussfahrten oder auch neue Trainingsmaterialien finanziert. Im Namen der Kinder und Jugendlichen bedankt sich die Fu\u00dfballjugendabteilung des TuS Bruchhausen schon im Vorfeld \u00fcber Ihre Unterst\u00fctzung.<\/p>\n","protected":false},"excerpt":{"rendered":"<p>Am Samstag den 15.10. ziehen ab 9:30 Uhr unsere Jugendmannschaften der JSG Bruchhausen\/Niedereimer wieder durch Bruchhausen und fegen f\u00fcr einen kleinen Obolus die Stra\u00dfen und Einfahrten der B\u00fcrger. Das gesammelte Geld flie\u00dft am Ende vollst\u00e4ndig in die Jugendmannschaften. Mit dem gesammelten Geld werden Abschlussfahrten oder auch neue Trainingsmaterialien finanziert. Im Namen der Kinder und Jugendlichen [&hellip;]<\/p>\n","protected":false},"author":2,"featured_media":2869,"comment_status":"closed","ping_status":"closed","sticky":false,"template":"","format":"standard","meta":{"footnotes":""},"categories":[6,7,8],"tags":[],"class_list":["post-19469","post","type-post","status-publish","format-standard","has-post-thumbnail","hentry","category-abteilung","category-jugend","category-news","small-justify-block","has-thumb"],"yoast_head":"<!-- This site is optimized with the Yoast SEO plugin v27.2 - https:\/\/yoast.com\/product\/yoast-seo-wordpress\/ -->\n<title>Am kommenden Samstag fegt es wieder durchs Entendorf!<\/title>\n<meta name=\"robots\" content=\"index, follow, max-snippet:-1, max-image-preview:large, max-video-preview:-1\" \/>\n<link rel=\"canonical\" href=\"http:\/\/www.tus-bruchhausen.de\/Fussball\/am-kommenden-samstag-fegt-es-wieder-durchs-entendorf\/\" \/>\n<meta property=\"og:locale\" content=\"de_DE\" \/>\n<meta property=\"og:type\" content=\"article\" \/>\n<meta property=\"og:title\" content=\"Am kommenden Samstag fegt es wieder durchs Entendorf!\" \/>\n<meta property=\"og:description\" content=\"Am Samstag den 15.10. ziehen ab 9:30 Uhr unsere Jugendmannschaften der JSG Bruchhausen\/Niedereimer wieder durch Bruchhausen und fegen f\u00fcr einen kleinen Obolus die Stra\u00dfen und Einfahrten der B\u00fcrger. Das gesammelte Geld flie\u00dft am Ende vollst\u00e4ndig in die Jugendmannschaften. Mit dem gesammelten Geld werden Abschlussfahrten oder auch neue Trainingsmaterialien finanziert. Im Namen der Kinder und Jugendlichen [&hellip;]\" \/>\n<meta property=\"og:url\" content=\"http:\/\/www.tus-bruchhausen.de\/Fussball\/am-kommenden-samstag-fegt-es-wieder-durchs-entendorf\/\" \/>\n<meta property=\"og:site_name\" content=\"TuS Bruchhausen\" \/>\n<meta property=\"article:publisher\" content=\"https:\/\/www.facebook.com\/TuS02\/\" \/>\n<meta property=\"article:published_time\" content=\"2022-10-11T08:07:03+00:00\" \/>\n<meta property=\"og:image\" content=\"http:\/\/www.tus-bruchhausen.de\/Fussball\/wp-content\/uploads\/2014\/04\/url-e1459494106194.jpeg\" \/>\n\t<meta property=\"og:image:width\" content=\"1500\" \/>\n\t<meta property=\"og:image:height\" content=\"843\" \/>\n\t<meta property=\"og:image:type\" content=\"image\/jpeg\" \/>\n<meta name=\"author\" content=\"Ingo\" \/>\n<meta name=\"twitter:card\" content=\"summary_large_image\" \/>\n<meta name=\"twitter:label1\" content=\"Verfasst von\" \/>\n\t<meta name=\"twitter:data1\" content=\"Ingo\" \/>\n\t<meta name=\"twitter:label2\" content=\"Gesch\u00e4tzte Lesezeit\" \/>\n\t<meta name=\"twitter:data2\" content=\"1\u00a0Minute\" \/>\n<script type=\"application\/ld+json\" class=\"yoast-schema-graph\">{\"@context\":\"https:\/\/schema.org\",\"@graph\":[{\"@type\":\"Article\",\"@id\":\"http:\/\/www.tus-bruchhausen.de\/Fussball\/am-kommenden-samstag-fegt-es-wieder-durchs-entendorf\/#article\",\"isPartOf\":{\"@id\":\"http:\/\/www.tus-bruchhausen.de\/Fussball\/am-kommenden-samstag-fegt-es-wieder-durchs-entendorf\/\"},\"author\":{\"name\":\"Ingo\",\"@id\":\"http:\/\/www.tus-bruchhausen.de\/Fussball\/#\/schema\/person\/99013c72b57268294b20c04b1e1b875a\"},\"headline\":\"Am kommenden Samstag fegt es wieder durchs Entendorf!\",\"datePublished\":\"2022-10-11T08:07:03+00:00\",\"mainEntityOfPage\":{\"@id\":\"http:\/\/www.tus-bruchhausen.de\/Fussball\/am-kommenden-samstag-fegt-es-wieder-durchs-entendorf\/\"},\"wordCount\":82,\"image\":{\"@id\":\"http:\/\/www.tus-bruchhausen.de\/Fussball\/am-kommenden-samstag-fegt-es-wieder-durchs-entendorf\/#primaryimage\"},\"thumbnailUrl\":\"http:\/\/www.tus-bruchhausen.de\/Fussball\/wp-content\/uploads\/2014\/04\/url-e1459494106194.jpeg\",\"articleSection\":[\"Abteilung\",\"Jugend\",\"News\"],\"inLanguage\":\"de\"},{\"@type\":\"WebPage\",\"@id\":\"http:\/\/www.tus-bruchhausen.de\/Fussball\/am-kommenden-samstag-fegt-es-wieder-durchs-entendorf\/\",\"url\":\"http:\/\/www.tus-bruchhausen.de\/Fussball\/am-kommenden-samstag-fegt-es-wieder-durchs-entendorf\/\",\"name\":\"Am kommenden Samstag fegt es wieder durchs Entendorf!\",\"isPartOf\":{\"@id\":\"http:\/\/www.tus-bruchhausen.de\/Fussball\/#website\"},\"primaryImageOfPage\":{\"@id\":\"http:\/\/www.tus-bruchhausen.de\/Fussball\/am-kommenden-samstag-fegt-es-wieder-durchs-entendorf\/#primaryimage\"},\"image\":{\"@id\":\"http:\/\/www.tus-bruchhausen.de\/Fussball\/am-kommenden-samstag-fegt-es-wieder-durchs-entendorf\/#primaryimage\"},\"thumbnailUrl\":\"http:\/\/www.tus-bruchhausen.de\/Fussball\/wp-content\/uploads\/2014\/04\/url-e1459494106194.jpeg\",\"datePublished\":\"2022-10-11T08:07:03+00:00\",\"author\":{\"@id\":\"http:\/\/www.tus-bruchhausen.de\/Fussball\/#\/schema\/person\/99013c72b57268294b20c04b1e1b875a\"},\"breadcrumb\":{\"@id\":\"http:\/\/www.tus-bruchhausen.de\/Fussball\/am-kommenden-samstag-fegt-es-wieder-durchs-entendorf\/#breadcrumb\"},\"inLanguage\":\"de\",\"potentialAction\":[{\"@type\":\"ReadAction\",\"target\":[\"http:\/\/www.tus-bruchhausen.de\/Fussball\/am-kommenden-samstag-fegt-es-wieder-durchs-entendorf\/\"]}]},{\"@type\":\"ImageObject\",\"inLanguage\":\"de\",\"@id\":\"http:\/\/www.tus-bruchhausen.de\/Fussball\/am-kommenden-samstag-fegt-es-wieder-durchs-entendorf\/#primaryimage\",\"url\":\"http:\/\/www.tus-bruchhausen.de\/Fussball\/wp-content\/uploads\/2014\/04\/url-e1459494106194.jpeg\",\"contentUrl\":\"http:\/\/www.tus-bruchhausen.de\/Fussball\/wp-content\/uploads\/2014\/04\/url-e1459494106194.jpeg\",\"width\":1500,\"height\":843},{\"@type\":\"BreadcrumbList\",\"@id\":\"http:\/\/www.tus-bruchhausen.de\/Fussball\/am-kommenden-samstag-fegt-es-wieder-durchs-entendorf\/#breadcrumb\",\"itemListElement\":[{\"@type\":\"ListItem\",\"position\":1,\"name\":\"Startseite\",\"item\":\"http:\/\/www.tus-bruchhausen.de\/Fussball\/\"},{\"@type\":\"ListItem\",\"position\":2,\"name\":\"Am kommenden Samstag fegt es wieder durchs Entendorf!\"}]},{\"@type\":\"WebSite\",\"@id\":\"http:\/\/www.tus-bruchhausen.de\/Fussball\/#website\",\"url\":\"http:\/\/www.tus-bruchhausen.de\/Fussball\/\",\"name\":\"TuS Bruchhausen\",\"description\":\"Fu\u00dfball\",\"potentialAction\":[{\"@type\":\"SearchAction\",\"target\":{\"@type\":\"EntryPoint\",\"urlTemplate\":\"http:\/\/www.tus-bruchhausen.de\/Fussball\/?s={search_term_string}\"},\"query-input\":{\"@type\":\"PropertyValueSpecification\",\"valueRequired\":true,\"valueName\":\"search_term_string\"}}],\"inLanguage\":\"de\"},{\"@type\":\"Person\",\"@id\":\"http:\/\/www.tus-bruchhausen.de\/Fussball\/#\/schema\/person\/99013c72b57268294b20c04b1e1b875a\",\"name\":\"Ingo\",\"image\":{\"@type\":\"ImageObject\",\"inLanguage\":\"de\",\"@id\":\"https:\/\/secure.gravatar.com\/avatar\/567f8450178f932a7ca8deea1bbe124461fcfe94e5ac63f9823ea053073c143d?s=96&d=mm&r=g\",\"url\":\"https:\/\/secure.gravatar.com\/avatar\/567f8450178f932a7ca8deea1bbe124461fcfe94e5ac63f9823ea053073c143d?s=96&d=mm&r=g\",\"contentUrl\":\"https:\/\/secure.gravatar.com\/avatar\/567f8450178f932a7ca8deea1bbe124461fcfe94e5ac63f9823ea053073c143d?s=96&d=mm&r=g\",\"caption\":\"Ingo\"}}]}<\/script>\n<!-- \/ Yoast SEO plugin. -->","yoast_head_json":{"title":"Am kommenden Samstag fegt es wieder durchs Entendorf!","robots":{"index":"index","follow":"follow","max-snippet":"max-snippet:-1","max-image-preview":"max-image-preview:large","max-video-preview":"max-video-preview:-1"},"canonical":"http:\/\/www.tus-bruchhausen.de\/Fussball\/am-kommenden-samstag-fegt-es-wieder-durchs-entendorf\/","og_locale":"de_DE","og_type":"article","og_title":"Am kommenden Samstag fegt es wieder durchs Entendorf!","og_description":"Am Samstag den 15.10. ziehen ab 9:30 Uhr unsere Jugendmannschaften der JSG Bruchhausen\/Niedereimer wieder durch Bruchhausen und fegen f\u00fcr einen kleinen Obolus die Stra\u00dfen und Einfahrten der B\u00fcrger. Das gesammelte Geld flie\u00dft am Ende vollst\u00e4ndig in die Jugendmannschaften. Mit dem gesammelten Geld werden Abschlussfahrten oder auch neue Trainingsmaterialien finanziert. Im Namen der Kinder und Jugendlichen [&hellip;]","og_url":"http:\/\/www.tus-bruchhausen.de\/Fussball\/am-kommenden-samstag-fegt-es-wieder-durchs-entendorf\/","og_site_name":"TuS Bruchhausen","article_publisher":"https:\/\/www.facebook.com\/TuS02\/","article_published_time":"2022-10-11T08:07:03+00:00","og_image":[{"width":1500,"height":843,"url":"http:\/\/www.tus-bruchhausen.de\/Fussball\/wp-content\/uploads\/2014\/04\/url-e1459494106194.jpeg","type":"image\/jpeg"}],"author":"Ingo","twitter_card":"summary_large_image","twitter_misc":{"Verfasst von":"Ingo","Gesch\u00e4tzte Lesezeit":"1\u00a0Minute"},"schema":{"@context":"https:\/\/schema.org","@graph":[{"@type":"Article","@id":"http:\/\/www.tus-bruchhausen.de\/Fussball\/am-kommenden-samstag-fegt-es-wieder-durchs-entendorf\/#article","isPartOf":{"@id":"http:\/\/www.tus-bruchhausen.de\/Fussball\/am-kommenden-samstag-fegt-es-wieder-durchs-entendorf\/"},"author":{"name":"Ingo","@id":"http:\/\/www.tus-bruchhausen.de\/Fussball\/#\/schema\/person\/99013c72b57268294b20c04b1e1b875a"},"headline":"Am kommenden Samstag fegt es wieder durchs Entendorf!","datePublished":"2022-10-11T08:07:03+00:00","mainEntityOfPage":{"@id":"http:\/\/www.tus-bruchhausen.de\/Fussball\/am-kommenden-samstag-fegt-es-wieder-durchs-entendorf\/"},"wordCount":82,"image":{"@id":"http:\/\/www.tus-bruchhausen.de\/Fussball\/am-kommenden-samstag-fegt-es-wieder-durchs-entendorf\/#primaryimage"},"thumbnailUrl":"http:\/\/www.tus-bruchhausen.de\/Fussball\/wp-content\/uploads\/2014\/04\/url-e1459494106194.jpeg","articleSection":["Abteilung","Jugend","News"],"inLanguage":"de"},{"@type":"WebPage","@id":"http:\/\/www.tus-bruchhausen.de\/Fussball\/am-kommenden-samstag-fegt-es-wieder-durchs-entendorf\/","url":"http:\/\/www.tus-bruchhausen.de\/Fussball\/am-kommenden-samstag-fegt-es-wieder-durchs-entendorf\/","name":"Am kommenden Samstag fegt es wieder durchs Entendorf!","isPartOf":{"@id":"http:\/\/www.tus-bruchhausen.de\/Fussball\/#website"},"primaryImageOfPage":{"@id":"http:\/\/www.tus-bruchhausen.de\/Fussball\/am-kommenden-samstag-fegt-es-wieder-durchs-entendorf\/#primaryimage"},"image":{"@id":"http:\/\/www.tus-bruchhausen.de\/Fussball\/am-kommenden-samstag-fegt-es-wieder-durchs-entendorf\/#primaryimage"},"thumbnailUrl":"http:\/\/www.tus-bruchhausen.de\/Fussball\/wp-content\/uploads\/2014\/04\/url-e1459494106194.jpeg","datePublished":"2022-10-11T08:07:03+00:00","author":{"@id":"http:\/\/www.tus-bruchhausen.de\/Fussball\/#\/schema\/person\/99013c72b57268294b20c04b1e1b875a"},"breadcrumb":{"@id":"http:\/\/www.tus-bruchhausen.de\/Fussball\/am-kommenden-samstag-fegt-es-wieder-durchs-entendorf\/#breadcrumb"},"inLanguage":"de","potentialAction":[{"@type":"ReadAction","target":["http:\/\/www.tus-bruchhausen.de\/Fussball\/am-kommenden-samstag-fegt-es-wieder-durchs-entendorf\/"]}]},{"@type":"ImageObject","inLanguage":"de","@id":"http:\/\/www.tus-bruchhausen.de\/Fussball\/am-kommenden-samstag-fegt-es-wieder-durchs-entendorf\/#primaryimage","url":"http:\/\/www.tus-bruchhausen.de\/Fussball\/wp-content\/uploads\/2014\/04\/url-e1459494106194.jpeg","contentUrl":"http:\/\/www.tus-bruchhausen.de\/Fussball\/wp-content\/uploads\/2014\/04\/url-e1459494106194.jpeg","width":1500,"height":843},{"@type":"BreadcrumbList","@id":"http:\/\/www.tus-bruchhausen.de\/Fussball\/am-kommenden-samstag-fegt-es-wieder-durchs-entendorf\/#breadcrumb","itemListElement":[{"@type":"ListItem","position":1,"name":"Startseite","item":"http:\/\/www.tus-bruchhausen.de\/Fussball\/"},{"@type":"ListItem","position":2,"name":"Am kommenden Samstag fegt es wieder durchs Entendorf!"}]},{"@type":"WebSite","@id":"http:\/\/www.tus-bruchhausen.de\/Fussball\/#website","url":"http:\/\/www.tus-bruchhausen.de\/Fussball\/","name":"TuS Bruchhausen","description":"Fu\u00dfball","potentialAction":[{"@type":"SearchAction","target":{"@type":"EntryPoint","urlTemplate":"http:\/\/www.tus-bruchhausen.de\/Fussball\/?s={search_term_string}"},"query-input":{"@type":"PropertyValueSpecification","valueRequired":true,"valueName":"search_term_string"}}],"inLanguage":"de"},{"@type":"Person","@id":"http:\/\/www.tus-bruchhausen.de\/Fussball\/#\/schema\/person\/99013c72b57268294b20c04b1e1b875a","name":"Ingo","image":{"@type":"ImageObject","inLanguage":"de","@id":"https:\/\/secure.gravatar.com\/avatar\/567f8450178f932a7ca8deea1bbe124461fcfe94e5ac63f9823ea053073c143d?s=96&d=mm&r=g","url":"https:\/\/secure.gravatar.com\/avatar\/567f8450178f932a7ca8deea1bbe124461fcfe94e5ac63f9823ea053073c143d?s=96&d=mm&r=g","contentUrl":"https:\/\/secure.gravatar.com\/avatar\/567f8450178f932a7ca8deea1bbe124461fcfe94e5ac63f9823ea053073c143d?s=96&d=mm&r=g","caption":"Ingo"}}]}},"_links":{"self":[{"href":"http:\/\/www.tus-bruchhausen.de\/Fussball\/wp-json\/wp\/v2\/posts\/19469","targetHints":{"allow":["GET"]}}],"collection":[{"href":"http:\/\/www.tus-bruchhausen.de\/Fussball\/wp-json\/wp\/v2\/posts"}],"about":[{"href":"http:\/\/www.tus-bruchhausen.de\/Fussball\/wp-json\/wp\/v2\/types\/post"}],"author":[{"embeddable":true,"href":"http:\/\/www.tus-bruchhausen.de\/Fussball\/wp-json\/wp\/v2\/users\/2"}],"replies":[{"embeddable":true,"href":"http:\/\/www.tus-bruchhausen.de\/Fussball\/wp-json\/wp\/v2\/comments?post=19469"}],"version-history":[{"count":1,"href":"http:\/\/www.tus-bruchhausen.de\/Fussball\/wp-json\/wp\/v2\/posts\/19469\/revisions"}],"predecessor-version":[{"id":19470,"href":"http:\/\/www.tus-bruchhausen.de\/Fussball\/wp-json\/wp\/v2\/posts\/19469\/revisions\/19470"}],"wp:featuredmedia":[{"embeddable":true,"href":"http:\/\/www.tus-bruchhausen.de\/Fussball\/wp-json\/wp\/v2\/media\/2869"}],"wp:attachment":[{"href":"http:\/\/www.tus-bruchhausen.de\/Fussball\/wp-json\/wp\/v2\/media?parent=19469"}],"wp:term":[{"taxonomy":"category","embeddable":true,"href":"http:\/\/www.tus-bruchhausen.de\/Fussball\/wp-json\/wp\/v2\/categories?post=19469"},{"taxonomy":"post_tag","embeddable":true,"href":"http:\/\/www.tus-bruchhausen.de\/Fussball\/wp-json\/wp\/v2\/tags?post=19469"}],"curies":[{"name":"wp","href":"https:\/\/api.w.org\/{rel}","templated":true}]}}