{"id":19956,"date":"2023-10-19T12:24:29","date_gmt":"2023-10-19T10:24:29","guid":{"rendered":"http:\/\/www.tus-bruchhausen.de\/Fussball\/?p=19956"},"modified":"2023-11-20T12:27:29","modified_gmt":"2023-11-20T11:27:29","slug":"wilder-denn-je-%f0%9f%92%aa%f0%9f%8f%bc%f0%9f%a6%86-willensstaerke-teamgeist-und-sieg-im-topspiel-gegen-grevenstein-%f0%9f%a4%a9","status":"publish","type":"post","link":"http:\/\/www.tus-bruchhausen.de\/Fussball\/wilder-denn-je-%f0%9f%92%aa%f0%9f%8f%bc%f0%9f%a6%86-willensstaerke-teamgeist-und-sieg-im-topspiel-gegen-grevenstein-%f0%9f%a4%a9\/","title":{"rendered":"Wilder denn je &#x1f4aa;&#x1f3fc;&#x1f986; &#8211; Willensst\u00e4rke, Teamgeist und Sieg im Topspiel gegen Grevenstein &#x1f929;"},"content":{"rendered":"<p><img loading=\"lazy\" decoding=\"async\" class=\"alignnone size-medium wp-image-19958\" src=\"http:\/\/www.tus-bruchhausen.de\/Fussball\/wp-content\/uploads\/2023\/11\/IMG-20231120-WA0014-300x200.jpg\" alt=\"\" width=\"300\" height=\"200\" srcset=\"http:\/\/www.tus-bruchhausen.de\/Fussball\/wp-content\/uploads\/2023\/11\/IMG-20231120-WA0014-300x200.jpg 300w, http:\/\/www.tus-bruchhausen.de\/Fussball\/wp-content\/uploads\/2023\/11\/IMG-20231120-WA0014-150x100.jpg 150w, http:\/\/www.tus-bruchhausen.de\/Fussball\/wp-content\/uploads\/2023\/11\/IMG-20231120-WA0014-768x512.jpg 768w, http:\/\/www.tus-bruchhausen.de\/Fussball\/wp-content\/uploads\/2023\/11\/IMG-20231120-WA0014-1170x780.jpg 1170w, http:\/\/www.tus-bruchhausen.de\/Fussball\/wp-content\/uploads\/2023\/11\/IMG-20231120-WA0014-272x182.jpg 272w, http:\/\/www.tus-bruchhausen.de\/Fussball\/wp-content\/uploads\/2023\/11\/IMG-20231120-WA0014.jpg 1286w\" sizes=\"auto, (max-width: 300px) 100vw, 300px\" \/> <img loading=\"lazy\" decoding=\"async\" class=\"alignnone size-medium wp-image-19959\" src=\"http:\/\/www.tus-bruchhausen.de\/Fussball\/wp-content\/uploads\/2023\/11\/IMG-20231120-WA0015-300x200.jpg\" alt=\"\" width=\"300\" height=\"200\" srcset=\"http:\/\/www.tus-bruchhausen.de\/Fussball\/wp-content\/uploads\/2023\/11\/IMG-20231120-WA0015-300x200.jpg 300w, http:\/\/www.tus-bruchhausen.de\/Fussball\/wp-content\/uploads\/2023\/11\/IMG-20231120-WA0015-150x100.jpg 150w, http:\/\/www.tus-bruchhausen.de\/Fussball\/wp-content\/uploads\/2023\/11\/IMG-20231120-WA0015-768x512.jpg 768w, http:\/\/www.tus-bruchhausen.de\/Fussball\/wp-content\/uploads\/2023\/11\/IMG-20231120-WA0015-1170x780.jpg 1170w, http:\/\/www.tus-bruchhausen.de\/Fussball\/wp-content\/uploads\/2023\/11\/IMG-20231120-WA0015-272x182.jpg 272w, http:\/\/www.tus-bruchhausen.de\/Fussball\/wp-content\/uploads\/2023\/11\/IMG-20231120-WA0015.jpg 1286w\" sizes=\"auto, (max-width: 300px) 100vw, 300px\" \/> <img loading=\"lazy\" decoding=\"async\" class=\"alignnone size-medium wp-image-19960\" src=\"http:\/\/www.tus-bruchhausen.de\/Fussball\/wp-content\/uploads\/2023\/11\/IMG-20231120-WA0016-300x200.jpg\" alt=\"\" width=\"300\" height=\"200\" srcset=\"http:\/\/www.tus-bruchhausen.de\/Fussball\/wp-content\/uploads\/2023\/11\/IMG-20231120-WA0016-300x200.jpg 300w, http:\/\/www.tus-bruchhausen.de\/Fussball\/wp-content\/uploads\/2023\/11\/IMG-20231120-WA0016-150x100.jpg 150w, http:\/\/www.tus-bruchhausen.de\/Fussball\/wp-content\/uploads\/2023\/11\/IMG-20231120-WA0016-768x512.jpg 768w, http:\/\/www.tus-bruchhausen.de\/Fussball\/wp-content\/uploads\/2023\/11\/IMG-20231120-WA0016-1170x780.jpg 1170w, http:\/\/www.tus-bruchhausen.de\/Fussball\/wp-content\/uploads\/2023\/11\/IMG-20231120-WA0016-272x182.jpg 272w, http:\/\/www.tus-bruchhausen.de\/Fussball\/wp-content\/uploads\/2023\/11\/IMG-20231120-WA0016.jpg 1286w\" sizes=\"auto, (max-width: 300px) 100vw, 300px\" \/> <img loading=\"lazy\" decoding=\"async\" class=\"alignnone size-medium wp-image-19961\" src=\"http:\/\/www.tus-bruchhausen.de\/Fussball\/wp-content\/uploads\/2023\/11\/IMG-20231120-WA0017-300x200.jpg\" alt=\"\" width=\"300\" height=\"200\" srcset=\"http:\/\/www.tus-bruchhausen.de\/Fussball\/wp-content\/uploads\/2023\/11\/IMG-20231120-WA0017-300x200.jpg 300w, http:\/\/www.tus-bruchhausen.de\/Fussball\/wp-content\/uploads\/2023\/11\/IMG-20231120-WA0017-150x100.jpg 150w, http:\/\/www.tus-bruchhausen.de\/Fussball\/wp-content\/uploads\/2023\/11\/IMG-20231120-WA0017-768x512.jpg 768w, http:\/\/www.tus-bruchhausen.de\/Fussball\/wp-content\/uploads\/2023\/11\/IMG-20231120-WA0017-1170x780.jpg 1170w, http:\/\/www.tus-bruchhausen.de\/Fussball\/wp-content\/uploads\/2023\/11\/IMG-20231120-WA0017-272x182.jpg 272w, http:\/\/www.tus-bruchhausen.de\/Fussball\/wp-content\/uploads\/2023\/11\/IMG-20231120-WA0017.jpg 1286w\" sizes=\"auto, (max-width: 300px) 100vw, 300px\" \/> <img loading=\"lazy\" decoding=\"async\" class=\"alignnone size-medium wp-image-19962\" src=\"http:\/\/www.tus-bruchhausen.de\/Fussball\/wp-content\/uploads\/2023\/11\/IMG-20231120-WA0018-300x200.jpg\" alt=\"\" width=\"300\" height=\"200\" srcset=\"http:\/\/www.tus-bruchhausen.de\/Fussball\/wp-content\/uploads\/2023\/11\/IMG-20231120-WA0018-300x200.jpg 300w, http:\/\/www.tus-bruchhausen.de\/Fussball\/wp-content\/uploads\/2023\/11\/IMG-20231120-WA0018-150x100.jpg 150w, http:\/\/www.tus-bruchhausen.de\/Fussball\/wp-content\/uploads\/2023\/11\/IMG-20231120-WA0018-768x512.jpg 768w, http:\/\/www.tus-bruchhausen.de\/Fussball\/wp-content\/uploads\/2023\/11\/IMG-20231120-WA0018-1170x780.jpg 1170w, http:\/\/www.tus-bruchhausen.de\/Fussball\/wp-content\/uploads\/2023\/11\/IMG-20231120-WA0018-272x182.jpg 272w, http:\/\/www.tus-bruchhausen.de\/Fussball\/wp-content\/uploads\/2023\/11\/IMG-20231120-WA0018.jpg 1286w\" sizes=\"auto, (max-width: 300px) 100vw, 300px\" \/> <img loading=\"lazy\" decoding=\"async\" class=\"alignnone size-medium wp-image-19963\" src=\"http:\/\/www.tus-bruchhausen.de\/Fussball\/wp-content\/uploads\/2023\/11\/IMG-20231120-WA0012-300x200.jpg\" alt=\"\" width=\"300\" height=\"200\" srcset=\"http:\/\/www.tus-bruchhausen.de\/Fussball\/wp-content\/uploads\/2023\/11\/IMG-20231120-WA0012-300x200.jpg 300w, http:\/\/www.tus-bruchhausen.de\/Fussball\/wp-content\/uploads\/2023\/11\/IMG-20231120-WA0012-150x100.jpg 150w, http:\/\/www.tus-bruchhausen.de\/Fussball\/wp-content\/uploads\/2023\/11\/IMG-20231120-WA0012-768x512.jpg 768w, http:\/\/www.tus-bruchhausen.de\/Fussball\/wp-content\/uploads\/2023\/11\/IMG-20231120-WA0012-1170x780.jpg 1170w, http:\/\/www.tus-bruchhausen.de\/Fussball\/wp-content\/uploads\/2023\/11\/IMG-20231120-WA0012-272x182.jpg 272w, http:\/\/www.tus-bruchhausen.de\/Fussball\/wp-content\/uploads\/2023\/11\/IMG-20231120-WA0012.jpg 1286w\" sizes=\"auto, (max-width: 300px) 100vw, 300px\" \/> <img loading=\"lazy\" decoding=\"async\" class=\"alignnone size-medium wp-image-19957\" src=\"http:\/\/www.tus-bruchhausen.de\/Fussball\/wp-content\/uploads\/2023\/11\/IMG-20231120-WA0013-300x200.jpg\" alt=\"\" width=\"300\" height=\"200\" srcset=\"http:\/\/www.tus-bruchhausen.de\/Fussball\/wp-content\/uploads\/2023\/11\/IMG-20231120-WA0013-300x200.jpg 300w, http:\/\/www.tus-bruchhausen.de\/Fussball\/wp-content\/uploads\/2023\/11\/IMG-20231120-WA0013-150x100.jpg 150w, http:\/\/www.tus-bruchhausen.de\/Fussball\/wp-content\/uploads\/2023\/11\/IMG-20231120-WA0013-768x512.jpg 768w, http:\/\/www.tus-bruchhausen.de\/Fussball\/wp-content\/uploads\/2023\/11\/IMG-20231120-WA0013-1170x780.jpg 1170w, http:\/\/www.tus-bruchhausen.de\/Fussball\/wp-content\/uploads\/2023\/11\/IMG-20231120-WA0013-272x182.jpg 272w, http:\/\/www.tus-bruchhausen.de\/Fussball\/wp-content\/uploads\/2023\/11\/IMG-20231120-WA0013.jpg 1286w\" sizes=\"auto, (max-width: 300px) 100vw, 300px\" \/>Am Sonntag fuhren wir gemeinsam zum Topspiel nach Grevenstein &#x1f37b; auch die Gastgeber waren bis zu diesem Spieltag ungeschlagen &#x1f44f;&#x1f3fb; und so ging es in den 90 Minuten bei winterlichen Temperaturen um die Tabellenspitze &#x2603; #dawollenwirhin &#x1f947;<br \/>\nDas Spiel war von der ersten Sekunde an on fire &#x1f525; #demwinterzutrotz &#x1f44a;&#x1f3fc; beide Seiten wollten fr\u00fch in F\u00fchrung gehen und erspielten sich gute Torchancen &#x26bd; #mussmanzugebenk\u00f6nnen &#x2696; leider blieben unsere Chancen ungenutzt #immerundimmerweiter &#x1f986;hinten konnten wir die hohen B\u00e4lle abfangen, die Angriffe abwehren und unser Tor sauber halten &#x1f419; so blieb es bis zur Halbzeit ein nervenaufreibendes Spiel &#x1f4a5; und ein verdientes 0:0 zur Halbzeit &#x1f91d;&#x1f3fc; #halbhalb #erstmalp\u00e4uschen<br \/>\nNach der Halbzeit kamen beide Mannschaften wieder motiviert aus der Kabine &#x1f4aa;&#x1f3fc; nach f\u00fcnf Minuten mussten wir leider kurzzeitig den R\u00fcckstand akzeptieren &#x1fae3; #jetzterstrecht &#x1f64f;&#x1f3fc; wir \u00fcbernahmen dann aber immer mehr die Spieldominanz und konnten endlich in der 67. Minute durch Jule Westermann den erl\u00f6senden Ausgleichstreffer erzielen &#x1f60d; #torgarant &#x1f4a5; #wilderdennje #genausoweiter &#x1f973; wir wollten mehr &#x1f4aa;&#x1f3fc; und so schoss Anna-Lea Schlinkmann in der 79. Minute ihr Team zur 2:1 F\u00fchrung &#x26bd; #dasistderhiagdamenstyle #gef\u00e4hrlichwildundfrei &#x1f3f4;&#x200d;&#x2620; nach weiteren drei Minuten machte sie dann sogar nicht nur den Sieg mit einem Doppelpack perfekt, sondern belohnte sich selbst auch noch mit der Platz 1 in der Torj\u00e4ger-Liste &#x1f3c6; #dageh\u00f6rtsiehin<\/p>\n<p>Mit dem Sieg im Topspiel klettern wir wieder an die Tabellenspitze &#x1f947; #derplangehtauf &#x1f4aa;&#x1f3fc;&#x1f929;<br \/>\nSonntag empfangen wir die Damen aus Eisborn &#x1f4aa;&#x1f3fc; Ansto\u00df ist um 13:00 Uhr an der HIAG &#x1f4c6; #savethedate<\/p>\n<p>WIR SIND AM BALL &#x1f525;<br \/>\nEURE HIAG-DAMEN &#x1f986;<br \/>\n#team #hiagdamen #hiagsiegeliebenwir #topspiel #wilderdennje #teamgeististderschl\u00fcsselzumziel<\/p>\n","protected":false},"excerpt":{"rendered":"<p>Am Sonntag fuhren wir gemeinsam zum Topspiel nach Grevenstein &#x1f37b; auch die Gastgeber waren bis zu diesem Spieltag ungeschlagen &#x1f44f;&#x1f3fb; und so ging es in den 90 Minuten bei winterlichen Temperaturen um die Tabellenspitze &#x2603; #dawollenwirhin &#x1f947; Das Spiel war von der ersten Sekunde an on fire &#x1f525; #demwinterzutrotz &#x1f44a;&#x1f3fc; beide Seiten wollten fr\u00fch in [&hellip;]<\/p>\n","protected":false},"author":6,"featured_media":19957,"comment_status":"closed","ping_status":"closed","sticky":false,"template":"","format":"standard","meta":{"footnotes":""},"categories":[25,1,8],"tags":[],"class_list":["post-19956","post","type-post","status-publish","format-standard","has-post-thumbnail","hentry","category-damen","category-hauptverein","category-news","small-justify-block","has-thumb"],"yoast_head":"<!-- This site is optimized with the Yoast SEO plugin v27.2 - https:\/\/yoast.com\/product\/yoast-seo-wordpress\/ -->\n<title>Wilder denn je &#x1f4aa;&#x1f3fc;&#x1f986; - Willensst\u00e4rke, Teamgeist und Sieg im Topspiel gegen Grevenstein &#x1f929;<\/title>\n<meta name=\"robots\" content=\"index, follow, max-snippet:-1, max-image-preview:large, max-video-preview:-1\" \/>\n<link rel=\"canonical\" href=\"https:\/\/www.tus-bruchhausen.de\/Fussball\/wilder-denn-je-\ud83d\udcaa\ud83c\udffc\ud83e\udd86-willensstaerke-teamgeist-und-sieg-im-topspiel-gegen-grevenstein-\ud83e\udd29\/\" \/>\n<meta property=\"og:locale\" content=\"de_DE\" \/>\n<meta property=\"og:type\" content=\"article\" \/>\n<meta property=\"og:title\" content=\"Wilder denn je &#x1f4aa;&#x1f3fc;&#x1f986; - Willensst\u00e4rke, Teamgeist und Sieg im Topspiel gegen Grevenstein &#x1f929;\" \/>\n<meta property=\"og:description\" content=\"Am Sonntag fuhren wir gemeinsam zum Topspiel nach Grevenstein &#x1f37b; auch die Gastgeber waren bis zu diesem Spieltag ungeschlagen &#x1f44f;&#x1f3fb; und so ging es in den 90 Minuten bei winterlichen Temperaturen um die Tabellenspitze &#x2603; #dawollenwirhin &#x1f947; Das Spiel war von der ersten Sekunde an on fire &#x1f525; #demwinterzutrotz &#x1f44a;&#x1f3fc; beide Seiten wollten fr\u00fch in [&hellip;]\" \/>\n<meta property=\"og:url\" content=\"https:\/\/www.tus-bruchhausen.de\/Fussball\/wilder-denn-je-\ud83d\udcaa\ud83c\udffc\ud83e\udd86-willensstaerke-teamgeist-und-sieg-im-topspiel-gegen-grevenstein-\ud83e\udd29\/\" \/>\n<meta property=\"og:site_name\" content=\"TuS Bruchhausen\" \/>\n<meta property=\"article:publisher\" content=\"https:\/\/www.facebook.com\/TuS02\/\" \/>\n<meta property=\"article:published_time\" content=\"2023-10-19T10:24:29+00:00\" \/>\n<meta property=\"article:modified_time\" content=\"2023-11-20T11:27:29+00:00\" \/>\n<meta property=\"og:image\" content=\"https:\/\/www.tus-bruchhausen.de\/Fussball\/wp-content\/uploads\/2023\/11\/IMG-20231120-WA0013.jpg\" \/>\n\t<meta property=\"og:image:width\" content=\"1286\" \/>\n\t<meta property=\"og:image:height\" content=\"857\" \/>\n\t<meta property=\"og:image:type\" content=\"image\/jpeg\" \/>\n<meta name=\"author\" content=\"Dominic Gabriel\" \/>\n<meta name=\"twitter:card\" content=\"summary_large_image\" \/>\n<meta name=\"twitter:label1\" content=\"Verfasst von\" \/>\n\t<meta name=\"twitter:data1\" content=\"Dominic Gabriel\" \/>\n\t<meta name=\"twitter:label2\" content=\"Gesch\u00e4tzte Lesezeit\" \/>\n\t<meta name=\"twitter:data2\" content=\"3\u00a0Minuten\" \/>\n<script type=\"application\/ld+json\" class=\"yoast-schema-graph\">{\"@context\":\"https:\/\/schema.org\",\"@graph\":[{\"@type\":\"Article\",\"@id\":\"https:\/\/www.tus-bruchhausen.de\/Fussball\/wilder-denn-je-%f0%9f%92%aa%f0%9f%8f%bc%f0%9f%a6%86-willensstaerke-teamgeist-und-sieg-im-topspiel-gegen-grevenstein-%f0%9f%a4%a9\/#article\",\"isPartOf\":{\"@id\":\"https:\/\/www.tus-bruchhausen.de\/Fussball\/wilder-denn-je-%f0%9f%92%aa%f0%9f%8f%bc%f0%9f%a6%86-willensstaerke-teamgeist-und-sieg-im-topspiel-gegen-grevenstein-%f0%9f%a4%a9\/\"},\"author\":{\"name\":\"Dominic Gabriel\",\"@id\":\"https:\/\/www.tus-bruchhausen.de\/Fussball\/#\/schema\/person\/53a173c5abf387371fd35fcb395bc0af\"},\"headline\":\"Wilder denn je &#x1f4aa;&#x1f3fc;&#x1f986; &#8211; Willensst\u00e4rke, Teamgeist und Sieg im Topspiel gegen Grevenstein &#x1f929;\",\"datePublished\":\"2023-10-19T10:24:29+00:00\",\"dateModified\":\"2023-11-20T11:27:29+00:00\",\"mainEntityOfPage\":{\"@id\":\"https:\/\/www.tus-bruchhausen.de\/Fussball\/wilder-denn-je-%f0%9f%92%aa%f0%9f%8f%bc%f0%9f%a6%86-willensstaerke-teamgeist-und-sieg-im-topspiel-gegen-grevenstein-%f0%9f%a4%a9\/\"},\"wordCount\":358,\"image\":{\"@id\":\"https:\/\/www.tus-bruchhausen.de\/Fussball\/wilder-denn-je-%f0%9f%92%aa%f0%9f%8f%bc%f0%9f%a6%86-willensstaerke-teamgeist-und-sieg-im-topspiel-gegen-grevenstein-%f0%9f%a4%a9\/#primaryimage\"},\"thumbnailUrl\":\"http:\/\/www.tus-bruchhausen.de\/Fussball\/wp-content\/uploads\/2023\/11\/IMG-20231120-WA0013.jpg\",\"articleSection\":[\"Damen\",\"Hauptverein\",\"News\"],\"inLanguage\":\"de\"},{\"@type\":\"WebPage\",\"@id\":\"https:\/\/www.tus-bruchhausen.de\/Fussball\/wilder-denn-je-%f0%9f%92%aa%f0%9f%8f%bc%f0%9f%a6%86-willensstaerke-teamgeist-und-sieg-im-topspiel-gegen-grevenstein-%f0%9f%a4%a9\/\",\"url\":\"https:\/\/www.tus-bruchhausen.de\/Fussball\/wilder-denn-je-%f0%9f%92%aa%f0%9f%8f%bc%f0%9f%a6%86-willensstaerke-teamgeist-und-sieg-im-topspiel-gegen-grevenstein-%f0%9f%a4%a9\/\",\"name\":\"Wilder denn je &#x1f4aa;&#x1f3fc;&#x1f986; - Willensst\u00e4rke, Teamgeist und Sieg im Topspiel gegen Grevenstein &#x1f929;\",\"isPartOf\":{\"@id\":\"https:\/\/www.tus-bruchhausen.de\/Fussball\/#website\"},\"primaryImageOfPage\":{\"@id\":\"https:\/\/www.tus-bruchhausen.de\/Fussball\/wilder-denn-je-%f0%9f%92%aa%f0%9f%8f%bc%f0%9f%a6%86-willensstaerke-teamgeist-und-sieg-im-topspiel-gegen-grevenstein-%f0%9f%a4%a9\/#primaryimage\"},\"image\":{\"@id\":\"https:\/\/www.tus-bruchhausen.de\/Fussball\/wilder-denn-je-%f0%9f%92%aa%f0%9f%8f%bc%f0%9f%a6%86-willensstaerke-teamgeist-und-sieg-im-topspiel-gegen-grevenstein-%f0%9f%a4%a9\/#primaryimage\"},\"thumbnailUrl\":\"http:\/\/www.tus-bruchhausen.de\/Fussball\/wp-content\/uploads\/2023\/11\/IMG-20231120-WA0013.jpg\",\"datePublished\":\"2023-10-19T10:24:29+00:00\",\"dateModified\":\"2023-11-20T11:27:29+00:00\",\"author\":{\"@id\":\"https:\/\/www.tus-bruchhausen.de\/Fussball\/#\/schema\/person\/53a173c5abf387371fd35fcb395bc0af\"},\"breadcrumb\":{\"@id\":\"https:\/\/www.tus-bruchhausen.de\/Fussball\/wilder-denn-je-%f0%9f%92%aa%f0%9f%8f%bc%f0%9f%a6%86-willensstaerke-teamgeist-und-sieg-im-topspiel-gegen-grevenstein-%f0%9f%a4%a9\/#breadcrumb\"},\"inLanguage\":\"de\",\"potentialAction\":[{\"@type\":\"ReadAction\",\"target\":[\"https:\/\/www.tus-bruchhausen.de\/Fussball\/wilder-denn-je-%f0%9f%92%aa%f0%9f%8f%bc%f0%9f%a6%86-willensstaerke-teamgeist-und-sieg-im-topspiel-gegen-grevenstein-%f0%9f%a4%a9\/\"]}]},{\"@type\":\"ImageObject\",\"inLanguage\":\"de\",\"@id\":\"https:\/\/www.tus-bruchhausen.de\/Fussball\/wilder-denn-je-%f0%9f%92%aa%f0%9f%8f%bc%f0%9f%a6%86-willensstaerke-teamgeist-und-sieg-im-topspiel-gegen-grevenstein-%f0%9f%a4%a9\/#primaryimage\",\"url\":\"http:\/\/www.tus-bruchhausen.de\/Fussball\/wp-content\/uploads\/2023\/11\/IMG-20231120-WA0013.jpg\",\"contentUrl\":\"http:\/\/www.tus-bruchhausen.de\/Fussball\/wp-content\/uploads\/2023\/11\/IMG-20231120-WA0013.jpg\",\"width\":1286,\"height\":857},{\"@type\":\"BreadcrumbList\",\"@id\":\"https:\/\/www.tus-bruchhausen.de\/Fussball\/wilder-denn-je-%f0%9f%92%aa%f0%9f%8f%bc%f0%9f%a6%86-willensstaerke-teamgeist-und-sieg-im-topspiel-gegen-grevenstein-%f0%9f%a4%a9\/#breadcrumb\",\"itemListElement\":[{\"@type\":\"ListItem\",\"position\":1,\"name\":\"Startseite\",\"item\":\"https:\/\/www.tus-bruchhausen.de\/Fussball\/\"},{\"@type\":\"ListItem\",\"position\":2,\"name\":\"Wilder denn je &#x1f4aa;&#x1f3fc;&#x1f986; &#8211; Willensst\u00e4rke, Teamgeist und Sieg im Topspiel gegen Grevenstein &#x1f929;\"}]},{\"@type\":\"WebSite\",\"@id\":\"https:\/\/www.tus-bruchhausen.de\/Fussball\/#website\",\"url\":\"https:\/\/www.tus-bruchhausen.de\/Fussball\/\",\"name\":\"TuS Bruchhausen\",\"description\":\"Fu\u00dfball\",\"potentialAction\":[{\"@type\":\"SearchAction\",\"target\":{\"@type\":\"EntryPoint\",\"urlTemplate\":\"https:\/\/www.tus-bruchhausen.de\/Fussball\/?s={search_term_string}\"},\"query-input\":{\"@type\":\"PropertyValueSpecification\",\"valueRequired\":true,\"valueName\":\"search_term_string\"}}],\"inLanguage\":\"de\"},{\"@type\":\"Person\",\"@id\":\"https:\/\/www.tus-bruchhausen.de\/Fussball\/#\/schema\/person\/53a173c5abf387371fd35fcb395bc0af\",\"name\":\"Dominic Gabriel\",\"image\":{\"@type\":\"ImageObject\",\"inLanguage\":\"de\",\"@id\":\"https:\/\/secure.gravatar.com\/avatar\/750762ec91b9970d725a622f9a107d8412b787d34f1fd38dd08605665102440c?s=96&d=mm&r=g\",\"url\":\"https:\/\/secure.gravatar.com\/avatar\/750762ec91b9970d725a622f9a107d8412b787d34f1fd38dd08605665102440c?s=96&d=mm&r=g\",\"contentUrl\":\"https:\/\/secure.gravatar.com\/avatar\/750762ec91b9970d725a622f9a107d8412b787d34f1fd38dd08605665102440c?s=96&d=mm&r=g\",\"caption\":\"Dominic Gabriel\"}}]}<\/script>\n<!-- \/ Yoast SEO plugin. -->","yoast_head_json":{"title":"Wilder denn je &#x1f4aa;&#x1f3fc;&#x1f986; - Willensst\u00e4rke, Teamgeist und Sieg im Topspiel gegen Grevenstein &#x1f929;","robots":{"index":"index","follow":"follow","max-snippet":"max-snippet:-1","max-image-preview":"max-image-preview:large","max-video-preview":"max-video-preview:-1"},"canonical":"https:\/\/www.tus-bruchhausen.de\/Fussball\/wilder-denn-je-\ud83d\udcaa\ud83c\udffc\ud83e\udd86-willensstaerke-teamgeist-und-sieg-im-topspiel-gegen-grevenstein-\ud83e\udd29\/","og_locale":"de_DE","og_type":"article","og_title":"Wilder denn je &#x1f4aa;&#x1f3fc;&#x1f986; - Willensst\u00e4rke, Teamgeist und Sieg im Topspiel gegen Grevenstein &#x1f929;","og_description":"Am Sonntag fuhren wir gemeinsam zum Topspiel nach Grevenstein &#x1f37b; auch die Gastgeber waren bis zu diesem Spieltag ungeschlagen &#x1f44f;&#x1f3fb; und so ging es in den 90 Minuten bei winterlichen Temperaturen um die Tabellenspitze &#x2603; #dawollenwirhin &#x1f947; Das Spiel war von der ersten Sekunde an on fire &#x1f525; #demwinterzutrotz &#x1f44a;&#x1f3fc; beide Seiten wollten fr\u00fch in [&hellip;]","og_url":"https:\/\/www.tus-bruchhausen.de\/Fussball\/wilder-denn-je-\ud83d\udcaa\ud83c\udffc\ud83e\udd86-willensstaerke-teamgeist-und-sieg-im-topspiel-gegen-grevenstein-\ud83e\udd29\/","og_site_name":"TuS Bruchhausen","article_publisher":"https:\/\/www.facebook.com\/TuS02\/","article_published_time":"2023-10-19T10:24:29+00:00","article_modified_time":"2023-11-20T11:27:29+00:00","og_image":[{"width":1286,"height":857,"url":"https:\/\/www.tus-bruchhausen.de\/Fussball\/wp-content\/uploads\/2023\/11\/IMG-20231120-WA0013.jpg","type":"image\/jpeg"}],"author":"Dominic Gabriel","twitter_card":"summary_large_image","twitter_misc":{"Verfasst von":"Dominic Gabriel","Gesch\u00e4tzte Lesezeit":"3\u00a0Minuten"},"schema":{"@context":"https:\/\/schema.org","@graph":[{"@type":"Article","@id":"https:\/\/www.tus-bruchhausen.de\/Fussball\/wilder-denn-je-%f0%9f%92%aa%f0%9f%8f%bc%f0%9f%a6%86-willensstaerke-teamgeist-und-sieg-im-topspiel-gegen-grevenstein-%f0%9f%a4%a9\/#article","isPartOf":{"@id":"https:\/\/www.tus-bruchhausen.de\/Fussball\/wilder-denn-je-%f0%9f%92%aa%f0%9f%8f%bc%f0%9f%a6%86-willensstaerke-teamgeist-und-sieg-im-topspiel-gegen-grevenstein-%f0%9f%a4%a9\/"},"author":{"name":"Dominic Gabriel","@id":"https:\/\/www.tus-bruchhausen.de\/Fussball\/#\/schema\/person\/53a173c5abf387371fd35fcb395bc0af"},"headline":"Wilder denn je &#x1f4aa;&#x1f3fc;&#x1f986; &#8211; Willensst\u00e4rke, Teamgeist und Sieg im Topspiel gegen Grevenstein &#x1f929;","datePublished":"2023-10-19T10:24:29+00:00","dateModified":"2023-11-20T11:27:29+00:00","mainEntityOfPage":{"@id":"https:\/\/www.tus-bruchhausen.de\/Fussball\/wilder-denn-je-%f0%9f%92%aa%f0%9f%8f%bc%f0%9f%a6%86-willensstaerke-teamgeist-und-sieg-im-topspiel-gegen-grevenstein-%f0%9f%a4%a9\/"},"wordCount":358,"image":{"@id":"https:\/\/www.tus-bruchhausen.de\/Fussball\/wilder-denn-je-%f0%9f%92%aa%f0%9f%8f%bc%f0%9f%a6%86-willensstaerke-teamgeist-und-sieg-im-topspiel-gegen-grevenstein-%f0%9f%a4%a9\/#primaryimage"},"thumbnailUrl":"http:\/\/www.tus-bruchhausen.de\/Fussball\/wp-content\/uploads\/2023\/11\/IMG-20231120-WA0013.jpg","articleSection":["Damen","Hauptverein","News"],"inLanguage":"de"},{"@type":"WebPage","@id":"https:\/\/www.tus-bruchhausen.de\/Fussball\/wilder-denn-je-%f0%9f%92%aa%f0%9f%8f%bc%f0%9f%a6%86-willensstaerke-teamgeist-und-sieg-im-topspiel-gegen-grevenstein-%f0%9f%a4%a9\/","url":"https:\/\/www.tus-bruchhausen.de\/Fussball\/wilder-denn-je-%f0%9f%92%aa%f0%9f%8f%bc%f0%9f%a6%86-willensstaerke-teamgeist-und-sieg-im-topspiel-gegen-grevenstein-%f0%9f%a4%a9\/","name":"Wilder denn je &#x1f4aa;&#x1f3fc;&#x1f986; - Willensst\u00e4rke, Teamgeist und Sieg im Topspiel gegen Grevenstein &#x1f929;","isPartOf":{"@id":"https:\/\/www.tus-bruchhausen.de\/Fussball\/#website"},"primaryImageOfPage":{"@id":"https:\/\/www.tus-bruchhausen.de\/Fussball\/wilder-denn-je-%f0%9f%92%aa%f0%9f%8f%bc%f0%9f%a6%86-willensstaerke-teamgeist-und-sieg-im-topspiel-gegen-grevenstein-%f0%9f%a4%a9\/#primaryimage"},"image":{"@id":"https:\/\/www.tus-bruchhausen.de\/Fussball\/wilder-denn-je-%f0%9f%92%aa%f0%9f%8f%bc%f0%9f%a6%86-willensstaerke-teamgeist-und-sieg-im-topspiel-gegen-grevenstein-%f0%9f%a4%a9\/#primaryimage"},"thumbnailUrl":"http:\/\/www.tus-bruchhausen.de\/Fussball\/wp-content\/uploads\/2023\/11\/IMG-20231120-WA0013.jpg","datePublished":"2023-10-19T10:24:29+00:00","dateModified":"2023-11-20T11:27:29+00:00","author":{"@id":"https:\/\/www.tus-bruchhausen.de\/Fussball\/#\/schema\/person\/53a173c5abf387371fd35fcb395bc0af"},"breadcrumb":{"@id":"https:\/\/www.tus-bruchhausen.de\/Fussball\/wilder-denn-je-%f0%9f%92%aa%f0%9f%8f%bc%f0%9f%a6%86-willensstaerke-teamgeist-und-sieg-im-topspiel-gegen-grevenstein-%f0%9f%a4%a9\/#breadcrumb"},"inLanguage":"de","potentialAction":[{"@type":"ReadAction","target":["https:\/\/www.tus-bruchhausen.de\/Fussball\/wilder-denn-je-%f0%9f%92%aa%f0%9f%8f%bc%f0%9f%a6%86-willensstaerke-teamgeist-und-sieg-im-topspiel-gegen-grevenstein-%f0%9f%a4%a9\/"]}]},{"@type":"ImageObject","inLanguage":"de","@id":"https:\/\/www.tus-bruchhausen.de\/Fussball\/wilder-denn-je-%f0%9f%92%aa%f0%9f%8f%bc%f0%9f%a6%86-willensstaerke-teamgeist-und-sieg-im-topspiel-gegen-grevenstein-%f0%9f%a4%a9\/#primaryimage","url":"http:\/\/www.tus-bruchhausen.de\/Fussball\/wp-content\/uploads\/2023\/11\/IMG-20231120-WA0013.jpg","contentUrl":"http:\/\/www.tus-bruchhausen.de\/Fussball\/wp-content\/uploads\/2023\/11\/IMG-20231120-WA0013.jpg","width":1286,"height":857},{"@type":"BreadcrumbList","@id":"https:\/\/www.tus-bruchhausen.de\/Fussball\/wilder-denn-je-%f0%9f%92%aa%f0%9f%8f%bc%f0%9f%a6%86-willensstaerke-teamgeist-und-sieg-im-topspiel-gegen-grevenstein-%f0%9f%a4%a9\/#breadcrumb","itemListElement":[{"@type":"ListItem","position":1,"name":"Startseite","item":"https:\/\/www.tus-bruchhausen.de\/Fussball\/"},{"@type":"ListItem","position":2,"name":"Wilder denn je &#x1f4aa;&#x1f3fc;&#x1f986; &#8211; Willensst\u00e4rke, Teamgeist und Sieg im Topspiel gegen Grevenstein &#x1f929;"}]},{"@type":"WebSite","@id":"https:\/\/www.tus-bruchhausen.de\/Fussball\/#website","url":"https:\/\/www.tus-bruchhausen.de\/Fussball\/","name":"TuS Bruchhausen","description":"Fu\u00dfball","potentialAction":[{"@type":"SearchAction","target":{"@type":"EntryPoint","urlTemplate":"https:\/\/www.tus-bruchhausen.de\/Fussball\/?s={search_term_string}"},"query-input":{"@type":"PropertyValueSpecification","valueRequired":true,"valueName":"search_term_string"}}],"inLanguage":"de"},{"@type":"Person","@id":"https:\/\/www.tus-bruchhausen.de\/Fussball\/#\/schema\/person\/53a173c5abf387371fd35fcb395bc0af","name":"Dominic Gabriel","image":{"@type":"ImageObject","inLanguage":"de","@id":"https:\/\/secure.gravatar.com\/avatar\/750762ec91b9970d725a622f9a107d8412b787d34f1fd38dd08605665102440c?s=96&d=mm&r=g","url":"https:\/\/secure.gravatar.com\/avatar\/750762ec91b9970d725a622f9a107d8412b787d34f1fd38dd08605665102440c?s=96&d=mm&r=g","contentUrl":"https:\/\/secure.gravatar.com\/avatar\/750762ec91b9970d725a622f9a107d8412b787d34f1fd38dd08605665102440c?s=96&d=mm&r=g","caption":"Dominic Gabriel"}}]}},"_links":{"self":[{"href":"http:\/\/www.tus-bruchhausen.de\/Fussball\/wp-json\/wp\/v2\/posts\/19956","targetHints":{"allow":["GET"]}}],"collection":[{"href":"http:\/\/www.tus-bruchhausen.de\/Fussball\/wp-json\/wp\/v2\/posts"}],"about":[{"href":"http:\/\/www.tus-bruchhausen.de\/Fussball\/wp-json\/wp\/v2\/types\/post"}],"author":[{"embeddable":true,"href":"http:\/\/www.tus-bruchhausen.de\/Fussball\/wp-json\/wp\/v2\/users\/6"}],"replies":[{"embeddable":true,"href":"http:\/\/www.tus-bruchhausen.de\/Fussball\/wp-json\/wp\/v2\/comments?post=19956"}],"version-history":[{"count":1,"href":"http:\/\/www.tus-bruchhausen.de\/Fussball\/wp-json\/wp\/v2\/posts\/19956\/revisions"}],"predecessor-version":[{"id":19964,"href":"http:\/\/www.tus-bruchhausen.de\/Fussball\/wp-json\/wp\/v2\/posts\/19956\/revisions\/19964"}],"wp:featuredmedia":[{"embeddable":true,"href":"http:\/\/www.tus-bruchhausen.de\/Fussball\/wp-json\/wp\/v2\/media\/19957"}],"wp:attachment":[{"href":"http:\/\/www.tus-bruchhausen.de\/Fussball\/wp-json\/wp\/v2\/media?parent=19956"}],"wp:term":[{"taxonomy":"category","embeddable":true,"href":"http:\/\/www.tus-bruchhausen.de\/Fussball\/wp-json\/wp\/v2\/categories?post=19956"},{"taxonomy":"post_tag","embeddable":true,"href":"http:\/\/www.tus-bruchhausen.de\/Fussball\/wp-json\/wp\/v2\/tags?post=19956"}],"curies":[{"name":"wp","href":"https:\/\/api.w.org\/{rel}","templated":true}]}}