{"id":19973,"date":"2023-10-16T12:46:21","date_gmt":"2023-10-16T10:46:21","guid":{"rendered":"http:\/\/www.tus-bruchhausen.de\/Fussball\/?p=19973"},"modified":"2023-11-20T12:49:00","modified_gmt":"2023-11-20T11:49:00","slug":"bruchhausen-wieder-auf-dem-weg-nach-oben","status":"publish","type":"post","link":"http:\/\/www.tus-bruchhausen.de\/Fussball\/bruchhausen-wieder-auf-dem-weg-nach-oben\/","title":{"rendered":"Bruchhausen wieder auf dem Weg nach Oben ?"},"content":{"rendered":"<div class=\"sc-6odi9j-0 bpKLuU\">\n<h3>Kreisliga B Arnsberg &#8211; FC BW Gierk\u00e4mpen : TuS Bruchhausen &#8211; 4:0 (3:0)<\/h3>\n<p>Der Herbst kommt wettertechnisch nun im Sauerland und schraubte die Temperaturen am vergangenen Sonntag auf 9\u00b0C herunter. Ungewohnte Bedingungen, die nun aber wieder \u00f6fters vorkommen werden. Dies war aber kein Grund die Leistung zu drosseln, sondern da anzukn\u00fcpfen wo man gegen Korriku Sundern aufgeh\u00f6rt hat.<\/p>\n<p>Ein starker Start der G\u00e4ste, die direkt zeigten in welche Richtung dieses Spiel gehen sollte, denn man lie\u00df den Gegner den Ball in der eigenen Viererkette laufen und machte dann gezielt Druck auf einen Verteidiger wenn dieser nicht wusste wo er hinspielen sollte. Das erste Tor des Tages lie\u00df auch nicht lange auf sich warten und sollte genau durch diese Durcksituationen entstehen. Tjorben Betten erobert den Ball stark in der Abwehr des Gegners und kann frei auf den Keeper zu laufen. Beim Versuch diesen zu umlaufen kommt er im Zweikampf leicht ins straucheln, kann den Ball aber noch am Keeper vorbei legen. Der mitgelaufene Marvin Wragge ist zur Stelle und muss das Spielger\u00e4t nur noch ins leere Tor einschieben (2.). Nach weiteren 3 gespielten Minuten klingelte es wieder im Tor der Gastgeber. Patrick Vogt wurde \u00fcber seine heute rechte Seite bis zur Grundlinie geschickt und spielt den Querpass genau in den F\u00fcnfer auf den einlaufenen Julius Neuhaus, der nur den Fu\u00df hinhalten muss und ins lange Toreck einschiebt (5.). Nun ging etwas fahrtwind aus dem Spiel aber Defensiv sollte an diesem Tag f\u00fcr Bruchhausen nichts anbrennen. Versuchte lange B\u00e4lle der Giersk\u00e4mpener wurden durch die Dreierkette Philipp Baumann, Marco Zaun und Niruban Nanthakumar abgegr\u00e4tscht oder gekonnt gekl\u00e4rt. Eine Viertelstunde vor dem Halbzeitpfiff erh\u00f6hte die Hiag-Elf dann auch 3:0. Nico H\u00fcltenschmidt erobert abermals den Ball im Mittelfeld und kann den Ball an dem \u00fcbergebliebenen Verteidiger vorbeilegen und vor dem Torh\u00fcter in rechte untere Eck einnetzen (29.). Hiernach passierte nicht mehr viel, sodass es mit einer komfortabelen F\u00fchrung f\u00fcr Bruchhausen in die Kabine ging.<\/p>\n<p>Mit einem Wechsel ging es wieder aufs Spielfeld. Tjorben Betten begab sich auf die Bank und Janik Hense kam daf\u00fcr ins Spiel. Weiter Dominant ging es f\u00fcr Bruchhausen weiter und man konnte sich wieder Torchancen herausarbeiten, die diesmal aber leider nicht genutzt werden konnten. Pascal Niebecker probierte es mal aus der zweiten Reihe aber dieser Schuss war dann doch zu hoch angesetzt. Der n\u00e4chste und auch letzte Treffer fiel dann nach einer Ecke, getreten von Patrick Vogt, in der 59. Minute. Punktgenau geflankt konnte Philipp Baumann den Ball freistehend per Kopf wuchtig in die Maschen bugsieren. Das Ergebnis h\u00e4tte nun am Ende noch deutlich h\u00f6her ausfallen k\u00f6nnen, denn Patrick Vogt scheiterte auch einmal beim Torschuss und die letzten gespielten B\u00e4lle waren dann allesamt zu ungenau, sodass immer eine Fu\u00dfl\u00e4nge gefehlt hat um die P\u00e4sse oder Flanken zu erreichen. Giersk\u00e4mpen kam dann nur einmal in H\u00e4lfte Zwei zum Abschluss nach einem Konter \u00fcber die rechte Seite, die aber sicher vom wieder genesenen Tobias Tr\u00e4gner abgefangen werden konnte und immer zur Stelle gewesen w\u00e4re.<\/p>\n<p>Ein absolut verdienter Sieg durch eine Fu\u00dfballerisch starke Leistung aber auch einen sehr schlecht und unsicher auftretenden FC BW Giersk\u00e4mpen. Damit kommen die schwarz-gelben wieder auf einen einstelligen Tabellen Platz, Platz 8 mit 11 Punkten. N\u00e4chstes Spiel wird dann wieder in der Heimat stattfinden und dort wird die SG Holzen \/ Eisborn II empfangen. Ansto\u00df wie gewohnt um 15:00 Uhr im Sportpark an der Hiag.<\/p>\n<\/div>\n<div class=\"sc-6odi9j-0 bpKLuU\">\n<p>&nbsp;<\/p>\n<p><em>Aufstellung:<\/em><\/p>\n<p>Tobias Tr\u00e4gner, Marco Zaun, Philipp Baumann, Tjorben Betten (45. Jannik Hense), Niruban Nanthakumar, Benedikt Reuther (83. Serhat \u00d6zcelep), Nico H\u00fcltenschmidt, Pascal Niebecker (86. Benedikt Reuther), Marvin Wragge (60. Tim Ballauf), Patrick Vogt (80. Max Werner), Julius Frank Neuhaus (75. Dustin Beineke)<\/p>\n<\/div>\n<p>Quelle: <a href=\"https:\/\/www.fupa.net\/news\/bruchhausen-wieder-auf-dem-weg-nach-oben-2982404?utm_source=fupa&amp;utm_medium=sharebutton&amp;utm_campaign=share_news\">fupa.net<\/a><\/p>\n","protected":false},"excerpt":{"rendered":"<p>Kreisliga B Arnsberg &#8211; FC BW Gierk\u00e4mpen : TuS Bruchhausen &#8211; 4:0 (3:0) Der Herbst kommt wettertechnisch nun im Sauerland und schraubte die Temperaturen am vergangenen Sonntag auf 9\u00b0C herunter. Ungewohnte Bedingungen, die nun aber wieder \u00f6fters vorkommen werden. Dies war aber kein Grund die Leistung zu drosseln, sondern da anzukn\u00fcpfen wo man gegen Korriku [&hellip;]<\/p>\n","protected":false},"author":6,"featured_media":19974,"comment_status":"closed","ping_status":"closed","sticky":false,"template":"","format":"standard","meta":{"footnotes":""},"categories":[3,1,8],"tags":[],"class_list":["post-19973","post","type-post","status-publish","format-standard","has-post-thumbnail","hentry","category-1-mannschaft","category-hauptverein","category-news","small-justify-block","has-thumb"],"yoast_head":"<!-- This site is optimized with the Yoast SEO plugin v27.2 - https:\/\/yoast.com\/product\/yoast-seo-wordpress\/ -->\n<title>Bruchhausen wieder auf dem Weg nach Oben ?<\/title>\n<meta name=\"robots\" content=\"index, follow, max-snippet:-1, max-image-preview:large, max-video-preview:-1\" \/>\n<link rel=\"canonical\" href=\"http:\/\/www.tus-bruchhausen.de\/Fussball\/bruchhausen-wieder-auf-dem-weg-nach-oben\/\" \/>\n<meta property=\"og:locale\" content=\"de_DE\" \/>\n<meta property=\"og:type\" content=\"article\" \/>\n<meta property=\"og:title\" content=\"Bruchhausen wieder auf dem Weg nach Oben ?\" \/>\n<meta property=\"og:description\" content=\"Kreisliga B Arnsberg &#8211; FC BW Gierk\u00e4mpen : TuS Bruchhausen &#8211; 4:0 (3:0) Der Herbst kommt wettertechnisch nun im Sauerland und schraubte die Temperaturen am vergangenen Sonntag auf 9\u00b0C herunter. Ungewohnte Bedingungen, die nun aber wieder \u00f6fters vorkommen werden. Dies war aber kein Grund die Leistung zu drosseln, sondern da anzukn\u00fcpfen wo man gegen Korriku [&hellip;]\" \/>\n<meta property=\"og:url\" content=\"http:\/\/www.tus-bruchhausen.de\/Fussball\/bruchhausen-wieder-auf-dem-weg-nach-oben\/\" \/>\n<meta property=\"og:site_name\" content=\"TuS Bruchhausen\" \/>\n<meta property=\"article:publisher\" content=\"https:\/\/www.facebook.com\/TuS02\/\" \/>\n<meta property=\"article:published_time\" content=\"2023-10-16T10:46:21+00:00\" \/>\n<meta property=\"article:modified_time\" content=\"2023-11-20T11:49:00+00:00\" \/>\n<meta property=\"og:image\" content=\"http:\/\/www.tus-bruchhausen.de\/Fussball\/wp-content\/uploads\/2023\/11\/Beitragsbildsenioren_2.jpg\" \/>\n\t<meta property=\"og:image:width\" content=\"1286\" \/>\n\t<meta property=\"og:image:height\" content=\"857\" \/>\n\t<meta property=\"og:image:type\" content=\"image\/jpeg\" \/>\n<meta name=\"author\" content=\"Dominic Gabriel\" \/>\n<meta name=\"twitter:card\" content=\"summary_large_image\" \/>\n<meta name=\"twitter:label1\" content=\"Verfasst von\" \/>\n\t<meta name=\"twitter:data1\" content=\"Dominic Gabriel\" \/>\n\t<meta name=\"twitter:label2\" content=\"Gesch\u00e4tzte Lesezeit\" \/>\n\t<meta name=\"twitter:data2\" content=\"4\u00a0Minuten\" \/>\n<script type=\"application\/ld+json\" class=\"yoast-schema-graph\">{\"@context\":\"https:\/\/schema.org\",\"@graph\":[{\"@type\":\"Article\",\"@id\":\"http:\/\/www.tus-bruchhausen.de\/Fussball\/bruchhausen-wieder-auf-dem-weg-nach-oben\/#article\",\"isPartOf\":{\"@id\":\"http:\/\/www.tus-bruchhausen.de\/Fussball\/bruchhausen-wieder-auf-dem-weg-nach-oben\/\"},\"author\":{\"name\":\"Dominic Gabriel\",\"@id\":\"https:\/\/www.tus-bruchhausen.de\/Fussball\/#\/schema\/person\/53a173c5abf387371fd35fcb395bc0af\"},\"headline\":\"Bruchhausen wieder auf dem Weg nach Oben ?\",\"datePublished\":\"2023-10-16T10:46:21+00:00\",\"dateModified\":\"2023-11-20T11:49:00+00:00\",\"mainEntityOfPage\":{\"@id\":\"http:\/\/www.tus-bruchhausen.de\/Fussball\/bruchhausen-wieder-auf-dem-weg-nach-oben\/\"},\"wordCount\":625,\"image\":{\"@id\":\"http:\/\/www.tus-bruchhausen.de\/Fussball\/bruchhausen-wieder-auf-dem-weg-nach-oben\/#primaryimage\"},\"thumbnailUrl\":\"http:\/\/www.tus-bruchhausen.de\/Fussball\/wp-content\/uploads\/2023\/11\/Beitragsbildsenioren_2.jpg\",\"articleSection\":[\"1. Mannschaft\",\"Hauptverein\",\"News\"],\"inLanguage\":\"de\"},{\"@type\":\"WebPage\",\"@id\":\"http:\/\/www.tus-bruchhausen.de\/Fussball\/bruchhausen-wieder-auf-dem-weg-nach-oben\/\",\"url\":\"http:\/\/www.tus-bruchhausen.de\/Fussball\/bruchhausen-wieder-auf-dem-weg-nach-oben\/\",\"name\":\"Bruchhausen wieder auf dem Weg nach Oben ?\",\"isPartOf\":{\"@id\":\"https:\/\/www.tus-bruchhausen.de\/Fussball\/#website\"},\"primaryImageOfPage\":{\"@id\":\"http:\/\/www.tus-bruchhausen.de\/Fussball\/bruchhausen-wieder-auf-dem-weg-nach-oben\/#primaryimage\"},\"image\":{\"@id\":\"http:\/\/www.tus-bruchhausen.de\/Fussball\/bruchhausen-wieder-auf-dem-weg-nach-oben\/#primaryimage\"},\"thumbnailUrl\":\"http:\/\/www.tus-bruchhausen.de\/Fussball\/wp-content\/uploads\/2023\/11\/Beitragsbildsenioren_2.jpg\",\"datePublished\":\"2023-10-16T10:46:21+00:00\",\"dateModified\":\"2023-11-20T11:49:00+00:00\",\"author\":{\"@id\":\"https:\/\/www.tus-bruchhausen.de\/Fussball\/#\/schema\/person\/53a173c5abf387371fd35fcb395bc0af\"},\"breadcrumb\":{\"@id\":\"http:\/\/www.tus-bruchhausen.de\/Fussball\/bruchhausen-wieder-auf-dem-weg-nach-oben\/#breadcrumb\"},\"inLanguage\":\"de\",\"potentialAction\":[{\"@type\":\"ReadAction\",\"target\":[\"http:\/\/www.tus-bruchhausen.de\/Fussball\/bruchhausen-wieder-auf-dem-weg-nach-oben\/\"]}]},{\"@type\":\"ImageObject\",\"inLanguage\":\"de\",\"@id\":\"http:\/\/www.tus-bruchhausen.de\/Fussball\/bruchhausen-wieder-auf-dem-weg-nach-oben\/#primaryimage\",\"url\":\"http:\/\/www.tus-bruchhausen.de\/Fussball\/wp-content\/uploads\/2023\/11\/Beitragsbildsenioren_2.jpg\",\"contentUrl\":\"http:\/\/www.tus-bruchhausen.de\/Fussball\/wp-content\/uploads\/2023\/11\/Beitragsbildsenioren_2.jpg\",\"width\":1286,\"height\":857},{\"@type\":\"BreadcrumbList\",\"@id\":\"http:\/\/www.tus-bruchhausen.de\/Fussball\/bruchhausen-wieder-auf-dem-weg-nach-oben\/#breadcrumb\",\"itemListElement\":[{\"@type\":\"ListItem\",\"position\":1,\"name\":\"Startseite\",\"item\":\"https:\/\/www.tus-bruchhausen.de\/Fussball\/\"},{\"@type\":\"ListItem\",\"position\":2,\"name\":\"Bruchhausen wieder auf dem Weg nach Oben ?\"}]},{\"@type\":\"WebSite\",\"@id\":\"https:\/\/www.tus-bruchhausen.de\/Fussball\/#website\",\"url\":\"https:\/\/www.tus-bruchhausen.de\/Fussball\/\",\"name\":\"TuS Bruchhausen\",\"description\":\"Fu\u00dfball\",\"potentialAction\":[{\"@type\":\"SearchAction\",\"target\":{\"@type\":\"EntryPoint\",\"urlTemplate\":\"https:\/\/www.tus-bruchhausen.de\/Fussball\/?s={search_term_string}\"},\"query-input\":{\"@type\":\"PropertyValueSpecification\",\"valueRequired\":true,\"valueName\":\"search_term_string\"}}],\"inLanguage\":\"de\"},{\"@type\":\"Person\",\"@id\":\"https:\/\/www.tus-bruchhausen.de\/Fussball\/#\/schema\/person\/53a173c5abf387371fd35fcb395bc0af\",\"name\":\"Dominic Gabriel\",\"image\":{\"@type\":\"ImageObject\",\"inLanguage\":\"de\",\"@id\":\"https:\/\/secure.gravatar.com\/avatar\/750762ec91b9970d725a622f9a107d8412b787d34f1fd38dd08605665102440c?s=96&d=mm&r=g\",\"url\":\"https:\/\/secure.gravatar.com\/avatar\/750762ec91b9970d725a622f9a107d8412b787d34f1fd38dd08605665102440c?s=96&d=mm&r=g\",\"contentUrl\":\"https:\/\/secure.gravatar.com\/avatar\/750762ec91b9970d725a622f9a107d8412b787d34f1fd38dd08605665102440c?s=96&d=mm&r=g\",\"caption\":\"Dominic Gabriel\"}}]}<\/script>\n<!-- \/ Yoast SEO plugin. -->","yoast_head_json":{"title":"Bruchhausen wieder auf dem Weg nach Oben ?","robots":{"index":"index","follow":"follow","max-snippet":"max-snippet:-1","max-image-preview":"max-image-preview:large","max-video-preview":"max-video-preview:-1"},"canonical":"http:\/\/www.tus-bruchhausen.de\/Fussball\/bruchhausen-wieder-auf-dem-weg-nach-oben\/","og_locale":"de_DE","og_type":"article","og_title":"Bruchhausen wieder auf dem Weg nach Oben ?","og_description":"Kreisliga B Arnsberg &#8211; FC BW Gierk\u00e4mpen : TuS Bruchhausen &#8211; 4:0 (3:0) Der Herbst kommt wettertechnisch nun im Sauerland und schraubte die Temperaturen am vergangenen Sonntag auf 9\u00b0C herunter. Ungewohnte Bedingungen, die nun aber wieder \u00f6fters vorkommen werden. Dies war aber kein Grund die Leistung zu drosseln, sondern da anzukn\u00fcpfen wo man gegen Korriku [&hellip;]","og_url":"http:\/\/www.tus-bruchhausen.de\/Fussball\/bruchhausen-wieder-auf-dem-weg-nach-oben\/","og_site_name":"TuS Bruchhausen","article_publisher":"https:\/\/www.facebook.com\/TuS02\/","article_published_time":"2023-10-16T10:46:21+00:00","article_modified_time":"2023-11-20T11:49:00+00:00","og_image":[{"width":1286,"height":857,"url":"http:\/\/www.tus-bruchhausen.de\/Fussball\/wp-content\/uploads\/2023\/11\/Beitragsbildsenioren_2.jpg","type":"image\/jpeg"}],"author":"Dominic Gabriel","twitter_card":"summary_large_image","twitter_misc":{"Verfasst von":"Dominic Gabriel","Gesch\u00e4tzte Lesezeit":"4\u00a0Minuten"},"schema":{"@context":"https:\/\/schema.org","@graph":[{"@type":"Article","@id":"http:\/\/www.tus-bruchhausen.de\/Fussball\/bruchhausen-wieder-auf-dem-weg-nach-oben\/#article","isPartOf":{"@id":"http:\/\/www.tus-bruchhausen.de\/Fussball\/bruchhausen-wieder-auf-dem-weg-nach-oben\/"},"author":{"name":"Dominic Gabriel","@id":"https:\/\/www.tus-bruchhausen.de\/Fussball\/#\/schema\/person\/53a173c5abf387371fd35fcb395bc0af"},"headline":"Bruchhausen wieder auf dem Weg nach Oben ?","datePublished":"2023-10-16T10:46:21+00:00","dateModified":"2023-11-20T11:49:00+00:00","mainEntityOfPage":{"@id":"http:\/\/www.tus-bruchhausen.de\/Fussball\/bruchhausen-wieder-auf-dem-weg-nach-oben\/"},"wordCount":625,"image":{"@id":"http:\/\/www.tus-bruchhausen.de\/Fussball\/bruchhausen-wieder-auf-dem-weg-nach-oben\/#primaryimage"},"thumbnailUrl":"http:\/\/www.tus-bruchhausen.de\/Fussball\/wp-content\/uploads\/2023\/11\/Beitragsbildsenioren_2.jpg","articleSection":["1. Mannschaft","Hauptverein","News"],"inLanguage":"de"},{"@type":"WebPage","@id":"http:\/\/www.tus-bruchhausen.de\/Fussball\/bruchhausen-wieder-auf-dem-weg-nach-oben\/","url":"http:\/\/www.tus-bruchhausen.de\/Fussball\/bruchhausen-wieder-auf-dem-weg-nach-oben\/","name":"Bruchhausen wieder auf dem Weg nach Oben ?","isPartOf":{"@id":"https:\/\/www.tus-bruchhausen.de\/Fussball\/#website"},"primaryImageOfPage":{"@id":"http:\/\/www.tus-bruchhausen.de\/Fussball\/bruchhausen-wieder-auf-dem-weg-nach-oben\/#primaryimage"},"image":{"@id":"http:\/\/www.tus-bruchhausen.de\/Fussball\/bruchhausen-wieder-auf-dem-weg-nach-oben\/#primaryimage"},"thumbnailUrl":"http:\/\/www.tus-bruchhausen.de\/Fussball\/wp-content\/uploads\/2023\/11\/Beitragsbildsenioren_2.jpg","datePublished":"2023-10-16T10:46:21+00:00","dateModified":"2023-11-20T11:49:00+00:00","author":{"@id":"https:\/\/www.tus-bruchhausen.de\/Fussball\/#\/schema\/person\/53a173c5abf387371fd35fcb395bc0af"},"breadcrumb":{"@id":"http:\/\/www.tus-bruchhausen.de\/Fussball\/bruchhausen-wieder-auf-dem-weg-nach-oben\/#breadcrumb"},"inLanguage":"de","potentialAction":[{"@type":"ReadAction","target":["http:\/\/www.tus-bruchhausen.de\/Fussball\/bruchhausen-wieder-auf-dem-weg-nach-oben\/"]}]},{"@type":"ImageObject","inLanguage":"de","@id":"http:\/\/www.tus-bruchhausen.de\/Fussball\/bruchhausen-wieder-auf-dem-weg-nach-oben\/#primaryimage","url":"http:\/\/www.tus-bruchhausen.de\/Fussball\/wp-content\/uploads\/2023\/11\/Beitragsbildsenioren_2.jpg","contentUrl":"http:\/\/www.tus-bruchhausen.de\/Fussball\/wp-content\/uploads\/2023\/11\/Beitragsbildsenioren_2.jpg","width":1286,"height":857},{"@type":"BreadcrumbList","@id":"http:\/\/www.tus-bruchhausen.de\/Fussball\/bruchhausen-wieder-auf-dem-weg-nach-oben\/#breadcrumb","itemListElement":[{"@type":"ListItem","position":1,"name":"Startseite","item":"https:\/\/www.tus-bruchhausen.de\/Fussball\/"},{"@type":"ListItem","position":2,"name":"Bruchhausen wieder auf dem Weg nach Oben ?"}]},{"@type":"WebSite","@id":"https:\/\/www.tus-bruchhausen.de\/Fussball\/#website","url":"https:\/\/www.tus-bruchhausen.de\/Fussball\/","name":"TuS Bruchhausen","description":"Fu\u00dfball","potentialAction":[{"@type":"SearchAction","target":{"@type":"EntryPoint","urlTemplate":"https:\/\/www.tus-bruchhausen.de\/Fussball\/?s={search_term_string}"},"query-input":{"@type":"PropertyValueSpecification","valueRequired":true,"valueName":"search_term_string"}}],"inLanguage":"de"},{"@type":"Person","@id":"https:\/\/www.tus-bruchhausen.de\/Fussball\/#\/schema\/person\/53a173c5abf387371fd35fcb395bc0af","name":"Dominic Gabriel","image":{"@type":"ImageObject","inLanguage":"de","@id":"https:\/\/secure.gravatar.com\/avatar\/750762ec91b9970d725a622f9a107d8412b787d34f1fd38dd08605665102440c?s=96&d=mm&r=g","url":"https:\/\/secure.gravatar.com\/avatar\/750762ec91b9970d725a622f9a107d8412b787d34f1fd38dd08605665102440c?s=96&d=mm&r=g","contentUrl":"https:\/\/secure.gravatar.com\/avatar\/750762ec91b9970d725a622f9a107d8412b787d34f1fd38dd08605665102440c?s=96&d=mm&r=g","caption":"Dominic Gabriel"}}]}},"_links":{"self":[{"href":"http:\/\/www.tus-bruchhausen.de\/Fussball\/wp-json\/wp\/v2\/posts\/19973","targetHints":{"allow":["GET"]}}],"collection":[{"href":"http:\/\/www.tus-bruchhausen.de\/Fussball\/wp-json\/wp\/v2\/posts"}],"about":[{"href":"http:\/\/www.tus-bruchhausen.de\/Fussball\/wp-json\/wp\/v2\/types\/post"}],"author":[{"embeddable":true,"href":"http:\/\/www.tus-bruchhausen.de\/Fussball\/wp-json\/wp\/v2\/users\/6"}],"replies":[{"embeddable":true,"href":"http:\/\/www.tus-bruchhausen.de\/Fussball\/wp-json\/wp\/v2\/comments?post=19973"}],"version-history":[{"count":1,"href":"http:\/\/www.tus-bruchhausen.de\/Fussball\/wp-json\/wp\/v2\/posts\/19973\/revisions"}],"predecessor-version":[{"id":19975,"href":"http:\/\/www.tus-bruchhausen.de\/Fussball\/wp-json\/wp\/v2\/posts\/19973\/revisions\/19975"}],"wp:featuredmedia":[{"embeddable":true,"href":"http:\/\/www.tus-bruchhausen.de\/Fussball\/wp-json\/wp\/v2\/media\/19974"}],"wp:attachment":[{"href":"http:\/\/www.tus-bruchhausen.de\/Fussball\/wp-json\/wp\/v2\/media?parent=19973"}],"wp:term":[{"taxonomy":"category","embeddable":true,"href":"http:\/\/www.tus-bruchhausen.de\/Fussball\/wp-json\/wp\/v2\/categories?post=19973"},{"taxonomy":"post_tag","embeddable":true,"href":"http:\/\/www.tus-bruchhausen.de\/Fussball\/wp-json\/wp\/v2\/tags?post=19973"}],"curies":[{"name":"wp","href":"https:\/\/api.w.org\/{rel}","templated":true}]}}