{"id":2955,"date":"2014-04-29T08:00:27","date_gmt":"2014-04-29T06:00:27","guid":{"rendered":"http:\/\/tus-bruchhausen.de\/Fussball\/?p=2955"},"modified":"2014-05-20T22:29:06","modified_gmt":"2014-05-20T20:29:06","slug":"ab-sommer-stuermt-kai-oberreuther-an-der-hiag","status":"publish","type":"post","link":"http:\/\/www.tus-bruchhausen.de\/Fussball\/ab-sommer-stuermt-kai-oberreuther-an-der-hiag\/","title":{"rendered":"Ab Sommer st\u00fcrmt Kai Oberreuther an der Hiag"},"content":{"rendered":"<p>Der TuS Bruchhausen verst\u00e4rkt sich zur neuen Saison mit St\u00fcrmer Kai Oberreuther vom SC Neheim. Es ist bereits der siebte Neuzugang der zum Sommer an die Hiag wechselt. Zuvor freute man sich bereits \u00fcber Stephen Hoffmann (SV H\u00fcsten 09), Tim Ballauf (TuS M\u00fcschede), Dennis Perez Gomes (SV Bachum\/Bergheim), Dennis Hakenesch (SC Neheim II), Kevin Norek (TuS Vo\u00dfwinkel) und Andr\u00e9 Knaup (SF Waltringen).<\/p>\n<p>Kai Oberreuther war zuletzt in der Reserve des SC Neheim aktiv, legte dann aber eine Pause von fast einem Jahr ein. Nun kehrt er auf den Fu\u00dfballplatz zur\u00fcck. Der 25-j\u00e4hrige verf\u00fcgt bereits \u00fcber reichlich Erfahrung.\u00a0Schon mit Jugendmannschaften des SC Neheim spielte Kai Oberreuther in der Landesliga. Auch sp\u00e4ter in den Senioren spielte er u.a. unter Trainer Sascha Eickel zahlreiche Partien in der Landesliga. Anschlie\u00dfend schoss er die Reserve des SC Neheim als A-Liga Torsch\u00fctzenk\u00f6nig mit 32 Toren in die Bezirksliga. In den Jahren danach spielte er sowohl f\u00fcr den SC Neheim II als auch sp\u00e4ter f\u00fcr den TuS M\u00fcschede in der Bezirksliga. Stephen Hoffmann, der ab Sommer Co-Trainer beim TuS 02 wird, verr\u00e4t etwas \u00fcber die Qualit\u00e4ten des Neuzugangs: &#8220;Er ist ein taktisch gut geschulter Spieler mit einer sicheren Er\u00f6ffnung und einer\u00a0hervorragenden Schusstechnik.&#8221;<\/p>\n<p>TuS-Trainer Freddy Quebbemann h\u00e4lt viel von seinem Neuzugang: &#8220;Kai ist ein toller Fu\u00dfballer der das Kicken nach einem Jahr Pause nicht verlernt hat. Sein Wunsch von Spa\u00df im Team und Weiterentwicklung deckt sich nahe zu mit der Einstellung von Trainer &amp; Co Trainer. <span class=\"pullquote\">Unser Ziel ist es den Spa\u00df innerhalb der Truppe weiterhin aufrecht zu erhalten<\/span> und durch die Neuzug\u00e4nge einen Konkurrenzkampf zu entfachen, um dann mal andere Ziele ins Visier nehmen zu k\u00f6nnen.&#8221;<\/p>\n","protected":false},"excerpt":{"rendered":"<p>Der TuS Bruchhausen verst\u00e4rkt sich zur neuen Saison mit St\u00fcrmer Kai Oberreuther vom SC Neheim. Es ist bereits der siebte Neuzugang der zum Sommer an die Hiag wechselt. Zuvor freute man sich bereits \u00fcber Stephen Hoffmann (SV H\u00fcsten 09), Tim Ballauf (TuS M\u00fcschede), Dennis Perez Gomes (SV Bachum\/Bergheim), Dennis Hakenesch (SC Neheim II), Kevin Norek [&hellip;]<\/p>\n","protected":false},"author":6,"featured_media":2968,"comment_status":"closed","ping_status":"closed","sticky":false,"template":"","format":"standard","meta":{"footnotes":""},"categories":[3,8,20],"tags":[],"class_list":["post-2955","post","type-post","status-publish","format-standard","has-post-thumbnail","hentry","category-1-mannschaft","category-news","category-app","small-justify-block","has-thumb"],"yoast_head":"<!-- This site is optimized with the Yoast SEO plugin v27.2 - https:\/\/yoast.com\/product\/yoast-seo-wordpress\/ -->\n<title>Ab Sommer st\u00fcrmt Kai Oberreuther an der Hiag<\/title>\n<meta name=\"robots\" content=\"index, follow, max-snippet:-1, max-image-preview:large, max-video-preview:-1\" \/>\n<link rel=\"canonical\" href=\"http:\/\/www.tus-bruchhausen.de\/Fussball\/ab-sommer-stuermt-kai-oberreuther-an-der-hiag\/\" \/>\n<meta property=\"og:locale\" content=\"de_DE\" \/>\n<meta property=\"og:type\" content=\"article\" \/>\n<meta property=\"og:title\" content=\"Ab Sommer st\u00fcrmt Kai Oberreuther an der Hiag\" \/>\n<meta property=\"og:description\" content=\"Der TuS Bruchhausen verst\u00e4rkt sich zur neuen Saison mit St\u00fcrmer Kai Oberreuther vom SC Neheim. Es ist bereits der siebte Neuzugang der zum Sommer an die Hiag wechselt. Zuvor freute man sich bereits \u00fcber Stephen Hoffmann (SV H\u00fcsten 09), Tim Ballauf (TuS M\u00fcschede), Dennis Perez Gomes (SV Bachum\/Bergheim), Dennis Hakenesch (SC Neheim II), Kevin Norek [&hellip;]\" \/>\n<meta property=\"og:url\" content=\"http:\/\/www.tus-bruchhausen.de\/Fussball\/ab-sommer-stuermt-kai-oberreuther-an-der-hiag\/\" \/>\n<meta property=\"og:site_name\" content=\"TuS Bruchhausen\" \/>\n<meta property=\"article:publisher\" content=\"https:\/\/www.facebook.com\/TuS02\/\" \/>\n<meta property=\"article:published_time\" content=\"2014-04-29T06:00:27+00:00\" \/>\n<meta property=\"article:modified_time\" content=\"2014-05-20T20:29:06+00:00\" \/>\n<meta property=\"og:image\" content=\"http:\/\/www.tus-bruchhausen.de\/Fussball\/wp-content\/uploads\/2014\/04\/oberreuther_kai.png\" \/>\n\t<meta property=\"og:image:width\" content=\"710\" \/>\n\t<meta property=\"og:image:height\" content=\"315\" \/>\n\t<meta property=\"og:image:type\" content=\"image\/png\" \/>\n<meta name=\"author\" content=\"Dominic Gabriel\" \/>\n<meta name=\"twitter:card\" content=\"summary_large_image\" \/>\n<meta name=\"twitter:label1\" content=\"Verfasst von\" \/>\n\t<meta name=\"twitter:data1\" content=\"Dominic Gabriel\" \/>\n\t<meta name=\"twitter:label2\" content=\"Gesch\u00e4tzte Lesezeit\" \/>\n\t<meta name=\"twitter:data2\" content=\"1\u00a0Minute\" \/>\n<script type=\"application\/ld+json\" class=\"yoast-schema-graph\">{\"@context\":\"https:\/\/schema.org\",\"@graph\":[{\"@type\":\"Article\",\"@id\":\"http:\/\/www.tus-bruchhausen.de\/Fussball\/ab-sommer-stuermt-kai-oberreuther-an-der-hiag\/#article\",\"isPartOf\":{\"@id\":\"http:\/\/www.tus-bruchhausen.de\/Fussball\/ab-sommer-stuermt-kai-oberreuther-an-der-hiag\/\"},\"author\":{\"name\":\"Dominic Gabriel\",\"@id\":\"http:\/\/www.tus-bruchhausen.de\/Fussball\/#\/schema\/person\/53a173c5abf387371fd35fcb395bc0af\"},\"headline\":\"Ab Sommer st\u00fcrmt Kai Oberreuther an der Hiag\",\"datePublished\":\"2014-04-29T06:00:27+00:00\",\"dateModified\":\"2014-05-20T20:29:06+00:00\",\"mainEntityOfPage\":{\"@id\":\"http:\/\/www.tus-bruchhausen.de\/Fussball\/ab-sommer-stuermt-kai-oberreuther-an-der-hiag\/\"},\"wordCount\":303,\"image\":{\"@id\":\"http:\/\/www.tus-bruchhausen.de\/Fussball\/ab-sommer-stuermt-kai-oberreuther-an-der-hiag\/#primaryimage\"},\"thumbnailUrl\":\"http:\/\/www.tus-bruchhausen.de\/Fussball\/wp-content\/uploads\/2014\/04\/oberreuther_kai.png\",\"articleSection\":[\"1. Mannschaft\",\"News\",\"Z_APP\"],\"inLanguage\":\"de\"},{\"@type\":\"WebPage\",\"@id\":\"http:\/\/www.tus-bruchhausen.de\/Fussball\/ab-sommer-stuermt-kai-oberreuther-an-der-hiag\/\",\"url\":\"http:\/\/www.tus-bruchhausen.de\/Fussball\/ab-sommer-stuermt-kai-oberreuther-an-der-hiag\/\",\"name\":\"Ab Sommer st\u00fcrmt Kai Oberreuther an der Hiag\",\"isPartOf\":{\"@id\":\"http:\/\/www.tus-bruchhausen.de\/Fussball\/#website\"},\"primaryImageOfPage\":{\"@id\":\"http:\/\/www.tus-bruchhausen.de\/Fussball\/ab-sommer-stuermt-kai-oberreuther-an-der-hiag\/#primaryimage\"},\"image\":{\"@id\":\"http:\/\/www.tus-bruchhausen.de\/Fussball\/ab-sommer-stuermt-kai-oberreuther-an-der-hiag\/#primaryimage\"},\"thumbnailUrl\":\"http:\/\/www.tus-bruchhausen.de\/Fussball\/wp-content\/uploads\/2014\/04\/oberreuther_kai.png\",\"datePublished\":\"2014-04-29T06:00:27+00:00\",\"dateModified\":\"2014-05-20T20:29:06+00:00\",\"author\":{\"@id\":\"http:\/\/www.tus-bruchhausen.de\/Fussball\/#\/schema\/person\/53a173c5abf387371fd35fcb395bc0af\"},\"breadcrumb\":{\"@id\":\"http:\/\/www.tus-bruchhausen.de\/Fussball\/ab-sommer-stuermt-kai-oberreuther-an-der-hiag\/#breadcrumb\"},\"inLanguage\":\"de\",\"potentialAction\":[{\"@type\":\"ReadAction\",\"target\":[\"http:\/\/www.tus-bruchhausen.de\/Fussball\/ab-sommer-stuermt-kai-oberreuther-an-der-hiag\/\"]}]},{\"@type\":\"ImageObject\",\"inLanguage\":\"de\",\"@id\":\"http:\/\/www.tus-bruchhausen.de\/Fussball\/ab-sommer-stuermt-kai-oberreuther-an-der-hiag\/#primaryimage\",\"url\":\"http:\/\/www.tus-bruchhausen.de\/Fussball\/wp-content\/uploads\/2014\/04\/oberreuther_kai.png\",\"contentUrl\":\"http:\/\/www.tus-bruchhausen.de\/Fussball\/wp-content\/uploads\/2014\/04\/oberreuther_kai.png\",\"width\":1440,\"height\":639},{\"@type\":\"BreadcrumbList\",\"@id\":\"http:\/\/www.tus-bruchhausen.de\/Fussball\/ab-sommer-stuermt-kai-oberreuther-an-der-hiag\/#breadcrumb\",\"itemListElement\":[{\"@type\":\"ListItem\",\"position\":1,\"name\":\"Startseite\",\"item\":\"https:\/\/www.tus-bruchhausen.de\/Fussball\/\"},{\"@type\":\"ListItem\",\"position\":2,\"name\":\"Ab Sommer st\u00fcrmt Kai Oberreuther an der Hiag\"}]},{\"@type\":\"WebSite\",\"@id\":\"http:\/\/www.tus-bruchhausen.de\/Fussball\/#website\",\"url\":\"http:\/\/www.tus-bruchhausen.de\/Fussball\/\",\"name\":\"TuS Bruchhausen\",\"description\":\"Fu\u00dfball\",\"potentialAction\":[{\"@type\":\"SearchAction\",\"target\":{\"@type\":\"EntryPoint\",\"urlTemplate\":\"http:\/\/www.tus-bruchhausen.de\/Fussball\/?s={search_term_string}\"},\"query-input\":{\"@type\":\"PropertyValueSpecification\",\"valueRequired\":true,\"valueName\":\"search_term_string\"}}],\"inLanguage\":\"de\"},{\"@type\":\"Person\",\"@id\":\"http:\/\/www.tus-bruchhausen.de\/Fussball\/#\/schema\/person\/53a173c5abf387371fd35fcb395bc0af\",\"name\":\"Dominic Gabriel\",\"image\":{\"@type\":\"ImageObject\",\"inLanguage\":\"de\",\"@id\":\"https:\/\/secure.gravatar.com\/avatar\/750762ec91b9970d725a622f9a107d8412b787d34f1fd38dd08605665102440c?s=96&d=mm&r=g\",\"url\":\"https:\/\/secure.gravatar.com\/avatar\/750762ec91b9970d725a622f9a107d8412b787d34f1fd38dd08605665102440c?s=96&d=mm&r=g\",\"contentUrl\":\"https:\/\/secure.gravatar.com\/avatar\/750762ec91b9970d725a622f9a107d8412b787d34f1fd38dd08605665102440c?s=96&d=mm&r=g\",\"caption\":\"Dominic Gabriel\"}}]}<\/script>\n<!-- \/ Yoast SEO plugin. -->","yoast_head_json":{"title":"Ab Sommer st\u00fcrmt Kai Oberreuther an der Hiag","robots":{"index":"index","follow":"follow","max-snippet":"max-snippet:-1","max-image-preview":"max-image-preview:large","max-video-preview":"max-video-preview:-1"},"canonical":"http:\/\/www.tus-bruchhausen.de\/Fussball\/ab-sommer-stuermt-kai-oberreuther-an-der-hiag\/","og_locale":"de_DE","og_type":"article","og_title":"Ab Sommer st\u00fcrmt Kai Oberreuther an der Hiag","og_description":"Der TuS Bruchhausen verst\u00e4rkt sich zur neuen Saison mit St\u00fcrmer Kai Oberreuther vom SC Neheim. Es ist bereits der siebte Neuzugang der zum Sommer an die Hiag wechselt. Zuvor freute man sich bereits \u00fcber Stephen Hoffmann (SV H\u00fcsten 09), Tim Ballauf (TuS M\u00fcschede), Dennis Perez Gomes (SV Bachum\/Bergheim), Dennis Hakenesch (SC Neheim II), Kevin Norek [&hellip;]","og_url":"http:\/\/www.tus-bruchhausen.de\/Fussball\/ab-sommer-stuermt-kai-oberreuther-an-der-hiag\/","og_site_name":"TuS Bruchhausen","article_publisher":"https:\/\/www.facebook.com\/TuS02\/","article_published_time":"2014-04-29T06:00:27+00:00","article_modified_time":"2014-05-20T20:29:06+00:00","og_image":[{"url":"http:\/\/www.tus-bruchhausen.de\/Fussball\/wp-content\/uploads\/2014\/04\/oberreuther_kai.png","width":710,"height":315,"type":"image\/png"}],"author":"Dominic Gabriel","twitter_card":"summary_large_image","twitter_misc":{"Verfasst von":"Dominic Gabriel","Gesch\u00e4tzte Lesezeit":"1\u00a0Minute"},"schema":{"@context":"https:\/\/schema.org","@graph":[{"@type":"Article","@id":"http:\/\/www.tus-bruchhausen.de\/Fussball\/ab-sommer-stuermt-kai-oberreuther-an-der-hiag\/#article","isPartOf":{"@id":"http:\/\/www.tus-bruchhausen.de\/Fussball\/ab-sommer-stuermt-kai-oberreuther-an-der-hiag\/"},"author":{"name":"Dominic Gabriel","@id":"http:\/\/www.tus-bruchhausen.de\/Fussball\/#\/schema\/person\/53a173c5abf387371fd35fcb395bc0af"},"headline":"Ab Sommer st\u00fcrmt Kai Oberreuther an der Hiag","datePublished":"2014-04-29T06:00:27+00:00","dateModified":"2014-05-20T20:29:06+00:00","mainEntityOfPage":{"@id":"http:\/\/www.tus-bruchhausen.de\/Fussball\/ab-sommer-stuermt-kai-oberreuther-an-der-hiag\/"},"wordCount":303,"image":{"@id":"http:\/\/www.tus-bruchhausen.de\/Fussball\/ab-sommer-stuermt-kai-oberreuther-an-der-hiag\/#primaryimage"},"thumbnailUrl":"http:\/\/www.tus-bruchhausen.de\/Fussball\/wp-content\/uploads\/2014\/04\/oberreuther_kai.png","articleSection":["1. Mannschaft","News","Z_APP"],"inLanguage":"de"},{"@type":"WebPage","@id":"http:\/\/www.tus-bruchhausen.de\/Fussball\/ab-sommer-stuermt-kai-oberreuther-an-der-hiag\/","url":"http:\/\/www.tus-bruchhausen.de\/Fussball\/ab-sommer-stuermt-kai-oberreuther-an-der-hiag\/","name":"Ab Sommer st\u00fcrmt Kai Oberreuther an der Hiag","isPartOf":{"@id":"http:\/\/www.tus-bruchhausen.de\/Fussball\/#website"},"primaryImageOfPage":{"@id":"http:\/\/www.tus-bruchhausen.de\/Fussball\/ab-sommer-stuermt-kai-oberreuther-an-der-hiag\/#primaryimage"},"image":{"@id":"http:\/\/www.tus-bruchhausen.de\/Fussball\/ab-sommer-stuermt-kai-oberreuther-an-der-hiag\/#primaryimage"},"thumbnailUrl":"http:\/\/www.tus-bruchhausen.de\/Fussball\/wp-content\/uploads\/2014\/04\/oberreuther_kai.png","datePublished":"2014-04-29T06:00:27+00:00","dateModified":"2014-05-20T20:29:06+00:00","author":{"@id":"http:\/\/www.tus-bruchhausen.de\/Fussball\/#\/schema\/person\/53a173c5abf387371fd35fcb395bc0af"},"breadcrumb":{"@id":"http:\/\/www.tus-bruchhausen.de\/Fussball\/ab-sommer-stuermt-kai-oberreuther-an-der-hiag\/#breadcrumb"},"inLanguage":"de","potentialAction":[{"@type":"ReadAction","target":["http:\/\/www.tus-bruchhausen.de\/Fussball\/ab-sommer-stuermt-kai-oberreuther-an-der-hiag\/"]}]},{"@type":"ImageObject","inLanguage":"de","@id":"http:\/\/www.tus-bruchhausen.de\/Fussball\/ab-sommer-stuermt-kai-oberreuther-an-der-hiag\/#primaryimage","url":"http:\/\/www.tus-bruchhausen.de\/Fussball\/wp-content\/uploads\/2014\/04\/oberreuther_kai.png","contentUrl":"http:\/\/www.tus-bruchhausen.de\/Fussball\/wp-content\/uploads\/2014\/04\/oberreuther_kai.png","width":1440,"height":639},{"@type":"BreadcrumbList","@id":"http:\/\/www.tus-bruchhausen.de\/Fussball\/ab-sommer-stuermt-kai-oberreuther-an-der-hiag\/#breadcrumb","itemListElement":[{"@type":"ListItem","position":1,"name":"Startseite","item":"https:\/\/www.tus-bruchhausen.de\/Fussball\/"},{"@type":"ListItem","position":2,"name":"Ab Sommer st\u00fcrmt Kai Oberreuther an der Hiag"}]},{"@type":"WebSite","@id":"http:\/\/www.tus-bruchhausen.de\/Fussball\/#website","url":"http:\/\/www.tus-bruchhausen.de\/Fussball\/","name":"TuS Bruchhausen","description":"Fu\u00dfball","potentialAction":[{"@type":"SearchAction","target":{"@type":"EntryPoint","urlTemplate":"http:\/\/www.tus-bruchhausen.de\/Fussball\/?s={search_term_string}"},"query-input":{"@type":"PropertyValueSpecification","valueRequired":true,"valueName":"search_term_string"}}],"inLanguage":"de"},{"@type":"Person","@id":"http:\/\/www.tus-bruchhausen.de\/Fussball\/#\/schema\/person\/53a173c5abf387371fd35fcb395bc0af","name":"Dominic Gabriel","image":{"@type":"ImageObject","inLanguage":"de","@id":"https:\/\/secure.gravatar.com\/avatar\/750762ec91b9970d725a622f9a107d8412b787d34f1fd38dd08605665102440c?s=96&d=mm&r=g","url":"https:\/\/secure.gravatar.com\/avatar\/750762ec91b9970d725a622f9a107d8412b787d34f1fd38dd08605665102440c?s=96&d=mm&r=g","contentUrl":"https:\/\/secure.gravatar.com\/avatar\/750762ec91b9970d725a622f9a107d8412b787d34f1fd38dd08605665102440c?s=96&d=mm&r=g","caption":"Dominic Gabriel"}}]}},"_links":{"self":[{"href":"http:\/\/www.tus-bruchhausen.de\/Fussball\/wp-json\/wp\/v2\/posts\/2955","targetHints":{"allow":["GET"]}}],"collection":[{"href":"http:\/\/www.tus-bruchhausen.de\/Fussball\/wp-json\/wp\/v2\/posts"}],"about":[{"href":"http:\/\/www.tus-bruchhausen.de\/Fussball\/wp-json\/wp\/v2\/types\/post"}],"author":[{"embeddable":true,"href":"http:\/\/www.tus-bruchhausen.de\/Fussball\/wp-json\/wp\/v2\/users\/6"}],"replies":[{"embeddable":true,"href":"http:\/\/www.tus-bruchhausen.de\/Fussball\/wp-json\/wp\/v2\/comments?post=2955"}],"version-history":[{"count":12,"href":"http:\/\/www.tus-bruchhausen.de\/Fussball\/wp-json\/wp\/v2\/posts\/2955\/revisions"}],"predecessor-version":[{"id":3209,"href":"http:\/\/www.tus-bruchhausen.de\/Fussball\/wp-json\/wp\/v2\/posts\/2955\/revisions\/3209"}],"wp:featuredmedia":[{"embeddable":true,"href":"http:\/\/www.tus-bruchhausen.de\/Fussball\/wp-json\/wp\/v2\/media\/2968"}],"wp:attachment":[{"href":"http:\/\/www.tus-bruchhausen.de\/Fussball\/wp-json\/wp\/v2\/media?parent=2955"}],"wp:term":[{"taxonomy":"category","embeddable":true,"href":"http:\/\/www.tus-bruchhausen.de\/Fussball\/wp-json\/wp\/v2\/categories?post=2955"},{"taxonomy":"post_tag","embeddable":true,"href":"http:\/\/www.tus-bruchhausen.de\/Fussball\/wp-json\/wp\/v2\/tags?post=2955"}],"curies":[{"name":"wp","href":"https:\/\/api.w.org\/{rel}","templated":true}]}}