{"id":3153,"date":"2014-05-16T12:01:37","date_gmt":"2014-05-16T10:01:37","guid":{"rendered":"http:\/\/tus-bruchhausen.de\/Fussball\/?p=3153"},"modified":"2014-05-16T12:04:16","modified_gmt":"2014-05-16T10:04:16","slug":"reserve-kurz-vor-dem-klassenerhalt","status":"publish","type":"post","link":"http:\/\/www.tus-bruchhausen.de\/Fussball\/reserve-kurz-vor-dem-klassenerhalt\/","title":{"rendered":"Reserve kurz vor dem Klassenerhalt"},"content":{"rendered":"<p>Die zweite Mannschaft des TuS Bruchhausen hat das Meisterschaftsspiel gegen den SV Bachum\/Bergheim II mit 4:1 gewonnen. Die Mannschaft von Thomas D\u00fclberg brauchte ein wenig bis sie richtig ins Spiel fand. So musste man bereits nach 10 Minunten druch SV Spieler Waldemar Braun den 1:0 R\u00fcckstand hinnehmen. Doch gut zehn Minuten vor der Pause konnte Michael Blender das Spiel f\u00fcr den TuS 02 ausgleichen. Zuvor hatte die TuS Reserve zahlreiche Torm\u00f6glichkeiten ausgelassen. Die gr\u00f6\u00dfte Chance hatte Giuliano Schulte der den Ball aus zwei Metern Abstand neben das Geh\u00e4use setzte.<\/p>\n<p>Nach dem Seitwechsel wurde die TuS Mannschaft immer st\u00e4rker und kam druch ein Eigentor in der 55. Minute zur 2:1 F\u00fchrung. Die Ecke von Manuel Hoffmann hatte Michael Dudas per Kopfball aufs Tor gebracht, die beiden Abwehrspieler des SV Bachum\/Bergheim II konnten den Ball nur noch ins eigene Tor kl\u00e4ren.<\/p>\n<p>Auch im weiteren Verlauf spielte der TuS weiter nach Vorn. Aus halbrechter Postion zog Manuel Hoffmann (60.) freistehend ab und netzte zum 3:1 ein. Mit einem direkt verwandelten Freisto\u00df stetzte erneut Manuel Hoffmann (85.) den Schlusspunkt einer guten Partie des TuS Bruchhausen II. Damit hat der TuS 02 nun bereits sechs Punkte Vorsprung vor dem Tabellenletzten und ist damit bei keinem Absteiger aus der Bezirksliga so gut wie gesichert, der TuS 02 w\u00e4re nur noch mit einem Entscheidungsspiel zuverdr\u00e4ngen.<\/p>\n<p>W\u00e4hrend der TuS Bruchhausen II und TuRa Freienohl II bei keinem Bezirksliga Absteiger so gut wie sicher sind, hat die Reserve des TuS Oeventrop nun f\u00fcnf Punkte Vorsprung vor dem Schlusslicht SV Affeln II. Die Reserve des TuS Oeventrop II\u00a0 schlug den SuS Eisborn mit 4:1. Die beiden Tabellenletzten der SV Affeln II und der TuS Hachen II haben jedoch als einzige Teams im Abstiegskampf nur noch zwei Spiele und k\u00f6nnen nur noch maximal sechs Punkte einfahren.<\/p>\n","protected":false},"excerpt":{"rendered":"<p>Die zweite Mannschaft des TuS Bruchhausen hat das Meisterschaftsspiel gegen den SV Bachum\/Bergheim II mit 4:1 gewonnen. Die Mannschaft von Thomas D\u00fclberg brauchte ein wenig bis sie richtig ins Spiel fand. So musste man bereits nach 10 Minunten druch SV Spieler Waldemar Braun den 1:0 R\u00fcckstand hinnehmen. Doch gut zehn Minuten vor der Pause konnte [&hellip;]<\/p>\n","protected":false},"author":6,"featured_media":3156,"comment_status":"closed","ping_status":"closed","sticky":false,"template":"","format":"standard","meta":{"footnotes":""},"categories":[4,8],"tags":[],"class_list":["post-3153","post","type-post","status-publish","format-standard","has-post-thumbnail","hentry","category-2-mannschaft","category-news","small-justify-block","has-thumb"],"yoast_head":"<!-- This site is optimized with the Yoast SEO plugin v27.2 - https:\/\/yoast.com\/product\/yoast-seo-wordpress\/ -->\n<title>Reserve kurz vor dem Klassenerhalt<\/title>\n<meta name=\"robots\" content=\"index, follow, max-snippet:-1, max-image-preview:large, max-video-preview:-1\" \/>\n<link rel=\"canonical\" href=\"http:\/\/www.tus-bruchhausen.de\/Fussball\/reserve-kurz-vor-dem-klassenerhalt\/\" \/>\n<meta property=\"og:locale\" content=\"de_DE\" \/>\n<meta property=\"og:type\" content=\"article\" \/>\n<meta property=\"og:title\" content=\"Reserve kurz vor dem Klassenerhalt\" \/>\n<meta property=\"og:description\" content=\"Die zweite Mannschaft des TuS Bruchhausen hat das Meisterschaftsspiel gegen den SV Bachum\/Bergheim II mit 4:1 gewonnen. Die Mannschaft von Thomas D\u00fclberg brauchte ein wenig bis sie richtig ins Spiel fand. So musste man bereits nach 10 Minunten druch SV Spieler Waldemar Braun den 1:0 R\u00fcckstand hinnehmen. Doch gut zehn Minuten vor der Pause konnte [&hellip;]\" \/>\n<meta property=\"og:url\" content=\"http:\/\/www.tus-bruchhausen.de\/Fussball\/reserve-kurz-vor-dem-klassenerhalt\/\" \/>\n<meta property=\"og:site_name\" content=\"TuS Bruchhausen\" \/>\n<meta property=\"article:publisher\" content=\"https:\/\/www.facebook.com\/TuS02\/\" \/>\n<meta property=\"article:published_time\" content=\"2014-05-16T10:01:37+00:00\" \/>\n<meta property=\"article:modified_time\" content=\"2014-05-16T10:04:16+00:00\" \/>\n<meta property=\"og:image\" content=\"http:\/\/www.tus-bruchhausen.de\/Fussball\/wp-content\/uploads\/2014\/05\/10355514_714001635307527_3142320928120229395_o.jpg\" \/>\n\t<meta property=\"og:image:width\" content=\"1440\" \/>\n\t<meta property=\"og:image:height\" content=\"958\" \/>\n\t<meta property=\"og:image:type\" content=\"image\/jpeg\" \/>\n<meta name=\"author\" content=\"Dominic Gabriel\" \/>\n<meta name=\"twitter:card\" content=\"summary_large_image\" \/>\n<meta name=\"twitter:label1\" content=\"Verfasst von\" \/>\n\t<meta name=\"twitter:data1\" content=\"Dominic Gabriel\" \/>\n\t<meta name=\"twitter:label2\" content=\"Gesch\u00e4tzte Lesezeit\" \/>\n\t<meta name=\"twitter:data2\" content=\"1\u00a0Minute\" \/>\n<script type=\"application\/ld+json\" class=\"yoast-schema-graph\">{\"@context\":\"https:\/\/schema.org\",\"@graph\":[{\"@type\":\"Article\",\"@id\":\"http:\/\/www.tus-bruchhausen.de\/Fussball\/reserve-kurz-vor-dem-klassenerhalt\/#article\",\"isPartOf\":{\"@id\":\"http:\/\/www.tus-bruchhausen.de\/Fussball\/reserve-kurz-vor-dem-klassenerhalt\/\"},\"author\":{\"name\":\"Dominic Gabriel\",\"@id\":\"https:\/\/www.tus-bruchhausen.de\/Fussball\/#\/schema\/person\/53a173c5abf387371fd35fcb395bc0af\"},\"headline\":\"Reserve kurz vor dem Klassenerhalt\",\"datePublished\":\"2014-05-16T10:01:37+00:00\",\"dateModified\":\"2014-05-16T10:04:16+00:00\",\"mainEntityOfPage\":{\"@id\":\"http:\/\/www.tus-bruchhausen.de\/Fussball\/reserve-kurz-vor-dem-klassenerhalt\/\"},\"wordCount\":304,\"image\":{\"@id\":\"http:\/\/www.tus-bruchhausen.de\/Fussball\/reserve-kurz-vor-dem-klassenerhalt\/#primaryimage\"},\"thumbnailUrl\":\"http:\/\/www.tus-bruchhausen.de\/Fussball\/wp-content\/uploads\/2014\/05\/10355514_714001635307527_3142320928120229395_o.jpg\",\"articleSection\":[\"2. Mannschaft\",\"News\"],\"inLanguage\":\"de\"},{\"@type\":\"WebPage\",\"@id\":\"http:\/\/www.tus-bruchhausen.de\/Fussball\/reserve-kurz-vor-dem-klassenerhalt\/\",\"url\":\"http:\/\/www.tus-bruchhausen.de\/Fussball\/reserve-kurz-vor-dem-klassenerhalt\/\",\"name\":\"Reserve kurz vor dem Klassenerhalt\",\"isPartOf\":{\"@id\":\"https:\/\/www.tus-bruchhausen.de\/Fussball\/#website\"},\"primaryImageOfPage\":{\"@id\":\"http:\/\/www.tus-bruchhausen.de\/Fussball\/reserve-kurz-vor-dem-klassenerhalt\/#primaryimage\"},\"image\":{\"@id\":\"http:\/\/www.tus-bruchhausen.de\/Fussball\/reserve-kurz-vor-dem-klassenerhalt\/#primaryimage\"},\"thumbnailUrl\":\"http:\/\/www.tus-bruchhausen.de\/Fussball\/wp-content\/uploads\/2014\/05\/10355514_714001635307527_3142320928120229395_o.jpg\",\"datePublished\":\"2014-05-16T10:01:37+00:00\",\"dateModified\":\"2014-05-16T10:04:16+00:00\",\"author\":{\"@id\":\"https:\/\/www.tus-bruchhausen.de\/Fussball\/#\/schema\/person\/53a173c5abf387371fd35fcb395bc0af\"},\"breadcrumb\":{\"@id\":\"http:\/\/www.tus-bruchhausen.de\/Fussball\/reserve-kurz-vor-dem-klassenerhalt\/#breadcrumb\"},\"inLanguage\":\"de\",\"potentialAction\":[{\"@type\":\"ReadAction\",\"target\":[\"http:\/\/www.tus-bruchhausen.de\/Fussball\/reserve-kurz-vor-dem-klassenerhalt\/\"]}]},{\"@type\":\"ImageObject\",\"inLanguage\":\"de\",\"@id\":\"http:\/\/www.tus-bruchhausen.de\/Fussball\/reserve-kurz-vor-dem-klassenerhalt\/#primaryimage\",\"url\":\"http:\/\/www.tus-bruchhausen.de\/Fussball\/wp-content\/uploads\/2014\/05\/10355514_714001635307527_3142320928120229395_o.jpg\",\"contentUrl\":\"http:\/\/www.tus-bruchhausen.de\/Fussball\/wp-content\/uploads\/2014\/05\/10355514_714001635307527_3142320928120229395_o.jpg\",\"width\":1440,\"height\":958},{\"@type\":\"BreadcrumbList\",\"@id\":\"http:\/\/www.tus-bruchhausen.de\/Fussball\/reserve-kurz-vor-dem-klassenerhalt\/#breadcrumb\",\"itemListElement\":[{\"@type\":\"ListItem\",\"position\":1,\"name\":\"Startseite\",\"item\":\"https:\/\/www.tus-bruchhausen.de\/Fussball\/\"},{\"@type\":\"ListItem\",\"position\":2,\"name\":\"Reserve kurz vor dem Klassenerhalt\"}]},{\"@type\":\"WebSite\",\"@id\":\"https:\/\/www.tus-bruchhausen.de\/Fussball\/#website\",\"url\":\"https:\/\/www.tus-bruchhausen.de\/Fussball\/\",\"name\":\"TuS Bruchhausen\",\"description\":\"Fu\u00dfball\",\"potentialAction\":[{\"@type\":\"SearchAction\",\"target\":{\"@type\":\"EntryPoint\",\"urlTemplate\":\"https:\/\/www.tus-bruchhausen.de\/Fussball\/?s={search_term_string}\"},\"query-input\":{\"@type\":\"PropertyValueSpecification\",\"valueRequired\":true,\"valueName\":\"search_term_string\"}}],\"inLanguage\":\"de\"},{\"@type\":\"Person\",\"@id\":\"https:\/\/www.tus-bruchhausen.de\/Fussball\/#\/schema\/person\/53a173c5abf387371fd35fcb395bc0af\",\"name\":\"Dominic Gabriel\",\"image\":{\"@type\":\"ImageObject\",\"inLanguage\":\"de\",\"@id\":\"https:\/\/secure.gravatar.com\/avatar\/750762ec91b9970d725a622f9a107d8412b787d34f1fd38dd08605665102440c?s=96&d=mm&r=g\",\"url\":\"https:\/\/secure.gravatar.com\/avatar\/750762ec91b9970d725a622f9a107d8412b787d34f1fd38dd08605665102440c?s=96&d=mm&r=g\",\"contentUrl\":\"https:\/\/secure.gravatar.com\/avatar\/750762ec91b9970d725a622f9a107d8412b787d34f1fd38dd08605665102440c?s=96&d=mm&r=g\",\"caption\":\"Dominic Gabriel\"}}]}<\/script>\n<!-- \/ Yoast SEO plugin. -->","yoast_head_json":{"title":"Reserve kurz vor dem Klassenerhalt","robots":{"index":"index","follow":"follow","max-snippet":"max-snippet:-1","max-image-preview":"max-image-preview:large","max-video-preview":"max-video-preview:-1"},"canonical":"http:\/\/www.tus-bruchhausen.de\/Fussball\/reserve-kurz-vor-dem-klassenerhalt\/","og_locale":"de_DE","og_type":"article","og_title":"Reserve kurz vor dem Klassenerhalt","og_description":"Die zweite Mannschaft des TuS Bruchhausen hat das Meisterschaftsspiel gegen den SV Bachum\/Bergheim II mit 4:1 gewonnen. Die Mannschaft von Thomas D\u00fclberg brauchte ein wenig bis sie richtig ins Spiel fand. So musste man bereits nach 10 Minunten druch SV Spieler Waldemar Braun den 1:0 R\u00fcckstand hinnehmen. Doch gut zehn Minuten vor der Pause konnte [&hellip;]","og_url":"http:\/\/www.tus-bruchhausen.de\/Fussball\/reserve-kurz-vor-dem-klassenerhalt\/","og_site_name":"TuS Bruchhausen","article_publisher":"https:\/\/www.facebook.com\/TuS02\/","article_published_time":"2014-05-16T10:01:37+00:00","article_modified_time":"2014-05-16T10:04:16+00:00","og_image":[{"width":1440,"height":958,"url":"http:\/\/www.tus-bruchhausen.de\/Fussball\/wp-content\/uploads\/2014\/05\/10355514_714001635307527_3142320928120229395_o.jpg","type":"image\/jpeg"}],"author":"Dominic Gabriel","twitter_card":"summary_large_image","twitter_misc":{"Verfasst von":"Dominic Gabriel","Gesch\u00e4tzte Lesezeit":"1\u00a0Minute"},"schema":{"@context":"https:\/\/schema.org","@graph":[{"@type":"Article","@id":"http:\/\/www.tus-bruchhausen.de\/Fussball\/reserve-kurz-vor-dem-klassenerhalt\/#article","isPartOf":{"@id":"http:\/\/www.tus-bruchhausen.de\/Fussball\/reserve-kurz-vor-dem-klassenerhalt\/"},"author":{"name":"Dominic Gabriel","@id":"https:\/\/www.tus-bruchhausen.de\/Fussball\/#\/schema\/person\/53a173c5abf387371fd35fcb395bc0af"},"headline":"Reserve kurz vor dem Klassenerhalt","datePublished":"2014-05-16T10:01:37+00:00","dateModified":"2014-05-16T10:04:16+00:00","mainEntityOfPage":{"@id":"http:\/\/www.tus-bruchhausen.de\/Fussball\/reserve-kurz-vor-dem-klassenerhalt\/"},"wordCount":304,"image":{"@id":"http:\/\/www.tus-bruchhausen.de\/Fussball\/reserve-kurz-vor-dem-klassenerhalt\/#primaryimage"},"thumbnailUrl":"http:\/\/www.tus-bruchhausen.de\/Fussball\/wp-content\/uploads\/2014\/05\/10355514_714001635307527_3142320928120229395_o.jpg","articleSection":["2. Mannschaft","News"],"inLanguage":"de"},{"@type":"WebPage","@id":"http:\/\/www.tus-bruchhausen.de\/Fussball\/reserve-kurz-vor-dem-klassenerhalt\/","url":"http:\/\/www.tus-bruchhausen.de\/Fussball\/reserve-kurz-vor-dem-klassenerhalt\/","name":"Reserve kurz vor dem Klassenerhalt","isPartOf":{"@id":"https:\/\/www.tus-bruchhausen.de\/Fussball\/#website"},"primaryImageOfPage":{"@id":"http:\/\/www.tus-bruchhausen.de\/Fussball\/reserve-kurz-vor-dem-klassenerhalt\/#primaryimage"},"image":{"@id":"http:\/\/www.tus-bruchhausen.de\/Fussball\/reserve-kurz-vor-dem-klassenerhalt\/#primaryimage"},"thumbnailUrl":"http:\/\/www.tus-bruchhausen.de\/Fussball\/wp-content\/uploads\/2014\/05\/10355514_714001635307527_3142320928120229395_o.jpg","datePublished":"2014-05-16T10:01:37+00:00","dateModified":"2014-05-16T10:04:16+00:00","author":{"@id":"https:\/\/www.tus-bruchhausen.de\/Fussball\/#\/schema\/person\/53a173c5abf387371fd35fcb395bc0af"},"breadcrumb":{"@id":"http:\/\/www.tus-bruchhausen.de\/Fussball\/reserve-kurz-vor-dem-klassenerhalt\/#breadcrumb"},"inLanguage":"de","potentialAction":[{"@type":"ReadAction","target":["http:\/\/www.tus-bruchhausen.de\/Fussball\/reserve-kurz-vor-dem-klassenerhalt\/"]}]},{"@type":"ImageObject","inLanguage":"de","@id":"http:\/\/www.tus-bruchhausen.de\/Fussball\/reserve-kurz-vor-dem-klassenerhalt\/#primaryimage","url":"http:\/\/www.tus-bruchhausen.de\/Fussball\/wp-content\/uploads\/2014\/05\/10355514_714001635307527_3142320928120229395_o.jpg","contentUrl":"http:\/\/www.tus-bruchhausen.de\/Fussball\/wp-content\/uploads\/2014\/05\/10355514_714001635307527_3142320928120229395_o.jpg","width":1440,"height":958},{"@type":"BreadcrumbList","@id":"http:\/\/www.tus-bruchhausen.de\/Fussball\/reserve-kurz-vor-dem-klassenerhalt\/#breadcrumb","itemListElement":[{"@type":"ListItem","position":1,"name":"Startseite","item":"https:\/\/www.tus-bruchhausen.de\/Fussball\/"},{"@type":"ListItem","position":2,"name":"Reserve kurz vor dem Klassenerhalt"}]},{"@type":"WebSite","@id":"https:\/\/www.tus-bruchhausen.de\/Fussball\/#website","url":"https:\/\/www.tus-bruchhausen.de\/Fussball\/","name":"TuS Bruchhausen","description":"Fu\u00dfball","potentialAction":[{"@type":"SearchAction","target":{"@type":"EntryPoint","urlTemplate":"https:\/\/www.tus-bruchhausen.de\/Fussball\/?s={search_term_string}"},"query-input":{"@type":"PropertyValueSpecification","valueRequired":true,"valueName":"search_term_string"}}],"inLanguage":"de"},{"@type":"Person","@id":"https:\/\/www.tus-bruchhausen.de\/Fussball\/#\/schema\/person\/53a173c5abf387371fd35fcb395bc0af","name":"Dominic Gabriel","image":{"@type":"ImageObject","inLanguage":"de","@id":"https:\/\/secure.gravatar.com\/avatar\/750762ec91b9970d725a622f9a107d8412b787d34f1fd38dd08605665102440c?s=96&d=mm&r=g","url":"https:\/\/secure.gravatar.com\/avatar\/750762ec91b9970d725a622f9a107d8412b787d34f1fd38dd08605665102440c?s=96&d=mm&r=g","contentUrl":"https:\/\/secure.gravatar.com\/avatar\/750762ec91b9970d725a622f9a107d8412b787d34f1fd38dd08605665102440c?s=96&d=mm&r=g","caption":"Dominic Gabriel"}}]}},"_links":{"self":[{"href":"http:\/\/www.tus-bruchhausen.de\/Fussball\/wp-json\/wp\/v2\/posts\/3153","targetHints":{"allow":["GET"]}}],"collection":[{"href":"http:\/\/www.tus-bruchhausen.de\/Fussball\/wp-json\/wp\/v2\/posts"}],"about":[{"href":"http:\/\/www.tus-bruchhausen.de\/Fussball\/wp-json\/wp\/v2\/types\/post"}],"author":[{"embeddable":true,"href":"http:\/\/www.tus-bruchhausen.de\/Fussball\/wp-json\/wp\/v2\/users\/6"}],"replies":[{"embeddable":true,"href":"http:\/\/www.tus-bruchhausen.de\/Fussball\/wp-json\/wp\/v2\/comments?post=3153"}],"version-history":[{"count":1,"href":"http:\/\/www.tus-bruchhausen.de\/Fussball\/wp-json\/wp\/v2\/posts\/3153\/revisions"}],"predecessor-version":[{"id":3154,"href":"http:\/\/www.tus-bruchhausen.de\/Fussball\/wp-json\/wp\/v2\/posts\/3153\/revisions\/3154"}],"wp:featuredmedia":[{"embeddable":true,"href":"http:\/\/www.tus-bruchhausen.de\/Fussball\/wp-json\/wp\/v2\/media\/3156"}],"wp:attachment":[{"href":"http:\/\/www.tus-bruchhausen.de\/Fussball\/wp-json\/wp\/v2\/media?parent=3153"}],"wp:term":[{"taxonomy":"category","embeddable":true,"href":"http:\/\/www.tus-bruchhausen.de\/Fussball\/wp-json\/wp\/v2\/categories?post=3153"},{"taxonomy":"post_tag","embeddable":true,"href":"http:\/\/www.tus-bruchhausen.de\/Fussball\/wp-json\/wp\/v2\/tags?post=3153"}],"curies":[{"name":"wp","href":"https:\/\/api.w.org\/{rel}","templated":true}]}}