{"id":3172,"date":"2014-05-18T21:20:18","date_gmt":"2014-05-18T19:20:18","guid":{"rendered":"http:\/\/tus-bruchhausen.de\/Fussball\/?p=3172"},"modified":"2014-05-18T21:20:39","modified_gmt":"2014-05-18T19:20:39","slug":"reserve-siegt-im-derby-in-niedereimer-mit-31","status":"publish","type":"post","link":"http:\/\/www.tus-bruchhausen.de\/Fussball\/reserve-siegt-im-derby-in-niedereimer-mit-31\/","title":{"rendered":"Reserve siegt im Derby in Niedereimer mit 3:1"},"content":{"rendered":"<p>Die Reservemannschaft des TuS Bruchhausen 02 hat das Derby gegen den TuS Niedereimer mit 3:1 gewonnen. Damit hat die Mannschaft von Trainer Thomas D\u00fclberg den vorzeitigen Klassenerhalt gesichert.<\/p>\n<p>Die Reserve von der Hiag ging in einer eher ausgeglichenen ersten H\u00e4lfte durch einen verwandelten Elfmeter von Manuel Hoffmann (35.) in F\u00fchrung. Bernd Gr\u00fcter wurde zuvor Regelwidrig im Strafraum der Gastgeber zu Fall gebracht. \u00a0Nach dem Seitenwechsel waren die Gastgeber aus Niedereimer zun\u00e4chst am Dr\u00fccker, doch geschickt hielt die TuS Abwehr dagegen. In der 57. Minute erh\u00f6hte Bernd Gr\u00fcter den Spielstand f\u00fcr den TuS Bruchhausen dann auf 2:0. Doch auch jetzt gab der TuS Niedereimer noch nicht auf. Die Gastgeber befinden sich immer noch tief im Abstiegskampf. Sebastian Kollmann (66.) sorgte f\u00fcr den nicht unverdienten Anschlusstreffer des TuS Niedereimer.<\/p>\n<p>Die zweite Mannschaft des TuS Bruchhausen hatte jedoch die passende Antwort parat. Der eingewechselte Marcel Linke machte mit seinem Treffer in der 75. Minute den Sack endg\u00fcltig zu. Nach dem Schlusspfiff war klar, Bruchhausen II hat rechnerisch den sicheren Klassenerhalt geschafft. Die Reserve hat nun neun Punkte Vorsprung vor dem Tabellenletzten SV Affeln II, sechs Punkte auf den TuS Niedereimer und f\u00fcnf Z\u00e4hler Vorsprung vor dem TuS Hachen II. Da der TuS Hachen II nur noch ein Spiel (gegen Bruchhausen II) in dieser Saison hat, ist der Klassenerhalt perfekt.<\/p>\n<p>&nbsp;<\/p>\n<p>&nbsp;<\/p>\n","protected":false},"excerpt":{"rendered":"<p>Die Reservemannschaft des TuS Bruchhausen 02 hat das Derby gegen den TuS Niedereimer mit 3:1 gewonnen. Damit hat die Mannschaft von Trainer Thomas D\u00fclberg den vorzeitigen Klassenerhalt gesichert. Die Reserve von der Hiag ging in einer eher ausgeglichenen ersten H\u00e4lfte durch einen verwandelten Elfmeter von Manuel Hoffmann (35.) in F\u00fchrung. Bernd Gr\u00fcter wurde zuvor Regelwidrig [&hellip;]<\/p>\n","protected":false},"author":6,"featured_media":3174,"comment_status":"closed","ping_status":"closed","sticky":false,"template":"","format":"standard","meta":{"footnotes":""},"categories":[4,8,20],"tags":[],"class_list":["post-3172","post","type-post","status-publish","format-standard","has-post-thumbnail","hentry","category-2-mannschaft","category-news","category-app","small-justify-block","has-thumb"],"yoast_head":"<!-- This site is optimized with the Yoast SEO plugin v27.2 - https:\/\/yoast.com\/product\/yoast-seo-wordpress\/ -->\n<title>Reserve siegt im Derby in Niedereimer mit 3:1<\/title>\n<meta name=\"robots\" content=\"index, follow, max-snippet:-1, max-image-preview:large, max-video-preview:-1\" \/>\n<link rel=\"canonical\" href=\"http:\/\/www.tus-bruchhausen.de\/Fussball\/reserve-siegt-im-derby-in-niedereimer-mit-31\/\" \/>\n<meta property=\"og:locale\" content=\"de_DE\" \/>\n<meta property=\"og:type\" content=\"article\" \/>\n<meta property=\"og:title\" content=\"Reserve siegt im Derby in Niedereimer mit 3:1\" \/>\n<meta property=\"og:description\" content=\"Die Reservemannschaft des TuS Bruchhausen 02 hat das Derby gegen den TuS Niedereimer mit 3:1 gewonnen. Damit hat die Mannschaft von Trainer Thomas D\u00fclberg den vorzeitigen Klassenerhalt gesichert. Die Reserve von der Hiag ging in einer eher ausgeglichenen ersten H\u00e4lfte durch einen verwandelten Elfmeter von Manuel Hoffmann (35.) in F\u00fchrung. Bernd Gr\u00fcter wurde zuvor Regelwidrig [&hellip;]\" \/>\n<meta property=\"og:url\" content=\"http:\/\/www.tus-bruchhausen.de\/Fussball\/reserve-siegt-im-derby-in-niedereimer-mit-31\/\" \/>\n<meta property=\"og:site_name\" content=\"TuS Bruchhausen\" \/>\n<meta property=\"article:publisher\" content=\"https:\/\/www.facebook.com\/TuS02\/\" \/>\n<meta property=\"article:published_time\" content=\"2014-05-18T19:20:18+00:00\" \/>\n<meta property=\"article:modified_time\" content=\"2014-05-18T19:20:39+00:00\" \/>\n<meta property=\"og:image\" content=\"http:\/\/www.tus-bruchhausen.de\/Fussball\/wp-content\/uploads\/2014\/05\/IMG_2222.jpg\" \/>\n\t<meta property=\"og:image:width\" content=\"1440\" \/>\n\t<meta property=\"og:image:height\" content=\"924\" \/>\n\t<meta property=\"og:image:type\" content=\"image\/jpeg\" \/>\n<meta name=\"author\" content=\"Dominic Gabriel\" \/>\n<meta name=\"twitter:card\" content=\"summary_large_image\" \/>\n<meta name=\"twitter:label1\" content=\"Verfasst von\" \/>\n\t<meta name=\"twitter:data1\" content=\"Dominic Gabriel\" \/>\n\t<meta name=\"twitter:label2\" content=\"Gesch\u00e4tzte Lesezeit\" \/>\n\t<meta name=\"twitter:data2\" content=\"1\u00a0Minute\" \/>\n<script type=\"application\/ld+json\" class=\"yoast-schema-graph\">{\"@context\":\"https:\/\/schema.org\",\"@graph\":[{\"@type\":\"Article\",\"@id\":\"http:\/\/www.tus-bruchhausen.de\/Fussball\/reserve-siegt-im-derby-in-niedereimer-mit-31\/#article\",\"isPartOf\":{\"@id\":\"http:\/\/www.tus-bruchhausen.de\/Fussball\/reserve-siegt-im-derby-in-niedereimer-mit-31\/\"},\"author\":{\"name\":\"Dominic Gabriel\",\"@id\":\"https:\/\/www.tus-bruchhausen.de\/Fussball\/#\/schema\/person\/53a173c5abf387371fd35fcb395bc0af\"},\"headline\":\"Reserve siegt im Derby in Niedereimer mit 3:1\",\"datePublished\":\"2014-05-18T19:20:18+00:00\",\"dateModified\":\"2014-05-18T19:20:39+00:00\",\"mainEntityOfPage\":{\"@id\":\"http:\/\/www.tus-bruchhausen.de\/Fussball\/reserve-siegt-im-derby-in-niedereimer-mit-31\/\"},\"wordCount\":231,\"image\":{\"@id\":\"http:\/\/www.tus-bruchhausen.de\/Fussball\/reserve-siegt-im-derby-in-niedereimer-mit-31\/#primaryimage\"},\"thumbnailUrl\":\"http:\/\/www.tus-bruchhausen.de\/Fussball\/wp-content\/uploads\/2014\/05\/IMG_2222.jpg\",\"articleSection\":[\"2. Mannschaft\",\"News\",\"Z_APP\"],\"inLanguage\":\"de\"},{\"@type\":\"WebPage\",\"@id\":\"http:\/\/www.tus-bruchhausen.de\/Fussball\/reserve-siegt-im-derby-in-niedereimer-mit-31\/\",\"url\":\"http:\/\/www.tus-bruchhausen.de\/Fussball\/reserve-siegt-im-derby-in-niedereimer-mit-31\/\",\"name\":\"Reserve siegt im Derby in Niedereimer mit 3:1\",\"isPartOf\":{\"@id\":\"https:\/\/www.tus-bruchhausen.de\/Fussball\/#website\"},\"primaryImageOfPage\":{\"@id\":\"http:\/\/www.tus-bruchhausen.de\/Fussball\/reserve-siegt-im-derby-in-niedereimer-mit-31\/#primaryimage\"},\"image\":{\"@id\":\"http:\/\/www.tus-bruchhausen.de\/Fussball\/reserve-siegt-im-derby-in-niedereimer-mit-31\/#primaryimage\"},\"thumbnailUrl\":\"http:\/\/www.tus-bruchhausen.de\/Fussball\/wp-content\/uploads\/2014\/05\/IMG_2222.jpg\",\"datePublished\":\"2014-05-18T19:20:18+00:00\",\"dateModified\":\"2014-05-18T19:20:39+00:00\",\"author\":{\"@id\":\"https:\/\/www.tus-bruchhausen.de\/Fussball\/#\/schema\/person\/53a173c5abf387371fd35fcb395bc0af\"},\"breadcrumb\":{\"@id\":\"http:\/\/www.tus-bruchhausen.de\/Fussball\/reserve-siegt-im-derby-in-niedereimer-mit-31\/#breadcrumb\"},\"inLanguage\":\"de\",\"potentialAction\":[{\"@type\":\"ReadAction\",\"target\":[\"http:\/\/www.tus-bruchhausen.de\/Fussball\/reserve-siegt-im-derby-in-niedereimer-mit-31\/\"]}]},{\"@type\":\"ImageObject\",\"inLanguage\":\"de\",\"@id\":\"http:\/\/www.tus-bruchhausen.de\/Fussball\/reserve-siegt-im-derby-in-niedereimer-mit-31\/#primaryimage\",\"url\":\"http:\/\/www.tus-bruchhausen.de\/Fussball\/wp-content\/uploads\/2014\/05\/IMG_2222.jpg\",\"contentUrl\":\"http:\/\/www.tus-bruchhausen.de\/Fussball\/wp-content\/uploads\/2014\/05\/IMG_2222.jpg\",\"width\":1440,\"height\":924},{\"@type\":\"BreadcrumbList\",\"@id\":\"http:\/\/www.tus-bruchhausen.de\/Fussball\/reserve-siegt-im-derby-in-niedereimer-mit-31\/#breadcrumb\",\"itemListElement\":[{\"@type\":\"ListItem\",\"position\":1,\"name\":\"Startseite\",\"item\":\"https:\/\/www.tus-bruchhausen.de\/Fussball\/\"},{\"@type\":\"ListItem\",\"position\":2,\"name\":\"Reserve siegt im Derby in Niedereimer mit 3:1\"}]},{\"@type\":\"WebSite\",\"@id\":\"https:\/\/www.tus-bruchhausen.de\/Fussball\/#website\",\"url\":\"https:\/\/www.tus-bruchhausen.de\/Fussball\/\",\"name\":\"TuS Bruchhausen\",\"description\":\"Fu\u00dfball\",\"potentialAction\":[{\"@type\":\"SearchAction\",\"target\":{\"@type\":\"EntryPoint\",\"urlTemplate\":\"https:\/\/www.tus-bruchhausen.de\/Fussball\/?s={search_term_string}\"},\"query-input\":{\"@type\":\"PropertyValueSpecification\",\"valueRequired\":true,\"valueName\":\"search_term_string\"}}],\"inLanguage\":\"de\"},{\"@type\":\"Person\",\"@id\":\"https:\/\/www.tus-bruchhausen.de\/Fussball\/#\/schema\/person\/53a173c5abf387371fd35fcb395bc0af\",\"name\":\"Dominic Gabriel\",\"image\":{\"@type\":\"ImageObject\",\"inLanguage\":\"de\",\"@id\":\"https:\/\/secure.gravatar.com\/avatar\/750762ec91b9970d725a622f9a107d8412b787d34f1fd38dd08605665102440c?s=96&d=mm&r=g\",\"url\":\"https:\/\/secure.gravatar.com\/avatar\/750762ec91b9970d725a622f9a107d8412b787d34f1fd38dd08605665102440c?s=96&d=mm&r=g\",\"contentUrl\":\"https:\/\/secure.gravatar.com\/avatar\/750762ec91b9970d725a622f9a107d8412b787d34f1fd38dd08605665102440c?s=96&d=mm&r=g\",\"caption\":\"Dominic Gabriel\"}}]}<\/script>\n<!-- \/ Yoast SEO plugin. -->","yoast_head_json":{"title":"Reserve siegt im Derby in Niedereimer mit 3:1","robots":{"index":"index","follow":"follow","max-snippet":"max-snippet:-1","max-image-preview":"max-image-preview:large","max-video-preview":"max-video-preview:-1"},"canonical":"http:\/\/www.tus-bruchhausen.de\/Fussball\/reserve-siegt-im-derby-in-niedereimer-mit-31\/","og_locale":"de_DE","og_type":"article","og_title":"Reserve siegt im Derby in Niedereimer mit 3:1","og_description":"Die Reservemannschaft des TuS Bruchhausen 02 hat das Derby gegen den TuS Niedereimer mit 3:1 gewonnen. Damit hat die Mannschaft von Trainer Thomas D\u00fclberg den vorzeitigen Klassenerhalt gesichert. Die Reserve von der Hiag ging in einer eher ausgeglichenen ersten H\u00e4lfte durch einen verwandelten Elfmeter von Manuel Hoffmann (35.) in F\u00fchrung. Bernd Gr\u00fcter wurde zuvor Regelwidrig [&hellip;]","og_url":"http:\/\/www.tus-bruchhausen.de\/Fussball\/reserve-siegt-im-derby-in-niedereimer-mit-31\/","og_site_name":"TuS Bruchhausen","article_publisher":"https:\/\/www.facebook.com\/TuS02\/","article_published_time":"2014-05-18T19:20:18+00:00","article_modified_time":"2014-05-18T19:20:39+00:00","og_image":[{"width":1440,"height":924,"url":"http:\/\/www.tus-bruchhausen.de\/Fussball\/wp-content\/uploads\/2014\/05\/IMG_2222.jpg","type":"image\/jpeg"}],"author":"Dominic Gabriel","twitter_card":"summary_large_image","twitter_misc":{"Verfasst von":"Dominic Gabriel","Gesch\u00e4tzte Lesezeit":"1\u00a0Minute"},"schema":{"@context":"https:\/\/schema.org","@graph":[{"@type":"Article","@id":"http:\/\/www.tus-bruchhausen.de\/Fussball\/reserve-siegt-im-derby-in-niedereimer-mit-31\/#article","isPartOf":{"@id":"http:\/\/www.tus-bruchhausen.de\/Fussball\/reserve-siegt-im-derby-in-niedereimer-mit-31\/"},"author":{"name":"Dominic Gabriel","@id":"https:\/\/www.tus-bruchhausen.de\/Fussball\/#\/schema\/person\/53a173c5abf387371fd35fcb395bc0af"},"headline":"Reserve siegt im Derby in Niedereimer mit 3:1","datePublished":"2014-05-18T19:20:18+00:00","dateModified":"2014-05-18T19:20:39+00:00","mainEntityOfPage":{"@id":"http:\/\/www.tus-bruchhausen.de\/Fussball\/reserve-siegt-im-derby-in-niedereimer-mit-31\/"},"wordCount":231,"image":{"@id":"http:\/\/www.tus-bruchhausen.de\/Fussball\/reserve-siegt-im-derby-in-niedereimer-mit-31\/#primaryimage"},"thumbnailUrl":"http:\/\/www.tus-bruchhausen.de\/Fussball\/wp-content\/uploads\/2014\/05\/IMG_2222.jpg","articleSection":["2. Mannschaft","News","Z_APP"],"inLanguage":"de"},{"@type":"WebPage","@id":"http:\/\/www.tus-bruchhausen.de\/Fussball\/reserve-siegt-im-derby-in-niedereimer-mit-31\/","url":"http:\/\/www.tus-bruchhausen.de\/Fussball\/reserve-siegt-im-derby-in-niedereimer-mit-31\/","name":"Reserve siegt im Derby in Niedereimer mit 3:1","isPartOf":{"@id":"https:\/\/www.tus-bruchhausen.de\/Fussball\/#website"},"primaryImageOfPage":{"@id":"http:\/\/www.tus-bruchhausen.de\/Fussball\/reserve-siegt-im-derby-in-niedereimer-mit-31\/#primaryimage"},"image":{"@id":"http:\/\/www.tus-bruchhausen.de\/Fussball\/reserve-siegt-im-derby-in-niedereimer-mit-31\/#primaryimage"},"thumbnailUrl":"http:\/\/www.tus-bruchhausen.de\/Fussball\/wp-content\/uploads\/2014\/05\/IMG_2222.jpg","datePublished":"2014-05-18T19:20:18+00:00","dateModified":"2014-05-18T19:20:39+00:00","author":{"@id":"https:\/\/www.tus-bruchhausen.de\/Fussball\/#\/schema\/person\/53a173c5abf387371fd35fcb395bc0af"},"breadcrumb":{"@id":"http:\/\/www.tus-bruchhausen.de\/Fussball\/reserve-siegt-im-derby-in-niedereimer-mit-31\/#breadcrumb"},"inLanguage":"de","potentialAction":[{"@type":"ReadAction","target":["http:\/\/www.tus-bruchhausen.de\/Fussball\/reserve-siegt-im-derby-in-niedereimer-mit-31\/"]}]},{"@type":"ImageObject","inLanguage":"de","@id":"http:\/\/www.tus-bruchhausen.de\/Fussball\/reserve-siegt-im-derby-in-niedereimer-mit-31\/#primaryimage","url":"http:\/\/www.tus-bruchhausen.de\/Fussball\/wp-content\/uploads\/2014\/05\/IMG_2222.jpg","contentUrl":"http:\/\/www.tus-bruchhausen.de\/Fussball\/wp-content\/uploads\/2014\/05\/IMG_2222.jpg","width":1440,"height":924},{"@type":"BreadcrumbList","@id":"http:\/\/www.tus-bruchhausen.de\/Fussball\/reserve-siegt-im-derby-in-niedereimer-mit-31\/#breadcrumb","itemListElement":[{"@type":"ListItem","position":1,"name":"Startseite","item":"https:\/\/www.tus-bruchhausen.de\/Fussball\/"},{"@type":"ListItem","position":2,"name":"Reserve siegt im Derby in Niedereimer mit 3:1"}]},{"@type":"WebSite","@id":"https:\/\/www.tus-bruchhausen.de\/Fussball\/#website","url":"https:\/\/www.tus-bruchhausen.de\/Fussball\/","name":"TuS Bruchhausen","description":"Fu\u00dfball","potentialAction":[{"@type":"SearchAction","target":{"@type":"EntryPoint","urlTemplate":"https:\/\/www.tus-bruchhausen.de\/Fussball\/?s={search_term_string}"},"query-input":{"@type":"PropertyValueSpecification","valueRequired":true,"valueName":"search_term_string"}}],"inLanguage":"de"},{"@type":"Person","@id":"https:\/\/www.tus-bruchhausen.de\/Fussball\/#\/schema\/person\/53a173c5abf387371fd35fcb395bc0af","name":"Dominic Gabriel","image":{"@type":"ImageObject","inLanguage":"de","@id":"https:\/\/secure.gravatar.com\/avatar\/750762ec91b9970d725a622f9a107d8412b787d34f1fd38dd08605665102440c?s=96&d=mm&r=g","url":"https:\/\/secure.gravatar.com\/avatar\/750762ec91b9970d725a622f9a107d8412b787d34f1fd38dd08605665102440c?s=96&d=mm&r=g","contentUrl":"https:\/\/secure.gravatar.com\/avatar\/750762ec91b9970d725a622f9a107d8412b787d34f1fd38dd08605665102440c?s=96&d=mm&r=g","caption":"Dominic Gabriel"}}]}},"_links":{"self":[{"href":"http:\/\/www.tus-bruchhausen.de\/Fussball\/wp-json\/wp\/v2\/posts\/3172","targetHints":{"allow":["GET"]}}],"collection":[{"href":"http:\/\/www.tus-bruchhausen.de\/Fussball\/wp-json\/wp\/v2\/posts"}],"about":[{"href":"http:\/\/www.tus-bruchhausen.de\/Fussball\/wp-json\/wp\/v2\/types\/post"}],"author":[{"embeddable":true,"href":"http:\/\/www.tus-bruchhausen.de\/Fussball\/wp-json\/wp\/v2\/users\/6"}],"replies":[{"embeddable":true,"href":"http:\/\/www.tus-bruchhausen.de\/Fussball\/wp-json\/wp\/v2\/comments?post=3172"}],"version-history":[{"count":2,"href":"http:\/\/www.tus-bruchhausen.de\/Fussball\/wp-json\/wp\/v2\/posts\/3172\/revisions"}],"predecessor-version":[{"id":3175,"href":"http:\/\/www.tus-bruchhausen.de\/Fussball\/wp-json\/wp\/v2\/posts\/3172\/revisions\/3175"}],"wp:featuredmedia":[{"embeddable":true,"href":"http:\/\/www.tus-bruchhausen.de\/Fussball\/wp-json\/wp\/v2\/media\/3174"}],"wp:attachment":[{"href":"http:\/\/www.tus-bruchhausen.de\/Fussball\/wp-json\/wp\/v2\/media?parent=3172"}],"wp:term":[{"taxonomy":"category","embeddable":true,"href":"http:\/\/www.tus-bruchhausen.de\/Fussball\/wp-json\/wp\/v2\/categories?post=3172"},{"taxonomy":"post_tag","embeddable":true,"href":"http:\/\/www.tus-bruchhausen.de\/Fussball\/wp-json\/wp\/v2\/tags?post=3172"}],"curies":[{"name":"wp","href":"https:\/\/api.w.org\/{rel}","templated":true}]}}