{"id":3224,"date":"2014-05-22T15:47:56","date_gmt":"2014-05-22T13:47:56","guid":{"rendered":"http:\/\/tus-bruchhausen.de\/Fussball\/?p=3224"},"modified":"2014-05-22T20:53:56","modified_gmt":"2014-05-22T18:53:56","slug":"fabian-petermann-nach-9-jahren-wieder-an-der-hiag","status":"publish","type":"post","link":"http:\/\/www.tus-bruchhausen.de\/Fussball\/fabian-petermann-nach-9-jahren-wieder-an-der-hiag\/","title":{"rendered":"Fabian Petermann nach 9 Jahren wieder an der Hiag"},"content":{"rendered":"<p>Der TuS Bruchhausen freut sich den insgesamt neunten Neuzugang f\u00fcr die kommende Saison bekannt geben zu d\u00fcrfen.\u00a0Fabian Petermann wechselt aus der zweiten Mannschaft des SV Arnsberg 09 zum TuS Bruchhausen. Mit dem St\u00fcrmer hat nun am Mittwochabend der letzte Wunschspieler bei der Mannschaft von Hiag zugesagt.<\/p>\n<p><a href=\"http:\/\/tus-bruchhausen.de\/Fussball\/wp-content\/uploads\/2014\/05\/A-jugend_0304.jpg\" target=\"_blank\" rel=\"lightbox[3224]\"><img loading=\"lazy\" decoding=\"async\" class=\"alignright wp-image-3225\" src=\"http:\/\/tus-bruchhausen.de\/Fussball\/wp-content\/uploads\/2014\/05\/A-jugend_0304-357x376.jpg\" alt=\"A-jugend_0304\" width=\"250\" height=\"263\" srcset=\"http:\/\/www.tus-bruchhausen.de\/Fussball\/wp-content\/uploads\/2014\/05\/A-jugend_0304-357x376.jpg 357w, http:\/\/www.tus-bruchhausen.de\/Fussball\/wp-content\/uploads\/2014\/05\/A-jugend_0304-855x900.jpg 855w, http:\/\/www.tus-bruchhausen.de\/Fussball\/wp-content\/uploads\/2014\/05\/A-jugend_0304-900x946.jpg 900w, http:\/\/www.tus-bruchhausen.de\/Fussball\/wp-content\/uploads\/2014\/05\/A-jugend_0304.jpg 1027w\" sizes=\"auto, (max-width: 250px) 100vw, 250px\" \/><\/a>Fabian Petermann kehrt nach neun Jahren beim SV Arnsberg 09 zur\u00fcck zum TuS Bruchhausen. In der Saison 2003|04 holte der heute 28-j\u00e4hrige mit der A-Jugend des TuS Bruchhausen den Meistertitel. Dabei trug er sich mit 21 Toren in 18 Spielen als Toptorj\u00e4ger in die Torsch\u00fctzenliste ein. Mit Willi L\u00fcneburg, Sebastian Winkelmann, Sebastian Schacht, Stephen Hoffmann und Fabian Nagel trifft er in der kommenden Saison auf einige Mitspieler die damals als Jugendliche den Meistertitel feierten. Bereits w\u00e4hrend seiner Zeit kam auch schon in den Senioren f\u00fcr den TuS Bruchhausen in der Bezirksliga zum Einsatz.<\/p>\n<p>In der ersten regul\u00e4ren Senioren-Saison lief er unter Trainer G\u00fcnter Jochheim in der Kreisliga A auf. Im Sommer 2005 wechselte Fabian Petermann\u00a0dann zu seinem Heimverein SV Arnsberg 09 zur\u00fcck. Dort spielte er dann f\u00fcr die 09er drei Jahre lang wieder in der Bezirksliga und anschlie\u00dfend in der Kreisliga A. In der j\u00fcngeren Vergangenheit kam\u00a0Petermann in\u00a0zweiten\u00a0Mannschaft des SV Arnsberg 09 in der Kreisliga C zum Einsatz. In der Reserve erzielte er in dieser Saison bisher\u00a010\u00a0Tore, in der Vorsaison waren es 15 Tore. In weiten Teilen der R\u00fcckrunde half der 28-j\u00e4hrige der ersten Mannschaft im Abstiegskampf der A-Kreisliga.<\/p>\n<p>Im Sommer\u00a0kehrt er nun zum TuS Bruchhausen zur\u00fcck. Sein neuer Trainer Freddy Quebbemann freut sich \u00fcber den vierten R\u00fcckkehrer: &#8220;Fabian passt menschlich sehr gut zu unserem Vorhaben und wird den <span class=\"pullquote\">Konkurrenzkampf auf den offensiven Au\u00dfenbahnen extrem anfachen<\/span>.&#8221;<\/p>\n<p>Einen kleinen Einblick in\u00a0Gesamtplanung gibt Freddy Quebbemann:\u00a0&#8220;Wir verleihen dem TuS durch die Anzahl der Neuzug\u00e4nge nat\u00fcrlich ein neues Gesicht, obwohl mit Stephen Hoffmann,\u00a0Tim Ballauf,\u00a0Marvin\u00a0Weber, Fabian Petermann\u00a0und Torh\u00fcter Willi L\u00fcneburg ja im Prinzip schon f\u00fcnf\u00a0alte Tusler zur\u00fcck in den Kader kommen.\u00a0Damit sind es\u00a0gef\u00fchlt nur f\u00fcnf\u00a0Neue &#8211; die wir auch immer schon in den Vorjahren auf dem Zettel hatten, die aber auf Grund der Asche nicht so bereit\u00a0waren.&#8221;<\/p>\n<p>Dass diese Anzahl an Neuzug\u00e4ngen wichtig war veranschaulicht Quebbemann weiter: &#8220;Durch die Tatsache dass wir seit gut zwei\u00a0Jahren im Schnitt mit zehn\u00a0Leuten trainieren sind\u00a0wir gezwungen uns auch in der Breite besser aufzustellen um Wettbewerbs f\u00e4hig zu sein. Aber nicht nur in der Breite sondern auch <span class=\"pullquote pqRight\">in der Qualit\u00e4t wollten wir zulegen um auch das Steigerungspotenzial der Vorhandenen auszusch\u00f6pfen<\/span> um auch mal andere Ziele ins Visier zu nehmen.&#8221;<\/p>\n<p>&nbsp;<\/p>\n","protected":false},"excerpt":{"rendered":"<p>Der TuS Bruchhausen freut sich den insgesamt neunten Neuzugang f\u00fcr die kommende Saison bekannt geben zu d\u00fcrfen.\u00a0Fabian Petermann wechselt aus der zweiten Mannschaft des SV Arnsberg 09 zum TuS Bruchhausen. Mit dem St\u00fcrmer hat nun am Mittwochabend der letzte Wunschspieler bei der Mannschaft von Hiag zugesagt. Fabian Petermann kehrt nach neun Jahren beim SV Arnsberg [&hellip;]<\/p>\n","protected":false},"author":6,"featured_media":3242,"comment_status":"closed","ping_status":"closed","sticky":false,"template":"","format":"standard","meta":{"footnotes":""},"categories":[3,8,20],"tags":[],"class_list":["post-3224","post","type-post","status-publish","format-standard","has-post-thumbnail","hentry","category-1-mannschaft","category-news","category-app","small-justify-block","has-thumb"],"yoast_head":"<!-- This site is optimized with the Yoast SEO plugin v27.2 - https:\/\/yoast.com\/product\/yoast-seo-wordpress\/ -->\n<title>Fabian Petermann nach 9 Jahren wieder an der Hiag<\/title>\n<meta name=\"robots\" content=\"index, follow, max-snippet:-1, max-image-preview:large, max-video-preview:-1\" \/>\n<link rel=\"canonical\" href=\"http:\/\/www.tus-bruchhausen.de\/Fussball\/fabian-petermann-nach-9-jahren-wieder-an-der-hiag\/\" \/>\n<meta property=\"og:locale\" content=\"de_DE\" \/>\n<meta property=\"og:type\" content=\"article\" \/>\n<meta property=\"og:title\" content=\"Fabian Petermann nach 9 Jahren wieder an der Hiag\" \/>\n<meta property=\"og:description\" content=\"Der TuS Bruchhausen freut sich den insgesamt neunten Neuzugang f\u00fcr die kommende Saison bekannt geben zu d\u00fcrfen.\u00a0Fabian Petermann wechselt aus der zweiten Mannschaft des SV Arnsberg 09 zum TuS Bruchhausen. Mit dem St\u00fcrmer hat nun am Mittwochabend der letzte Wunschspieler bei der Mannschaft von Hiag zugesagt. Fabian Petermann kehrt nach neun Jahren beim SV Arnsberg [&hellip;]\" \/>\n<meta property=\"og:url\" content=\"http:\/\/www.tus-bruchhausen.de\/Fussball\/fabian-petermann-nach-9-jahren-wieder-an-der-hiag\/\" \/>\n<meta property=\"og:site_name\" content=\"TuS Bruchhausen\" \/>\n<meta property=\"article:publisher\" content=\"https:\/\/www.facebook.com\/TuS02\/\" \/>\n<meta property=\"article:published_time\" content=\"2014-05-22T13:47:56+00:00\" \/>\n<meta property=\"article:modified_time\" content=\"2014-05-22T18:53:56+00:00\" \/>\n<meta property=\"og:image\" content=\"http:\/\/www.tus-bruchhausen.de\/Fussball\/wp-content\/uploads\/2014\/05\/petermann_freddy1.jpg\" \/>\n\t<meta property=\"og:image:width\" content=\"1440\" \/>\n\t<meta property=\"og:image:height\" content=\"843\" \/>\n\t<meta property=\"og:image:type\" content=\"image\/jpeg\" \/>\n<meta name=\"author\" content=\"Dominic Gabriel\" \/>\n<meta name=\"twitter:card\" content=\"summary_large_image\" \/>\n<meta name=\"twitter:label1\" content=\"Verfasst von\" \/>\n\t<meta name=\"twitter:data1\" content=\"Dominic Gabriel\" \/>\n\t<meta name=\"twitter:label2\" content=\"Gesch\u00e4tzte Lesezeit\" \/>\n\t<meta name=\"twitter:data2\" content=\"2\u00a0Minuten\" \/>\n<script type=\"application\/ld+json\" class=\"yoast-schema-graph\">{\"@context\":\"https:\/\/schema.org\",\"@graph\":[{\"@type\":\"Article\",\"@id\":\"http:\/\/www.tus-bruchhausen.de\/Fussball\/fabian-petermann-nach-9-jahren-wieder-an-der-hiag\/#article\",\"isPartOf\":{\"@id\":\"http:\/\/www.tus-bruchhausen.de\/Fussball\/fabian-petermann-nach-9-jahren-wieder-an-der-hiag\/\"},\"author\":{\"name\":\"Dominic Gabriel\",\"@id\":\"http:\/\/www.tus-bruchhausen.de\/Fussball\/#\/schema\/person\/53a173c5abf387371fd35fcb395bc0af\"},\"headline\":\"Fabian Petermann nach 9 Jahren wieder an der Hiag\",\"datePublished\":\"2014-05-22T13:47:56+00:00\",\"dateModified\":\"2014-05-22T18:53:56+00:00\",\"mainEntityOfPage\":{\"@id\":\"http:\/\/www.tus-bruchhausen.de\/Fussball\/fabian-petermann-nach-9-jahren-wieder-an-der-hiag\/\"},\"wordCount\":459,\"image\":{\"@id\":\"http:\/\/www.tus-bruchhausen.de\/Fussball\/fabian-petermann-nach-9-jahren-wieder-an-der-hiag\/#primaryimage\"},\"thumbnailUrl\":\"http:\/\/www.tus-bruchhausen.de\/Fussball\/wp-content\/uploads\/2014\/05\/petermann_freddy1.jpg\",\"articleSection\":[\"1. Mannschaft\",\"News\",\"Z_APP\"],\"inLanguage\":\"de\"},{\"@type\":\"WebPage\",\"@id\":\"http:\/\/www.tus-bruchhausen.de\/Fussball\/fabian-petermann-nach-9-jahren-wieder-an-der-hiag\/\",\"url\":\"http:\/\/www.tus-bruchhausen.de\/Fussball\/fabian-petermann-nach-9-jahren-wieder-an-der-hiag\/\",\"name\":\"Fabian Petermann nach 9 Jahren wieder an der Hiag\",\"isPartOf\":{\"@id\":\"http:\/\/www.tus-bruchhausen.de\/Fussball\/#website\"},\"primaryImageOfPage\":{\"@id\":\"http:\/\/www.tus-bruchhausen.de\/Fussball\/fabian-petermann-nach-9-jahren-wieder-an-der-hiag\/#primaryimage\"},\"image\":{\"@id\":\"http:\/\/www.tus-bruchhausen.de\/Fussball\/fabian-petermann-nach-9-jahren-wieder-an-der-hiag\/#primaryimage\"},\"thumbnailUrl\":\"http:\/\/www.tus-bruchhausen.de\/Fussball\/wp-content\/uploads\/2014\/05\/petermann_freddy1.jpg\",\"datePublished\":\"2014-05-22T13:47:56+00:00\",\"dateModified\":\"2014-05-22T18:53:56+00:00\",\"author\":{\"@id\":\"http:\/\/www.tus-bruchhausen.de\/Fussball\/#\/schema\/person\/53a173c5abf387371fd35fcb395bc0af\"},\"breadcrumb\":{\"@id\":\"http:\/\/www.tus-bruchhausen.de\/Fussball\/fabian-petermann-nach-9-jahren-wieder-an-der-hiag\/#breadcrumb\"},\"inLanguage\":\"de\",\"potentialAction\":[{\"@type\":\"ReadAction\",\"target\":[\"http:\/\/www.tus-bruchhausen.de\/Fussball\/fabian-petermann-nach-9-jahren-wieder-an-der-hiag\/\"]}]},{\"@type\":\"ImageObject\",\"inLanguage\":\"de\",\"@id\":\"http:\/\/www.tus-bruchhausen.de\/Fussball\/fabian-petermann-nach-9-jahren-wieder-an-der-hiag\/#primaryimage\",\"url\":\"http:\/\/www.tus-bruchhausen.de\/Fussball\/wp-content\/uploads\/2014\/05\/petermann_freddy1.jpg\",\"contentUrl\":\"http:\/\/www.tus-bruchhausen.de\/Fussball\/wp-content\/uploads\/2014\/05\/petermann_freddy1.jpg\",\"width\":1440,\"height\":843},{\"@type\":\"BreadcrumbList\",\"@id\":\"http:\/\/www.tus-bruchhausen.de\/Fussball\/fabian-petermann-nach-9-jahren-wieder-an-der-hiag\/#breadcrumb\",\"itemListElement\":[{\"@type\":\"ListItem\",\"position\":1,\"name\":\"Startseite\",\"item\":\"https:\/\/www.tus-bruchhausen.de\/Fussball\/\"},{\"@type\":\"ListItem\",\"position\":2,\"name\":\"Fabian Petermann nach 9 Jahren wieder an der Hiag\"}]},{\"@type\":\"WebSite\",\"@id\":\"http:\/\/www.tus-bruchhausen.de\/Fussball\/#website\",\"url\":\"http:\/\/www.tus-bruchhausen.de\/Fussball\/\",\"name\":\"TuS Bruchhausen\",\"description\":\"Fu\u00dfball\",\"potentialAction\":[{\"@type\":\"SearchAction\",\"target\":{\"@type\":\"EntryPoint\",\"urlTemplate\":\"http:\/\/www.tus-bruchhausen.de\/Fussball\/?s={search_term_string}\"},\"query-input\":{\"@type\":\"PropertyValueSpecification\",\"valueRequired\":true,\"valueName\":\"search_term_string\"}}],\"inLanguage\":\"de\"},{\"@type\":\"Person\",\"@id\":\"http:\/\/www.tus-bruchhausen.de\/Fussball\/#\/schema\/person\/53a173c5abf387371fd35fcb395bc0af\",\"name\":\"Dominic Gabriel\",\"image\":{\"@type\":\"ImageObject\",\"inLanguage\":\"de\",\"@id\":\"https:\/\/secure.gravatar.com\/avatar\/750762ec91b9970d725a622f9a107d8412b787d34f1fd38dd08605665102440c?s=96&d=mm&r=g\",\"url\":\"https:\/\/secure.gravatar.com\/avatar\/750762ec91b9970d725a622f9a107d8412b787d34f1fd38dd08605665102440c?s=96&d=mm&r=g\",\"contentUrl\":\"https:\/\/secure.gravatar.com\/avatar\/750762ec91b9970d725a622f9a107d8412b787d34f1fd38dd08605665102440c?s=96&d=mm&r=g\",\"caption\":\"Dominic Gabriel\"}}]}<\/script>\n<!-- \/ Yoast SEO plugin. -->","yoast_head_json":{"title":"Fabian Petermann nach 9 Jahren wieder an der Hiag","robots":{"index":"index","follow":"follow","max-snippet":"max-snippet:-1","max-image-preview":"max-image-preview:large","max-video-preview":"max-video-preview:-1"},"canonical":"http:\/\/www.tus-bruchhausen.de\/Fussball\/fabian-petermann-nach-9-jahren-wieder-an-der-hiag\/","og_locale":"de_DE","og_type":"article","og_title":"Fabian Petermann nach 9 Jahren wieder an der Hiag","og_description":"Der TuS Bruchhausen freut sich den insgesamt neunten Neuzugang f\u00fcr die kommende Saison bekannt geben zu d\u00fcrfen.\u00a0Fabian Petermann wechselt aus der zweiten Mannschaft des SV Arnsberg 09 zum TuS Bruchhausen. Mit dem St\u00fcrmer hat nun am Mittwochabend der letzte Wunschspieler bei der Mannschaft von Hiag zugesagt. Fabian Petermann kehrt nach neun Jahren beim SV Arnsberg [&hellip;]","og_url":"http:\/\/www.tus-bruchhausen.de\/Fussball\/fabian-petermann-nach-9-jahren-wieder-an-der-hiag\/","og_site_name":"TuS Bruchhausen","article_publisher":"https:\/\/www.facebook.com\/TuS02\/","article_published_time":"2014-05-22T13:47:56+00:00","article_modified_time":"2014-05-22T18:53:56+00:00","og_image":[{"width":1440,"height":843,"url":"http:\/\/www.tus-bruchhausen.de\/Fussball\/wp-content\/uploads\/2014\/05\/petermann_freddy1.jpg","type":"image\/jpeg"}],"author":"Dominic Gabriel","twitter_card":"summary_large_image","twitter_misc":{"Verfasst von":"Dominic Gabriel","Gesch\u00e4tzte Lesezeit":"2\u00a0Minuten"},"schema":{"@context":"https:\/\/schema.org","@graph":[{"@type":"Article","@id":"http:\/\/www.tus-bruchhausen.de\/Fussball\/fabian-petermann-nach-9-jahren-wieder-an-der-hiag\/#article","isPartOf":{"@id":"http:\/\/www.tus-bruchhausen.de\/Fussball\/fabian-petermann-nach-9-jahren-wieder-an-der-hiag\/"},"author":{"name":"Dominic Gabriel","@id":"http:\/\/www.tus-bruchhausen.de\/Fussball\/#\/schema\/person\/53a173c5abf387371fd35fcb395bc0af"},"headline":"Fabian Petermann nach 9 Jahren wieder an der Hiag","datePublished":"2014-05-22T13:47:56+00:00","dateModified":"2014-05-22T18:53:56+00:00","mainEntityOfPage":{"@id":"http:\/\/www.tus-bruchhausen.de\/Fussball\/fabian-petermann-nach-9-jahren-wieder-an-der-hiag\/"},"wordCount":459,"image":{"@id":"http:\/\/www.tus-bruchhausen.de\/Fussball\/fabian-petermann-nach-9-jahren-wieder-an-der-hiag\/#primaryimage"},"thumbnailUrl":"http:\/\/www.tus-bruchhausen.de\/Fussball\/wp-content\/uploads\/2014\/05\/petermann_freddy1.jpg","articleSection":["1. Mannschaft","News","Z_APP"],"inLanguage":"de"},{"@type":"WebPage","@id":"http:\/\/www.tus-bruchhausen.de\/Fussball\/fabian-petermann-nach-9-jahren-wieder-an-der-hiag\/","url":"http:\/\/www.tus-bruchhausen.de\/Fussball\/fabian-petermann-nach-9-jahren-wieder-an-der-hiag\/","name":"Fabian Petermann nach 9 Jahren wieder an der Hiag","isPartOf":{"@id":"http:\/\/www.tus-bruchhausen.de\/Fussball\/#website"},"primaryImageOfPage":{"@id":"http:\/\/www.tus-bruchhausen.de\/Fussball\/fabian-petermann-nach-9-jahren-wieder-an-der-hiag\/#primaryimage"},"image":{"@id":"http:\/\/www.tus-bruchhausen.de\/Fussball\/fabian-petermann-nach-9-jahren-wieder-an-der-hiag\/#primaryimage"},"thumbnailUrl":"http:\/\/www.tus-bruchhausen.de\/Fussball\/wp-content\/uploads\/2014\/05\/petermann_freddy1.jpg","datePublished":"2014-05-22T13:47:56+00:00","dateModified":"2014-05-22T18:53:56+00:00","author":{"@id":"http:\/\/www.tus-bruchhausen.de\/Fussball\/#\/schema\/person\/53a173c5abf387371fd35fcb395bc0af"},"breadcrumb":{"@id":"http:\/\/www.tus-bruchhausen.de\/Fussball\/fabian-petermann-nach-9-jahren-wieder-an-der-hiag\/#breadcrumb"},"inLanguage":"de","potentialAction":[{"@type":"ReadAction","target":["http:\/\/www.tus-bruchhausen.de\/Fussball\/fabian-petermann-nach-9-jahren-wieder-an-der-hiag\/"]}]},{"@type":"ImageObject","inLanguage":"de","@id":"http:\/\/www.tus-bruchhausen.de\/Fussball\/fabian-petermann-nach-9-jahren-wieder-an-der-hiag\/#primaryimage","url":"http:\/\/www.tus-bruchhausen.de\/Fussball\/wp-content\/uploads\/2014\/05\/petermann_freddy1.jpg","contentUrl":"http:\/\/www.tus-bruchhausen.de\/Fussball\/wp-content\/uploads\/2014\/05\/petermann_freddy1.jpg","width":1440,"height":843},{"@type":"BreadcrumbList","@id":"http:\/\/www.tus-bruchhausen.de\/Fussball\/fabian-petermann-nach-9-jahren-wieder-an-der-hiag\/#breadcrumb","itemListElement":[{"@type":"ListItem","position":1,"name":"Startseite","item":"https:\/\/www.tus-bruchhausen.de\/Fussball\/"},{"@type":"ListItem","position":2,"name":"Fabian Petermann nach 9 Jahren wieder an der Hiag"}]},{"@type":"WebSite","@id":"http:\/\/www.tus-bruchhausen.de\/Fussball\/#website","url":"http:\/\/www.tus-bruchhausen.de\/Fussball\/","name":"TuS Bruchhausen","description":"Fu\u00dfball","potentialAction":[{"@type":"SearchAction","target":{"@type":"EntryPoint","urlTemplate":"http:\/\/www.tus-bruchhausen.de\/Fussball\/?s={search_term_string}"},"query-input":{"@type":"PropertyValueSpecification","valueRequired":true,"valueName":"search_term_string"}}],"inLanguage":"de"},{"@type":"Person","@id":"http:\/\/www.tus-bruchhausen.de\/Fussball\/#\/schema\/person\/53a173c5abf387371fd35fcb395bc0af","name":"Dominic Gabriel","image":{"@type":"ImageObject","inLanguage":"de","@id":"https:\/\/secure.gravatar.com\/avatar\/750762ec91b9970d725a622f9a107d8412b787d34f1fd38dd08605665102440c?s=96&d=mm&r=g","url":"https:\/\/secure.gravatar.com\/avatar\/750762ec91b9970d725a622f9a107d8412b787d34f1fd38dd08605665102440c?s=96&d=mm&r=g","contentUrl":"https:\/\/secure.gravatar.com\/avatar\/750762ec91b9970d725a622f9a107d8412b787d34f1fd38dd08605665102440c?s=96&d=mm&r=g","caption":"Dominic Gabriel"}}]}},"_links":{"self":[{"href":"http:\/\/www.tus-bruchhausen.de\/Fussball\/wp-json\/wp\/v2\/posts\/3224","targetHints":{"allow":["GET"]}}],"collection":[{"href":"http:\/\/www.tus-bruchhausen.de\/Fussball\/wp-json\/wp\/v2\/posts"}],"about":[{"href":"http:\/\/www.tus-bruchhausen.de\/Fussball\/wp-json\/wp\/v2\/types\/post"}],"author":[{"embeddable":true,"href":"http:\/\/www.tus-bruchhausen.de\/Fussball\/wp-json\/wp\/v2\/users\/6"}],"replies":[{"embeddable":true,"href":"http:\/\/www.tus-bruchhausen.de\/Fussball\/wp-json\/wp\/v2\/comments?post=3224"}],"version-history":[{"count":18,"href":"http:\/\/www.tus-bruchhausen.de\/Fussball\/wp-json\/wp\/v2\/posts\/3224\/revisions"}],"predecessor-version":[{"id":3249,"href":"http:\/\/www.tus-bruchhausen.de\/Fussball\/wp-json\/wp\/v2\/posts\/3224\/revisions\/3249"}],"wp:featuredmedia":[{"embeddable":true,"href":"http:\/\/www.tus-bruchhausen.de\/Fussball\/wp-json\/wp\/v2\/media\/3242"}],"wp:attachment":[{"href":"http:\/\/www.tus-bruchhausen.de\/Fussball\/wp-json\/wp\/v2\/media?parent=3224"}],"wp:term":[{"taxonomy":"category","embeddable":true,"href":"http:\/\/www.tus-bruchhausen.de\/Fussball\/wp-json\/wp\/v2\/categories?post=3224"},{"taxonomy":"post_tag","embeddable":true,"href":"http:\/\/www.tus-bruchhausen.de\/Fussball\/wp-json\/wp\/v2\/tags?post=3224"}],"curies":[{"name":"wp","href":"https:\/\/api.w.org\/{rel}","templated":true}]}}