{"id":4561,"date":"2014-10-17T08:55:09","date_gmt":"2014-10-17T06:55:09","guid":{"rendered":"http:\/\/tus-bruchhausen.de\/Fussball\/?p=4561"},"modified":"2014-10-19T18:47:25","modified_gmt":"2014-10-19T16:47:25","slug":"seit-12-jahren-ohne-heimsieg-gegen-tus-oeventrop","status":"publish","type":"post","link":"http:\/\/www.tus-bruchhausen.de\/Fussball\/seit-12-jahren-ohne-heimsieg-gegen-tus-oeventrop\/","title":{"rendered":"Seit 12 Jahren ohne Heimsieg gegen TuS Oeventrop"},"content":{"rendered":"<p>Am 10. Spieltag der Kreisliga A Arnsberg trifft der TuS Bruchhausen auf den TuS Oeventrop. Nach einem schlechtem Saisonstart haben die G\u00e4ste aus Oeventrop gefangen und feierten zuletzt drei Siege in Folge. Der TuS Oeventrop steht vor dem Spieltag mit elf Punkten auf dem zw\u00f6lften Rang.<\/p>\n<p>Bis zum 20. Spieltag Ende M\u00e4rz hat die Mannschaft von Trainer Freddy Quebbemann nun nur noch zwei Ausw\u00e4rtsspiele (in Allendorf \/ in Hachen) und zehn Heimspiele vor der Brust. Auf dem neuen Kunstrasenplatz an der Hiag sind nach wie vor alle Seniorenteams ungschlagen. Das erste von zehn Heimspielen steigt am kommenden Sonntag um 15.00 Uhr gegen den TuS Oeventrop.<\/p>\n<p>Seit 12 Jahren hat wartet der TuS Bruchhausen an der Hiag auf einen Heimsieg gegen den TuS Oeventrop. In der Saison 2002\/03 gewann die TuS 02 Mannschaft, damals noch unter Trainer G\u00fcnter Jochheim, mit 3:1.<br \/>\n\u00dcberhaupt sieht die Bilanz gegen den TuS Oeventrop nicht rosig aus. Nur f\u00fcnf Siege bei zeitgleichen drei Unentschieden und zw\u00f6lf Niederlagen gegen den TuS Oeventrop stehen zu Buche.<\/p>\n<p>Akutell ist der TuS Bruchhausen f\u00fcnf Spiele in Serie ungeschlagen, das beste Ausw\u00e4rtsteam der Liga und an der Hiag ebenfalls noch ungeschlagen. Die Zuschauer d\u00fcrfen also ein spannendes Duell am Sonntag erwarten.<\/p>\n<p>Vor dem Duell der beiden ersten Mannschaften treffen um 12.45 Uhr die beiden Reserve Teams im Sportpark an der Hiag aufeinander. Die TuS Dritte dagegen spielt ausw\u00e4rts um 12.45 Uhr beim SuS Beckum II um Punkte.<\/p>\n","protected":false},"excerpt":{"rendered":"<p>Am 10. Spieltag der Kreisliga A Arnsberg trifft der TuS Bruchhausen auf den TuS Oeventrop. Nach einem schlechtem Saisonstart haben die G\u00e4ste aus Oeventrop gefangen und feierten zuletzt drei Siege in Folge. Der TuS Oeventrop steht vor dem Spieltag mit elf Punkten auf dem zw\u00f6lften Rang. Bis zum 20. Spieltag Ende M\u00e4rz hat die Mannschaft [&hellip;]<\/p>\n","protected":false},"author":6,"featured_media":4609,"comment_status":"closed","ping_status":"closed","sticky":false,"template":"","format":"standard","meta":{"footnotes":""},"categories":[18],"tags":[],"class_list":["post-4561","post","type-post","status-publish","format-standard","has-post-thumbnail","hentry","category-spielankuendigung","small-justify-block","has-thumb"],"yoast_head":"<!-- This site is optimized with the Yoast SEO plugin v27.2 - https:\/\/yoast.com\/product\/yoast-seo-wordpress\/ -->\n<title>Seit 12 Jahren ohne Heimsieg gegen TuS Oeventrop<\/title>\n<meta name=\"robots\" content=\"index, follow, max-snippet:-1, max-image-preview:large, max-video-preview:-1\" \/>\n<link rel=\"canonical\" href=\"http:\/\/www.tus-bruchhausen.de\/Fussball\/seit-12-jahren-ohne-heimsieg-gegen-tus-oeventrop\/\" \/>\n<meta property=\"og:locale\" content=\"de_DE\" \/>\n<meta property=\"og:type\" content=\"article\" \/>\n<meta property=\"og:title\" content=\"Seit 12 Jahren ohne Heimsieg gegen TuS Oeventrop\" \/>\n<meta property=\"og:description\" content=\"Am 10. Spieltag der Kreisliga A Arnsberg trifft der TuS Bruchhausen auf den TuS Oeventrop. Nach einem schlechtem Saisonstart haben die G\u00e4ste aus Oeventrop gefangen und feierten zuletzt drei Siege in Folge. Der TuS Oeventrop steht vor dem Spieltag mit elf Punkten auf dem zw\u00f6lften Rang. Bis zum 20. Spieltag Ende M\u00e4rz hat die Mannschaft [&hellip;]\" \/>\n<meta property=\"og:url\" content=\"http:\/\/www.tus-bruchhausen.de\/Fussball\/seit-12-jahren-ohne-heimsieg-gegen-tus-oeventrop\/\" \/>\n<meta property=\"og:site_name\" content=\"TuS Bruchhausen\" \/>\n<meta property=\"article:publisher\" content=\"https:\/\/www.facebook.com\/TuS02\/\" \/>\n<meta property=\"article:published_time\" content=\"2014-10-17T06:55:09+00:00\" \/>\n<meta property=\"article:modified_time\" content=\"2014-10-19T16:47:25+00:00\" \/>\n<meta property=\"og:image\" content=\"http:\/\/www.tus-bruchhausen.de\/Fussball\/wp-content\/uploads\/2014\/10\/broeventrop_1415.png\" \/>\n\t<meta property=\"og:image:width\" content=\"1440\" \/>\n\t<meta property=\"og:image:height\" content=\"500\" \/>\n\t<meta property=\"og:image:type\" content=\"image\/png\" \/>\n<meta name=\"author\" content=\"Dominic Gabriel\" \/>\n<meta name=\"twitter:card\" content=\"summary_large_image\" \/>\n<meta name=\"twitter:label1\" content=\"Verfasst von\" \/>\n\t<meta name=\"twitter:data1\" content=\"Dominic Gabriel\" \/>\n\t<meta name=\"twitter:label2\" content=\"Gesch\u00e4tzte Lesezeit\" \/>\n\t<meta name=\"twitter:data2\" content=\"1\u00a0Minute\" \/>\n<script type=\"application\/ld+json\" class=\"yoast-schema-graph\">{\"@context\":\"https:\/\/schema.org\",\"@graph\":[{\"@type\":\"Article\",\"@id\":\"http:\/\/www.tus-bruchhausen.de\/Fussball\/seit-12-jahren-ohne-heimsieg-gegen-tus-oeventrop\/#article\",\"isPartOf\":{\"@id\":\"http:\/\/www.tus-bruchhausen.de\/Fussball\/seit-12-jahren-ohne-heimsieg-gegen-tus-oeventrop\/\"},\"author\":{\"name\":\"Dominic Gabriel\",\"@id\":\"http:\/\/www.tus-bruchhausen.de\/Fussball\/#\/schema\/person\/53a173c5abf387371fd35fcb395bc0af\"},\"headline\":\"Seit 12 Jahren ohne Heimsieg gegen TuS Oeventrop\",\"datePublished\":\"2014-10-17T06:55:09+00:00\",\"dateModified\":\"2014-10-19T16:47:25+00:00\",\"mainEntityOfPage\":{\"@id\":\"http:\/\/www.tus-bruchhausen.de\/Fussball\/seit-12-jahren-ohne-heimsieg-gegen-tus-oeventrop\/\"},\"wordCount\":244,\"image\":{\"@id\":\"http:\/\/www.tus-bruchhausen.de\/Fussball\/seit-12-jahren-ohne-heimsieg-gegen-tus-oeventrop\/#primaryimage\"},\"thumbnailUrl\":\"http:\/\/www.tus-bruchhausen.de\/Fussball\/wp-content\/uploads\/2014\/10\/broeventrop_1415.png\",\"articleSection\":[\"Spielank\u00fcndigung\"],\"inLanguage\":\"de\"},{\"@type\":\"WebPage\",\"@id\":\"http:\/\/www.tus-bruchhausen.de\/Fussball\/seit-12-jahren-ohne-heimsieg-gegen-tus-oeventrop\/\",\"url\":\"http:\/\/www.tus-bruchhausen.de\/Fussball\/seit-12-jahren-ohne-heimsieg-gegen-tus-oeventrop\/\",\"name\":\"Seit 12 Jahren ohne Heimsieg gegen TuS Oeventrop\",\"isPartOf\":{\"@id\":\"http:\/\/www.tus-bruchhausen.de\/Fussball\/#website\"},\"primaryImageOfPage\":{\"@id\":\"http:\/\/www.tus-bruchhausen.de\/Fussball\/seit-12-jahren-ohne-heimsieg-gegen-tus-oeventrop\/#primaryimage\"},\"image\":{\"@id\":\"http:\/\/www.tus-bruchhausen.de\/Fussball\/seit-12-jahren-ohne-heimsieg-gegen-tus-oeventrop\/#primaryimage\"},\"thumbnailUrl\":\"http:\/\/www.tus-bruchhausen.de\/Fussball\/wp-content\/uploads\/2014\/10\/broeventrop_1415.png\",\"datePublished\":\"2014-10-17T06:55:09+00:00\",\"dateModified\":\"2014-10-19T16:47:25+00:00\",\"author\":{\"@id\":\"http:\/\/www.tus-bruchhausen.de\/Fussball\/#\/schema\/person\/53a173c5abf387371fd35fcb395bc0af\"},\"breadcrumb\":{\"@id\":\"http:\/\/www.tus-bruchhausen.de\/Fussball\/seit-12-jahren-ohne-heimsieg-gegen-tus-oeventrop\/#breadcrumb\"},\"inLanguage\":\"de\",\"potentialAction\":[{\"@type\":\"ReadAction\",\"target\":[\"http:\/\/www.tus-bruchhausen.de\/Fussball\/seit-12-jahren-ohne-heimsieg-gegen-tus-oeventrop\/\"]}]},{\"@type\":\"ImageObject\",\"inLanguage\":\"de\",\"@id\":\"http:\/\/www.tus-bruchhausen.de\/Fussball\/seit-12-jahren-ohne-heimsieg-gegen-tus-oeventrop\/#primaryimage\",\"url\":\"http:\/\/www.tus-bruchhausen.de\/Fussball\/wp-content\/uploads\/2014\/10\/broeventrop_1415.png\",\"contentUrl\":\"http:\/\/www.tus-bruchhausen.de\/Fussball\/wp-content\/uploads\/2014\/10\/broeventrop_1415.png\",\"width\":1440,\"height\":500},{\"@type\":\"BreadcrumbList\",\"@id\":\"http:\/\/www.tus-bruchhausen.de\/Fussball\/seit-12-jahren-ohne-heimsieg-gegen-tus-oeventrop\/#breadcrumb\",\"itemListElement\":[{\"@type\":\"ListItem\",\"position\":1,\"name\":\"Startseite\",\"item\":\"http:\/\/www.tus-bruchhausen.de\/Fussball\/\"},{\"@type\":\"ListItem\",\"position\":2,\"name\":\"Seit 12 Jahren ohne Heimsieg gegen TuS Oeventrop\"}]},{\"@type\":\"WebSite\",\"@id\":\"http:\/\/www.tus-bruchhausen.de\/Fussball\/#website\",\"url\":\"http:\/\/www.tus-bruchhausen.de\/Fussball\/\",\"name\":\"TuS Bruchhausen\",\"description\":\"Fu\u00dfball\",\"potentialAction\":[{\"@type\":\"SearchAction\",\"target\":{\"@type\":\"EntryPoint\",\"urlTemplate\":\"http:\/\/www.tus-bruchhausen.de\/Fussball\/?s={search_term_string}\"},\"query-input\":{\"@type\":\"PropertyValueSpecification\",\"valueRequired\":true,\"valueName\":\"search_term_string\"}}],\"inLanguage\":\"de\"},{\"@type\":\"Person\",\"@id\":\"http:\/\/www.tus-bruchhausen.de\/Fussball\/#\/schema\/person\/53a173c5abf387371fd35fcb395bc0af\",\"name\":\"Dominic Gabriel\",\"image\":{\"@type\":\"ImageObject\",\"inLanguage\":\"de\",\"@id\":\"https:\/\/secure.gravatar.com\/avatar\/750762ec91b9970d725a622f9a107d8412b787d34f1fd38dd08605665102440c?s=96&d=mm&r=g\",\"url\":\"https:\/\/secure.gravatar.com\/avatar\/750762ec91b9970d725a622f9a107d8412b787d34f1fd38dd08605665102440c?s=96&d=mm&r=g\",\"contentUrl\":\"https:\/\/secure.gravatar.com\/avatar\/750762ec91b9970d725a622f9a107d8412b787d34f1fd38dd08605665102440c?s=96&d=mm&r=g\",\"caption\":\"Dominic Gabriel\"}}]}<\/script>\n<!-- \/ Yoast SEO plugin. -->","yoast_head_json":{"title":"Seit 12 Jahren ohne Heimsieg gegen TuS Oeventrop","robots":{"index":"index","follow":"follow","max-snippet":"max-snippet:-1","max-image-preview":"max-image-preview:large","max-video-preview":"max-video-preview:-1"},"canonical":"http:\/\/www.tus-bruchhausen.de\/Fussball\/seit-12-jahren-ohne-heimsieg-gegen-tus-oeventrop\/","og_locale":"de_DE","og_type":"article","og_title":"Seit 12 Jahren ohne Heimsieg gegen TuS Oeventrop","og_description":"Am 10. Spieltag der Kreisliga A Arnsberg trifft der TuS Bruchhausen auf den TuS Oeventrop. Nach einem schlechtem Saisonstart haben die G\u00e4ste aus Oeventrop gefangen und feierten zuletzt drei Siege in Folge. Der TuS Oeventrop steht vor dem Spieltag mit elf Punkten auf dem zw\u00f6lften Rang. Bis zum 20. Spieltag Ende M\u00e4rz hat die Mannschaft [&hellip;]","og_url":"http:\/\/www.tus-bruchhausen.de\/Fussball\/seit-12-jahren-ohne-heimsieg-gegen-tus-oeventrop\/","og_site_name":"TuS Bruchhausen","article_publisher":"https:\/\/www.facebook.com\/TuS02\/","article_published_time":"2014-10-17T06:55:09+00:00","article_modified_time":"2014-10-19T16:47:25+00:00","og_image":[{"width":1440,"height":500,"url":"http:\/\/www.tus-bruchhausen.de\/Fussball\/wp-content\/uploads\/2014\/10\/broeventrop_1415.png","type":"image\/png"}],"author":"Dominic Gabriel","twitter_card":"summary_large_image","twitter_misc":{"Verfasst von":"Dominic Gabriel","Gesch\u00e4tzte Lesezeit":"1\u00a0Minute"},"schema":{"@context":"https:\/\/schema.org","@graph":[{"@type":"Article","@id":"http:\/\/www.tus-bruchhausen.de\/Fussball\/seit-12-jahren-ohne-heimsieg-gegen-tus-oeventrop\/#article","isPartOf":{"@id":"http:\/\/www.tus-bruchhausen.de\/Fussball\/seit-12-jahren-ohne-heimsieg-gegen-tus-oeventrop\/"},"author":{"name":"Dominic Gabriel","@id":"http:\/\/www.tus-bruchhausen.de\/Fussball\/#\/schema\/person\/53a173c5abf387371fd35fcb395bc0af"},"headline":"Seit 12 Jahren ohne Heimsieg gegen TuS Oeventrop","datePublished":"2014-10-17T06:55:09+00:00","dateModified":"2014-10-19T16:47:25+00:00","mainEntityOfPage":{"@id":"http:\/\/www.tus-bruchhausen.de\/Fussball\/seit-12-jahren-ohne-heimsieg-gegen-tus-oeventrop\/"},"wordCount":244,"image":{"@id":"http:\/\/www.tus-bruchhausen.de\/Fussball\/seit-12-jahren-ohne-heimsieg-gegen-tus-oeventrop\/#primaryimage"},"thumbnailUrl":"http:\/\/www.tus-bruchhausen.de\/Fussball\/wp-content\/uploads\/2014\/10\/broeventrop_1415.png","articleSection":["Spielank\u00fcndigung"],"inLanguage":"de"},{"@type":"WebPage","@id":"http:\/\/www.tus-bruchhausen.de\/Fussball\/seit-12-jahren-ohne-heimsieg-gegen-tus-oeventrop\/","url":"http:\/\/www.tus-bruchhausen.de\/Fussball\/seit-12-jahren-ohne-heimsieg-gegen-tus-oeventrop\/","name":"Seit 12 Jahren ohne Heimsieg gegen TuS Oeventrop","isPartOf":{"@id":"http:\/\/www.tus-bruchhausen.de\/Fussball\/#website"},"primaryImageOfPage":{"@id":"http:\/\/www.tus-bruchhausen.de\/Fussball\/seit-12-jahren-ohne-heimsieg-gegen-tus-oeventrop\/#primaryimage"},"image":{"@id":"http:\/\/www.tus-bruchhausen.de\/Fussball\/seit-12-jahren-ohne-heimsieg-gegen-tus-oeventrop\/#primaryimage"},"thumbnailUrl":"http:\/\/www.tus-bruchhausen.de\/Fussball\/wp-content\/uploads\/2014\/10\/broeventrop_1415.png","datePublished":"2014-10-17T06:55:09+00:00","dateModified":"2014-10-19T16:47:25+00:00","author":{"@id":"http:\/\/www.tus-bruchhausen.de\/Fussball\/#\/schema\/person\/53a173c5abf387371fd35fcb395bc0af"},"breadcrumb":{"@id":"http:\/\/www.tus-bruchhausen.de\/Fussball\/seit-12-jahren-ohne-heimsieg-gegen-tus-oeventrop\/#breadcrumb"},"inLanguage":"de","potentialAction":[{"@type":"ReadAction","target":["http:\/\/www.tus-bruchhausen.de\/Fussball\/seit-12-jahren-ohne-heimsieg-gegen-tus-oeventrop\/"]}]},{"@type":"ImageObject","inLanguage":"de","@id":"http:\/\/www.tus-bruchhausen.de\/Fussball\/seit-12-jahren-ohne-heimsieg-gegen-tus-oeventrop\/#primaryimage","url":"http:\/\/www.tus-bruchhausen.de\/Fussball\/wp-content\/uploads\/2014\/10\/broeventrop_1415.png","contentUrl":"http:\/\/www.tus-bruchhausen.de\/Fussball\/wp-content\/uploads\/2014\/10\/broeventrop_1415.png","width":1440,"height":500},{"@type":"BreadcrumbList","@id":"http:\/\/www.tus-bruchhausen.de\/Fussball\/seit-12-jahren-ohne-heimsieg-gegen-tus-oeventrop\/#breadcrumb","itemListElement":[{"@type":"ListItem","position":1,"name":"Startseite","item":"http:\/\/www.tus-bruchhausen.de\/Fussball\/"},{"@type":"ListItem","position":2,"name":"Seit 12 Jahren ohne Heimsieg gegen TuS Oeventrop"}]},{"@type":"WebSite","@id":"http:\/\/www.tus-bruchhausen.de\/Fussball\/#website","url":"http:\/\/www.tus-bruchhausen.de\/Fussball\/","name":"TuS Bruchhausen","description":"Fu\u00dfball","potentialAction":[{"@type":"SearchAction","target":{"@type":"EntryPoint","urlTemplate":"http:\/\/www.tus-bruchhausen.de\/Fussball\/?s={search_term_string}"},"query-input":{"@type":"PropertyValueSpecification","valueRequired":true,"valueName":"search_term_string"}}],"inLanguage":"de"},{"@type":"Person","@id":"http:\/\/www.tus-bruchhausen.de\/Fussball\/#\/schema\/person\/53a173c5abf387371fd35fcb395bc0af","name":"Dominic Gabriel","image":{"@type":"ImageObject","inLanguage":"de","@id":"https:\/\/secure.gravatar.com\/avatar\/750762ec91b9970d725a622f9a107d8412b787d34f1fd38dd08605665102440c?s=96&d=mm&r=g","url":"https:\/\/secure.gravatar.com\/avatar\/750762ec91b9970d725a622f9a107d8412b787d34f1fd38dd08605665102440c?s=96&d=mm&r=g","contentUrl":"https:\/\/secure.gravatar.com\/avatar\/750762ec91b9970d725a622f9a107d8412b787d34f1fd38dd08605665102440c?s=96&d=mm&r=g","caption":"Dominic Gabriel"}}]}},"_links":{"self":[{"href":"http:\/\/www.tus-bruchhausen.de\/Fussball\/wp-json\/wp\/v2\/posts\/4561","targetHints":{"allow":["GET"]}}],"collection":[{"href":"http:\/\/www.tus-bruchhausen.de\/Fussball\/wp-json\/wp\/v2\/posts"}],"about":[{"href":"http:\/\/www.tus-bruchhausen.de\/Fussball\/wp-json\/wp\/v2\/types\/post"}],"author":[{"embeddable":true,"href":"http:\/\/www.tus-bruchhausen.de\/Fussball\/wp-json\/wp\/v2\/users\/6"}],"replies":[{"embeddable":true,"href":"http:\/\/www.tus-bruchhausen.de\/Fussball\/wp-json\/wp\/v2\/comments?post=4561"}],"version-history":[{"count":3,"href":"http:\/\/www.tus-bruchhausen.de\/Fussball\/wp-json\/wp\/v2\/posts\/4561\/revisions"}],"predecessor-version":[{"id":4608,"href":"http:\/\/www.tus-bruchhausen.de\/Fussball\/wp-json\/wp\/v2\/posts\/4561\/revisions\/4608"}],"wp:featuredmedia":[{"embeddable":true,"href":"http:\/\/www.tus-bruchhausen.de\/Fussball\/wp-json\/wp\/v2\/media\/4609"}],"wp:attachment":[{"href":"http:\/\/www.tus-bruchhausen.de\/Fussball\/wp-json\/wp\/v2\/media?parent=4561"}],"wp:term":[{"taxonomy":"category","embeddable":true,"href":"http:\/\/www.tus-bruchhausen.de\/Fussball\/wp-json\/wp\/v2\/categories?post=4561"},{"taxonomy":"post_tag","embeddable":true,"href":"http:\/\/www.tus-bruchhausen.de\/Fussball\/wp-json\/wp\/v2\/tags?post=4561"}],"curies":[{"name":"wp","href":"https:\/\/api.w.org\/{rel}","templated":true}]}}