{"id":5,"date":"2013-07-10T17:09:56","date_gmt":"2013-07-10T15:09:56","guid":{"rendered":"http:\/\/tus-bruchhausen.de\/Fussball\/Wordpress\/?p=5"},"modified":"2013-07-12T10:15:57","modified_gmt":"2013-07-12T08:15:57","slug":"tus-bruchhausen-bei-den-u40-westfalenmeisterschaften","status":"publish","type":"post","link":"http:\/\/www.tus-bruchhausen.de\/Fussball\/tus-bruchhausen-bei-den-u40-westfalenmeisterschaften\/","title":{"rendered":"TuS Bruchhausen\u00b4s \u00dc40 reist nach Kaiserau"},"content":{"rendered":"<p>Die <strong>Altherren-Fu\u00dfballer<\/strong> des TuS Bruchhausen haben sich erstmals in der mehr als 110-j\u00e4hrigen Vereinsgeschichte f\u00fcr die Westfalenmeisterschaft qualifiziert. Die \u00dc40-Titelk\u00e4mpfe werden am Sonntag, 14. Juli, ab 10 Uhr am Sport-Centrum Kamen-Kaiserau ausgespielt.<!--more--><\/p>\n<p>\u201eBei uns herrscht riesige Vorfreude auf das Verbandsturnier, es ist unsere erste Teilnahme\u201c, sagt Helmut Stodt, \u00dcbungsleiter der AH-Fu\u00dfballer von der Hiag. Sportlich sei, so Stodt, eine richtig schwere Aufgabe zu erwarten. \u201eWir wollen uns in der Vorrundengruppe gut verkaufen und unseren Spa\u00df am Turnier haben\u201c, f\u00fchrt Stodt weiter aus. Der TuS Bruchhausen reist mit Fan- und Mannschaftsbus nach Kaiserau.Die Vorrunde wird in zwei 9er- und zwei 8er-Gruppen gespielt. Insgesamt nehmen alle 33 Kreise des Fu\u00dfball- und Leichtathletik-Verbandes Westfalen und der Titelverteidiger am Turnier teil.Aus dem Kreis Brilon hat sich die SG Giershagen\/Erlinghausen\/Obermarsberg f\u00fcr die Westfalenmeisterschaft qualifiziert. Das Team aus Alkeis Brilon startet zusammen mit dem TuS Bruchhausen in der Vorrundengruppe B. Beide Teams haben eine schwere Gruppe erwischt. Sie treffen u.a. auf den zweifachen Titelverteidiger in Folge, den VfR Wellensiek aus dem Kreis Bielefeld. Der \u00dc40-Kreismeister FC Fleckenberg\/Grafschaft aus dem Altkreis Meschede tritt in der Gruppe A an.<\/p>\n<p>Bei der Westfalenmeisterschaft stehen f\u00fcnf Feldspieler und ein Torwart auf dem Kleinfeld. Die Spieldauer betr\u00e4gt zehn Minuten in der 8er-Grupppe und acht Minuten in der 9er-Gruppe. Die Erst- und Zweitplatzierten der vier Vorrundengruppen spielen die Endrunde im K.o.-System aus.<\/p>\n<p>Die beiden Erstplatzierten der Westfalenmeisterschaft qualifizieren sich f\u00fcr das WFLV-Endrunden-Turnier 2014. Interessant: Gr\u00e4tschen ist nicht erlaubt.<\/p>\n<p>Kader des TuS Bruchhausen: Frank Neuhaus, Peter S\u00f6lken. Ulrich Amen, Roman Dembinski, Frank Pribel, Ruwen Winterscheid, Georg Figgen, Bernd Lossjew, Henning Britten, Helmut Stodt, Robert Dickner, Christian H\u00fcbert.<\/p>\n<p>&nbsp;<\/p>\n","protected":false},"excerpt":{"rendered":"<p>Die Altherren-Fu\u00dfballer des TuS Bruchhausen haben sich erstmals in der mehr als 110-j\u00e4hrigen Vereinsgeschichte f\u00fcr die Westfalenmeisterschaft qualifiziert. Die \u00dc40-Titelk\u00e4mpfe werden am Sonntag, 14. Juli, ab 10 Uhr am Sport-Centrum Kamen-Kaiserau ausgespielt.<\/p>\n","protected":false},"author":6,"featured_media":243,"comment_status":"closed","ping_status":"open","sticky":false,"template":"","format":"standard","meta":{"footnotes":""},"categories":[2],"tags":[29],"class_list":["post-5","post","type-post","status-publish","format-standard","has-post-thumbnail","hentry","category-alte-herren","tag-alte-herren","small-justify-block","has-thumb"],"yoast_head":"<!-- This site is optimized with the Yoast SEO plugin v27.2 - https:\/\/yoast.com\/product\/yoast-seo-wordpress\/ -->\n<title>TuS Bruchhausen\u00b4s \u00dc40 reist nach Kaiserau<\/title>\n<meta name=\"robots\" content=\"index, follow, max-snippet:-1, max-image-preview:large, max-video-preview:-1\" \/>\n<link rel=\"canonical\" href=\"http:\/\/www.tus-bruchhausen.de\/Fussball\/tus-bruchhausen-bei-den-u40-westfalenmeisterschaften\/\" \/>\n<meta property=\"og:locale\" content=\"de_DE\" \/>\n<meta property=\"og:type\" content=\"article\" \/>\n<meta property=\"og:title\" content=\"TuS Bruchhausen\u00b4s \u00dc40 reist nach Kaiserau\" \/>\n<meta property=\"og:description\" content=\"Die Altherren-Fu\u00dfballer des TuS Bruchhausen haben sich erstmals in der mehr als 110-j\u00e4hrigen Vereinsgeschichte f\u00fcr die Westfalenmeisterschaft qualifiziert. Die \u00dc40-Titelk\u00e4mpfe werden am Sonntag, 14. Juli, ab 10 Uhr am Sport-Centrum Kamen-Kaiserau ausgespielt.\" \/>\n<meta property=\"og:url\" content=\"http:\/\/www.tus-bruchhausen.de\/Fussball\/tus-bruchhausen-bei-den-u40-westfalenmeisterschaften\/\" \/>\n<meta property=\"og:site_name\" content=\"TuS Bruchhausen\" \/>\n<meta property=\"article:publisher\" content=\"https:\/\/www.facebook.com\/TuS02\/\" \/>\n<meta property=\"article:published_time\" content=\"2013-07-10T15:09:56+00:00\" \/>\n<meta property=\"article:modified_time\" content=\"2013-07-12T08:15:57+00:00\" \/>\n<meta property=\"og:image\" content=\"http:\/\/www.tus-bruchhausen.de\/Fussball\/wp-content\/uploads\/2013\/07\/ue40-tus-bruchhausen.jpg\" \/>\n\t<meta property=\"og:image:width\" content=\"1035\" \/>\n\t<meta property=\"og:image:height\" content=\"679\" \/>\n\t<meta property=\"og:image:type\" content=\"image\/jpeg\" \/>\n<meta name=\"author\" content=\"Dominic Gabriel\" \/>\n<meta name=\"twitter:card\" content=\"summary_large_image\" \/>\n<meta name=\"twitter:label1\" content=\"Verfasst von\" \/>\n\t<meta name=\"twitter:data1\" content=\"Dominic Gabriel\" \/>\n\t<meta name=\"twitter:label2\" content=\"Gesch\u00e4tzte Lesezeit\" \/>\n\t<meta name=\"twitter:data2\" content=\"1\u00a0Minute\" \/>\n<script type=\"application\/ld+json\" class=\"yoast-schema-graph\">{\"@context\":\"https:\/\/schema.org\",\"@graph\":[{\"@type\":\"Article\",\"@id\":\"http:\/\/www.tus-bruchhausen.de\/Fussball\/tus-bruchhausen-bei-den-u40-westfalenmeisterschaften\/#article\",\"isPartOf\":{\"@id\":\"http:\/\/www.tus-bruchhausen.de\/Fussball\/tus-bruchhausen-bei-den-u40-westfalenmeisterschaften\/\"},\"author\":{\"name\":\"Dominic Gabriel\",\"@id\":\"https:\/\/www.tus-bruchhausen.de\/Fussball\/#\/schema\/person\/53a173c5abf387371fd35fcb395bc0af\"},\"headline\":\"TuS Bruchhausen\u00b4s \u00dc40 reist nach Kaiserau\",\"datePublished\":\"2013-07-10T15:09:56+00:00\",\"dateModified\":\"2013-07-12T08:15:57+00:00\",\"mainEntityOfPage\":{\"@id\":\"http:\/\/www.tus-bruchhausen.de\/Fussball\/tus-bruchhausen-bei-den-u40-westfalenmeisterschaften\/\"},\"wordCount\":289,\"image\":{\"@id\":\"http:\/\/www.tus-bruchhausen.de\/Fussball\/tus-bruchhausen-bei-den-u40-westfalenmeisterschaften\/#primaryimage\"},\"thumbnailUrl\":\"http:\/\/www.tus-bruchhausen.de\/Fussball\/wp-content\/uploads\/2013\/07\/ue40-tus-bruchhausen.jpg\",\"keywords\":[\"Alte Herren\"],\"articleSection\":[\"Alte Herren\"],\"inLanguage\":\"de\"},{\"@type\":\"WebPage\",\"@id\":\"http:\/\/www.tus-bruchhausen.de\/Fussball\/tus-bruchhausen-bei-den-u40-westfalenmeisterschaften\/\",\"url\":\"http:\/\/www.tus-bruchhausen.de\/Fussball\/tus-bruchhausen-bei-den-u40-westfalenmeisterschaften\/\",\"name\":\"TuS Bruchhausen\u00b4s \u00dc40 reist nach Kaiserau\",\"isPartOf\":{\"@id\":\"https:\/\/www.tus-bruchhausen.de\/Fussball\/#website\"},\"primaryImageOfPage\":{\"@id\":\"http:\/\/www.tus-bruchhausen.de\/Fussball\/tus-bruchhausen-bei-den-u40-westfalenmeisterschaften\/#primaryimage\"},\"image\":{\"@id\":\"http:\/\/www.tus-bruchhausen.de\/Fussball\/tus-bruchhausen-bei-den-u40-westfalenmeisterschaften\/#primaryimage\"},\"thumbnailUrl\":\"http:\/\/www.tus-bruchhausen.de\/Fussball\/wp-content\/uploads\/2013\/07\/ue40-tus-bruchhausen.jpg\",\"datePublished\":\"2013-07-10T15:09:56+00:00\",\"dateModified\":\"2013-07-12T08:15:57+00:00\",\"author\":{\"@id\":\"https:\/\/www.tus-bruchhausen.de\/Fussball\/#\/schema\/person\/53a173c5abf387371fd35fcb395bc0af\"},\"breadcrumb\":{\"@id\":\"http:\/\/www.tus-bruchhausen.de\/Fussball\/tus-bruchhausen-bei-den-u40-westfalenmeisterschaften\/#breadcrumb\"},\"inLanguage\":\"de\",\"potentialAction\":[{\"@type\":\"ReadAction\",\"target\":[\"http:\/\/www.tus-bruchhausen.de\/Fussball\/tus-bruchhausen-bei-den-u40-westfalenmeisterschaften\/\"]}]},{\"@type\":\"ImageObject\",\"inLanguage\":\"de\",\"@id\":\"http:\/\/www.tus-bruchhausen.de\/Fussball\/tus-bruchhausen-bei-den-u40-westfalenmeisterschaften\/#primaryimage\",\"url\":\"http:\/\/www.tus-bruchhausen.de\/Fussball\/wp-content\/uploads\/2013\/07\/ue40-tus-bruchhausen.jpg\",\"contentUrl\":\"http:\/\/www.tus-bruchhausen.de\/Fussball\/wp-content\/uploads\/2013\/07\/ue40-tus-bruchhausen.jpg\",\"width\":1035,\"height\":679},{\"@type\":\"BreadcrumbList\",\"@id\":\"http:\/\/www.tus-bruchhausen.de\/Fussball\/tus-bruchhausen-bei-den-u40-westfalenmeisterschaften\/#breadcrumb\",\"itemListElement\":[{\"@type\":\"ListItem\",\"position\":1,\"name\":\"Startseite\",\"item\":\"https:\/\/www.tus-bruchhausen.de\/Fussball\/\"},{\"@type\":\"ListItem\",\"position\":2,\"name\":\"TuS Bruchhausen\u00b4s \u00dc40 reist nach Kaiserau\"}]},{\"@type\":\"WebSite\",\"@id\":\"https:\/\/www.tus-bruchhausen.de\/Fussball\/#website\",\"url\":\"https:\/\/www.tus-bruchhausen.de\/Fussball\/\",\"name\":\"TuS Bruchhausen\",\"description\":\"Fu\u00dfball\",\"potentialAction\":[{\"@type\":\"SearchAction\",\"target\":{\"@type\":\"EntryPoint\",\"urlTemplate\":\"https:\/\/www.tus-bruchhausen.de\/Fussball\/?s={search_term_string}\"},\"query-input\":{\"@type\":\"PropertyValueSpecification\",\"valueRequired\":true,\"valueName\":\"search_term_string\"}}],\"inLanguage\":\"de\"},{\"@type\":\"Person\",\"@id\":\"https:\/\/www.tus-bruchhausen.de\/Fussball\/#\/schema\/person\/53a173c5abf387371fd35fcb395bc0af\",\"name\":\"Dominic Gabriel\",\"image\":{\"@type\":\"ImageObject\",\"inLanguage\":\"de\",\"@id\":\"https:\/\/secure.gravatar.com\/avatar\/750762ec91b9970d725a622f9a107d8412b787d34f1fd38dd08605665102440c?s=96&d=mm&r=g\",\"url\":\"https:\/\/secure.gravatar.com\/avatar\/750762ec91b9970d725a622f9a107d8412b787d34f1fd38dd08605665102440c?s=96&d=mm&r=g\",\"contentUrl\":\"https:\/\/secure.gravatar.com\/avatar\/750762ec91b9970d725a622f9a107d8412b787d34f1fd38dd08605665102440c?s=96&d=mm&r=g\",\"caption\":\"Dominic Gabriel\"}}]}<\/script>\n<!-- \/ Yoast SEO plugin. -->","yoast_head_json":{"title":"TuS Bruchhausen\u00b4s \u00dc40 reist nach Kaiserau","robots":{"index":"index","follow":"follow","max-snippet":"max-snippet:-1","max-image-preview":"max-image-preview:large","max-video-preview":"max-video-preview:-1"},"canonical":"http:\/\/www.tus-bruchhausen.de\/Fussball\/tus-bruchhausen-bei-den-u40-westfalenmeisterschaften\/","og_locale":"de_DE","og_type":"article","og_title":"TuS Bruchhausen\u00b4s \u00dc40 reist nach Kaiserau","og_description":"Die Altherren-Fu\u00dfballer des TuS Bruchhausen haben sich erstmals in der mehr als 110-j\u00e4hrigen Vereinsgeschichte f\u00fcr die Westfalenmeisterschaft qualifiziert. Die \u00dc40-Titelk\u00e4mpfe werden am Sonntag, 14. Juli, ab 10 Uhr am Sport-Centrum Kamen-Kaiserau ausgespielt.","og_url":"http:\/\/www.tus-bruchhausen.de\/Fussball\/tus-bruchhausen-bei-den-u40-westfalenmeisterschaften\/","og_site_name":"TuS Bruchhausen","article_publisher":"https:\/\/www.facebook.com\/TuS02\/","article_published_time":"2013-07-10T15:09:56+00:00","article_modified_time":"2013-07-12T08:15:57+00:00","og_image":[{"width":1035,"height":679,"url":"http:\/\/www.tus-bruchhausen.de\/Fussball\/wp-content\/uploads\/2013\/07\/ue40-tus-bruchhausen.jpg","type":"image\/jpeg"}],"author":"Dominic Gabriel","twitter_card":"summary_large_image","twitter_misc":{"Verfasst von":"Dominic Gabriel","Gesch\u00e4tzte Lesezeit":"1\u00a0Minute"},"schema":{"@context":"https:\/\/schema.org","@graph":[{"@type":"Article","@id":"http:\/\/www.tus-bruchhausen.de\/Fussball\/tus-bruchhausen-bei-den-u40-westfalenmeisterschaften\/#article","isPartOf":{"@id":"http:\/\/www.tus-bruchhausen.de\/Fussball\/tus-bruchhausen-bei-den-u40-westfalenmeisterschaften\/"},"author":{"name":"Dominic Gabriel","@id":"https:\/\/www.tus-bruchhausen.de\/Fussball\/#\/schema\/person\/53a173c5abf387371fd35fcb395bc0af"},"headline":"TuS Bruchhausen\u00b4s \u00dc40 reist nach Kaiserau","datePublished":"2013-07-10T15:09:56+00:00","dateModified":"2013-07-12T08:15:57+00:00","mainEntityOfPage":{"@id":"http:\/\/www.tus-bruchhausen.de\/Fussball\/tus-bruchhausen-bei-den-u40-westfalenmeisterschaften\/"},"wordCount":289,"image":{"@id":"http:\/\/www.tus-bruchhausen.de\/Fussball\/tus-bruchhausen-bei-den-u40-westfalenmeisterschaften\/#primaryimage"},"thumbnailUrl":"http:\/\/www.tus-bruchhausen.de\/Fussball\/wp-content\/uploads\/2013\/07\/ue40-tus-bruchhausen.jpg","keywords":["Alte Herren"],"articleSection":["Alte Herren"],"inLanguage":"de"},{"@type":"WebPage","@id":"http:\/\/www.tus-bruchhausen.de\/Fussball\/tus-bruchhausen-bei-den-u40-westfalenmeisterschaften\/","url":"http:\/\/www.tus-bruchhausen.de\/Fussball\/tus-bruchhausen-bei-den-u40-westfalenmeisterschaften\/","name":"TuS Bruchhausen\u00b4s \u00dc40 reist nach Kaiserau","isPartOf":{"@id":"https:\/\/www.tus-bruchhausen.de\/Fussball\/#website"},"primaryImageOfPage":{"@id":"http:\/\/www.tus-bruchhausen.de\/Fussball\/tus-bruchhausen-bei-den-u40-westfalenmeisterschaften\/#primaryimage"},"image":{"@id":"http:\/\/www.tus-bruchhausen.de\/Fussball\/tus-bruchhausen-bei-den-u40-westfalenmeisterschaften\/#primaryimage"},"thumbnailUrl":"http:\/\/www.tus-bruchhausen.de\/Fussball\/wp-content\/uploads\/2013\/07\/ue40-tus-bruchhausen.jpg","datePublished":"2013-07-10T15:09:56+00:00","dateModified":"2013-07-12T08:15:57+00:00","author":{"@id":"https:\/\/www.tus-bruchhausen.de\/Fussball\/#\/schema\/person\/53a173c5abf387371fd35fcb395bc0af"},"breadcrumb":{"@id":"http:\/\/www.tus-bruchhausen.de\/Fussball\/tus-bruchhausen-bei-den-u40-westfalenmeisterschaften\/#breadcrumb"},"inLanguage":"de","potentialAction":[{"@type":"ReadAction","target":["http:\/\/www.tus-bruchhausen.de\/Fussball\/tus-bruchhausen-bei-den-u40-westfalenmeisterschaften\/"]}]},{"@type":"ImageObject","inLanguage":"de","@id":"http:\/\/www.tus-bruchhausen.de\/Fussball\/tus-bruchhausen-bei-den-u40-westfalenmeisterschaften\/#primaryimage","url":"http:\/\/www.tus-bruchhausen.de\/Fussball\/wp-content\/uploads\/2013\/07\/ue40-tus-bruchhausen.jpg","contentUrl":"http:\/\/www.tus-bruchhausen.de\/Fussball\/wp-content\/uploads\/2013\/07\/ue40-tus-bruchhausen.jpg","width":1035,"height":679},{"@type":"BreadcrumbList","@id":"http:\/\/www.tus-bruchhausen.de\/Fussball\/tus-bruchhausen-bei-den-u40-westfalenmeisterschaften\/#breadcrumb","itemListElement":[{"@type":"ListItem","position":1,"name":"Startseite","item":"https:\/\/www.tus-bruchhausen.de\/Fussball\/"},{"@type":"ListItem","position":2,"name":"TuS Bruchhausen\u00b4s \u00dc40 reist nach Kaiserau"}]},{"@type":"WebSite","@id":"https:\/\/www.tus-bruchhausen.de\/Fussball\/#website","url":"https:\/\/www.tus-bruchhausen.de\/Fussball\/","name":"TuS Bruchhausen","description":"Fu\u00dfball","potentialAction":[{"@type":"SearchAction","target":{"@type":"EntryPoint","urlTemplate":"https:\/\/www.tus-bruchhausen.de\/Fussball\/?s={search_term_string}"},"query-input":{"@type":"PropertyValueSpecification","valueRequired":true,"valueName":"search_term_string"}}],"inLanguage":"de"},{"@type":"Person","@id":"https:\/\/www.tus-bruchhausen.de\/Fussball\/#\/schema\/person\/53a173c5abf387371fd35fcb395bc0af","name":"Dominic Gabriel","image":{"@type":"ImageObject","inLanguage":"de","@id":"https:\/\/secure.gravatar.com\/avatar\/750762ec91b9970d725a622f9a107d8412b787d34f1fd38dd08605665102440c?s=96&d=mm&r=g","url":"https:\/\/secure.gravatar.com\/avatar\/750762ec91b9970d725a622f9a107d8412b787d34f1fd38dd08605665102440c?s=96&d=mm&r=g","contentUrl":"https:\/\/secure.gravatar.com\/avatar\/750762ec91b9970d725a622f9a107d8412b787d34f1fd38dd08605665102440c?s=96&d=mm&r=g","caption":"Dominic Gabriel"}}]}},"_links":{"self":[{"href":"http:\/\/www.tus-bruchhausen.de\/Fussball\/wp-json\/wp\/v2\/posts\/5","targetHints":{"allow":["GET"]}}],"collection":[{"href":"http:\/\/www.tus-bruchhausen.de\/Fussball\/wp-json\/wp\/v2\/posts"}],"about":[{"href":"http:\/\/www.tus-bruchhausen.de\/Fussball\/wp-json\/wp\/v2\/types\/post"}],"author":[{"embeddable":true,"href":"http:\/\/www.tus-bruchhausen.de\/Fussball\/wp-json\/wp\/v2\/users\/6"}],"replies":[{"embeddable":true,"href":"http:\/\/www.tus-bruchhausen.de\/Fussball\/wp-json\/wp\/v2\/comments?post=5"}],"version-history":[{"count":26,"href":"http:\/\/www.tus-bruchhausen.de\/Fussball\/wp-json\/wp\/v2\/posts\/5\/revisions"}],"predecessor-version":[{"id":15,"href":"http:\/\/www.tus-bruchhausen.de\/Fussball\/wp-json\/wp\/v2\/posts\/5\/revisions\/15"}],"wp:featuredmedia":[{"embeddable":true,"href":"http:\/\/www.tus-bruchhausen.de\/Fussball\/wp-json\/wp\/v2\/media\/243"}],"wp:attachment":[{"href":"http:\/\/www.tus-bruchhausen.de\/Fussball\/wp-json\/wp\/v2\/media?parent=5"}],"wp:term":[{"taxonomy":"category","embeddable":true,"href":"http:\/\/www.tus-bruchhausen.de\/Fussball\/wp-json\/wp\/v2\/categories?post=5"},{"taxonomy":"post_tag","embeddable":true,"href":"http:\/\/www.tus-bruchhausen.de\/Fussball\/wp-json\/wp\/v2\/tags?post=5"}],"curies":[{"name":"wp","href":"https:\/\/api.w.org\/{rel}","templated":true}]}}