{"id":5154,"date":"2015-01-28T12:01:24","date_gmt":"2015-01-28T11:01:24","guid":{"rendered":"http:\/\/tus-bruchhausen.de\/Fussball\/?p=5154"},"modified":"2015-02-03T12:55:59","modified_gmt":"2015-02-03T11:55:59","slug":"dirk-mikolajczak-wechselt-vom-landesligisten-an-die-hiag","status":"publish","type":"post","link":"http:\/\/www.tus-bruchhausen.de\/Fussball\/dirk-mikolajczak-wechselt-vom-landesligisten-an-die-hiag\/","title":{"rendered":"Dirk Mikolajczak im Sommer aus H\u00fcsten an die Hiag"},"content":{"rendered":"<p>Der TuS Bruchhausen freut sich sehr seinen zweiten Neuzugang f\u00fcr die Saison 2015|16 bekannt geben zu k\u00f6nnen. Dirk Mikolajczak wechselt vom Landesligisten SV H\u00fcsten 09 zum TuS Bruchhausen. Damit steht an der Hiag der zweite Neuzugang nach Sascha Feldmann (TuS Bremen) fest.<\/p>\n<p>Der Hiag-Elf ist mit dem Wechsel von Dirk Mikolajczak eine echte \u00dcberraschung gelungen. Trainer Freddy Quebbemann wirft vor der Verk\u00fcndung den Blick ein Jahr zur\u00fcck: &#8220;In der Vergangenheit haben wir als Team den Grundstein daf\u00fcr gelegt. <span class=\"pullquote\">Der TuS Bruchhausen ist interessanter geworden<\/span>, fr\u00fcher waren wir keine Adresse zu der Stammspieler aus der Landesliga wechseln. Doch zu dem\u00a0guten Tabellenplatz kommt die neue Sportanlage, zudem haben sich alle Neuzug\u00e4nge aus dem Sommer perfekt integriert. Nun braucht es lediglich punktuell Verst\u00e4rkung.&#8221;<\/p>\n<figure id=\"attachment_5589\" aria-describedby=\"caption-attachment-5589\" style=\"width: 200px\" class=\"wp-caption alignright\"><a href=\"http:\/\/tus-bruchhausen.de\/Fussball\/wp-content\/uploads\/2014\/12\/1236662_600545833319971_856651774_n.jpg\" rel=\"lightbox[5154]\"><img loading=\"lazy\" decoding=\"async\" class=\"wp-image-5589 size-medium\" src=\"http:\/\/tus-bruchhausen.de\/Fussball\/wp-content\/uploads\/2014\/12\/1236662_600545833319971_856651774_n-200x108.jpg\" alt=\"1236662_600545833319971_856651774_n\" width=\"200\" height=\"108\" srcset=\"http:\/\/www.tus-bruchhausen.de\/Fussball\/wp-content\/uploads\/2014\/12\/1236662_600545833319971_856651774_n-200x108.jpg 200w, http:\/\/www.tus-bruchhausen.de\/Fussball\/wp-content\/uploads\/2014\/12\/1236662_600545833319971_856651774_n.jpg 362w\" sizes=\"auto, (max-width: 200px) 100vw, 200px\" \/><\/a><figcaption id=\"caption-attachment-5589\" class=\"wp-caption-text\">Dirk Mikolajczak wechselt nach 21 Jahren an eine neue Wirkungsst\u00e4tte<\/figcaption><\/figure>\n<p>Der TuS 02 bekommt mit Dirk Mikolajczak weitere hochkar\u00e4tige Landesligaerfahrung in den Kader. Der Mittelfeldspieler spielte drei Spielzeiten mit dem SV H\u00fcsten 09 in der Landesliga und erzielte dabei bislang f\u00fcnf Tore. Vor wenigen Tagen feierte er seinen Geburtstag und wurde 27 Jahre alt. Im Juli 2014 spielte Dirk Mikolajczak im Trikot der HSK-Auswahl gegen den Bundesligisten FC Schalke 04 im Stadion &#8220;Gro\u00dfe Wiese&#8221;. Zudem wurde der Linksfu\u00df mit den 09ern zweimal Meister in der Bezirksliga, dabei traf er insgesamt zehnmal ins Tornetz. Im Sommer 2015 verl\u00e4sst Dirk Mikolajczak nun nach insgesamt 21 aktiven Jahren den SV H\u00fcsten 09.<\/p>\n<p>Co-Trainer Stephen Hoffmann kennt den Sommer-Neuzugang bestens: <span class=\"pullquote\"><!-- mit Erfahrung und Technik eine absolute Bereicherung -->&#8220;Dirk ist mit seiner Erfahrung als Landesligaspieler und seiner Technik eine absolute Bereicherung f\u00fcr uns. Er wird uns helfen und sehr weit nach vorne bringen. Ich freue mich auf ihn.&#8221; Auch TuS-Trainer Freddy Quebbemann ist \u00fcber den Wechsel sehr erfreut: &#8220;Er ist genau der richtige Mann f\u00fcr uns. Wir gewinnen zwar einige Spiele, doch wenn wir etwas suchen zum Meckern dann sind es die viele Gegentore. Dirk wird uns mit seiner taktischen Einstellung extrem weiterhelfen.&#8221; <\/span><\/p>\n","protected":false},"excerpt":{"rendered":"<p>Der TuS Bruchhausen freut sich sehr seinen zweiten Neuzugang f\u00fcr die Saison 2015|16 bekannt geben zu k\u00f6nnen. Dirk Mikolajczak wechselt vom Landesligisten SV H\u00fcsten 09 zum TuS Bruchhausen. Damit steht an der Hiag der zweite Neuzugang nach Sascha Feldmann (TuS Bremen) fest. Der Hiag-Elf ist mit dem Wechsel von Dirk Mikolajczak eine echte \u00dcberraschung gelungen. [&hellip;]<\/p>\n","protected":false},"author":6,"featured_media":5602,"comment_status":"closed","ping_status":"closed","sticky":false,"template":"","format":"standard","meta":{"footnotes":""},"categories":[3,8,18,20],"tags":[],"class_list":["post-5154","post","type-post","status-publish","format-standard","has-post-thumbnail","hentry","category-1-mannschaft","category-news","category-spielankuendigung","category-app","small-justify-block","has-thumb"],"yoast_head":"<!-- This site is optimized with the Yoast SEO plugin v27.2 - https:\/\/yoast.com\/product\/yoast-seo-wordpress\/ -->\n<title>Dirk Mikolajczak im Sommer aus H\u00fcsten an die Hiag<\/title>\n<meta name=\"robots\" content=\"index, follow, max-snippet:-1, max-image-preview:large, max-video-preview:-1\" \/>\n<link rel=\"canonical\" href=\"http:\/\/www.tus-bruchhausen.de\/Fussball\/dirk-mikolajczak-wechselt-vom-landesligisten-an-die-hiag\/\" \/>\n<meta property=\"og:locale\" content=\"de_DE\" \/>\n<meta property=\"og:type\" content=\"article\" \/>\n<meta property=\"og:title\" content=\"Dirk Mikolajczak im Sommer aus H\u00fcsten an die Hiag\" \/>\n<meta property=\"og:description\" content=\"Der TuS Bruchhausen freut sich sehr seinen zweiten Neuzugang f\u00fcr die Saison 2015|16 bekannt geben zu k\u00f6nnen. Dirk Mikolajczak wechselt vom Landesligisten SV H\u00fcsten 09 zum TuS Bruchhausen. Damit steht an der Hiag der zweite Neuzugang nach Sascha Feldmann (TuS Bremen) fest. Der Hiag-Elf ist mit dem Wechsel von Dirk Mikolajczak eine echte \u00dcberraschung gelungen. [&hellip;]\" \/>\n<meta property=\"og:url\" content=\"http:\/\/www.tus-bruchhausen.de\/Fussball\/dirk-mikolajczak-wechselt-vom-landesligisten-an-die-hiag\/\" \/>\n<meta property=\"og:site_name\" content=\"TuS Bruchhausen\" \/>\n<meta property=\"article:publisher\" content=\"https:\/\/www.facebook.com\/TuS02\/\" \/>\n<meta property=\"article:published_time\" content=\"2015-01-28T11:01:24+00:00\" \/>\n<meta property=\"article:modified_time\" content=\"2015-02-03T11:55:59+00:00\" \/>\n<meta property=\"og:image\" content=\"http:\/\/www.tus-bruchhausen.de\/Fussball\/wp-content\/uploads\/2015\/01\/10548230_523756721086742_7415034313729067895_o.jpg\" \/>\n\t<meta property=\"og:image:width\" content=\"1440\" \/>\n\t<meta property=\"og:image:height\" content=\"1191\" \/>\n\t<meta property=\"og:image:type\" content=\"image\/jpeg\" \/>\n<meta name=\"author\" content=\"Dominic Gabriel\" \/>\n<meta name=\"twitter:card\" content=\"summary_large_image\" \/>\n<meta name=\"twitter:label1\" content=\"Verfasst von\" \/>\n\t<meta name=\"twitter:data1\" content=\"Dominic Gabriel\" \/>\n\t<meta name=\"twitter:label2\" content=\"Gesch\u00e4tzte Lesezeit\" \/>\n\t<meta name=\"twitter:data2\" content=\"2\u00a0Minuten\" \/>\n<script type=\"application\/ld+json\" class=\"yoast-schema-graph\">{\"@context\":\"https:\/\/schema.org\",\"@graph\":[{\"@type\":\"Article\",\"@id\":\"http:\/\/www.tus-bruchhausen.de\/Fussball\/dirk-mikolajczak-wechselt-vom-landesligisten-an-die-hiag\/#article\",\"isPartOf\":{\"@id\":\"http:\/\/www.tus-bruchhausen.de\/Fussball\/dirk-mikolajczak-wechselt-vom-landesligisten-an-die-hiag\/\"},\"author\":{\"name\":\"Dominic Gabriel\",\"@id\":\"http:\/\/www.tus-bruchhausen.de\/Fussball\/#\/schema\/person\/53a173c5abf387371fd35fcb395bc0af\"},\"headline\":\"Dirk Mikolajczak im Sommer aus H\u00fcsten an die Hiag\",\"datePublished\":\"2015-01-28T11:01:24+00:00\",\"dateModified\":\"2015-02-03T11:55:59+00:00\",\"mainEntityOfPage\":{\"@id\":\"http:\/\/www.tus-bruchhausen.de\/Fussball\/dirk-mikolajczak-wechselt-vom-landesligisten-an-die-hiag\/\"},\"wordCount\":336,\"image\":{\"@id\":\"http:\/\/www.tus-bruchhausen.de\/Fussball\/dirk-mikolajczak-wechselt-vom-landesligisten-an-die-hiag\/#primaryimage\"},\"thumbnailUrl\":\"http:\/\/www.tus-bruchhausen.de\/Fussball\/wp-content\/uploads\/2015\/01\/10548230_523756721086742_7415034313729067895_o.jpg\",\"articleSection\":[\"1. Mannschaft\",\"News\",\"Spielank\u00fcndigung\",\"Z_APP\"],\"inLanguage\":\"de\"},{\"@type\":\"WebPage\",\"@id\":\"http:\/\/www.tus-bruchhausen.de\/Fussball\/dirk-mikolajczak-wechselt-vom-landesligisten-an-die-hiag\/\",\"url\":\"http:\/\/www.tus-bruchhausen.de\/Fussball\/dirk-mikolajczak-wechselt-vom-landesligisten-an-die-hiag\/\",\"name\":\"Dirk Mikolajczak im Sommer aus H\u00fcsten an die Hiag\",\"isPartOf\":{\"@id\":\"http:\/\/www.tus-bruchhausen.de\/Fussball\/#website\"},\"primaryImageOfPage\":{\"@id\":\"http:\/\/www.tus-bruchhausen.de\/Fussball\/dirk-mikolajczak-wechselt-vom-landesligisten-an-die-hiag\/#primaryimage\"},\"image\":{\"@id\":\"http:\/\/www.tus-bruchhausen.de\/Fussball\/dirk-mikolajczak-wechselt-vom-landesligisten-an-die-hiag\/#primaryimage\"},\"thumbnailUrl\":\"http:\/\/www.tus-bruchhausen.de\/Fussball\/wp-content\/uploads\/2015\/01\/10548230_523756721086742_7415034313729067895_o.jpg\",\"datePublished\":\"2015-01-28T11:01:24+00:00\",\"dateModified\":\"2015-02-03T11:55:59+00:00\",\"author\":{\"@id\":\"http:\/\/www.tus-bruchhausen.de\/Fussball\/#\/schema\/person\/53a173c5abf387371fd35fcb395bc0af\"},\"breadcrumb\":{\"@id\":\"http:\/\/www.tus-bruchhausen.de\/Fussball\/dirk-mikolajczak-wechselt-vom-landesligisten-an-die-hiag\/#breadcrumb\"},\"inLanguage\":\"de\",\"potentialAction\":[{\"@type\":\"ReadAction\",\"target\":[\"http:\/\/www.tus-bruchhausen.de\/Fussball\/dirk-mikolajczak-wechselt-vom-landesligisten-an-die-hiag\/\"]}]},{\"@type\":\"ImageObject\",\"inLanguage\":\"de\",\"@id\":\"http:\/\/www.tus-bruchhausen.de\/Fussball\/dirk-mikolajczak-wechselt-vom-landesligisten-an-die-hiag\/#primaryimage\",\"url\":\"http:\/\/www.tus-bruchhausen.de\/Fussball\/wp-content\/uploads\/2015\/01\/10548230_523756721086742_7415034313729067895_o.jpg\",\"contentUrl\":\"http:\/\/www.tus-bruchhausen.de\/Fussball\/wp-content\/uploads\/2015\/01\/10548230_523756721086742_7415034313729067895_o.jpg\",\"width\":1440,\"height\":1191},{\"@type\":\"BreadcrumbList\",\"@id\":\"http:\/\/www.tus-bruchhausen.de\/Fussball\/dirk-mikolajczak-wechselt-vom-landesligisten-an-die-hiag\/#breadcrumb\",\"itemListElement\":[{\"@type\":\"ListItem\",\"position\":1,\"name\":\"Startseite\",\"item\":\"http:\/\/www.tus-bruchhausen.de\/Fussball\/\"},{\"@type\":\"ListItem\",\"position\":2,\"name\":\"Dirk Mikolajczak im Sommer aus H\u00fcsten an die Hiag\"}]},{\"@type\":\"WebSite\",\"@id\":\"http:\/\/www.tus-bruchhausen.de\/Fussball\/#website\",\"url\":\"http:\/\/www.tus-bruchhausen.de\/Fussball\/\",\"name\":\"TuS Bruchhausen\",\"description\":\"Fu\u00dfball\",\"potentialAction\":[{\"@type\":\"SearchAction\",\"target\":{\"@type\":\"EntryPoint\",\"urlTemplate\":\"http:\/\/www.tus-bruchhausen.de\/Fussball\/?s={search_term_string}\"},\"query-input\":{\"@type\":\"PropertyValueSpecification\",\"valueRequired\":true,\"valueName\":\"search_term_string\"}}],\"inLanguage\":\"de\"},{\"@type\":\"Person\",\"@id\":\"http:\/\/www.tus-bruchhausen.de\/Fussball\/#\/schema\/person\/53a173c5abf387371fd35fcb395bc0af\",\"name\":\"Dominic Gabriel\",\"image\":{\"@type\":\"ImageObject\",\"inLanguage\":\"de\",\"@id\":\"https:\/\/secure.gravatar.com\/avatar\/750762ec91b9970d725a622f9a107d8412b787d34f1fd38dd08605665102440c?s=96&d=mm&r=g\",\"url\":\"https:\/\/secure.gravatar.com\/avatar\/750762ec91b9970d725a622f9a107d8412b787d34f1fd38dd08605665102440c?s=96&d=mm&r=g\",\"contentUrl\":\"https:\/\/secure.gravatar.com\/avatar\/750762ec91b9970d725a622f9a107d8412b787d34f1fd38dd08605665102440c?s=96&d=mm&r=g\",\"caption\":\"Dominic Gabriel\"}}]}<\/script>\n<!-- \/ Yoast SEO plugin. -->","yoast_head_json":{"title":"Dirk Mikolajczak im Sommer aus H\u00fcsten an die Hiag","robots":{"index":"index","follow":"follow","max-snippet":"max-snippet:-1","max-image-preview":"max-image-preview:large","max-video-preview":"max-video-preview:-1"},"canonical":"http:\/\/www.tus-bruchhausen.de\/Fussball\/dirk-mikolajczak-wechselt-vom-landesligisten-an-die-hiag\/","og_locale":"de_DE","og_type":"article","og_title":"Dirk Mikolajczak im Sommer aus H\u00fcsten an die Hiag","og_description":"Der TuS Bruchhausen freut sich sehr seinen zweiten Neuzugang f\u00fcr die Saison 2015|16 bekannt geben zu k\u00f6nnen. Dirk Mikolajczak wechselt vom Landesligisten SV H\u00fcsten 09 zum TuS Bruchhausen. Damit steht an der Hiag der zweite Neuzugang nach Sascha Feldmann (TuS Bremen) fest. Der Hiag-Elf ist mit dem Wechsel von Dirk Mikolajczak eine echte \u00dcberraschung gelungen. [&hellip;]","og_url":"http:\/\/www.tus-bruchhausen.de\/Fussball\/dirk-mikolajczak-wechselt-vom-landesligisten-an-die-hiag\/","og_site_name":"TuS Bruchhausen","article_publisher":"https:\/\/www.facebook.com\/TuS02\/","article_published_time":"2015-01-28T11:01:24+00:00","article_modified_time":"2015-02-03T11:55:59+00:00","og_image":[{"width":1440,"height":1191,"url":"http:\/\/www.tus-bruchhausen.de\/Fussball\/wp-content\/uploads\/2015\/01\/10548230_523756721086742_7415034313729067895_o.jpg","type":"image\/jpeg"}],"author":"Dominic Gabriel","twitter_card":"summary_large_image","twitter_misc":{"Verfasst von":"Dominic Gabriel","Gesch\u00e4tzte Lesezeit":"2\u00a0Minuten"},"schema":{"@context":"https:\/\/schema.org","@graph":[{"@type":"Article","@id":"http:\/\/www.tus-bruchhausen.de\/Fussball\/dirk-mikolajczak-wechselt-vom-landesligisten-an-die-hiag\/#article","isPartOf":{"@id":"http:\/\/www.tus-bruchhausen.de\/Fussball\/dirk-mikolajczak-wechselt-vom-landesligisten-an-die-hiag\/"},"author":{"name":"Dominic Gabriel","@id":"http:\/\/www.tus-bruchhausen.de\/Fussball\/#\/schema\/person\/53a173c5abf387371fd35fcb395bc0af"},"headline":"Dirk Mikolajczak im Sommer aus H\u00fcsten an die Hiag","datePublished":"2015-01-28T11:01:24+00:00","dateModified":"2015-02-03T11:55:59+00:00","mainEntityOfPage":{"@id":"http:\/\/www.tus-bruchhausen.de\/Fussball\/dirk-mikolajczak-wechselt-vom-landesligisten-an-die-hiag\/"},"wordCount":336,"image":{"@id":"http:\/\/www.tus-bruchhausen.de\/Fussball\/dirk-mikolajczak-wechselt-vom-landesligisten-an-die-hiag\/#primaryimage"},"thumbnailUrl":"http:\/\/www.tus-bruchhausen.de\/Fussball\/wp-content\/uploads\/2015\/01\/10548230_523756721086742_7415034313729067895_o.jpg","articleSection":["1. Mannschaft","News","Spielank\u00fcndigung","Z_APP"],"inLanguage":"de"},{"@type":"WebPage","@id":"http:\/\/www.tus-bruchhausen.de\/Fussball\/dirk-mikolajczak-wechselt-vom-landesligisten-an-die-hiag\/","url":"http:\/\/www.tus-bruchhausen.de\/Fussball\/dirk-mikolajczak-wechselt-vom-landesligisten-an-die-hiag\/","name":"Dirk Mikolajczak im Sommer aus H\u00fcsten an die Hiag","isPartOf":{"@id":"http:\/\/www.tus-bruchhausen.de\/Fussball\/#website"},"primaryImageOfPage":{"@id":"http:\/\/www.tus-bruchhausen.de\/Fussball\/dirk-mikolajczak-wechselt-vom-landesligisten-an-die-hiag\/#primaryimage"},"image":{"@id":"http:\/\/www.tus-bruchhausen.de\/Fussball\/dirk-mikolajczak-wechselt-vom-landesligisten-an-die-hiag\/#primaryimage"},"thumbnailUrl":"http:\/\/www.tus-bruchhausen.de\/Fussball\/wp-content\/uploads\/2015\/01\/10548230_523756721086742_7415034313729067895_o.jpg","datePublished":"2015-01-28T11:01:24+00:00","dateModified":"2015-02-03T11:55:59+00:00","author":{"@id":"http:\/\/www.tus-bruchhausen.de\/Fussball\/#\/schema\/person\/53a173c5abf387371fd35fcb395bc0af"},"breadcrumb":{"@id":"http:\/\/www.tus-bruchhausen.de\/Fussball\/dirk-mikolajczak-wechselt-vom-landesligisten-an-die-hiag\/#breadcrumb"},"inLanguage":"de","potentialAction":[{"@type":"ReadAction","target":["http:\/\/www.tus-bruchhausen.de\/Fussball\/dirk-mikolajczak-wechselt-vom-landesligisten-an-die-hiag\/"]}]},{"@type":"ImageObject","inLanguage":"de","@id":"http:\/\/www.tus-bruchhausen.de\/Fussball\/dirk-mikolajczak-wechselt-vom-landesligisten-an-die-hiag\/#primaryimage","url":"http:\/\/www.tus-bruchhausen.de\/Fussball\/wp-content\/uploads\/2015\/01\/10548230_523756721086742_7415034313729067895_o.jpg","contentUrl":"http:\/\/www.tus-bruchhausen.de\/Fussball\/wp-content\/uploads\/2015\/01\/10548230_523756721086742_7415034313729067895_o.jpg","width":1440,"height":1191},{"@type":"BreadcrumbList","@id":"http:\/\/www.tus-bruchhausen.de\/Fussball\/dirk-mikolajczak-wechselt-vom-landesligisten-an-die-hiag\/#breadcrumb","itemListElement":[{"@type":"ListItem","position":1,"name":"Startseite","item":"http:\/\/www.tus-bruchhausen.de\/Fussball\/"},{"@type":"ListItem","position":2,"name":"Dirk Mikolajczak im Sommer aus H\u00fcsten an die Hiag"}]},{"@type":"WebSite","@id":"http:\/\/www.tus-bruchhausen.de\/Fussball\/#website","url":"http:\/\/www.tus-bruchhausen.de\/Fussball\/","name":"TuS Bruchhausen","description":"Fu\u00dfball","potentialAction":[{"@type":"SearchAction","target":{"@type":"EntryPoint","urlTemplate":"http:\/\/www.tus-bruchhausen.de\/Fussball\/?s={search_term_string}"},"query-input":{"@type":"PropertyValueSpecification","valueRequired":true,"valueName":"search_term_string"}}],"inLanguage":"de"},{"@type":"Person","@id":"http:\/\/www.tus-bruchhausen.de\/Fussball\/#\/schema\/person\/53a173c5abf387371fd35fcb395bc0af","name":"Dominic Gabriel","image":{"@type":"ImageObject","inLanguage":"de","@id":"https:\/\/secure.gravatar.com\/avatar\/750762ec91b9970d725a622f9a107d8412b787d34f1fd38dd08605665102440c?s=96&d=mm&r=g","url":"https:\/\/secure.gravatar.com\/avatar\/750762ec91b9970d725a622f9a107d8412b787d34f1fd38dd08605665102440c?s=96&d=mm&r=g","contentUrl":"https:\/\/secure.gravatar.com\/avatar\/750762ec91b9970d725a622f9a107d8412b787d34f1fd38dd08605665102440c?s=96&d=mm&r=g","caption":"Dominic Gabriel"}}]}},"_links":{"self":[{"href":"http:\/\/www.tus-bruchhausen.de\/Fussball\/wp-json\/wp\/v2\/posts\/5154","targetHints":{"allow":["GET"]}}],"collection":[{"href":"http:\/\/www.tus-bruchhausen.de\/Fussball\/wp-json\/wp\/v2\/posts"}],"about":[{"href":"http:\/\/www.tus-bruchhausen.de\/Fussball\/wp-json\/wp\/v2\/types\/post"}],"author":[{"embeddable":true,"href":"http:\/\/www.tus-bruchhausen.de\/Fussball\/wp-json\/wp\/v2\/users\/6"}],"replies":[{"embeddable":true,"href":"http:\/\/www.tus-bruchhausen.de\/Fussball\/wp-json\/wp\/v2\/comments?post=5154"}],"version-history":[{"count":32,"href":"http:\/\/www.tus-bruchhausen.de\/Fussball\/wp-json\/wp\/v2\/posts\/5154\/revisions"}],"predecessor-version":[{"id":5618,"href":"http:\/\/www.tus-bruchhausen.de\/Fussball\/wp-json\/wp\/v2\/posts\/5154\/revisions\/5618"}],"wp:featuredmedia":[{"embeddable":true,"href":"http:\/\/www.tus-bruchhausen.de\/Fussball\/wp-json\/wp\/v2\/media\/5602"}],"wp:attachment":[{"href":"http:\/\/www.tus-bruchhausen.de\/Fussball\/wp-json\/wp\/v2\/media?parent=5154"}],"wp:term":[{"taxonomy":"category","embeddable":true,"href":"http:\/\/www.tus-bruchhausen.de\/Fussball\/wp-json\/wp\/v2\/categories?post=5154"},{"taxonomy":"post_tag","embeddable":true,"href":"http:\/\/www.tus-bruchhausen.de\/Fussball\/wp-json\/wp\/v2\/tags?post=5154"}],"curies":[{"name":"wp","href":"https:\/\/api.w.org\/{rel}","templated":true}]}}