{"id":5232,"date":"2015-01-02T05:40:19","date_gmt":"2015-01-02T04:40:19","guid":{"rendered":"http:\/\/tus-bruchhausen.de\/Fussball\/?p=5232"},"modified":"2015-01-03T22:16:16","modified_gmt":"2015-01-03T21:16:16","slug":"bruchhausen-startet-samstag-13-uhr-in-koerbecke","status":"publish","type":"post","link":"http:\/\/www.tus-bruchhausen.de\/Fussball\/bruchhausen-startet-samstag-13-uhr-in-koerbecke\/","title":{"rendered":"Bruchhausen startet Samstag, 13 Uhr in K\u00f6rbecke"},"content":{"rendered":"<p>Am Samstag, den 03. Januar 2015 startet\u00a0die Vorrunde des 26. RWE WinterCup 2015. Der TuS Bruchhausen geht in der Vorrundengruppe 8 in K\u00f6rbecke an den Start.\u00a0In der Gruppe des TuS 02 wartet neben Bezirksligist Westf. Soest der Tabellenvierte der A-Kreisliga Lippstadt SuS Cappel\u00a0und der Tabellenletzte der Kreisliga A Soest SpVg M\u00f6hnesee. Hinzu kommen zwei B- und drei C-Ligisten.<\/p>\n<p>Das erste Spiel bestreitet die Mannschaft von der Hiag um 13.33 Uhr gegen C-Ligist\u00a0Fatih Spor Paderborn. Anschlie\u00dfend kommt es zum Derby mit\u00a0T\u00fcrkiyemspor Neheim-H\u00fcsten um 14.17 Uhr. Insgesamt acht Spiele bestreitet der TuS 02 an diesem Tag. Im letzten Gruppenspiel trifft man um\u00a019.25 Uhr auf Bezirksligist und Favorit\u00a0SV Westfalia Soest.<\/p>\n<p>Der RWE WinterCup orientiert sich im Jahr 2015 wieder am Spielmodus aus dem Vorjahr. In insgesamt zehn Vorrundenhallen wird gespielt. Die 180 Vereine aus 16 Fu\u00dfballkreisen sind aufgeteilt in zwanzig Vorrundengruppen, die im Modus \u201cJeder-gegen-Jeden\u201d ausgetragen werden. Achtzig Mannschaften (jeweils die Pl\u00e4tze eins bis vier) qualifizieren sich dann f\u00fcr einen der f\u00fcnf RegionalCup\u2019s.<\/p>\n<p>Die vier erstplatzierten jeder Gruppe erreichen die zweite Runde am\u00a0Sonntag, 18. Januar. \u00a0Der Austragungsort f\u00fcr den TuS Bruchhausen w\u00e4re beim Regionalcup Soester B\u00f6rde in Wickede.<\/p>\n<p><iframe loading=\"lazy\" style=\"border: 0; float: right;\" src=\"https:\/\/www.google.com\/maps\/embed?pb=!1m18!1m12!1m3!1d979.6673687707427!2d8.129916606549362!3d51.499854291688614!2m3!1f0!2f0!3f0!3m2!1i1024!2i768!4f13.1!3m3!1m2!1s0x47bbd8a4d135158d%3A0x5275baf459338b37!2sHospitalstra%C3%9Fe+12%2C+59519+M%C3%B6hnesee!5e1!3m2!1sde!2sde!4v1420172885046\" width=\"350\" height=\"450\" frameborder=\"0\"><\/iframe>Ballspielhalle K\u00f6rbecke &#8211; Parkm\u00f6glichkeit auf dem Parkplatz vom Kaufpark, Berlingser Weg 5, 59519 M\u00f6hnesee-K\u00f6rbecke.\u00a0In der Hospitalstra\u00dfe gibt es wegen der Schulgeb\u00e4ude keine Parkm\u00f6glichkeit.<\/p>\n<p><strong>Kader:<\/strong> L\u00fcneburg, Norek, Ballauf, Walter, Oberreuther, Petermann, R\u00f6ttger, Schwoch, Hakenesch, P\u00e9rez Gomes\u00a0und\u00a0Knaup.<\/p>\n<p><strong>Die Gruppe 8:<\/strong><br \/>\nSV Westfalia Soest (Bez-Liga 10. Platz)<br \/>\nTuS Bruchhausen<br \/>\nSuS Cappel (A-Liga 4. Platz)<br \/>\nSpVg M\u00f6hnesee \u00a0(A-Liga 16. Platz)<br \/>\nFatih Spor Paderborn \u00a0(C-Liga \u00a07. Platz)<br \/>\nSpVgg Dolberg (C-Liga 15. Platz)<br \/>\nT\u00fcrkiyemspor Neheim-H\u00fcsten (B-Liga 7. Platz)<br \/>\nTuS Jahn Soest (C-Liga 9. Platz)<br \/>\nSC Tornado Westig 08 (B-Liga 3. Platz)<\/p>\n<p><a href=\"http:\/\/tus-bruchhausen.de\/Fussball\/wp-content\/uploads\/2015\/01\/vorrunde-8_bru.pdf\">-&gt; Spielplan Vorrundenguppe 8<br \/>\n<\/a><a style=\"line-height: 1.5;\" href=\"http:\/\/www.rwe-wintercup.de\/2015\/gruppen15.pdf\">-&gt; Gruppeneinteilung RWE WinterCup 2015<br \/>\n<\/a><a href=\"http:\/\/rwe-wintercup.de\/2015\/Preisgelder.htm\">-&gt; Preisgelder<\/a><\/p>\n","protected":false},"excerpt":{"rendered":"<p>Am Samstag, den 03. Januar 2015 startet\u00a0die Vorrunde des 26. RWE WinterCup 2015. Der TuS Bruchhausen geht in der Vorrundengruppe 8 in K\u00f6rbecke an den Start.\u00a0In der Gruppe des TuS 02 wartet neben Bezirksligist Westf. Soest der Tabellenvierte der A-Kreisliga Lippstadt SuS Cappel\u00a0und der Tabellenletzte der Kreisliga A Soest SpVg M\u00f6hnesee. Hinzu kommen zwei B- [&hellip;]<\/p>\n","protected":false},"author":6,"featured_media":5247,"comment_status":"closed","ping_status":"closed","sticky":false,"template":"","format":"standard","meta":{"footnotes":""},"categories":[18],"tags":[],"class_list":["post-5232","post","type-post","status-publish","format-standard","has-post-thumbnail","hentry","category-spielankuendigung","small-justify-block","has-thumb"],"yoast_head":"<!-- This site is optimized with the Yoast SEO plugin v27.2 - https:\/\/yoast.com\/product\/yoast-seo-wordpress\/ -->\n<title>Bruchhausen startet Samstag, 13 Uhr in K\u00f6rbecke<\/title>\n<meta name=\"robots\" content=\"index, follow, max-snippet:-1, max-image-preview:large, max-video-preview:-1\" \/>\n<link rel=\"canonical\" href=\"https:\/\/www.tus-bruchhausen.de\/Fussball\/bruchhausen-startet-samstag-13-uhr-in-koerbecke\/\" \/>\n<meta property=\"og:locale\" content=\"de_DE\" \/>\n<meta property=\"og:type\" content=\"article\" \/>\n<meta property=\"og:title\" content=\"Bruchhausen startet Samstag, 13 Uhr in K\u00f6rbecke\" \/>\n<meta property=\"og:description\" content=\"Am Samstag, den 03. Januar 2015 startet\u00a0die Vorrunde des 26. RWE WinterCup 2015. Der TuS Bruchhausen geht in der Vorrundengruppe 8 in K\u00f6rbecke an den Start.\u00a0In der Gruppe des TuS 02 wartet neben Bezirksligist Westf. Soest der Tabellenvierte der A-Kreisliga Lippstadt SuS Cappel\u00a0und der Tabellenletzte der Kreisliga A Soest SpVg M\u00f6hnesee. Hinzu kommen zwei B- [&hellip;]\" \/>\n<meta property=\"og:url\" content=\"https:\/\/www.tus-bruchhausen.de\/Fussball\/bruchhausen-startet-samstag-13-uhr-in-koerbecke\/\" \/>\n<meta property=\"og:site_name\" content=\"TuS Bruchhausen\" \/>\n<meta property=\"article:publisher\" content=\"https:\/\/www.facebook.com\/TuS02\/\" \/>\n<meta property=\"article:published_time\" content=\"2015-01-02T04:40:19+00:00\" \/>\n<meta property=\"article:modified_time\" content=\"2015-01-03T21:16:16+00:00\" \/>\n<meta property=\"og:image\" content=\"https:\/\/www.tus-bruchhausen.de\/Fussball\/wp-content\/uploads\/2015\/01\/10.jpg\" \/>\n\t<meta property=\"og:image:width\" content=\"1440\" \/>\n\t<meta property=\"og:image:height\" content=\"1079\" \/>\n\t<meta property=\"og:image:type\" content=\"image\/jpeg\" \/>\n<meta name=\"author\" content=\"Dominic Gabriel\" \/>\n<meta name=\"twitter:card\" content=\"summary_large_image\" \/>\n<meta name=\"twitter:label1\" content=\"Verfasst von\" \/>\n\t<meta name=\"twitter:data1\" content=\"Dominic Gabriel\" \/>\n\t<meta name=\"twitter:label2\" content=\"Gesch\u00e4tzte Lesezeit\" \/>\n\t<meta name=\"twitter:data2\" content=\"1\u00a0Minute\" \/>\n<script type=\"application\/ld+json\" class=\"yoast-schema-graph\">{\"@context\":\"https:\/\/schema.org\",\"@graph\":[{\"@type\":\"Article\",\"@id\":\"https:\/\/www.tus-bruchhausen.de\/Fussball\/bruchhausen-startet-samstag-13-uhr-in-koerbecke\/#article\",\"isPartOf\":{\"@id\":\"https:\/\/www.tus-bruchhausen.de\/Fussball\/bruchhausen-startet-samstag-13-uhr-in-koerbecke\/\"},\"author\":{\"name\":\"Dominic Gabriel\",\"@id\":\"http:\/\/www.tus-bruchhausen.de\/Fussball\/#\/schema\/person\/53a173c5abf387371fd35fcb395bc0af\"},\"headline\":\"Bruchhausen startet Samstag, 13 Uhr in K\u00f6rbecke\",\"datePublished\":\"2015-01-02T04:40:19+00:00\",\"dateModified\":\"2015-01-03T21:16:16+00:00\",\"mainEntityOfPage\":{\"@id\":\"https:\/\/www.tus-bruchhausen.de\/Fussball\/bruchhausen-startet-samstag-13-uhr-in-koerbecke\/\"},\"wordCount\":300,\"image\":{\"@id\":\"https:\/\/www.tus-bruchhausen.de\/Fussball\/bruchhausen-startet-samstag-13-uhr-in-koerbecke\/#primaryimage\"},\"thumbnailUrl\":\"http:\/\/www.tus-bruchhausen.de\/Fussball\/wp-content\/uploads\/2015\/01\/10.jpg\",\"articleSection\":[\"Spielank\u00fcndigung\"],\"inLanguage\":\"de\"},{\"@type\":\"WebPage\",\"@id\":\"https:\/\/www.tus-bruchhausen.de\/Fussball\/bruchhausen-startet-samstag-13-uhr-in-koerbecke\/\",\"url\":\"https:\/\/www.tus-bruchhausen.de\/Fussball\/bruchhausen-startet-samstag-13-uhr-in-koerbecke\/\",\"name\":\"Bruchhausen startet Samstag, 13 Uhr in K\u00f6rbecke\",\"isPartOf\":{\"@id\":\"http:\/\/www.tus-bruchhausen.de\/Fussball\/#website\"},\"primaryImageOfPage\":{\"@id\":\"https:\/\/www.tus-bruchhausen.de\/Fussball\/bruchhausen-startet-samstag-13-uhr-in-koerbecke\/#primaryimage\"},\"image\":{\"@id\":\"https:\/\/www.tus-bruchhausen.de\/Fussball\/bruchhausen-startet-samstag-13-uhr-in-koerbecke\/#primaryimage\"},\"thumbnailUrl\":\"http:\/\/www.tus-bruchhausen.de\/Fussball\/wp-content\/uploads\/2015\/01\/10.jpg\",\"datePublished\":\"2015-01-02T04:40:19+00:00\",\"dateModified\":\"2015-01-03T21:16:16+00:00\",\"author\":{\"@id\":\"http:\/\/www.tus-bruchhausen.de\/Fussball\/#\/schema\/person\/53a173c5abf387371fd35fcb395bc0af\"},\"breadcrumb\":{\"@id\":\"https:\/\/www.tus-bruchhausen.de\/Fussball\/bruchhausen-startet-samstag-13-uhr-in-koerbecke\/#breadcrumb\"},\"inLanguage\":\"de\",\"potentialAction\":[{\"@type\":\"ReadAction\",\"target\":[\"https:\/\/www.tus-bruchhausen.de\/Fussball\/bruchhausen-startet-samstag-13-uhr-in-koerbecke\/\"]}]},{\"@type\":\"ImageObject\",\"inLanguage\":\"de\",\"@id\":\"https:\/\/www.tus-bruchhausen.de\/Fussball\/bruchhausen-startet-samstag-13-uhr-in-koerbecke\/#primaryimage\",\"url\":\"http:\/\/www.tus-bruchhausen.de\/Fussball\/wp-content\/uploads\/2015\/01\/10.jpg\",\"contentUrl\":\"http:\/\/www.tus-bruchhausen.de\/Fussball\/wp-content\/uploads\/2015\/01\/10.jpg\",\"width\":1440,\"height\":1079},{\"@type\":\"BreadcrumbList\",\"@id\":\"https:\/\/www.tus-bruchhausen.de\/Fussball\/bruchhausen-startet-samstag-13-uhr-in-koerbecke\/#breadcrumb\",\"itemListElement\":[{\"@type\":\"ListItem\",\"position\":1,\"name\":\"Startseite\",\"item\":\"http:\/\/www.tus-bruchhausen.de\/Fussball\/\"},{\"@type\":\"ListItem\",\"position\":2,\"name\":\"Bruchhausen startet Samstag, 13 Uhr in K\u00f6rbecke\"}]},{\"@type\":\"WebSite\",\"@id\":\"http:\/\/www.tus-bruchhausen.de\/Fussball\/#website\",\"url\":\"http:\/\/www.tus-bruchhausen.de\/Fussball\/\",\"name\":\"TuS Bruchhausen\",\"description\":\"Fu\u00dfball\",\"potentialAction\":[{\"@type\":\"SearchAction\",\"target\":{\"@type\":\"EntryPoint\",\"urlTemplate\":\"http:\/\/www.tus-bruchhausen.de\/Fussball\/?s={search_term_string}\"},\"query-input\":{\"@type\":\"PropertyValueSpecification\",\"valueRequired\":true,\"valueName\":\"search_term_string\"}}],\"inLanguage\":\"de\"},{\"@type\":\"Person\",\"@id\":\"http:\/\/www.tus-bruchhausen.de\/Fussball\/#\/schema\/person\/53a173c5abf387371fd35fcb395bc0af\",\"name\":\"Dominic Gabriel\",\"image\":{\"@type\":\"ImageObject\",\"inLanguage\":\"de\",\"@id\":\"https:\/\/secure.gravatar.com\/avatar\/750762ec91b9970d725a622f9a107d8412b787d34f1fd38dd08605665102440c?s=96&d=mm&r=g\",\"url\":\"https:\/\/secure.gravatar.com\/avatar\/750762ec91b9970d725a622f9a107d8412b787d34f1fd38dd08605665102440c?s=96&d=mm&r=g\",\"contentUrl\":\"https:\/\/secure.gravatar.com\/avatar\/750762ec91b9970d725a622f9a107d8412b787d34f1fd38dd08605665102440c?s=96&d=mm&r=g\",\"caption\":\"Dominic Gabriel\"}}]}<\/script>\n<!-- \/ Yoast SEO plugin. -->","yoast_head_json":{"title":"Bruchhausen startet Samstag, 13 Uhr in K\u00f6rbecke","robots":{"index":"index","follow":"follow","max-snippet":"max-snippet:-1","max-image-preview":"max-image-preview:large","max-video-preview":"max-video-preview:-1"},"canonical":"https:\/\/www.tus-bruchhausen.de\/Fussball\/bruchhausen-startet-samstag-13-uhr-in-koerbecke\/","og_locale":"de_DE","og_type":"article","og_title":"Bruchhausen startet Samstag, 13 Uhr in K\u00f6rbecke","og_description":"Am Samstag, den 03. Januar 2015 startet\u00a0die Vorrunde des 26. RWE WinterCup 2015. Der TuS Bruchhausen geht in der Vorrundengruppe 8 in K\u00f6rbecke an den Start.\u00a0In der Gruppe des TuS 02 wartet neben Bezirksligist Westf. Soest der Tabellenvierte der A-Kreisliga Lippstadt SuS Cappel\u00a0und der Tabellenletzte der Kreisliga A Soest SpVg M\u00f6hnesee. Hinzu kommen zwei B- [&hellip;]","og_url":"https:\/\/www.tus-bruchhausen.de\/Fussball\/bruchhausen-startet-samstag-13-uhr-in-koerbecke\/","og_site_name":"TuS Bruchhausen","article_publisher":"https:\/\/www.facebook.com\/TuS02\/","article_published_time":"2015-01-02T04:40:19+00:00","article_modified_time":"2015-01-03T21:16:16+00:00","og_image":[{"width":1440,"height":1079,"url":"https:\/\/www.tus-bruchhausen.de\/Fussball\/wp-content\/uploads\/2015\/01\/10.jpg","type":"image\/jpeg"}],"author":"Dominic Gabriel","twitter_card":"summary_large_image","twitter_misc":{"Verfasst von":"Dominic Gabriel","Gesch\u00e4tzte Lesezeit":"1\u00a0Minute"},"schema":{"@context":"https:\/\/schema.org","@graph":[{"@type":"Article","@id":"https:\/\/www.tus-bruchhausen.de\/Fussball\/bruchhausen-startet-samstag-13-uhr-in-koerbecke\/#article","isPartOf":{"@id":"https:\/\/www.tus-bruchhausen.de\/Fussball\/bruchhausen-startet-samstag-13-uhr-in-koerbecke\/"},"author":{"name":"Dominic Gabriel","@id":"http:\/\/www.tus-bruchhausen.de\/Fussball\/#\/schema\/person\/53a173c5abf387371fd35fcb395bc0af"},"headline":"Bruchhausen startet Samstag, 13 Uhr in K\u00f6rbecke","datePublished":"2015-01-02T04:40:19+00:00","dateModified":"2015-01-03T21:16:16+00:00","mainEntityOfPage":{"@id":"https:\/\/www.tus-bruchhausen.de\/Fussball\/bruchhausen-startet-samstag-13-uhr-in-koerbecke\/"},"wordCount":300,"image":{"@id":"https:\/\/www.tus-bruchhausen.de\/Fussball\/bruchhausen-startet-samstag-13-uhr-in-koerbecke\/#primaryimage"},"thumbnailUrl":"http:\/\/www.tus-bruchhausen.de\/Fussball\/wp-content\/uploads\/2015\/01\/10.jpg","articleSection":["Spielank\u00fcndigung"],"inLanguage":"de"},{"@type":"WebPage","@id":"https:\/\/www.tus-bruchhausen.de\/Fussball\/bruchhausen-startet-samstag-13-uhr-in-koerbecke\/","url":"https:\/\/www.tus-bruchhausen.de\/Fussball\/bruchhausen-startet-samstag-13-uhr-in-koerbecke\/","name":"Bruchhausen startet Samstag, 13 Uhr in K\u00f6rbecke","isPartOf":{"@id":"http:\/\/www.tus-bruchhausen.de\/Fussball\/#website"},"primaryImageOfPage":{"@id":"https:\/\/www.tus-bruchhausen.de\/Fussball\/bruchhausen-startet-samstag-13-uhr-in-koerbecke\/#primaryimage"},"image":{"@id":"https:\/\/www.tus-bruchhausen.de\/Fussball\/bruchhausen-startet-samstag-13-uhr-in-koerbecke\/#primaryimage"},"thumbnailUrl":"http:\/\/www.tus-bruchhausen.de\/Fussball\/wp-content\/uploads\/2015\/01\/10.jpg","datePublished":"2015-01-02T04:40:19+00:00","dateModified":"2015-01-03T21:16:16+00:00","author":{"@id":"http:\/\/www.tus-bruchhausen.de\/Fussball\/#\/schema\/person\/53a173c5abf387371fd35fcb395bc0af"},"breadcrumb":{"@id":"https:\/\/www.tus-bruchhausen.de\/Fussball\/bruchhausen-startet-samstag-13-uhr-in-koerbecke\/#breadcrumb"},"inLanguage":"de","potentialAction":[{"@type":"ReadAction","target":["https:\/\/www.tus-bruchhausen.de\/Fussball\/bruchhausen-startet-samstag-13-uhr-in-koerbecke\/"]}]},{"@type":"ImageObject","inLanguage":"de","@id":"https:\/\/www.tus-bruchhausen.de\/Fussball\/bruchhausen-startet-samstag-13-uhr-in-koerbecke\/#primaryimage","url":"http:\/\/www.tus-bruchhausen.de\/Fussball\/wp-content\/uploads\/2015\/01\/10.jpg","contentUrl":"http:\/\/www.tus-bruchhausen.de\/Fussball\/wp-content\/uploads\/2015\/01\/10.jpg","width":1440,"height":1079},{"@type":"BreadcrumbList","@id":"https:\/\/www.tus-bruchhausen.de\/Fussball\/bruchhausen-startet-samstag-13-uhr-in-koerbecke\/#breadcrumb","itemListElement":[{"@type":"ListItem","position":1,"name":"Startseite","item":"http:\/\/www.tus-bruchhausen.de\/Fussball\/"},{"@type":"ListItem","position":2,"name":"Bruchhausen startet Samstag, 13 Uhr in K\u00f6rbecke"}]},{"@type":"WebSite","@id":"http:\/\/www.tus-bruchhausen.de\/Fussball\/#website","url":"http:\/\/www.tus-bruchhausen.de\/Fussball\/","name":"TuS Bruchhausen","description":"Fu\u00dfball","potentialAction":[{"@type":"SearchAction","target":{"@type":"EntryPoint","urlTemplate":"http:\/\/www.tus-bruchhausen.de\/Fussball\/?s={search_term_string}"},"query-input":{"@type":"PropertyValueSpecification","valueRequired":true,"valueName":"search_term_string"}}],"inLanguage":"de"},{"@type":"Person","@id":"http:\/\/www.tus-bruchhausen.de\/Fussball\/#\/schema\/person\/53a173c5abf387371fd35fcb395bc0af","name":"Dominic Gabriel","image":{"@type":"ImageObject","inLanguage":"de","@id":"https:\/\/secure.gravatar.com\/avatar\/750762ec91b9970d725a622f9a107d8412b787d34f1fd38dd08605665102440c?s=96&d=mm&r=g","url":"https:\/\/secure.gravatar.com\/avatar\/750762ec91b9970d725a622f9a107d8412b787d34f1fd38dd08605665102440c?s=96&d=mm&r=g","contentUrl":"https:\/\/secure.gravatar.com\/avatar\/750762ec91b9970d725a622f9a107d8412b787d34f1fd38dd08605665102440c?s=96&d=mm&r=g","caption":"Dominic Gabriel"}}]}},"_links":{"self":[{"href":"http:\/\/www.tus-bruchhausen.de\/Fussball\/wp-json\/wp\/v2\/posts\/5232","targetHints":{"allow":["GET"]}}],"collection":[{"href":"http:\/\/www.tus-bruchhausen.de\/Fussball\/wp-json\/wp\/v2\/posts"}],"about":[{"href":"http:\/\/www.tus-bruchhausen.de\/Fussball\/wp-json\/wp\/v2\/types\/post"}],"author":[{"embeddable":true,"href":"http:\/\/www.tus-bruchhausen.de\/Fussball\/wp-json\/wp\/v2\/users\/6"}],"replies":[{"embeddable":true,"href":"http:\/\/www.tus-bruchhausen.de\/Fussball\/wp-json\/wp\/v2\/comments?post=5232"}],"version-history":[{"count":14,"href":"http:\/\/www.tus-bruchhausen.de\/Fussball\/wp-json\/wp\/v2\/posts\/5232\/revisions"}],"predecessor-version":[{"id":5250,"href":"http:\/\/www.tus-bruchhausen.de\/Fussball\/wp-json\/wp\/v2\/posts\/5232\/revisions\/5250"}],"wp:featuredmedia":[{"embeddable":true,"href":"http:\/\/www.tus-bruchhausen.de\/Fussball\/wp-json\/wp\/v2\/media\/5247"}],"wp:attachment":[{"href":"http:\/\/www.tus-bruchhausen.de\/Fussball\/wp-json\/wp\/v2\/media?parent=5232"}],"wp:term":[{"taxonomy":"category","embeddable":true,"href":"http:\/\/www.tus-bruchhausen.de\/Fussball\/wp-json\/wp\/v2\/categories?post=5232"},{"taxonomy":"post_tag","embeddable":true,"href":"http:\/\/www.tus-bruchhausen.de\/Fussball\/wp-json\/wp\/v2\/tags?post=5232"}],"curies":[{"name":"wp","href":"https:\/\/api.w.org\/{rel}","templated":true}]}}