{"id":5400,"date":"2015-01-11T12:01:54","date_gmt":"2015-01-11T11:01:54","guid":{"rendered":"http:\/\/tus-bruchhausen.de\/Fussball\/?p=5400"},"modified":"2015-01-11T21:44:00","modified_gmt":"2015-01-11T20:44:00","slug":"heute-tus-02-trifft-auf-ex-trainer-guenter-jochheim","status":"publish","type":"post","link":"http:\/\/www.tus-bruchhausen.de\/Fussball\/heute-tus-02-trifft-auf-ex-trainer-guenter-jochheim\/","title":{"rendered":"Heute | TuS 02 trifft auf Ex-Trainer G\u00fcnter Jochheim"},"content":{"rendered":"<p>Am Sonntag, 11. Januar geht das Hallenturnier Warsteiner Masters in Soest f\u00fcr den TuS Bruchhausen in die n\u00e4chste Runde. Um 13.00 Uhr startet zun\u00e4chst die Qualirunde. Diese Runde konnte die Hiag-Elf dank des<span style=\"color: #0000ff;\"><a style=\"color: #0000ff;\" title=\"Warsteiner Masters \u2013 Hiag-Elf holt Platz 2 in der Vorrunde\" href=\"http:\/\/tus-bruchhausen.de\/Fussball\/warsteiner-masters-hiag-elf-holt-15-von-18-moeglichen-punkten\/\"> zweiten Platzes in der Vorrunde<\/a><\/span> \u00fcberspringen. Um 15.30 Uhr folgt dann die Zwischenrunde mit dem TuS Bruchhausen. Das erste Spiel bestreit das Team von Trainer Freddy Quebbemann um 15.54 Uhr.<\/p>\n<figure id=\"attachment_5402\" aria-describedby=\"caption-attachment-5402\" style=\"width: 332px\" class=\"wp-caption alignright\"><a href=\"http:\/\/tus-bruchhausen.de\/Fussball\/wp-content\/uploads\/2015\/01\/warsteiner.png\" rel=\"lightbox[5400]\"><img loading=\"lazy\" decoding=\"async\" class=\"wp-image-5402\" src=\"http:\/\/tus-bruchhausen.de\/Fussball\/wp-content\/uploads\/2015\/01\/warsteiner-522x376.png\" alt=\"Spielplan Zwischenrunde\" width=\"332\" height=\"239\" srcset=\"http:\/\/www.tus-bruchhausen.de\/Fussball\/wp-content\/uploads\/2015\/01\/warsteiner-522x376.png 522w, http:\/\/www.tus-bruchhausen.de\/Fussball\/wp-content\/uploads\/2015\/01\/warsteiner-200x144.png 200w, http:\/\/www.tus-bruchhausen.de\/Fussball\/wp-content\/uploads\/2015\/01\/warsteiner-900x648.png 900w, http:\/\/www.tus-bruchhausen.de\/Fussball\/wp-content\/uploads\/2015\/01\/warsteiner.png 1011w\" sizes=\"auto, (max-width: 332px) 100vw, 332px\" \/><\/a><figcaption id=\"caption-attachment-5402\" class=\"wp-caption-text\">Spielplan Zwischenrunde<\/figcaption><\/figure>\n<p>In der 3. Runde bzw. Zwischenrunde treten acht Mannschaften im Doppel-k.o.-System gegeneinander an.<br \/>\nDie Spielzeit betr\u00e4gt 10 Minuten. Das Endspiel ist f\u00fcr 18:30 Uhr geplant und erfolgt zweimal sieben Minuten.<br \/>\nDer Gruppenerste qualifiziert sich direkt f\u00fcr die Endrunde am Sonntag, 25. Januar. Die Zweit- und Drittplatzierten qualifizieren sich f\u00fcr die Lucky-Loser-Runde am 24. Januar.<\/p>\n<p>Im ersten Spiel um 15.54 Uhr trifft der TuS Bruchhausen auf den H\u00f6inger SV, dem dritten der Vorrunden Gruppe 2. Der B-Kreisligist aus dem Fu\u00dfballkreis Soest steht ungeschlagen mit 39 Punkten an der Tabellenspitze.<\/p>\n<figure id=\"attachment_5404\" aria-describedby=\"caption-attachment-5404\" style=\"width: 200px\" class=\"wp-caption alignright\"><a href=\"http:\/\/tus-bruchhausen.de\/Fussball\/wp-content\/uploads\/2015\/01\/428416_396532893721071_1405078747_n.jpg\" rel=\"lightbox[5400]\"><img loading=\"lazy\" decoding=\"async\" class=\"size-medium wp-image-5404\" src=\"http:\/\/tus-bruchhausen.de\/Fussball\/wp-content\/uploads\/2015\/01\/428416_396532893721071_1405078747_n-200x150.jpg\" alt=\"Der TuS 02 feierte 2003 den Aufstieg mit  Trainer G\u00fcnter Jochheim\" width=\"200\" height=\"150\" srcset=\"http:\/\/www.tus-bruchhausen.de\/Fussball\/wp-content\/uploads\/2015\/01\/428416_396532893721071_1405078747_n-200x150.jpg 200w, http:\/\/www.tus-bruchhausen.de\/Fussball\/wp-content\/uploads\/2015\/01\/428416_396532893721071_1405078747_n-501x376.jpg 501w, http:\/\/www.tus-bruchhausen.de\/Fussball\/wp-content\/uploads\/2015\/01\/428416_396532893721071_1405078747_n-900x675.jpg 900w, http:\/\/www.tus-bruchhausen.de\/Fussball\/wp-content\/uploads\/2015\/01\/428416_396532893721071_1405078747_n.jpg 908w\" sizes=\"auto, (max-width: 200px) 100vw, 200px\" \/><\/a><figcaption id=\"caption-attachment-5404\" class=\"wp-caption-text\">Der TuS 02 feierte 2003 den Aufstieg mit Trainer G\u00fcnter Jochheim<\/figcaption><\/figure>\n<p>Der H\u00f6inger SV wird vom Ex-Meistertrainer G\u00fcnter Jochheim trainiert. In der Saison 2002\/2003 holte die Hiag-Elf unter Jochheim 71 Punkte und stieg damit als Meister der Kreisliga A in die Bezirksliga auf. Im Sommer 2006 endete die sechs Jahre dauernde \u00c4ra von G\u00fcnter Jochheim als Trainer beim TuS Bruchhausen. In der Saison 2009\/10 gab es nach dem Abstieg in der Kreisliga B nochmal ein kurzes Comeback als TuS-Trainer. Anschlie\u00dfend verpflichtete der TuS Bruchhausen Trainer Freddy Quebbemann.<\/p>\n<p>In der Zwischenrunde der Warsteiner Masters wird wie in der Vorrunde mit dem neuen sprungreduzierten Ball (Futsal) gespielt. im Doppel-KO-System scheidet jedes Team erst nach der zweiten Niederlage aus dem Turnier aus.<\/p>\n<p>Parkpl\u00e4tze sind an der Sporthalle B\u00f6rde-Berufskolleg, Geschwister-Scholl-Str.1 ausreichend vorhanden.<\/p>\n<p><a href=\"http:\/\/www.warsteiner-masters.de\/index.php?option=com_content&amp;view=article&amp;id=90&amp;Itemid=280\">-&gt; Spielplan\/Live Ticker<\/a><\/p>\n<p><iframe loading=\"lazy\" style=\"border: 0; float: right;\" src=\"https:\/\/www.google.com\/maps\/embed?pb=!1m22!1m12!1m3!1d1829.7849488384388!2d8.08584659134172!3d51.57141504013441!2m3!1f0!2f0!3f0!3m2!1i1024!2i768!4f13.1!4m7!1i0!3e6!4m0!4m3!3m2!1d51.5720156!2d8.085583999999999!5e1!3m2!1sde!2sde!4v1420412885888\" width=\"697\" height=\"250\" frameborder=\"0\"><\/iframe><\/p>\n","protected":false},"excerpt":{"rendered":"<p>Am Sonntag, 11. Januar geht das Hallenturnier Warsteiner Masters in Soest f\u00fcr den TuS Bruchhausen in die n\u00e4chste Runde. Um 13.00 Uhr startet zun\u00e4chst die Qualirunde. Diese Runde konnte die Hiag-Elf dank des zweiten Platzes in der Vorrunde \u00fcberspringen. Um 15.30 Uhr folgt dann die Zwischenrunde mit dem TuS Bruchhausen. Das erste Spiel bestreit das [&hellip;]<\/p>\n","protected":false},"author":6,"featured_media":5405,"comment_status":"closed","ping_status":"closed","sticky":false,"template":"","format":"standard","meta":{"footnotes":""},"categories":[18,20],"tags":[],"class_list":["post-5400","post","type-post","status-publish","format-standard","has-post-thumbnail","hentry","category-spielankuendigung","category-app","small-justify-block","has-thumb"],"yoast_head":"<!-- This site is optimized with the Yoast SEO plugin v27.2 - https:\/\/yoast.com\/product\/yoast-seo-wordpress\/ -->\n<title>Heute | TuS 02 trifft auf Ex-Trainer G\u00fcnter Jochheim<\/title>\n<meta name=\"robots\" content=\"index, follow, max-snippet:-1, max-image-preview:large, max-video-preview:-1\" \/>\n<link rel=\"canonical\" href=\"http:\/\/www.tus-bruchhausen.de\/Fussball\/heute-tus-02-trifft-auf-ex-trainer-guenter-jochheim\/\" \/>\n<meta property=\"og:locale\" content=\"de_DE\" \/>\n<meta property=\"og:type\" content=\"article\" \/>\n<meta property=\"og:title\" content=\"Heute | TuS 02 trifft auf Ex-Trainer G\u00fcnter Jochheim\" \/>\n<meta property=\"og:description\" content=\"Am Sonntag, 11. Januar geht das Hallenturnier Warsteiner Masters in Soest f\u00fcr den TuS Bruchhausen in die n\u00e4chste Runde. Um 13.00 Uhr startet zun\u00e4chst die Qualirunde. Diese Runde konnte die Hiag-Elf dank des zweiten Platzes in der Vorrunde \u00fcberspringen. Um 15.30 Uhr folgt dann die Zwischenrunde mit dem TuS Bruchhausen. Das erste Spiel bestreit das [&hellip;]\" \/>\n<meta property=\"og:url\" content=\"http:\/\/www.tus-bruchhausen.de\/Fussball\/heute-tus-02-trifft-auf-ex-trainer-guenter-jochheim\/\" \/>\n<meta property=\"og:site_name\" content=\"TuS Bruchhausen\" \/>\n<meta property=\"article:publisher\" content=\"https:\/\/www.facebook.com\/TuS02\/\" \/>\n<meta property=\"article:published_time\" content=\"2015-01-11T11:01:54+00:00\" \/>\n<meta property=\"article:modified_time\" content=\"2015-01-11T20:44:00+00:00\" \/>\n<meta property=\"og:image\" content=\"http:\/\/www.tus-bruchhausen.de\/Fussball\/wp-content\/uploads\/2015\/01\/IMG_6510-e1420974105715.jpg\" \/>\n\t<meta property=\"og:image:width\" content=\"1439\" \/>\n\t<meta property=\"og:image:height\" content=\"874\" \/>\n\t<meta property=\"og:image:type\" content=\"image\/jpeg\" \/>\n<meta name=\"author\" content=\"Dominic Gabriel\" \/>\n<meta name=\"twitter:card\" content=\"summary_large_image\" \/>\n<meta name=\"twitter:label1\" content=\"Verfasst von\" \/>\n\t<meta name=\"twitter:data1\" content=\"Dominic Gabriel\" \/>\n\t<meta name=\"twitter:label2\" content=\"Gesch\u00e4tzte Lesezeit\" \/>\n\t<meta name=\"twitter:data2\" content=\"2\u00a0Minuten\" \/>\n<script type=\"application\/ld+json\" class=\"yoast-schema-graph\">{\"@context\":\"https:\/\/schema.org\",\"@graph\":[{\"@type\":\"Article\",\"@id\":\"http:\/\/www.tus-bruchhausen.de\/Fussball\/heute-tus-02-trifft-auf-ex-trainer-guenter-jochheim\/#article\",\"isPartOf\":{\"@id\":\"http:\/\/www.tus-bruchhausen.de\/Fussball\/heute-tus-02-trifft-auf-ex-trainer-guenter-jochheim\/\"},\"author\":{\"name\":\"Dominic Gabriel\",\"@id\":\"http:\/\/www.tus-bruchhausen.de\/Fussball\/#\/schema\/person\/53a173c5abf387371fd35fcb395bc0af\"},\"headline\":\"Heute | TuS 02 trifft auf Ex-Trainer G\u00fcnter Jochheim\",\"datePublished\":\"2015-01-11T11:01:54+00:00\",\"dateModified\":\"2015-01-11T20:44:00+00:00\",\"mainEntityOfPage\":{\"@id\":\"http:\/\/www.tus-bruchhausen.de\/Fussball\/heute-tus-02-trifft-auf-ex-trainer-guenter-jochheim\/\"},\"wordCount\":308,\"image\":{\"@id\":\"http:\/\/www.tus-bruchhausen.de\/Fussball\/heute-tus-02-trifft-auf-ex-trainer-guenter-jochheim\/#primaryimage\"},\"thumbnailUrl\":\"http:\/\/www.tus-bruchhausen.de\/Fussball\/wp-content\/uploads\/2015\/01\/IMG_6510-e1420974105715.jpg\",\"articleSection\":[\"Spielank\u00fcndigung\",\"Z_APP\"],\"inLanguage\":\"de\"},{\"@type\":\"WebPage\",\"@id\":\"http:\/\/www.tus-bruchhausen.de\/Fussball\/heute-tus-02-trifft-auf-ex-trainer-guenter-jochheim\/\",\"url\":\"http:\/\/www.tus-bruchhausen.de\/Fussball\/heute-tus-02-trifft-auf-ex-trainer-guenter-jochheim\/\",\"name\":\"Heute | TuS 02 trifft auf Ex-Trainer G\u00fcnter Jochheim\",\"isPartOf\":{\"@id\":\"http:\/\/www.tus-bruchhausen.de\/Fussball\/#website\"},\"primaryImageOfPage\":{\"@id\":\"http:\/\/www.tus-bruchhausen.de\/Fussball\/heute-tus-02-trifft-auf-ex-trainer-guenter-jochheim\/#primaryimage\"},\"image\":{\"@id\":\"http:\/\/www.tus-bruchhausen.de\/Fussball\/heute-tus-02-trifft-auf-ex-trainer-guenter-jochheim\/#primaryimage\"},\"thumbnailUrl\":\"http:\/\/www.tus-bruchhausen.de\/Fussball\/wp-content\/uploads\/2015\/01\/IMG_6510-e1420974105715.jpg\",\"datePublished\":\"2015-01-11T11:01:54+00:00\",\"dateModified\":\"2015-01-11T20:44:00+00:00\",\"author\":{\"@id\":\"http:\/\/www.tus-bruchhausen.de\/Fussball\/#\/schema\/person\/53a173c5abf387371fd35fcb395bc0af\"},\"breadcrumb\":{\"@id\":\"http:\/\/www.tus-bruchhausen.de\/Fussball\/heute-tus-02-trifft-auf-ex-trainer-guenter-jochheim\/#breadcrumb\"},\"inLanguage\":\"de\",\"potentialAction\":[{\"@type\":\"ReadAction\",\"target\":[\"http:\/\/www.tus-bruchhausen.de\/Fussball\/heute-tus-02-trifft-auf-ex-trainer-guenter-jochheim\/\"]}]},{\"@type\":\"ImageObject\",\"inLanguage\":\"de\",\"@id\":\"http:\/\/www.tus-bruchhausen.de\/Fussball\/heute-tus-02-trifft-auf-ex-trainer-guenter-jochheim\/#primaryimage\",\"url\":\"http:\/\/www.tus-bruchhausen.de\/Fussball\/wp-content\/uploads\/2015\/01\/IMG_6510-e1420974105715.jpg\",\"contentUrl\":\"http:\/\/www.tus-bruchhausen.de\/Fussball\/wp-content\/uploads\/2015\/01\/IMG_6510-e1420974105715.jpg\",\"width\":1439,\"height\":874},{\"@type\":\"BreadcrumbList\",\"@id\":\"http:\/\/www.tus-bruchhausen.de\/Fussball\/heute-tus-02-trifft-auf-ex-trainer-guenter-jochheim\/#breadcrumb\",\"itemListElement\":[{\"@type\":\"ListItem\",\"position\":1,\"name\":\"Startseite\",\"item\":\"https:\/\/www.tus-bruchhausen.de\/Fussball\/\"},{\"@type\":\"ListItem\",\"position\":2,\"name\":\"Heute | TuS 02 trifft auf Ex-Trainer G\u00fcnter Jochheim\"}]},{\"@type\":\"WebSite\",\"@id\":\"http:\/\/www.tus-bruchhausen.de\/Fussball\/#website\",\"url\":\"http:\/\/www.tus-bruchhausen.de\/Fussball\/\",\"name\":\"TuS Bruchhausen\",\"description\":\"Fu\u00dfball\",\"potentialAction\":[{\"@type\":\"SearchAction\",\"target\":{\"@type\":\"EntryPoint\",\"urlTemplate\":\"http:\/\/www.tus-bruchhausen.de\/Fussball\/?s={search_term_string}\"},\"query-input\":{\"@type\":\"PropertyValueSpecification\",\"valueRequired\":true,\"valueName\":\"search_term_string\"}}],\"inLanguage\":\"de\"},{\"@type\":\"Person\",\"@id\":\"http:\/\/www.tus-bruchhausen.de\/Fussball\/#\/schema\/person\/53a173c5abf387371fd35fcb395bc0af\",\"name\":\"Dominic Gabriel\",\"image\":{\"@type\":\"ImageObject\",\"inLanguage\":\"de\",\"@id\":\"https:\/\/secure.gravatar.com\/avatar\/750762ec91b9970d725a622f9a107d8412b787d34f1fd38dd08605665102440c?s=96&d=mm&r=g\",\"url\":\"https:\/\/secure.gravatar.com\/avatar\/750762ec91b9970d725a622f9a107d8412b787d34f1fd38dd08605665102440c?s=96&d=mm&r=g\",\"contentUrl\":\"https:\/\/secure.gravatar.com\/avatar\/750762ec91b9970d725a622f9a107d8412b787d34f1fd38dd08605665102440c?s=96&d=mm&r=g\",\"caption\":\"Dominic Gabriel\"}}]}<\/script>\n<!-- \/ Yoast SEO plugin. -->","yoast_head_json":{"title":"Heute | TuS 02 trifft auf Ex-Trainer G\u00fcnter Jochheim","robots":{"index":"index","follow":"follow","max-snippet":"max-snippet:-1","max-image-preview":"max-image-preview:large","max-video-preview":"max-video-preview:-1"},"canonical":"http:\/\/www.tus-bruchhausen.de\/Fussball\/heute-tus-02-trifft-auf-ex-trainer-guenter-jochheim\/","og_locale":"de_DE","og_type":"article","og_title":"Heute | TuS 02 trifft auf Ex-Trainer G\u00fcnter Jochheim","og_description":"Am Sonntag, 11. Januar geht das Hallenturnier Warsteiner Masters in Soest f\u00fcr den TuS Bruchhausen in die n\u00e4chste Runde. Um 13.00 Uhr startet zun\u00e4chst die Qualirunde. Diese Runde konnte die Hiag-Elf dank des zweiten Platzes in der Vorrunde \u00fcberspringen. Um 15.30 Uhr folgt dann die Zwischenrunde mit dem TuS Bruchhausen. Das erste Spiel bestreit das [&hellip;]","og_url":"http:\/\/www.tus-bruchhausen.de\/Fussball\/heute-tus-02-trifft-auf-ex-trainer-guenter-jochheim\/","og_site_name":"TuS Bruchhausen","article_publisher":"https:\/\/www.facebook.com\/TuS02\/","article_published_time":"2015-01-11T11:01:54+00:00","article_modified_time":"2015-01-11T20:44:00+00:00","og_image":[{"width":1439,"height":874,"url":"http:\/\/www.tus-bruchhausen.de\/Fussball\/wp-content\/uploads\/2015\/01\/IMG_6510-e1420974105715.jpg","type":"image\/jpeg"}],"author":"Dominic Gabriel","twitter_card":"summary_large_image","twitter_misc":{"Verfasst von":"Dominic Gabriel","Gesch\u00e4tzte Lesezeit":"2\u00a0Minuten"},"schema":{"@context":"https:\/\/schema.org","@graph":[{"@type":"Article","@id":"http:\/\/www.tus-bruchhausen.de\/Fussball\/heute-tus-02-trifft-auf-ex-trainer-guenter-jochheim\/#article","isPartOf":{"@id":"http:\/\/www.tus-bruchhausen.de\/Fussball\/heute-tus-02-trifft-auf-ex-trainer-guenter-jochheim\/"},"author":{"name":"Dominic Gabriel","@id":"http:\/\/www.tus-bruchhausen.de\/Fussball\/#\/schema\/person\/53a173c5abf387371fd35fcb395bc0af"},"headline":"Heute | TuS 02 trifft auf Ex-Trainer G\u00fcnter Jochheim","datePublished":"2015-01-11T11:01:54+00:00","dateModified":"2015-01-11T20:44:00+00:00","mainEntityOfPage":{"@id":"http:\/\/www.tus-bruchhausen.de\/Fussball\/heute-tus-02-trifft-auf-ex-trainer-guenter-jochheim\/"},"wordCount":308,"image":{"@id":"http:\/\/www.tus-bruchhausen.de\/Fussball\/heute-tus-02-trifft-auf-ex-trainer-guenter-jochheim\/#primaryimage"},"thumbnailUrl":"http:\/\/www.tus-bruchhausen.de\/Fussball\/wp-content\/uploads\/2015\/01\/IMG_6510-e1420974105715.jpg","articleSection":["Spielank\u00fcndigung","Z_APP"],"inLanguage":"de"},{"@type":"WebPage","@id":"http:\/\/www.tus-bruchhausen.de\/Fussball\/heute-tus-02-trifft-auf-ex-trainer-guenter-jochheim\/","url":"http:\/\/www.tus-bruchhausen.de\/Fussball\/heute-tus-02-trifft-auf-ex-trainer-guenter-jochheim\/","name":"Heute | TuS 02 trifft auf Ex-Trainer G\u00fcnter Jochheim","isPartOf":{"@id":"http:\/\/www.tus-bruchhausen.de\/Fussball\/#website"},"primaryImageOfPage":{"@id":"http:\/\/www.tus-bruchhausen.de\/Fussball\/heute-tus-02-trifft-auf-ex-trainer-guenter-jochheim\/#primaryimage"},"image":{"@id":"http:\/\/www.tus-bruchhausen.de\/Fussball\/heute-tus-02-trifft-auf-ex-trainer-guenter-jochheim\/#primaryimage"},"thumbnailUrl":"http:\/\/www.tus-bruchhausen.de\/Fussball\/wp-content\/uploads\/2015\/01\/IMG_6510-e1420974105715.jpg","datePublished":"2015-01-11T11:01:54+00:00","dateModified":"2015-01-11T20:44:00+00:00","author":{"@id":"http:\/\/www.tus-bruchhausen.de\/Fussball\/#\/schema\/person\/53a173c5abf387371fd35fcb395bc0af"},"breadcrumb":{"@id":"http:\/\/www.tus-bruchhausen.de\/Fussball\/heute-tus-02-trifft-auf-ex-trainer-guenter-jochheim\/#breadcrumb"},"inLanguage":"de","potentialAction":[{"@type":"ReadAction","target":["http:\/\/www.tus-bruchhausen.de\/Fussball\/heute-tus-02-trifft-auf-ex-trainer-guenter-jochheim\/"]}]},{"@type":"ImageObject","inLanguage":"de","@id":"http:\/\/www.tus-bruchhausen.de\/Fussball\/heute-tus-02-trifft-auf-ex-trainer-guenter-jochheim\/#primaryimage","url":"http:\/\/www.tus-bruchhausen.de\/Fussball\/wp-content\/uploads\/2015\/01\/IMG_6510-e1420974105715.jpg","contentUrl":"http:\/\/www.tus-bruchhausen.de\/Fussball\/wp-content\/uploads\/2015\/01\/IMG_6510-e1420974105715.jpg","width":1439,"height":874},{"@type":"BreadcrumbList","@id":"http:\/\/www.tus-bruchhausen.de\/Fussball\/heute-tus-02-trifft-auf-ex-trainer-guenter-jochheim\/#breadcrumb","itemListElement":[{"@type":"ListItem","position":1,"name":"Startseite","item":"https:\/\/www.tus-bruchhausen.de\/Fussball\/"},{"@type":"ListItem","position":2,"name":"Heute | TuS 02 trifft auf Ex-Trainer G\u00fcnter Jochheim"}]},{"@type":"WebSite","@id":"http:\/\/www.tus-bruchhausen.de\/Fussball\/#website","url":"http:\/\/www.tus-bruchhausen.de\/Fussball\/","name":"TuS Bruchhausen","description":"Fu\u00dfball","potentialAction":[{"@type":"SearchAction","target":{"@type":"EntryPoint","urlTemplate":"http:\/\/www.tus-bruchhausen.de\/Fussball\/?s={search_term_string}"},"query-input":{"@type":"PropertyValueSpecification","valueRequired":true,"valueName":"search_term_string"}}],"inLanguage":"de"},{"@type":"Person","@id":"http:\/\/www.tus-bruchhausen.de\/Fussball\/#\/schema\/person\/53a173c5abf387371fd35fcb395bc0af","name":"Dominic Gabriel","image":{"@type":"ImageObject","inLanguage":"de","@id":"https:\/\/secure.gravatar.com\/avatar\/750762ec91b9970d725a622f9a107d8412b787d34f1fd38dd08605665102440c?s=96&d=mm&r=g","url":"https:\/\/secure.gravatar.com\/avatar\/750762ec91b9970d725a622f9a107d8412b787d34f1fd38dd08605665102440c?s=96&d=mm&r=g","contentUrl":"https:\/\/secure.gravatar.com\/avatar\/750762ec91b9970d725a622f9a107d8412b787d34f1fd38dd08605665102440c?s=96&d=mm&r=g","caption":"Dominic Gabriel"}}]}},"_links":{"self":[{"href":"http:\/\/www.tus-bruchhausen.de\/Fussball\/wp-json\/wp\/v2\/posts\/5400","targetHints":{"allow":["GET"]}}],"collection":[{"href":"http:\/\/www.tus-bruchhausen.de\/Fussball\/wp-json\/wp\/v2\/posts"}],"about":[{"href":"http:\/\/www.tus-bruchhausen.de\/Fussball\/wp-json\/wp\/v2\/types\/post"}],"author":[{"embeddable":true,"href":"http:\/\/www.tus-bruchhausen.de\/Fussball\/wp-json\/wp\/v2\/users\/6"}],"replies":[{"embeddable":true,"href":"http:\/\/www.tus-bruchhausen.de\/Fussball\/wp-json\/wp\/v2\/comments?post=5400"}],"version-history":[{"count":16,"href":"http:\/\/www.tus-bruchhausen.de\/Fussball\/wp-json\/wp\/v2\/posts\/5400\/revisions"}],"predecessor-version":[{"id":5423,"href":"http:\/\/www.tus-bruchhausen.de\/Fussball\/wp-json\/wp\/v2\/posts\/5400\/revisions\/5423"}],"wp:featuredmedia":[{"embeddable":true,"href":"http:\/\/www.tus-bruchhausen.de\/Fussball\/wp-json\/wp\/v2\/media\/5405"}],"wp:attachment":[{"href":"http:\/\/www.tus-bruchhausen.de\/Fussball\/wp-json\/wp\/v2\/media?parent=5400"}],"wp:term":[{"taxonomy":"category","embeddable":true,"href":"http:\/\/www.tus-bruchhausen.de\/Fussball\/wp-json\/wp\/v2\/categories?post=5400"},{"taxonomy":"post_tag","embeddable":true,"href":"http:\/\/www.tus-bruchhausen.de\/Fussball\/wp-json\/wp\/v2\/tags?post=5400"}],"curies":[{"name":"wp","href":"https:\/\/api.w.org\/{rel}","templated":true}]}}