{"id":5439,"date":"2015-01-13T18:00:10","date_gmt":"2015-01-13T17:00:10","guid":{"rendered":"http:\/\/tus-bruchhausen.de\/Fussball\/?p=5439"},"modified":"2015-01-16T23:27:53","modified_gmt":"2015-01-16T22:27:53","slug":"freitag-startet-die-vierte-ausgabe-des-reserve-cup","status":"publish","type":"post","link":"http:\/\/www.tus-bruchhausen.de\/Fussball\/freitag-startet-die-vierte-ausgabe-des-reserve-cup\/","title":{"rendered":"Freitag startet die vierte Ausgabe des Reserve Cup"},"content":{"rendered":"<p>Am Freitag, den 16. Januar 2015 k\u00e4mpfen wieder 12 Mannschaften in der Sporthalle &#8220;Gro\u00dfe Wiese&#8221; in H\u00fcsten und die Krone der C-Liga Reserve Teams. In diesem Jahr gehen die Teams in drei vierer Gruppen an den Start. Er\u00f6ffnet wird die vierte Ausgabe des Hallenturniers mit dem Spiel des TuS Vosswinkel II gegen den SuS Westenfeld II. Als Titelverteidiger geht der TuS Hachen ins Turnier.<\/p>\n<p>Beim C-Liga Reserve Cup qualifizieren sich die beiden erstplatzierten jeder Gruppe f\u00fcr das Viertelfinale. Hinzu kommen die beiden besten Dritten, so dass in der Vorrunde zun\u00e4chst nur vier Mannschaften vorzeitig die Segel streichen m\u00fcssen. Eine Besonderheit beim C-Liga Reserve Cup ist die Wertung bei unentschiedenem Punktekonto in den Gruppen. Bei Punktgleichheit entscheiden die im direkten Vergleich erzielten Punkte und geschossenen Tore.<\/p>\n<p>Nach der Gruppenphase starten es in die Viertelfinalspiele. Endet eines der KO-Spiele unentschieden, wird nach das Spiel zun\u00e4chst um zwei Minuten verl\u00e4ngert. Auch hier wird in der letzten Minute die Zeit bei Unterbrechungen automatisch angehalten. Die Verl\u00e4ngerung wird in jedem Fall bis zum Ende gespielt. Steht das Spiel nach Ablauf der Verl\u00e4ngerung noch Unentschieden erfolgt ein 9-Meter-Schie\u00dfen.<\/p>\n<p>Gepsielt wird der C-Liga Reserve Cup erstmals mit einem sprungreduzierten Ball (Futsal). Zudem wird auf beiden Seiten mit Seitenaus und mit 5x2m Toren. Das erste Turnierspiel der 4. Ausgabe des C-Liga Reserve Cup\u00b4s startet um 17.10 Uhr, die Spielzeit betr\u00e4gt 10 Minuten. Das Finale soll gegen 22:30 Uhr steigen.<\/p>\n<p><a href=\"http:\/\/tus-bruchhausen.de\/Fussball\/wp-content\/uploads\/2013\/11\/C-Liga-Reserve-Cup-Pokal.png\" rel=\"lightbox[5439]\"><img loading=\"lazy\" decoding=\"async\" class=\"alignright wp-image-2241 \" src=\"http:\/\/tus-bruchhausen.de\/Fussball\/wp-content\/uploads\/2013\/11\/C-Liga-Reserve-Cup-Pokal-194x376.png\" alt=\"C-Liga Reserve Cup Pokal\" width=\"150\" height=\"291\" srcset=\"http:\/\/www.tus-bruchhausen.de\/Fussball\/wp-content\/uploads\/2013\/11\/C-Liga-Reserve-Cup-Pokal-194x376.png 194w, http:\/\/www.tus-bruchhausen.de\/Fussball\/wp-content\/uploads\/2013\/11\/C-Liga-Reserve-Cup-Pokal.png 323w\" sizes=\"auto, (max-width: 150px) 100vw, 150px\" \/><\/a>Der TuS Bruchhausen ist wieder mit beiden Reservemannschaften am Start. Zudem geht der TuS Hachen II als amtierender Titelverteidiger an den Start. Gespielt wird um den neuen Wanderpokal der erstmals im Vorjahr vergeben worden ist. Mit dem SV Arnsberg 09 II ist ebenfalls ein fr\u00fcherer Titelgewinner am Start. Der Sieger 2013, der SSV Stockum II spielt zur Zeit in Kreisliga-B und konnte sich somit in diesem Jahr nicht anmelden. Ausrichter ist der TuS Bruchhausen 02.<\/p>\n<p>Die Turnierspiele werden von den Schiedsrichtern Harald Str\u00fcwer, Detlef Siewers und Uwe M\u00fcller geleitet.<\/p>\n<p><strong>Gruppe A:<\/strong> TuS Vosswinkel II (C-Liga), SuS Westenfeld II (D-Liga), SV Herdringen II (C-Liga), SV Bachum\/Bergheim II (C-Liga)<\/p>\n<p><strong>Gruppe B:<\/strong> TuS Hachen II (C-Liga), SV H\u00fcsten 09 III (D-Liga), TuS Rumbeck II (D-Liga), TuS Bruchhausen II (C-Liga)<\/p>\n<p><strong>Gruppe C:<\/strong> TuS Oeventrop II (C-Liga), DJK GW Arnsberg II (D-Liga), TuS Bruchhausen III (D-Liga), SV Arnsberg 09 II (C-Liga)<\/p>\n<p><a href=\"http:\/\/tus-bruchhausen.de\/Fussball\/wp-content\/uploads\/2014\/12\/C-Liga-Reserve-Cup-2015.pdf\"><span style=\"color: #0000ff;\">-&gt; Spielplan<\/span><br \/>\n<\/a><br \/>\n<span style=\"color: #0000ff;\"> <a style=\"color: #0000ff;\" href=\"http:\/\/tus-bruchhausen.de\/Fussball\/wp-content\/uploads\/2014\/12\/Turnierornung-C-Liga-Reserve-Cup-2014.pdf\">-&gt; Turnierordnung<\/a><\/span><\/p>\n","protected":false},"excerpt":{"rendered":"<p>Am Freitag, den 16. Januar 2015 k\u00e4mpfen wieder 12 Mannschaften in der Sporthalle &#8220;Gro\u00dfe Wiese&#8221; in H\u00fcsten und die Krone der C-Liga Reserve Teams. In diesem Jahr gehen die Teams in drei vierer Gruppen an den Start. Er\u00f6ffnet wird die vierte Ausgabe des Hallenturniers mit dem Spiel des TuS Vosswinkel II gegen den SuS Westenfeld [&hellip;]<\/p>\n","protected":false},"author":6,"featured_media":5440,"comment_status":"closed","ping_status":"closed","sticky":false,"template":"","format":"standard","meta":{"footnotes":""},"categories":[4,5,6,18,20],"tags":[],"class_list":["post-5439","post","type-post","status-publish","format-standard","has-post-thumbnail","hentry","category-2-mannschaft","category-3-mannschaft","category-abteilung","category-spielankuendigung","category-app","small-justify-block","has-thumb"],"yoast_head":"<!-- This site is optimized with the Yoast SEO plugin v27.2 - https:\/\/yoast.com\/product\/yoast-seo-wordpress\/ -->\n<title>Freitag startet die vierte Ausgabe des Reserve Cup<\/title>\n<meta name=\"robots\" content=\"index, follow, max-snippet:-1, max-image-preview:large, max-video-preview:-1\" \/>\n<link rel=\"canonical\" href=\"https:\/\/www.tus-bruchhausen.de\/Fussball\/freitag-startet-die-vierte-ausgabe-des-reserve-cup\/\" \/>\n<meta property=\"og:locale\" content=\"de_DE\" \/>\n<meta property=\"og:type\" content=\"article\" \/>\n<meta property=\"og:title\" content=\"Freitag startet die vierte Ausgabe des Reserve Cup\" \/>\n<meta property=\"og:description\" content=\"Am Freitag, den 16. Januar 2015 k\u00e4mpfen wieder 12 Mannschaften in der Sporthalle &#8220;Gro\u00dfe Wiese&#8221; in H\u00fcsten und die Krone der C-Liga Reserve Teams. In diesem Jahr gehen die Teams in drei vierer Gruppen an den Start. Er\u00f6ffnet wird die vierte Ausgabe des Hallenturniers mit dem Spiel des TuS Vosswinkel II gegen den SuS Westenfeld [&hellip;]\" \/>\n<meta property=\"og:url\" content=\"https:\/\/www.tus-bruchhausen.de\/Fussball\/freitag-startet-die-vierte-ausgabe-des-reserve-cup\/\" \/>\n<meta property=\"og:site_name\" content=\"TuS Bruchhausen\" \/>\n<meta property=\"article:publisher\" content=\"https:\/\/www.facebook.com\/TuS02\/\" \/>\n<meta property=\"article:published_time\" content=\"2015-01-13T17:00:10+00:00\" \/>\n<meta property=\"article:modified_time\" content=\"2015-01-16T22:27:53+00:00\" \/>\n<meta property=\"og:image\" content=\"https:\/\/www.tus-bruchhausen.de\/Fussball\/wp-content\/uploads\/2015\/01\/1490888_658003577574000_628502240_o.jpg\" \/>\n\t<meta property=\"og:image:width\" content=\"1440\" \/>\n\t<meta property=\"og:image:height\" content=\"961\" \/>\n\t<meta property=\"og:image:type\" content=\"image\/jpeg\" \/>\n<meta name=\"author\" content=\"Dominic Gabriel\" \/>\n<meta name=\"twitter:card\" content=\"summary_large_image\" \/>\n<meta name=\"twitter:label1\" content=\"Verfasst von\" \/>\n\t<meta name=\"twitter:data1\" content=\"Dominic Gabriel\" \/>\n\t<meta name=\"twitter:label2\" content=\"Gesch\u00e4tzte Lesezeit\" \/>\n\t<meta name=\"twitter:data2\" content=\"2\u00a0Minuten\" \/>\n<script type=\"application\/ld+json\" class=\"yoast-schema-graph\">{\"@context\":\"https:\/\/schema.org\",\"@graph\":[{\"@type\":\"Article\",\"@id\":\"https:\/\/www.tus-bruchhausen.de\/Fussball\/freitag-startet-die-vierte-ausgabe-des-reserve-cup\/#article\",\"isPartOf\":{\"@id\":\"https:\/\/www.tus-bruchhausen.de\/Fussball\/freitag-startet-die-vierte-ausgabe-des-reserve-cup\/\"},\"author\":{\"name\":\"Dominic Gabriel\",\"@id\":\"http:\/\/www.tus-bruchhausen.de\/Fussball\/#\/schema\/person\/53a173c5abf387371fd35fcb395bc0af\"},\"headline\":\"Freitag startet die vierte Ausgabe des Reserve Cup\",\"datePublished\":\"2015-01-13T17:00:10+00:00\",\"dateModified\":\"2015-01-16T22:27:53+00:00\",\"mainEntityOfPage\":{\"@id\":\"https:\/\/www.tus-bruchhausen.de\/Fussball\/freitag-startet-die-vierte-ausgabe-des-reserve-cup\/\"},\"wordCount\":399,\"image\":{\"@id\":\"https:\/\/www.tus-bruchhausen.de\/Fussball\/freitag-startet-die-vierte-ausgabe-des-reserve-cup\/#primaryimage\"},\"thumbnailUrl\":\"http:\/\/www.tus-bruchhausen.de\/Fussball\/wp-content\/uploads\/2015\/01\/1490888_658003577574000_628502240_o.jpg\",\"articleSection\":[\"2. Mannschaft\",\"3. Mannschaft\",\"Abteilung\",\"Spielank\u00fcndigung\",\"Z_APP\"],\"inLanguage\":\"de\"},{\"@type\":\"WebPage\",\"@id\":\"https:\/\/www.tus-bruchhausen.de\/Fussball\/freitag-startet-die-vierte-ausgabe-des-reserve-cup\/\",\"url\":\"https:\/\/www.tus-bruchhausen.de\/Fussball\/freitag-startet-die-vierte-ausgabe-des-reserve-cup\/\",\"name\":\"Freitag startet die vierte Ausgabe des Reserve Cup\",\"isPartOf\":{\"@id\":\"http:\/\/www.tus-bruchhausen.de\/Fussball\/#website\"},\"primaryImageOfPage\":{\"@id\":\"https:\/\/www.tus-bruchhausen.de\/Fussball\/freitag-startet-die-vierte-ausgabe-des-reserve-cup\/#primaryimage\"},\"image\":{\"@id\":\"https:\/\/www.tus-bruchhausen.de\/Fussball\/freitag-startet-die-vierte-ausgabe-des-reserve-cup\/#primaryimage\"},\"thumbnailUrl\":\"http:\/\/www.tus-bruchhausen.de\/Fussball\/wp-content\/uploads\/2015\/01\/1490888_658003577574000_628502240_o.jpg\",\"datePublished\":\"2015-01-13T17:00:10+00:00\",\"dateModified\":\"2015-01-16T22:27:53+00:00\",\"author\":{\"@id\":\"http:\/\/www.tus-bruchhausen.de\/Fussball\/#\/schema\/person\/53a173c5abf387371fd35fcb395bc0af\"},\"breadcrumb\":{\"@id\":\"https:\/\/www.tus-bruchhausen.de\/Fussball\/freitag-startet-die-vierte-ausgabe-des-reserve-cup\/#breadcrumb\"},\"inLanguage\":\"de\",\"potentialAction\":[{\"@type\":\"ReadAction\",\"target\":[\"https:\/\/www.tus-bruchhausen.de\/Fussball\/freitag-startet-die-vierte-ausgabe-des-reserve-cup\/\"]}]},{\"@type\":\"ImageObject\",\"inLanguage\":\"de\",\"@id\":\"https:\/\/www.tus-bruchhausen.de\/Fussball\/freitag-startet-die-vierte-ausgabe-des-reserve-cup\/#primaryimage\",\"url\":\"http:\/\/www.tus-bruchhausen.de\/Fussball\/wp-content\/uploads\/2015\/01\/1490888_658003577574000_628502240_o.jpg\",\"contentUrl\":\"http:\/\/www.tus-bruchhausen.de\/Fussball\/wp-content\/uploads\/2015\/01\/1490888_658003577574000_628502240_o.jpg\",\"width\":1440,\"height\":961},{\"@type\":\"BreadcrumbList\",\"@id\":\"https:\/\/www.tus-bruchhausen.de\/Fussball\/freitag-startet-die-vierte-ausgabe-des-reserve-cup\/#breadcrumb\",\"itemListElement\":[{\"@type\":\"ListItem\",\"position\":1,\"name\":\"Startseite\",\"item\":\"http:\/\/www.tus-bruchhausen.de\/Fussball\/\"},{\"@type\":\"ListItem\",\"position\":2,\"name\":\"Freitag startet die vierte Ausgabe des Reserve Cup\"}]},{\"@type\":\"WebSite\",\"@id\":\"http:\/\/www.tus-bruchhausen.de\/Fussball\/#website\",\"url\":\"http:\/\/www.tus-bruchhausen.de\/Fussball\/\",\"name\":\"TuS Bruchhausen\",\"description\":\"Fu\u00dfball\",\"potentialAction\":[{\"@type\":\"SearchAction\",\"target\":{\"@type\":\"EntryPoint\",\"urlTemplate\":\"http:\/\/www.tus-bruchhausen.de\/Fussball\/?s={search_term_string}\"},\"query-input\":{\"@type\":\"PropertyValueSpecification\",\"valueRequired\":true,\"valueName\":\"search_term_string\"}}],\"inLanguage\":\"de\"},{\"@type\":\"Person\",\"@id\":\"http:\/\/www.tus-bruchhausen.de\/Fussball\/#\/schema\/person\/53a173c5abf387371fd35fcb395bc0af\",\"name\":\"Dominic Gabriel\",\"image\":{\"@type\":\"ImageObject\",\"inLanguage\":\"de\",\"@id\":\"https:\/\/secure.gravatar.com\/avatar\/750762ec91b9970d725a622f9a107d8412b787d34f1fd38dd08605665102440c?s=96&d=mm&r=g\",\"url\":\"https:\/\/secure.gravatar.com\/avatar\/750762ec91b9970d725a622f9a107d8412b787d34f1fd38dd08605665102440c?s=96&d=mm&r=g\",\"contentUrl\":\"https:\/\/secure.gravatar.com\/avatar\/750762ec91b9970d725a622f9a107d8412b787d34f1fd38dd08605665102440c?s=96&d=mm&r=g\",\"caption\":\"Dominic Gabriel\"}}]}<\/script>\n<!-- \/ Yoast SEO plugin. -->","yoast_head_json":{"title":"Freitag startet die vierte Ausgabe des Reserve Cup","robots":{"index":"index","follow":"follow","max-snippet":"max-snippet:-1","max-image-preview":"max-image-preview:large","max-video-preview":"max-video-preview:-1"},"canonical":"https:\/\/www.tus-bruchhausen.de\/Fussball\/freitag-startet-die-vierte-ausgabe-des-reserve-cup\/","og_locale":"de_DE","og_type":"article","og_title":"Freitag startet die vierte Ausgabe des Reserve Cup","og_description":"Am Freitag, den 16. Januar 2015 k\u00e4mpfen wieder 12 Mannschaften in der Sporthalle &#8220;Gro\u00dfe Wiese&#8221; in H\u00fcsten und die Krone der C-Liga Reserve Teams. In diesem Jahr gehen die Teams in drei vierer Gruppen an den Start. Er\u00f6ffnet wird die vierte Ausgabe des Hallenturniers mit dem Spiel des TuS Vosswinkel II gegen den SuS Westenfeld [&hellip;]","og_url":"https:\/\/www.tus-bruchhausen.de\/Fussball\/freitag-startet-die-vierte-ausgabe-des-reserve-cup\/","og_site_name":"TuS Bruchhausen","article_publisher":"https:\/\/www.facebook.com\/TuS02\/","article_published_time":"2015-01-13T17:00:10+00:00","article_modified_time":"2015-01-16T22:27:53+00:00","og_image":[{"width":1440,"height":961,"url":"https:\/\/www.tus-bruchhausen.de\/Fussball\/wp-content\/uploads\/2015\/01\/1490888_658003577574000_628502240_o.jpg","type":"image\/jpeg"}],"author":"Dominic Gabriel","twitter_card":"summary_large_image","twitter_misc":{"Verfasst von":"Dominic Gabriel","Gesch\u00e4tzte Lesezeit":"2\u00a0Minuten"},"schema":{"@context":"https:\/\/schema.org","@graph":[{"@type":"Article","@id":"https:\/\/www.tus-bruchhausen.de\/Fussball\/freitag-startet-die-vierte-ausgabe-des-reserve-cup\/#article","isPartOf":{"@id":"https:\/\/www.tus-bruchhausen.de\/Fussball\/freitag-startet-die-vierte-ausgabe-des-reserve-cup\/"},"author":{"name":"Dominic Gabriel","@id":"http:\/\/www.tus-bruchhausen.de\/Fussball\/#\/schema\/person\/53a173c5abf387371fd35fcb395bc0af"},"headline":"Freitag startet die vierte Ausgabe des Reserve Cup","datePublished":"2015-01-13T17:00:10+00:00","dateModified":"2015-01-16T22:27:53+00:00","mainEntityOfPage":{"@id":"https:\/\/www.tus-bruchhausen.de\/Fussball\/freitag-startet-die-vierte-ausgabe-des-reserve-cup\/"},"wordCount":399,"image":{"@id":"https:\/\/www.tus-bruchhausen.de\/Fussball\/freitag-startet-die-vierte-ausgabe-des-reserve-cup\/#primaryimage"},"thumbnailUrl":"http:\/\/www.tus-bruchhausen.de\/Fussball\/wp-content\/uploads\/2015\/01\/1490888_658003577574000_628502240_o.jpg","articleSection":["2. Mannschaft","3. Mannschaft","Abteilung","Spielank\u00fcndigung","Z_APP"],"inLanguage":"de"},{"@type":"WebPage","@id":"https:\/\/www.tus-bruchhausen.de\/Fussball\/freitag-startet-die-vierte-ausgabe-des-reserve-cup\/","url":"https:\/\/www.tus-bruchhausen.de\/Fussball\/freitag-startet-die-vierte-ausgabe-des-reserve-cup\/","name":"Freitag startet die vierte Ausgabe des Reserve Cup","isPartOf":{"@id":"http:\/\/www.tus-bruchhausen.de\/Fussball\/#website"},"primaryImageOfPage":{"@id":"https:\/\/www.tus-bruchhausen.de\/Fussball\/freitag-startet-die-vierte-ausgabe-des-reserve-cup\/#primaryimage"},"image":{"@id":"https:\/\/www.tus-bruchhausen.de\/Fussball\/freitag-startet-die-vierte-ausgabe-des-reserve-cup\/#primaryimage"},"thumbnailUrl":"http:\/\/www.tus-bruchhausen.de\/Fussball\/wp-content\/uploads\/2015\/01\/1490888_658003577574000_628502240_o.jpg","datePublished":"2015-01-13T17:00:10+00:00","dateModified":"2015-01-16T22:27:53+00:00","author":{"@id":"http:\/\/www.tus-bruchhausen.de\/Fussball\/#\/schema\/person\/53a173c5abf387371fd35fcb395bc0af"},"breadcrumb":{"@id":"https:\/\/www.tus-bruchhausen.de\/Fussball\/freitag-startet-die-vierte-ausgabe-des-reserve-cup\/#breadcrumb"},"inLanguage":"de","potentialAction":[{"@type":"ReadAction","target":["https:\/\/www.tus-bruchhausen.de\/Fussball\/freitag-startet-die-vierte-ausgabe-des-reserve-cup\/"]}]},{"@type":"ImageObject","inLanguage":"de","@id":"https:\/\/www.tus-bruchhausen.de\/Fussball\/freitag-startet-die-vierte-ausgabe-des-reserve-cup\/#primaryimage","url":"http:\/\/www.tus-bruchhausen.de\/Fussball\/wp-content\/uploads\/2015\/01\/1490888_658003577574000_628502240_o.jpg","contentUrl":"http:\/\/www.tus-bruchhausen.de\/Fussball\/wp-content\/uploads\/2015\/01\/1490888_658003577574000_628502240_o.jpg","width":1440,"height":961},{"@type":"BreadcrumbList","@id":"https:\/\/www.tus-bruchhausen.de\/Fussball\/freitag-startet-die-vierte-ausgabe-des-reserve-cup\/#breadcrumb","itemListElement":[{"@type":"ListItem","position":1,"name":"Startseite","item":"http:\/\/www.tus-bruchhausen.de\/Fussball\/"},{"@type":"ListItem","position":2,"name":"Freitag startet die vierte Ausgabe des Reserve Cup"}]},{"@type":"WebSite","@id":"http:\/\/www.tus-bruchhausen.de\/Fussball\/#website","url":"http:\/\/www.tus-bruchhausen.de\/Fussball\/","name":"TuS Bruchhausen","description":"Fu\u00dfball","potentialAction":[{"@type":"SearchAction","target":{"@type":"EntryPoint","urlTemplate":"http:\/\/www.tus-bruchhausen.de\/Fussball\/?s={search_term_string}"},"query-input":{"@type":"PropertyValueSpecification","valueRequired":true,"valueName":"search_term_string"}}],"inLanguage":"de"},{"@type":"Person","@id":"http:\/\/www.tus-bruchhausen.de\/Fussball\/#\/schema\/person\/53a173c5abf387371fd35fcb395bc0af","name":"Dominic Gabriel","image":{"@type":"ImageObject","inLanguage":"de","@id":"https:\/\/secure.gravatar.com\/avatar\/750762ec91b9970d725a622f9a107d8412b787d34f1fd38dd08605665102440c?s=96&d=mm&r=g","url":"https:\/\/secure.gravatar.com\/avatar\/750762ec91b9970d725a622f9a107d8412b787d34f1fd38dd08605665102440c?s=96&d=mm&r=g","contentUrl":"https:\/\/secure.gravatar.com\/avatar\/750762ec91b9970d725a622f9a107d8412b787d34f1fd38dd08605665102440c?s=96&d=mm&r=g","caption":"Dominic Gabriel"}}]}},"_links":{"self":[{"href":"http:\/\/www.tus-bruchhausen.de\/Fussball\/wp-json\/wp\/v2\/posts\/5439","targetHints":{"allow":["GET"]}}],"collection":[{"href":"http:\/\/www.tus-bruchhausen.de\/Fussball\/wp-json\/wp\/v2\/posts"}],"about":[{"href":"http:\/\/www.tus-bruchhausen.de\/Fussball\/wp-json\/wp\/v2\/types\/post"}],"author":[{"embeddable":true,"href":"http:\/\/www.tus-bruchhausen.de\/Fussball\/wp-json\/wp\/v2\/users\/6"}],"replies":[{"embeddable":true,"href":"http:\/\/www.tus-bruchhausen.de\/Fussball\/wp-json\/wp\/v2\/comments?post=5439"}],"version-history":[{"count":7,"href":"http:\/\/www.tus-bruchhausen.de\/Fussball\/wp-json\/wp\/v2\/posts\/5439\/revisions"}],"predecessor-version":[{"id":5481,"href":"http:\/\/www.tus-bruchhausen.de\/Fussball\/wp-json\/wp\/v2\/posts\/5439\/revisions\/5481"}],"wp:featuredmedia":[{"embeddable":true,"href":"http:\/\/www.tus-bruchhausen.de\/Fussball\/wp-json\/wp\/v2\/media\/5440"}],"wp:attachment":[{"href":"http:\/\/www.tus-bruchhausen.de\/Fussball\/wp-json\/wp\/v2\/media?parent=5439"}],"wp:term":[{"taxonomy":"category","embeddable":true,"href":"http:\/\/www.tus-bruchhausen.de\/Fussball\/wp-json\/wp\/v2\/categories?post=5439"},{"taxonomy":"post_tag","embeddable":true,"href":"http:\/\/www.tus-bruchhausen.de\/Fussball\/wp-json\/wp\/v2\/tags?post=5439"}],"curies":[{"name":"wp","href":"https:\/\/api.w.org\/{rel}","templated":true}]}}