{"id":5457,"date":"2015-01-17T10:00:03","date_gmt":"2015-01-17T09:00:03","guid":{"rendered":"http:\/\/tus-bruchhausen.de\/Fussball\/?p=5457"},"modified":"2015-01-18T19:46:29","modified_gmt":"2015-01-18T18:46:29","slug":"hiag-elf-spielt-beim-regional-cup-in-wickede","status":"publish","type":"post","link":"http:\/\/www.tus-bruchhausen.de\/Fussball\/hiag-elf-spielt-beim-regional-cup-in-wickede\/","title":{"rendered":"Hiag-Elf spielt beim RegionalCup in Wickede"},"content":{"rendered":"<p>Der RWE WinterCup geht f\u00fcr den TuS Bruchhausen in die n\u00e4chste Runde. Nach dem erfolgreichen Abschneiden in der Vorrunde startet die Mannschaft von Trainer Freddy Quebbemann am kommenden Sonntag, den 18. Januar beim RegionalCup in der Sporthalle Wickede. Zuletzt erreichte die TuS-Elf vor zwei Jahren den RegionalCup.<\/p>\n<p>Die Vorrunde des RWE WinterCup in K\u00f6rbecke hatte der TuS Bruchhausen mit 17 Punkten auf dem vierten Rang gemeistert. Der R\u00fcckstand auf den Vorrundensieger betrug nur einen Z\u00e4hler. Damit qualifizierte sich das TuS-Team f\u00fcr den RegionalCup \u2013 Soester B\u00f6rde am Sonntag, den 18. Januar in Wickede. In der zweiten Runde des RWE WinterCup trifft der TuS Bruchhausen nun auf den Soester-A Kreisligisten TuS Bremen, den A-Ligist Ahlener SG 1993 und den Bezirksligisten SSV Kalthof.<\/p>\n<figure id=\"attachment_5464\" aria-describedby=\"caption-attachment-5464\" style=\"width: 200px\" class=\"wp-caption alignright\"><a href=\"http:\/\/tus-bruchhausen.de\/Fussball\/wp-content\/uploads\/2015\/01\/IMG_5914.jpg\" rel=\"lightbox[5457]\"><img loading=\"lazy\" decoding=\"async\" class=\"size-medium wp-image-5464\" src=\"http:\/\/tus-bruchhausen.de\/Fussball\/wp-content\/uploads\/2015\/01\/IMG_5914-200x133.jpg\" alt=\"In Vorrunde erspielte sich der TuS 17 Punkte in K\u00f6rbecke\" width=\"200\" height=\"133\" srcset=\"http:\/\/www.tus-bruchhausen.de\/Fussball\/wp-content\/uploads\/2015\/01\/IMG_5914-200x133.jpg 200w, http:\/\/www.tus-bruchhausen.de\/Fussball\/wp-content\/uploads\/2015\/01\/IMG_5914-563x376.jpg 563w, http:\/\/www.tus-bruchhausen.de\/Fussball\/wp-content\/uploads\/2015\/01\/IMG_5914-900x601.jpg 900w, http:\/\/www.tus-bruchhausen.de\/Fussball\/wp-content\/uploads\/2015\/01\/IMG_5914.jpg 1440w\" sizes=\"auto, (max-width: 200px) 100vw, 200px\" \/><\/a><figcaption id=\"caption-attachment-5464\" class=\"wp-caption-text\">In Vorrunde erspielte sich der TuS 17 Punkte in K\u00f6rbecke<\/figcaption><\/figure>\n<p>Das erste Spiel bestreitet der TuS Bruchhausen um 11:44 Uhr gegen Bezirksligist SSV Kalthof. Der Vierte der Bezirksliga 6 aus dem Kreis Iserlohn beendete die Vorrunde mit 16 Punkten auf dem dritten Platz.<\/p>\n<p>Mit dem TuS Bremen, dem Sieger der Gruppe 7 in Wickede wartet ein starker Gegner auf die TuS-Elf. In der Vorrunde holte der TuS Bremen 22 Punkte und kassierte lediglich zwei Gegentore. In der Vorrunde spielte zudem Sommer-Neuzugang Sascha Feldmann f\u00fcr die &#8220;Hussaren&#8221; aus Bremen. Im zweiten Spiel gegen 12:28 Uhr kommt es dann zum direkten Duell.<\/p>\n<p><iframe loading=\"lazy\" style=\"border: 0; float: right;\" src=\"https:\/\/www.google.com\/maps\/embed?pb=!1m18!1m12!1m3!1d1193.260029044582!2d7.87708542747527!3d51.4986901099669!2m3!1f0!2f0!3f0!3m2!1i1024!2i768!4f13.1!3m3!1m2!1s0x47b968b407923c3b%3A0xb8e9689b1f4a8c6!2sH%C3%B6velstra%C3%9Fe+8%2C+58739+Wickede+(Ruhr)!5e1!3m2!1sde!2sde!4v1421178494265\" width=\"250\" height=\"350\" frameborder=\"0\"><\/iframe>Im letzten Gruppenspiel um 14:40 Uhr trifft die Hiag-Elf auf die\u00a0Ahlener SG 1993. Der A-Kreisligist holte in der Vorrunden Gruppe den zweiten Platz hinter Oberligist SV Lippstadt 08. Insgesamt sammelte\u00a0die\u00a0Ahlener SG 17 Punkte und unterlag dem Oberligisten\u00a0lediglich\u00a0mit 0:1.<\/p>\n<p>Die jeweils\u00a0Ersten und Zweiten der Gruppenphase ziehen\u00a0in die Doppel-KO-Runde des\u00a0RegionalCup ein. Dort k\u00f6nnte der TuS Bruchhausen dann auch auf den\u00a0SV Lippstadt 08 treffen. Zudem spielen\u00a0in der Halle Wickede u. a. die Landesligisten\u00a0SV Hilbeck und BSV Menden um den Einzug in die Playoff-Endrunde. Nur die besten drei Teams des RegionalCups ziehen in die Endrunde ein. F\u00fcr den TuS Bruchhausen w\u00e4re beim\u00a0Erreichen der Doppel-KO-Runde\u00a0zumindest der VorwegCup der besten 16 Kreisligisten am 31. Januar\u00a0realistisch.<\/p>\n<p>Die Sporthalle in Wickede befindet sich auf H\u00f6velstra\u00dfe 8.<\/p>\n<p>&nbsp;<\/p>\n","protected":false},"excerpt":{"rendered":"<p>Der RWE WinterCup geht f\u00fcr den TuS Bruchhausen in die n\u00e4chste Runde. Nach dem erfolgreichen Abschneiden in der Vorrunde startet die Mannschaft von Trainer Freddy Quebbemann am kommenden Sonntag, den 18. Januar beim RegionalCup in der Sporthalle Wickede. Zuletzt erreichte die TuS-Elf vor zwei Jahren den RegionalCup. Die Vorrunde des RWE WinterCup in K\u00f6rbecke hatte [&hellip;]<\/p>\n","protected":false},"author":6,"featured_media":5462,"comment_status":"closed","ping_status":"closed","sticky":false,"template":"","format":"standard","meta":{"footnotes":""},"categories":[18],"tags":[],"class_list":["post-5457","post","type-post","status-publish","format-standard","has-post-thumbnail","hentry","category-spielankuendigung","small-justify-block","has-thumb"],"yoast_head":"<!-- This site is optimized with the Yoast SEO plugin v27.2 - https:\/\/yoast.com\/product\/yoast-seo-wordpress\/ -->\n<title>Hiag-Elf spielt beim RegionalCup in Wickede<\/title>\n<meta name=\"robots\" content=\"index, follow, max-snippet:-1, max-image-preview:large, max-video-preview:-1\" \/>\n<link rel=\"canonical\" href=\"https:\/\/www.tus-bruchhausen.de\/Fussball\/hiag-elf-spielt-beim-regional-cup-in-wickede\/\" \/>\n<meta property=\"og:locale\" content=\"de_DE\" \/>\n<meta property=\"og:type\" content=\"article\" \/>\n<meta property=\"og:title\" content=\"Hiag-Elf spielt beim RegionalCup in Wickede\" \/>\n<meta property=\"og:description\" content=\"Der RWE WinterCup geht f\u00fcr den TuS Bruchhausen in die n\u00e4chste Runde. Nach dem erfolgreichen Abschneiden in der Vorrunde startet die Mannschaft von Trainer Freddy Quebbemann am kommenden Sonntag, den 18. Januar beim RegionalCup in der Sporthalle Wickede. Zuletzt erreichte die TuS-Elf vor zwei Jahren den RegionalCup. Die Vorrunde des RWE WinterCup in K\u00f6rbecke hatte [&hellip;]\" \/>\n<meta property=\"og:url\" content=\"https:\/\/www.tus-bruchhausen.de\/Fussball\/hiag-elf-spielt-beim-regional-cup-in-wickede\/\" \/>\n<meta property=\"og:site_name\" content=\"TuS Bruchhausen\" \/>\n<meta property=\"article:publisher\" content=\"https:\/\/www.facebook.com\/TuS02\/\" \/>\n<meta property=\"article:published_time\" content=\"2015-01-17T09:00:03+00:00\" \/>\n<meta property=\"article:modified_time\" content=\"2015-01-18T18:46:29+00:00\" \/>\n<meta property=\"og:image\" content=\"https:\/\/www.tus-bruchhausen.de\/Fussball\/wp-content\/uploads\/2015\/01\/IMG_2823-1440x893.jpg\" \/>\n\t<meta property=\"og:image:width\" content=\"1440\" \/>\n\t<meta property=\"og:image:height\" content=\"893\" \/>\n\t<meta property=\"og:image:type\" content=\"image\/jpeg\" \/>\n<meta name=\"author\" content=\"Dominic Gabriel\" \/>\n<meta name=\"twitter:card\" content=\"summary_large_image\" \/>\n<meta name=\"twitter:label1\" content=\"Verfasst von\" \/>\n\t<meta name=\"twitter:data1\" content=\"Dominic Gabriel\" \/>\n\t<meta name=\"twitter:label2\" content=\"Gesch\u00e4tzte Lesezeit\" \/>\n\t<meta name=\"twitter:data2\" content=\"2\u00a0Minuten\" \/>\n<script type=\"application\/ld+json\" class=\"yoast-schema-graph\">{\"@context\":\"https:\/\/schema.org\",\"@graph\":[{\"@type\":\"Article\",\"@id\":\"https:\/\/www.tus-bruchhausen.de\/Fussball\/hiag-elf-spielt-beim-regional-cup-in-wickede\/#article\",\"isPartOf\":{\"@id\":\"https:\/\/www.tus-bruchhausen.de\/Fussball\/hiag-elf-spielt-beim-regional-cup-in-wickede\/\"},\"author\":{\"name\":\"Dominic Gabriel\",\"@id\":\"http:\/\/www.tus-bruchhausen.de\/Fussball\/#\/schema\/person\/53a173c5abf387371fd35fcb395bc0af\"},\"headline\":\"Hiag-Elf spielt beim RegionalCup in Wickede\",\"datePublished\":\"2015-01-17T09:00:03+00:00\",\"dateModified\":\"2015-01-18T18:46:29+00:00\",\"mainEntityOfPage\":{\"@id\":\"https:\/\/www.tus-bruchhausen.de\/Fussball\/hiag-elf-spielt-beim-regional-cup-in-wickede\/\"},\"wordCount\":360,\"image\":{\"@id\":\"https:\/\/www.tus-bruchhausen.de\/Fussball\/hiag-elf-spielt-beim-regional-cup-in-wickede\/#primaryimage\"},\"thumbnailUrl\":\"http:\/\/www.tus-bruchhausen.de\/Fussball\/wp-content\/uploads\/2015\/01\/IMG_2823-1440x893.jpg\",\"articleSection\":[\"Spielank\u00fcndigung\"],\"inLanguage\":\"de\"},{\"@type\":\"WebPage\",\"@id\":\"https:\/\/www.tus-bruchhausen.de\/Fussball\/hiag-elf-spielt-beim-regional-cup-in-wickede\/\",\"url\":\"https:\/\/www.tus-bruchhausen.de\/Fussball\/hiag-elf-spielt-beim-regional-cup-in-wickede\/\",\"name\":\"Hiag-Elf spielt beim RegionalCup in Wickede\",\"isPartOf\":{\"@id\":\"http:\/\/www.tus-bruchhausen.de\/Fussball\/#website\"},\"primaryImageOfPage\":{\"@id\":\"https:\/\/www.tus-bruchhausen.de\/Fussball\/hiag-elf-spielt-beim-regional-cup-in-wickede\/#primaryimage\"},\"image\":{\"@id\":\"https:\/\/www.tus-bruchhausen.de\/Fussball\/hiag-elf-spielt-beim-regional-cup-in-wickede\/#primaryimage\"},\"thumbnailUrl\":\"http:\/\/www.tus-bruchhausen.de\/Fussball\/wp-content\/uploads\/2015\/01\/IMG_2823-1440x893.jpg\",\"datePublished\":\"2015-01-17T09:00:03+00:00\",\"dateModified\":\"2015-01-18T18:46:29+00:00\",\"author\":{\"@id\":\"http:\/\/www.tus-bruchhausen.de\/Fussball\/#\/schema\/person\/53a173c5abf387371fd35fcb395bc0af\"},\"breadcrumb\":{\"@id\":\"https:\/\/www.tus-bruchhausen.de\/Fussball\/hiag-elf-spielt-beim-regional-cup-in-wickede\/#breadcrumb\"},\"inLanguage\":\"de\",\"potentialAction\":[{\"@type\":\"ReadAction\",\"target\":[\"https:\/\/www.tus-bruchhausen.de\/Fussball\/hiag-elf-spielt-beim-regional-cup-in-wickede\/\"]}]},{\"@type\":\"ImageObject\",\"inLanguage\":\"de\",\"@id\":\"https:\/\/www.tus-bruchhausen.de\/Fussball\/hiag-elf-spielt-beim-regional-cup-in-wickede\/#primaryimage\",\"url\":\"http:\/\/www.tus-bruchhausen.de\/Fussball\/wp-content\/uploads\/2015\/01\/IMG_2823-1440x893.jpg\",\"contentUrl\":\"http:\/\/www.tus-bruchhausen.de\/Fussball\/wp-content\/uploads\/2015\/01\/IMG_2823-1440x893.jpg\",\"width\":1440,\"height\":893},{\"@type\":\"BreadcrumbList\",\"@id\":\"https:\/\/www.tus-bruchhausen.de\/Fussball\/hiag-elf-spielt-beim-regional-cup-in-wickede\/#breadcrumb\",\"itemListElement\":[{\"@type\":\"ListItem\",\"position\":1,\"name\":\"Startseite\",\"item\":\"http:\/\/www.tus-bruchhausen.de\/Fussball\/\"},{\"@type\":\"ListItem\",\"position\":2,\"name\":\"Hiag-Elf spielt beim RegionalCup in Wickede\"}]},{\"@type\":\"WebSite\",\"@id\":\"http:\/\/www.tus-bruchhausen.de\/Fussball\/#website\",\"url\":\"http:\/\/www.tus-bruchhausen.de\/Fussball\/\",\"name\":\"TuS Bruchhausen\",\"description\":\"Fu\u00dfball\",\"potentialAction\":[{\"@type\":\"SearchAction\",\"target\":{\"@type\":\"EntryPoint\",\"urlTemplate\":\"http:\/\/www.tus-bruchhausen.de\/Fussball\/?s={search_term_string}\"},\"query-input\":{\"@type\":\"PropertyValueSpecification\",\"valueRequired\":true,\"valueName\":\"search_term_string\"}}],\"inLanguage\":\"de\"},{\"@type\":\"Person\",\"@id\":\"http:\/\/www.tus-bruchhausen.de\/Fussball\/#\/schema\/person\/53a173c5abf387371fd35fcb395bc0af\",\"name\":\"Dominic Gabriel\",\"image\":{\"@type\":\"ImageObject\",\"inLanguage\":\"de\",\"@id\":\"https:\/\/secure.gravatar.com\/avatar\/750762ec91b9970d725a622f9a107d8412b787d34f1fd38dd08605665102440c?s=96&d=mm&r=g\",\"url\":\"https:\/\/secure.gravatar.com\/avatar\/750762ec91b9970d725a622f9a107d8412b787d34f1fd38dd08605665102440c?s=96&d=mm&r=g\",\"contentUrl\":\"https:\/\/secure.gravatar.com\/avatar\/750762ec91b9970d725a622f9a107d8412b787d34f1fd38dd08605665102440c?s=96&d=mm&r=g\",\"caption\":\"Dominic Gabriel\"}}]}<\/script>\n<!-- \/ Yoast SEO plugin. -->","yoast_head_json":{"title":"Hiag-Elf spielt beim RegionalCup in Wickede","robots":{"index":"index","follow":"follow","max-snippet":"max-snippet:-1","max-image-preview":"max-image-preview:large","max-video-preview":"max-video-preview:-1"},"canonical":"https:\/\/www.tus-bruchhausen.de\/Fussball\/hiag-elf-spielt-beim-regional-cup-in-wickede\/","og_locale":"de_DE","og_type":"article","og_title":"Hiag-Elf spielt beim RegionalCup in Wickede","og_description":"Der RWE WinterCup geht f\u00fcr den TuS Bruchhausen in die n\u00e4chste Runde. Nach dem erfolgreichen Abschneiden in der Vorrunde startet die Mannschaft von Trainer Freddy Quebbemann am kommenden Sonntag, den 18. Januar beim RegionalCup in der Sporthalle Wickede. Zuletzt erreichte die TuS-Elf vor zwei Jahren den RegionalCup. Die Vorrunde des RWE WinterCup in K\u00f6rbecke hatte [&hellip;]","og_url":"https:\/\/www.tus-bruchhausen.de\/Fussball\/hiag-elf-spielt-beim-regional-cup-in-wickede\/","og_site_name":"TuS Bruchhausen","article_publisher":"https:\/\/www.facebook.com\/TuS02\/","article_published_time":"2015-01-17T09:00:03+00:00","article_modified_time":"2015-01-18T18:46:29+00:00","og_image":[{"width":1440,"height":893,"url":"https:\/\/www.tus-bruchhausen.de\/Fussball\/wp-content\/uploads\/2015\/01\/IMG_2823-1440x893.jpg","type":"image\/jpeg"}],"author":"Dominic Gabriel","twitter_card":"summary_large_image","twitter_misc":{"Verfasst von":"Dominic Gabriel","Gesch\u00e4tzte Lesezeit":"2\u00a0Minuten"},"schema":{"@context":"https:\/\/schema.org","@graph":[{"@type":"Article","@id":"https:\/\/www.tus-bruchhausen.de\/Fussball\/hiag-elf-spielt-beim-regional-cup-in-wickede\/#article","isPartOf":{"@id":"https:\/\/www.tus-bruchhausen.de\/Fussball\/hiag-elf-spielt-beim-regional-cup-in-wickede\/"},"author":{"name":"Dominic Gabriel","@id":"http:\/\/www.tus-bruchhausen.de\/Fussball\/#\/schema\/person\/53a173c5abf387371fd35fcb395bc0af"},"headline":"Hiag-Elf spielt beim RegionalCup in Wickede","datePublished":"2015-01-17T09:00:03+00:00","dateModified":"2015-01-18T18:46:29+00:00","mainEntityOfPage":{"@id":"https:\/\/www.tus-bruchhausen.de\/Fussball\/hiag-elf-spielt-beim-regional-cup-in-wickede\/"},"wordCount":360,"image":{"@id":"https:\/\/www.tus-bruchhausen.de\/Fussball\/hiag-elf-spielt-beim-regional-cup-in-wickede\/#primaryimage"},"thumbnailUrl":"http:\/\/www.tus-bruchhausen.de\/Fussball\/wp-content\/uploads\/2015\/01\/IMG_2823-1440x893.jpg","articleSection":["Spielank\u00fcndigung"],"inLanguage":"de"},{"@type":"WebPage","@id":"https:\/\/www.tus-bruchhausen.de\/Fussball\/hiag-elf-spielt-beim-regional-cup-in-wickede\/","url":"https:\/\/www.tus-bruchhausen.de\/Fussball\/hiag-elf-spielt-beim-regional-cup-in-wickede\/","name":"Hiag-Elf spielt beim RegionalCup in Wickede","isPartOf":{"@id":"http:\/\/www.tus-bruchhausen.de\/Fussball\/#website"},"primaryImageOfPage":{"@id":"https:\/\/www.tus-bruchhausen.de\/Fussball\/hiag-elf-spielt-beim-regional-cup-in-wickede\/#primaryimage"},"image":{"@id":"https:\/\/www.tus-bruchhausen.de\/Fussball\/hiag-elf-spielt-beim-regional-cup-in-wickede\/#primaryimage"},"thumbnailUrl":"http:\/\/www.tus-bruchhausen.de\/Fussball\/wp-content\/uploads\/2015\/01\/IMG_2823-1440x893.jpg","datePublished":"2015-01-17T09:00:03+00:00","dateModified":"2015-01-18T18:46:29+00:00","author":{"@id":"http:\/\/www.tus-bruchhausen.de\/Fussball\/#\/schema\/person\/53a173c5abf387371fd35fcb395bc0af"},"breadcrumb":{"@id":"https:\/\/www.tus-bruchhausen.de\/Fussball\/hiag-elf-spielt-beim-regional-cup-in-wickede\/#breadcrumb"},"inLanguage":"de","potentialAction":[{"@type":"ReadAction","target":["https:\/\/www.tus-bruchhausen.de\/Fussball\/hiag-elf-spielt-beim-regional-cup-in-wickede\/"]}]},{"@type":"ImageObject","inLanguage":"de","@id":"https:\/\/www.tus-bruchhausen.de\/Fussball\/hiag-elf-spielt-beim-regional-cup-in-wickede\/#primaryimage","url":"http:\/\/www.tus-bruchhausen.de\/Fussball\/wp-content\/uploads\/2015\/01\/IMG_2823-1440x893.jpg","contentUrl":"http:\/\/www.tus-bruchhausen.de\/Fussball\/wp-content\/uploads\/2015\/01\/IMG_2823-1440x893.jpg","width":1440,"height":893},{"@type":"BreadcrumbList","@id":"https:\/\/www.tus-bruchhausen.de\/Fussball\/hiag-elf-spielt-beim-regional-cup-in-wickede\/#breadcrumb","itemListElement":[{"@type":"ListItem","position":1,"name":"Startseite","item":"http:\/\/www.tus-bruchhausen.de\/Fussball\/"},{"@type":"ListItem","position":2,"name":"Hiag-Elf spielt beim RegionalCup in Wickede"}]},{"@type":"WebSite","@id":"http:\/\/www.tus-bruchhausen.de\/Fussball\/#website","url":"http:\/\/www.tus-bruchhausen.de\/Fussball\/","name":"TuS Bruchhausen","description":"Fu\u00dfball","potentialAction":[{"@type":"SearchAction","target":{"@type":"EntryPoint","urlTemplate":"http:\/\/www.tus-bruchhausen.de\/Fussball\/?s={search_term_string}"},"query-input":{"@type":"PropertyValueSpecification","valueRequired":true,"valueName":"search_term_string"}}],"inLanguage":"de"},{"@type":"Person","@id":"http:\/\/www.tus-bruchhausen.de\/Fussball\/#\/schema\/person\/53a173c5abf387371fd35fcb395bc0af","name":"Dominic Gabriel","image":{"@type":"ImageObject","inLanguage":"de","@id":"https:\/\/secure.gravatar.com\/avatar\/750762ec91b9970d725a622f9a107d8412b787d34f1fd38dd08605665102440c?s=96&d=mm&r=g","url":"https:\/\/secure.gravatar.com\/avatar\/750762ec91b9970d725a622f9a107d8412b787d34f1fd38dd08605665102440c?s=96&d=mm&r=g","contentUrl":"https:\/\/secure.gravatar.com\/avatar\/750762ec91b9970d725a622f9a107d8412b787d34f1fd38dd08605665102440c?s=96&d=mm&r=g","caption":"Dominic Gabriel"}}]}},"_links":{"self":[{"href":"http:\/\/www.tus-bruchhausen.de\/Fussball\/wp-json\/wp\/v2\/posts\/5457","targetHints":{"allow":["GET"]}}],"collection":[{"href":"http:\/\/www.tus-bruchhausen.de\/Fussball\/wp-json\/wp\/v2\/posts"}],"about":[{"href":"http:\/\/www.tus-bruchhausen.de\/Fussball\/wp-json\/wp\/v2\/types\/post"}],"author":[{"embeddable":true,"href":"http:\/\/www.tus-bruchhausen.de\/Fussball\/wp-json\/wp\/v2\/users\/6"}],"replies":[{"embeddable":true,"href":"http:\/\/www.tus-bruchhausen.de\/Fussball\/wp-json\/wp\/v2\/comments?post=5457"}],"version-history":[{"count":17,"href":"http:\/\/www.tus-bruchhausen.de\/Fussball\/wp-json\/wp\/v2\/posts\/5457\/revisions"}],"predecessor-version":[{"id":5477,"href":"http:\/\/www.tus-bruchhausen.de\/Fussball\/wp-json\/wp\/v2\/posts\/5457\/revisions\/5477"}],"wp:featuredmedia":[{"embeddable":true,"href":"http:\/\/www.tus-bruchhausen.de\/Fussball\/wp-json\/wp\/v2\/media\/5462"}],"wp:attachment":[{"href":"http:\/\/www.tus-bruchhausen.de\/Fussball\/wp-json\/wp\/v2\/media?parent=5457"}],"wp:term":[{"taxonomy":"category","embeddable":true,"href":"http:\/\/www.tus-bruchhausen.de\/Fussball\/wp-json\/wp\/v2\/categories?post=5457"},{"taxonomy":"post_tag","embeddable":true,"href":"http:\/\/www.tus-bruchhausen.de\/Fussball\/wp-json\/wp\/v2\/tags?post=5457"}],"curies":[{"name":"wp","href":"https:\/\/api.w.org\/{rel}","templated":true}]}}