{"id":5501,"date":"2015-01-18T19:55:44","date_gmt":"2015-01-18T18:55:44","guid":{"rendered":"http:\/\/tus-bruchhausen.de\/Fussball\/?p=5501"},"modified":"2015-01-19T12:42:25","modified_gmt":"2015-01-19T11:42:25","slug":"hiag-elf-erreicht-beste-platzierung-beim-regionalcup","status":"publish","type":"post","link":"http:\/\/www.tus-bruchhausen.de\/Fussball\/hiag-elf-erreicht-beste-platzierung-beim-regionalcup\/","title":{"rendered":"Hiag-Elf erreicht beste Platzierung beim RegionalCup"},"content":{"rendered":"<p>Der TuS Bruchhausen hat beim RegionalCup des RWE WinterCup den achten Platz belegt. Das ist die beste Platzierung des TuS 02 in der Historie des RWE WinterCup. Im RegionalCup sicherte sich die Hiag-Elf zun\u00e4chst souver\u00e4n mit sieben Punkten den Gruppensieg. Anschlie\u00dfend musste man sich in der Doppel-KO-Phase dem TuS Wickede und Landesligisten SV Hilbeck geschlagen geben. Damit beendet die Mannschaft von Trainer Freddy Quebbemann die erfolgreiche Hallenrunde f\u00fcr diesen Winter mit einem weiteren Achtungserfolg.<\/p>\n<p><a href=\"http:\/\/tus-bruchhausen.de\/Fussball\/wp-content\/uploads\/2015\/01\/rwe.png\" rel=\"lightbox[5501]\"><img loading=\"lazy\" decoding=\"async\" class=\"alignright size-medium wp-image-5514\" src=\"http:\/\/tus-bruchhausen.de\/Fussball\/wp-content\/uploads\/2015\/01\/rwe-200x91.png\" alt=\"rwe\" width=\"200\" height=\"91\" srcset=\"http:\/\/www.tus-bruchhausen.de\/Fussball\/wp-content\/uploads\/2015\/01\/rwe-200x91.png 200w, http:\/\/www.tus-bruchhausen.de\/Fussball\/wp-content\/uploads\/2015\/01\/rwe-232x104.png 232w, http:\/\/www.tus-bruchhausen.de\/Fussball\/wp-content\/uploads\/2015\/01\/rwe.png 516w\" sizes=\"auto, (max-width: 200px) 100vw, 200px\" \/><\/a>Im ersten Gruppenspiel im RegionalCup gegen Bezirksligist SSV Kalthof sicherte sich der TuS Bruchhausen den ersten Punkt des Tages. Das TuS-Team kam jedoch erst nach dem 0:1-R\u00fcckstand ins Turnier. Kurz nach dem R\u00fcckstand glich Grazian Schwoch das Spiel f\u00fcr den TuS 02 aus. Nach dem Ablauf der neun Minuten blieb es beim 1:1 Unentschieden.<\/p>\n<figure id=\"attachment_5509\" aria-describedby=\"caption-attachment-5509\" style=\"width: 200px\" class=\"wp-caption alignright\"><a href=\"http:\/\/tus-bruchhausen.de\/Fussball\/wp-content\/uploads\/2015\/01\/IMG_8524.jpg\" rel=\"lightbox[5501]\"><img loading=\"lazy\" decoding=\"async\" class=\"size-medium wp-image-5509\" src=\"http:\/\/tus-bruchhausen.de\/Fussball\/wp-content\/uploads\/2015\/01\/IMG_8524-200x133.jpg\" alt=\"Grazian Schwoch, bester TuS Torsch\u00fctze im RWE WinterCup 2015\" width=\"200\" height=\"133\" srcset=\"http:\/\/www.tus-bruchhausen.de\/Fussball\/wp-content\/uploads\/2015\/01\/IMG_8524-200x133.jpg 200w, http:\/\/www.tus-bruchhausen.de\/Fussball\/wp-content\/uploads\/2015\/01\/IMG_8524-563x376.jpg 563w, http:\/\/www.tus-bruchhausen.de\/Fussball\/wp-content\/uploads\/2015\/01\/IMG_8524-900x601.jpg 900w, http:\/\/www.tus-bruchhausen.de\/Fussball\/wp-content\/uploads\/2015\/01\/IMG_8524.jpg 1440w\" sizes=\"auto, (max-width: 200px) 100vw, 200px\" \/><\/a><figcaption id=\"caption-attachment-5509\" class=\"wp-caption-text\">Grazian Schwoch, bester TuS Torsch\u00fctze im RWE WinterCup 2015<\/figcaption><\/figure>\n<p>Das zweite Spiel bestritt der TuS Bruchhausen gegen A-Ligist TuS Bremen. Die Bremer hatten in der Vorrunde 22 Punkte gesammelt und traten erneut mit TuS Neuzugang Sascha Feldmann an. Durch ein Eigentor nach dem Schuss von Fabian Petermann ging die Mannschaft von der Hiag mit 1:0 in F\u00fchrung. Doch der TuS Bremen fand zur\u00fcck in die Partie und glich zum 1:1 aus. Sechs Sekunden vor dem Ende sah alles nach einer Punkteteilung aus, doch TuS-Keeper Kevin Norek fasste sich in der eigenen H\u00e4lfte ein Herz und platzierte seinen Torschuss direkt in den Winkel. Dem Torh\u00fcter des TuS Bremen blieb in dieser Situation nur das Nachsehen. Die Partie endete mit 2:1 f\u00fcr die Hiag-Elf.<\/p>\n<figure id=\"attachment_5510\" aria-describedby=\"caption-attachment-5510\" style=\"width: 200px\" class=\"wp-caption alignleft\"><a href=\"http:\/\/tus-bruchhausen.de\/Fussball\/wp-content\/uploads\/2015\/01\/IMG_8671.jpg\" rel=\"lightbox[5501]\"><img loading=\"lazy\" decoding=\"async\" class=\"size-medium wp-image-5510\" src=\"http:\/\/tus-bruchhausen.de\/Fussball\/wp-content\/uploads\/2015\/01\/IMG_8671-200x133.jpg\" alt=\"Feldspieler Kevin Norek vertrat die verletzten Willi L\u00fcneburg und Niklas Messler im TuS-Tor\" width=\"200\" height=\"133\" srcset=\"http:\/\/www.tus-bruchhausen.de\/Fussball\/wp-content\/uploads\/2015\/01\/IMG_8671-200x133.jpg 200w, http:\/\/www.tus-bruchhausen.de\/Fussball\/wp-content\/uploads\/2015\/01\/IMG_8671-563x376.jpg 563w, http:\/\/www.tus-bruchhausen.de\/Fussball\/wp-content\/uploads\/2015\/01\/IMG_8671-900x601.jpg 900w, http:\/\/www.tus-bruchhausen.de\/Fussball\/wp-content\/uploads\/2015\/01\/IMG_8671.jpg 1440w\" sizes=\"auto, (max-width: 200px) 100vw, 200px\" \/><\/a><figcaption id=\"caption-attachment-5510\" class=\"wp-caption-text\">Feldspieler Kevin Norek vertrat die verletzten Willi L\u00fcneburg und Niklas Messler im TuS-Tor<\/figcaption><\/figure>\n<p>Im letzten Gruppenspiel gegen den A-ligisten Ahlener SG 1993 brannte der TuS Bruchhausen noch mal ein Feuerwerk ab und gewann die Partie klar und deutlich mit 3:0. Kai Oberreuther hatte den TuS in F\u00fchrung gebracht, Dennis Hakenesch und Stephen Hoffmann erh\u00f6hten auf den 3:0 Endstand. Die Mannschaft TuS Bruchhausen sicherte sich so mit sieben Punkten den Gruppensieg und zog in die Runde der besten Acht ein.<\/p>\n<p>Direkt im ersten Doppel-KO-Spiel erwischte der TuS 02 einen dicken Brocken. Bei der 1:5 Niederlage gegen den starken TuS Wickede blieb dem TuS Bruchhausen nur das Nachsehen. Das zwischenzeitliche 1:3 erzielte Kai Oberreuther. Im zweiten KO-Spiel musste der TuS Bruchhausen gegen Landesligist SV Hilbeck ran. In einem taktisch gepr\u00e4gten Spiel unterlag der TuS dem sp\u00e4teren RegionalCup-Sieger mit 0:2. Damit beendete die Mannschaft von Trainer Freddy Quebbemann den RWE WinterCup auf dem achten Rang des RegionalCup in Wickede nur vier Pl\u00e4tze hinter Oberligist SV Lippstadt 08. In der A-Liga Wertung erreichte die Hiag-Elf von 59\u00a0A-Ligisten den 12. Rang.<\/p>\n<figure id=\"attachment_5511\" aria-describedby=\"caption-attachment-5511\" style=\"width: 200px\" class=\"wp-caption alignright\"><a href=\"http:\/\/tus-bruchhausen.de\/Fussball\/wp-content\/uploads\/2015\/01\/IMG_5817-1440x962.jpg\" rel=\"lightbox[5501]\"><img loading=\"lazy\" decoding=\"async\" class=\"size-medium wp-image-5511\" src=\"http:\/\/tus-bruchhausen.de\/Fussball\/wp-content\/uploads\/2015\/01\/IMG_5817-1440x962-200x134.jpg\" alt=\"Das Sinnbild der erfolgreichen Hallensaison 2014|15\" width=\"200\" height=\"134\" srcset=\"http:\/\/www.tus-bruchhausen.de\/Fussball\/wp-content\/uploads\/2015\/01\/IMG_5817-1440x962-200x134.jpg 200w, http:\/\/www.tus-bruchhausen.de\/Fussball\/wp-content\/uploads\/2015\/01\/IMG_5817-1440x962-563x376.jpg 563w, http:\/\/www.tus-bruchhausen.de\/Fussball\/wp-content\/uploads\/2015\/01\/IMG_5817-1440x962-900x601.jpg 900w, http:\/\/www.tus-bruchhausen.de\/Fussball\/wp-content\/uploads\/2015\/01\/IMG_5817-1440x962.jpg 1440w\" sizes=\"auto, (max-width: 200px) 100vw, 200px\" \/><\/a><figcaption id=\"caption-attachment-5511\" class=\"wp-caption-text\">Das Sinnbild der erfolgreichen Hallensaison 2014|15<\/figcaption><\/figure>\n<p>Das Ende beim RWE WinterCup 2015 ist zeitgleich auch das Ende der Hallensaison. In diesem Winter spielte der TuS Bruchhausen in der Halle so erfolgreich wie lange nicht mehr. Der dritte Platz bei den Stadtmeisterschaften, der f\u00fcnfte Platz der 3. Runde beim Warsteiner Masters und der achte Rang beim RegionalCup sind mehr als nur Achtungserfolge. Damit hat die Hiag-Elf die Latte f\u00fcr den n\u00e4chsten Winter reichlich hoch gelegt.<\/p>\n<p><a href=\"http:\/\/rwe-wintercup.de\/2015\/regionalcup-wickede-live.pdf\">\u00a0-&gt; Endstand RegionalCup in Wickede<\/a><\/p>\n","protected":false},"excerpt":{"rendered":"<p>Der TuS Bruchhausen hat beim RegionalCup des RWE WinterCup den achten Platz belegt. Das ist die beste Platzierung des TuS 02 in der Historie des RWE WinterCup. Im RegionalCup sicherte sich die Hiag-Elf zun\u00e4chst souver\u00e4n mit sieben Punkten den Gruppensieg. Anschlie\u00dfend musste man sich in der Doppel-KO-Phase dem TuS Wickede und Landesligisten SV Hilbeck geschlagen [&hellip;]<\/p>\n","protected":false},"author":6,"featured_media":5504,"comment_status":"closed","ping_status":"closed","sticky":false,"template":"","format":"standard","meta":{"footnotes":""},"categories":[3,8],"tags":[],"class_list":["post-5501","post","type-post","status-publish","format-standard","has-post-thumbnail","hentry","category-1-mannschaft","category-news","small-justify-block","has-thumb"],"yoast_head":"<!-- This site is optimized with the Yoast SEO plugin v27.2 - https:\/\/yoast.com\/product\/yoast-seo-wordpress\/ -->\n<title>Hiag-Elf erreicht beste Platzierung beim RegionalCup<\/title>\n<meta name=\"robots\" content=\"index, follow, max-snippet:-1, max-image-preview:large, max-video-preview:-1\" \/>\n<link rel=\"canonical\" href=\"https:\/\/www.tus-bruchhausen.de\/Fussball\/hiag-elf-erreicht-beste-platzierung-beim-regionalcup\/\" \/>\n<meta property=\"og:locale\" content=\"de_DE\" \/>\n<meta property=\"og:type\" content=\"article\" \/>\n<meta property=\"og:title\" content=\"Hiag-Elf erreicht beste Platzierung beim RegionalCup\" \/>\n<meta property=\"og:description\" content=\"Der TuS Bruchhausen hat beim RegionalCup des RWE WinterCup den achten Platz belegt. Das ist die beste Platzierung des TuS 02 in der Historie des RWE WinterCup. Im RegionalCup sicherte sich die Hiag-Elf zun\u00e4chst souver\u00e4n mit sieben Punkten den Gruppensieg. Anschlie\u00dfend musste man sich in der Doppel-KO-Phase dem TuS Wickede und Landesligisten SV Hilbeck geschlagen [&hellip;]\" \/>\n<meta property=\"og:url\" content=\"https:\/\/www.tus-bruchhausen.de\/Fussball\/hiag-elf-erreicht-beste-platzierung-beim-regionalcup\/\" \/>\n<meta property=\"og:site_name\" content=\"TuS Bruchhausen\" \/>\n<meta property=\"article:publisher\" content=\"https:\/\/www.facebook.com\/TuS02\/\" \/>\n<meta property=\"article:published_time\" content=\"2015-01-18T18:55:44+00:00\" \/>\n<meta property=\"article:modified_time\" content=\"2015-01-19T11:42:25+00:00\" \/>\n<meta property=\"og:image\" content=\"https:\/\/www.tus-bruchhausen.de\/Fussball\/wp-content\/uploads\/2015\/01\/IMG_86761.jpg\" \/>\n\t<meta property=\"og:image:width\" content=\"1440\" \/>\n\t<meta property=\"og:image:height\" content=\"811\" \/>\n\t<meta property=\"og:image:type\" content=\"image\/jpeg\" \/>\n<meta name=\"author\" content=\"Dominic Gabriel\" \/>\n<meta name=\"twitter:card\" content=\"summary_large_image\" \/>\n<meta name=\"twitter:label1\" content=\"Verfasst von\" \/>\n\t<meta name=\"twitter:data1\" content=\"Dominic Gabriel\" \/>\n\t<meta name=\"twitter:label2\" content=\"Gesch\u00e4tzte Lesezeit\" \/>\n\t<meta name=\"twitter:data2\" content=\"3\u00a0Minuten\" \/>\n<script type=\"application\/ld+json\" class=\"yoast-schema-graph\">{\"@context\":\"https:\/\/schema.org\",\"@graph\":[{\"@type\":\"Article\",\"@id\":\"https:\/\/www.tus-bruchhausen.de\/Fussball\/hiag-elf-erreicht-beste-platzierung-beim-regionalcup\/#article\",\"isPartOf\":{\"@id\":\"https:\/\/www.tus-bruchhausen.de\/Fussball\/hiag-elf-erreicht-beste-platzierung-beim-regionalcup\/\"},\"author\":{\"name\":\"Dominic Gabriel\",\"@id\":\"http:\/\/www.tus-bruchhausen.de\/Fussball\/#\/schema\/person\/53a173c5abf387371fd35fcb395bc0af\"},\"headline\":\"Hiag-Elf erreicht beste Platzierung beim RegionalCup\",\"datePublished\":\"2015-01-18T18:55:44+00:00\",\"dateModified\":\"2015-01-19T11:42:25+00:00\",\"mainEntityOfPage\":{\"@id\":\"https:\/\/www.tus-bruchhausen.de\/Fussball\/hiag-elf-erreicht-beste-platzierung-beim-regionalcup\/\"},\"wordCount\":535,\"image\":{\"@id\":\"https:\/\/www.tus-bruchhausen.de\/Fussball\/hiag-elf-erreicht-beste-platzierung-beim-regionalcup\/#primaryimage\"},\"thumbnailUrl\":\"http:\/\/www.tus-bruchhausen.de\/Fussball\/wp-content\/uploads\/2015\/01\/IMG_86761.jpg\",\"articleSection\":[\"1. Mannschaft\",\"News\"],\"inLanguage\":\"de\"},{\"@type\":\"WebPage\",\"@id\":\"https:\/\/www.tus-bruchhausen.de\/Fussball\/hiag-elf-erreicht-beste-platzierung-beim-regionalcup\/\",\"url\":\"https:\/\/www.tus-bruchhausen.de\/Fussball\/hiag-elf-erreicht-beste-platzierung-beim-regionalcup\/\",\"name\":\"Hiag-Elf erreicht beste Platzierung beim RegionalCup\",\"isPartOf\":{\"@id\":\"http:\/\/www.tus-bruchhausen.de\/Fussball\/#website\"},\"primaryImageOfPage\":{\"@id\":\"https:\/\/www.tus-bruchhausen.de\/Fussball\/hiag-elf-erreicht-beste-platzierung-beim-regionalcup\/#primaryimage\"},\"image\":{\"@id\":\"https:\/\/www.tus-bruchhausen.de\/Fussball\/hiag-elf-erreicht-beste-platzierung-beim-regionalcup\/#primaryimage\"},\"thumbnailUrl\":\"http:\/\/www.tus-bruchhausen.de\/Fussball\/wp-content\/uploads\/2015\/01\/IMG_86761.jpg\",\"datePublished\":\"2015-01-18T18:55:44+00:00\",\"dateModified\":\"2015-01-19T11:42:25+00:00\",\"author\":{\"@id\":\"http:\/\/www.tus-bruchhausen.de\/Fussball\/#\/schema\/person\/53a173c5abf387371fd35fcb395bc0af\"},\"breadcrumb\":{\"@id\":\"https:\/\/www.tus-bruchhausen.de\/Fussball\/hiag-elf-erreicht-beste-platzierung-beim-regionalcup\/#breadcrumb\"},\"inLanguage\":\"de\",\"potentialAction\":[{\"@type\":\"ReadAction\",\"target\":[\"https:\/\/www.tus-bruchhausen.de\/Fussball\/hiag-elf-erreicht-beste-platzierung-beim-regionalcup\/\"]}]},{\"@type\":\"ImageObject\",\"inLanguage\":\"de\",\"@id\":\"https:\/\/www.tus-bruchhausen.de\/Fussball\/hiag-elf-erreicht-beste-platzierung-beim-regionalcup\/#primaryimage\",\"url\":\"http:\/\/www.tus-bruchhausen.de\/Fussball\/wp-content\/uploads\/2015\/01\/IMG_86761.jpg\",\"contentUrl\":\"http:\/\/www.tus-bruchhausen.de\/Fussball\/wp-content\/uploads\/2015\/01\/IMG_86761.jpg\",\"width\":1440,\"height\":811},{\"@type\":\"BreadcrumbList\",\"@id\":\"https:\/\/www.tus-bruchhausen.de\/Fussball\/hiag-elf-erreicht-beste-platzierung-beim-regionalcup\/#breadcrumb\",\"itemListElement\":[{\"@type\":\"ListItem\",\"position\":1,\"name\":\"Startseite\",\"item\":\"http:\/\/www.tus-bruchhausen.de\/Fussball\/\"},{\"@type\":\"ListItem\",\"position\":2,\"name\":\"Hiag-Elf erreicht beste Platzierung beim RegionalCup\"}]},{\"@type\":\"WebSite\",\"@id\":\"http:\/\/www.tus-bruchhausen.de\/Fussball\/#website\",\"url\":\"http:\/\/www.tus-bruchhausen.de\/Fussball\/\",\"name\":\"TuS Bruchhausen\",\"description\":\"Fu\u00dfball\",\"potentialAction\":[{\"@type\":\"SearchAction\",\"target\":{\"@type\":\"EntryPoint\",\"urlTemplate\":\"http:\/\/www.tus-bruchhausen.de\/Fussball\/?s={search_term_string}\"},\"query-input\":{\"@type\":\"PropertyValueSpecification\",\"valueRequired\":true,\"valueName\":\"search_term_string\"}}],\"inLanguage\":\"de\"},{\"@type\":\"Person\",\"@id\":\"http:\/\/www.tus-bruchhausen.de\/Fussball\/#\/schema\/person\/53a173c5abf387371fd35fcb395bc0af\",\"name\":\"Dominic Gabriel\",\"image\":{\"@type\":\"ImageObject\",\"inLanguage\":\"de\",\"@id\":\"https:\/\/secure.gravatar.com\/avatar\/750762ec91b9970d725a622f9a107d8412b787d34f1fd38dd08605665102440c?s=96&d=mm&r=g\",\"url\":\"https:\/\/secure.gravatar.com\/avatar\/750762ec91b9970d725a622f9a107d8412b787d34f1fd38dd08605665102440c?s=96&d=mm&r=g\",\"contentUrl\":\"https:\/\/secure.gravatar.com\/avatar\/750762ec91b9970d725a622f9a107d8412b787d34f1fd38dd08605665102440c?s=96&d=mm&r=g\",\"caption\":\"Dominic Gabriel\"}}]}<\/script>\n<!-- \/ Yoast SEO plugin. -->","yoast_head_json":{"title":"Hiag-Elf erreicht beste Platzierung beim RegionalCup","robots":{"index":"index","follow":"follow","max-snippet":"max-snippet:-1","max-image-preview":"max-image-preview:large","max-video-preview":"max-video-preview:-1"},"canonical":"https:\/\/www.tus-bruchhausen.de\/Fussball\/hiag-elf-erreicht-beste-platzierung-beim-regionalcup\/","og_locale":"de_DE","og_type":"article","og_title":"Hiag-Elf erreicht beste Platzierung beim RegionalCup","og_description":"Der TuS Bruchhausen hat beim RegionalCup des RWE WinterCup den achten Platz belegt. Das ist die beste Platzierung des TuS 02 in der Historie des RWE WinterCup. Im RegionalCup sicherte sich die Hiag-Elf zun\u00e4chst souver\u00e4n mit sieben Punkten den Gruppensieg. Anschlie\u00dfend musste man sich in der Doppel-KO-Phase dem TuS Wickede und Landesligisten SV Hilbeck geschlagen [&hellip;]","og_url":"https:\/\/www.tus-bruchhausen.de\/Fussball\/hiag-elf-erreicht-beste-platzierung-beim-regionalcup\/","og_site_name":"TuS Bruchhausen","article_publisher":"https:\/\/www.facebook.com\/TuS02\/","article_published_time":"2015-01-18T18:55:44+00:00","article_modified_time":"2015-01-19T11:42:25+00:00","og_image":[{"width":1440,"height":811,"url":"https:\/\/www.tus-bruchhausen.de\/Fussball\/wp-content\/uploads\/2015\/01\/IMG_86761.jpg","type":"image\/jpeg"}],"author":"Dominic Gabriel","twitter_card":"summary_large_image","twitter_misc":{"Verfasst von":"Dominic Gabriel","Gesch\u00e4tzte Lesezeit":"3\u00a0Minuten"},"schema":{"@context":"https:\/\/schema.org","@graph":[{"@type":"Article","@id":"https:\/\/www.tus-bruchhausen.de\/Fussball\/hiag-elf-erreicht-beste-platzierung-beim-regionalcup\/#article","isPartOf":{"@id":"https:\/\/www.tus-bruchhausen.de\/Fussball\/hiag-elf-erreicht-beste-platzierung-beim-regionalcup\/"},"author":{"name":"Dominic Gabriel","@id":"http:\/\/www.tus-bruchhausen.de\/Fussball\/#\/schema\/person\/53a173c5abf387371fd35fcb395bc0af"},"headline":"Hiag-Elf erreicht beste Platzierung beim RegionalCup","datePublished":"2015-01-18T18:55:44+00:00","dateModified":"2015-01-19T11:42:25+00:00","mainEntityOfPage":{"@id":"https:\/\/www.tus-bruchhausen.de\/Fussball\/hiag-elf-erreicht-beste-platzierung-beim-regionalcup\/"},"wordCount":535,"image":{"@id":"https:\/\/www.tus-bruchhausen.de\/Fussball\/hiag-elf-erreicht-beste-platzierung-beim-regionalcup\/#primaryimage"},"thumbnailUrl":"http:\/\/www.tus-bruchhausen.de\/Fussball\/wp-content\/uploads\/2015\/01\/IMG_86761.jpg","articleSection":["1. Mannschaft","News"],"inLanguage":"de"},{"@type":"WebPage","@id":"https:\/\/www.tus-bruchhausen.de\/Fussball\/hiag-elf-erreicht-beste-platzierung-beim-regionalcup\/","url":"https:\/\/www.tus-bruchhausen.de\/Fussball\/hiag-elf-erreicht-beste-platzierung-beim-regionalcup\/","name":"Hiag-Elf erreicht beste Platzierung beim RegionalCup","isPartOf":{"@id":"http:\/\/www.tus-bruchhausen.de\/Fussball\/#website"},"primaryImageOfPage":{"@id":"https:\/\/www.tus-bruchhausen.de\/Fussball\/hiag-elf-erreicht-beste-platzierung-beim-regionalcup\/#primaryimage"},"image":{"@id":"https:\/\/www.tus-bruchhausen.de\/Fussball\/hiag-elf-erreicht-beste-platzierung-beim-regionalcup\/#primaryimage"},"thumbnailUrl":"http:\/\/www.tus-bruchhausen.de\/Fussball\/wp-content\/uploads\/2015\/01\/IMG_86761.jpg","datePublished":"2015-01-18T18:55:44+00:00","dateModified":"2015-01-19T11:42:25+00:00","author":{"@id":"http:\/\/www.tus-bruchhausen.de\/Fussball\/#\/schema\/person\/53a173c5abf387371fd35fcb395bc0af"},"breadcrumb":{"@id":"https:\/\/www.tus-bruchhausen.de\/Fussball\/hiag-elf-erreicht-beste-platzierung-beim-regionalcup\/#breadcrumb"},"inLanguage":"de","potentialAction":[{"@type":"ReadAction","target":["https:\/\/www.tus-bruchhausen.de\/Fussball\/hiag-elf-erreicht-beste-platzierung-beim-regionalcup\/"]}]},{"@type":"ImageObject","inLanguage":"de","@id":"https:\/\/www.tus-bruchhausen.de\/Fussball\/hiag-elf-erreicht-beste-platzierung-beim-regionalcup\/#primaryimage","url":"http:\/\/www.tus-bruchhausen.de\/Fussball\/wp-content\/uploads\/2015\/01\/IMG_86761.jpg","contentUrl":"http:\/\/www.tus-bruchhausen.de\/Fussball\/wp-content\/uploads\/2015\/01\/IMG_86761.jpg","width":1440,"height":811},{"@type":"BreadcrumbList","@id":"https:\/\/www.tus-bruchhausen.de\/Fussball\/hiag-elf-erreicht-beste-platzierung-beim-regionalcup\/#breadcrumb","itemListElement":[{"@type":"ListItem","position":1,"name":"Startseite","item":"http:\/\/www.tus-bruchhausen.de\/Fussball\/"},{"@type":"ListItem","position":2,"name":"Hiag-Elf erreicht beste Platzierung beim RegionalCup"}]},{"@type":"WebSite","@id":"http:\/\/www.tus-bruchhausen.de\/Fussball\/#website","url":"http:\/\/www.tus-bruchhausen.de\/Fussball\/","name":"TuS Bruchhausen","description":"Fu\u00dfball","potentialAction":[{"@type":"SearchAction","target":{"@type":"EntryPoint","urlTemplate":"http:\/\/www.tus-bruchhausen.de\/Fussball\/?s={search_term_string}"},"query-input":{"@type":"PropertyValueSpecification","valueRequired":true,"valueName":"search_term_string"}}],"inLanguage":"de"},{"@type":"Person","@id":"http:\/\/www.tus-bruchhausen.de\/Fussball\/#\/schema\/person\/53a173c5abf387371fd35fcb395bc0af","name":"Dominic Gabriel","image":{"@type":"ImageObject","inLanguage":"de","@id":"https:\/\/secure.gravatar.com\/avatar\/750762ec91b9970d725a622f9a107d8412b787d34f1fd38dd08605665102440c?s=96&d=mm&r=g","url":"https:\/\/secure.gravatar.com\/avatar\/750762ec91b9970d725a622f9a107d8412b787d34f1fd38dd08605665102440c?s=96&d=mm&r=g","contentUrl":"https:\/\/secure.gravatar.com\/avatar\/750762ec91b9970d725a622f9a107d8412b787d34f1fd38dd08605665102440c?s=96&d=mm&r=g","caption":"Dominic Gabriel"}}]}},"_links":{"self":[{"href":"http:\/\/www.tus-bruchhausen.de\/Fussball\/wp-json\/wp\/v2\/posts\/5501","targetHints":{"allow":["GET"]}}],"collection":[{"href":"http:\/\/www.tus-bruchhausen.de\/Fussball\/wp-json\/wp\/v2\/posts"}],"about":[{"href":"http:\/\/www.tus-bruchhausen.de\/Fussball\/wp-json\/wp\/v2\/types\/post"}],"author":[{"embeddable":true,"href":"http:\/\/www.tus-bruchhausen.de\/Fussball\/wp-json\/wp\/v2\/users\/6"}],"replies":[{"embeddable":true,"href":"http:\/\/www.tus-bruchhausen.de\/Fussball\/wp-json\/wp\/v2\/comments?post=5501"}],"version-history":[{"count":10,"href":"http:\/\/www.tus-bruchhausen.de\/Fussball\/wp-json\/wp\/v2\/posts\/5501\/revisions"}],"predecessor-version":[{"id":5517,"href":"http:\/\/www.tus-bruchhausen.de\/Fussball\/wp-json\/wp\/v2\/posts\/5501\/revisions\/5517"}],"wp:featuredmedia":[{"embeddable":true,"href":"http:\/\/www.tus-bruchhausen.de\/Fussball\/wp-json\/wp\/v2\/media\/5504"}],"wp:attachment":[{"href":"http:\/\/www.tus-bruchhausen.de\/Fussball\/wp-json\/wp\/v2\/media?parent=5501"}],"wp:term":[{"taxonomy":"category","embeddable":true,"href":"http:\/\/www.tus-bruchhausen.de\/Fussball\/wp-json\/wp\/v2\/categories?post=5501"},{"taxonomy":"post_tag","embeddable":true,"href":"http:\/\/www.tus-bruchhausen.de\/Fussball\/wp-json\/wp\/v2\/tags?post=5501"}],"curies":[{"name":"wp","href":"https:\/\/api.w.org\/{rel}","templated":true}]}}