{"id":5536,"date":"2015-01-22T08:12:34","date_gmt":"2015-01-22T07:12:34","guid":{"rendered":"http:\/\/tus-bruchhausen.de\/Fussball\/?p=5536"},"modified":"2015-01-22T08:19:37","modified_gmt":"2015-01-22T07:19:37","slug":"quebbemann-elf-startet-am-2-febuar-die-vorbereitung","status":"publish","type":"post","link":"http:\/\/www.tus-bruchhausen.de\/Fussball\/quebbemann-elf-startet-am-2-febuar-die-vorbereitung\/","title":{"rendered":"Quebbemann-Elf startet am 2. Februar die Vorbereitung"},"content":{"rendered":"<p>Die Seniorenteams des TuS Bruchhausen starten in die Vorbereitung auf die R\u00fcckrunde 2014|15. Den Anfang machte die TuS Reserve bereits am Dienstag, den 20. Januar 2015. Anschlie\u00dfend steigt die 3. Mannschaft am Dienstag, den 27. Januar ins Training ein. Nach den vielen Hallentunieren g\u00f6nnt sich die 1. Mannschaft noch eine kleine Verschnaufpause. Das Team von Trainer Freddy Quebbemann und Co-Trainer Stephen Hoffmann beginnt die Vorbereitung auf die R\u00fcckserie am Montag, den 2. Februar. Am 08. M\u00e4rz startet dann die Meisterschaft f\u00fcr alle Seniorenteams mit einem Heimspieltag im Sportpark.<\/p>\n<p>In der Vorbereitung absolvieren die drei Mannschaften insgesamt elf Testspiele. Davon finden insgesamt zehn Freundschaftsspiele im Sportpark An der Hiag statt. Dabei kommen unter anderem die beiden Bezirksligisten TuS Sundern und SV Dorlar\/Sellinghausen nach Bruchhausen.<\/p>\n<p>Sa, 07.02. | 14.00 Uhr\u00a0| TuS Bruchhausen III \u2013 SG Grevenstein\/Hellefeld II<br \/>\nSo, 08.02. | 14.30 Uhr | TuS Bruchhausen \u2013 SV Brilon II<br \/>\nDo, 12.02. | 19.30 Uhr | TuS Bruchhausen II \u2013 TuS Rumbeck II<br \/>\nSo, 15.02. | 14.30 Uhr | TuS Bruchhausen \u2013 SF Waltringen<br \/>\nFr, 20.02. | 19.30 Uhr | TuS Bruchhausen III \u2013 SF Waltringen II<br \/>\nSo, 22.02. | 12.30 Uhr | TuS Bruchhausen II \u2013 FC BW Giersk\u00e4mpen II<br \/>\nSo, 22.02. | 13.00 Uhr | TuS Echthausen II \u2013 TuS Bruchhausen III<br \/>\nSo, 22.02. | 14.30 Uhr | TuS\u00a0Bruchhausen \u2013 SV Dorlar\/Sellinghausen<br \/>\nDo, 26.02. | 19.30 Uhr | TuS Bruchhausen \u2013 TuS Sundern<br \/>\nSo, 01.03. | 12.30 Uhr | TuS Bruchhausen II \u2013 SVF Herringen III<br \/>\nSo, 01.03. | 14.00 Uhr | TuS Bruchhausen \u2013 Fathi T\u00fcrkg\u00fcc\u00fc Meschede<\/p>\n","protected":false},"excerpt":{"rendered":"<p>Die Seniorenteams des TuS Bruchhausen starten in die Vorbereitung auf die R\u00fcckrunde 2014|15. Den Anfang machte die TuS Reserve bereits am Dienstag, den 20. Januar 2015. Anschlie\u00dfend steigt die 3. Mannschaft am Dienstag, den 27. Januar ins Training ein. Nach den vielen Hallentunieren g\u00f6nnt sich die 1. Mannschaft noch eine kleine Verschnaufpause. Das Team von [&hellip;]<\/p>\n","protected":false},"author":6,"featured_media":5542,"comment_status":"closed","ping_status":"closed","sticky":false,"template":"","format":"standard","meta":{"footnotes":""},"categories":[3,4,5,8],"tags":[],"class_list":["post-5536","post","type-post","status-publish","format-standard","has-post-thumbnail","hentry","category-1-mannschaft","category-2-mannschaft","category-3-mannschaft","category-news","small-justify-block","has-thumb"],"yoast_head":"<!-- This site is optimized with the Yoast SEO plugin v27.2 - https:\/\/yoast.com\/product\/yoast-seo-wordpress\/ -->\n<title>Quebbemann-Elf startet am 2. Februar die Vorbereitung<\/title>\n<meta name=\"robots\" content=\"index, follow, max-snippet:-1, max-image-preview:large, max-video-preview:-1\" \/>\n<link rel=\"canonical\" href=\"http:\/\/www.tus-bruchhausen.de\/Fussball\/quebbemann-elf-startet-am-2-febuar-die-vorbereitung\/\" \/>\n<meta property=\"og:locale\" content=\"de_DE\" \/>\n<meta property=\"og:type\" content=\"article\" \/>\n<meta property=\"og:title\" content=\"Quebbemann-Elf startet am 2. Februar die Vorbereitung\" \/>\n<meta property=\"og:description\" content=\"Die Seniorenteams des TuS Bruchhausen starten in die Vorbereitung auf die R\u00fcckrunde 2014|15. Den Anfang machte die TuS Reserve bereits am Dienstag, den 20. Januar 2015. Anschlie\u00dfend steigt die 3. Mannschaft am Dienstag, den 27. Januar ins Training ein. Nach den vielen Hallentunieren g\u00f6nnt sich die 1. Mannschaft noch eine kleine Verschnaufpause. Das Team von [&hellip;]\" \/>\n<meta property=\"og:url\" content=\"http:\/\/www.tus-bruchhausen.de\/Fussball\/quebbemann-elf-startet-am-2-febuar-die-vorbereitung\/\" \/>\n<meta property=\"og:site_name\" content=\"TuS Bruchhausen\" \/>\n<meta property=\"article:publisher\" content=\"https:\/\/www.facebook.com\/TuS02\/\" \/>\n<meta property=\"article:published_time\" content=\"2015-01-22T07:12:34+00:00\" \/>\n<meta property=\"article:modified_time\" content=\"2015-01-22T07:19:37+00:00\" \/>\n<meta property=\"og:image\" content=\"http:\/\/www.tus-bruchhausen.de\/Fussball\/wp-content\/uploads\/2015\/01\/10467031_740757295965294_6050386752340145537_o-e1421759597130.jpg\" \/>\n\t<meta property=\"og:image:width\" content=\"1439\" \/>\n\t<meta property=\"og:image:height\" content=\"871\" \/>\n\t<meta property=\"og:image:type\" content=\"image\/jpeg\" \/>\n<meta name=\"author\" content=\"Dominic Gabriel\" \/>\n<meta name=\"twitter:card\" content=\"summary_large_image\" \/>\n<meta name=\"twitter:label1\" content=\"Verfasst von\" \/>\n\t<meta name=\"twitter:data1\" content=\"Dominic Gabriel\" \/>\n\t<meta name=\"twitter:label2\" content=\"Gesch\u00e4tzte Lesezeit\" \/>\n\t<meta name=\"twitter:data2\" content=\"1\u00a0Minute\" \/>\n<script type=\"application\/ld+json\" class=\"yoast-schema-graph\">{\"@context\":\"https:\/\/schema.org\",\"@graph\":[{\"@type\":\"Article\",\"@id\":\"http:\/\/www.tus-bruchhausen.de\/Fussball\/quebbemann-elf-startet-am-2-febuar-die-vorbereitung\/#article\",\"isPartOf\":{\"@id\":\"http:\/\/www.tus-bruchhausen.de\/Fussball\/quebbemann-elf-startet-am-2-febuar-die-vorbereitung\/\"},\"author\":{\"name\":\"Dominic Gabriel\",\"@id\":\"http:\/\/www.tus-bruchhausen.de\/Fussball\/#\/schema\/person\/53a173c5abf387371fd35fcb395bc0af\"},\"headline\":\"Quebbemann-Elf startet am 2. Februar die Vorbereitung\",\"datePublished\":\"2015-01-22T07:12:34+00:00\",\"dateModified\":\"2015-01-22T07:19:37+00:00\",\"mainEntityOfPage\":{\"@id\":\"http:\/\/www.tus-bruchhausen.de\/Fussball\/quebbemann-elf-startet-am-2-febuar-die-vorbereitung\/\"},\"wordCount\":214,\"image\":{\"@id\":\"http:\/\/www.tus-bruchhausen.de\/Fussball\/quebbemann-elf-startet-am-2-febuar-die-vorbereitung\/#primaryimage\"},\"thumbnailUrl\":\"http:\/\/www.tus-bruchhausen.de\/Fussball\/wp-content\/uploads\/2015\/01\/10467031_740757295965294_6050386752340145537_o-e1421759597130.jpg\",\"articleSection\":[\"1. Mannschaft\",\"2. Mannschaft\",\"3. Mannschaft\",\"News\"],\"inLanguage\":\"de\"},{\"@type\":\"WebPage\",\"@id\":\"http:\/\/www.tus-bruchhausen.de\/Fussball\/quebbemann-elf-startet-am-2-febuar-die-vorbereitung\/\",\"url\":\"http:\/\/www.tus-bruchhausen.de\/Fussball\/quebbemann-elf-startet-am-2-febuar-die-vorbereitung\/\",\"name\":\"Quebbemann-Elf startet am 2. Februar die Vorbereitung\",\"isPartOf\":{\"@id\":\"http:\/\/www.tus-bruchhausen.de\/Fussball\/#website\"},\"primaryImageOfPage\":{\"@id\":\"http:\/\/www.tus-bruchhausen.de\/Fussball\/quebbemann-elf-startet-am-2-febuar-die-vorbereitung\/#primaryimage\"},\"image\":{\"@id\":\"http:\/\/www.tus-bruchhausen.de\/Fussball\/quebbemann-elf-startet-am-2-febuar-die-vorbereitung\/#primaryimage\"},\"thumbnailUrl\":\"http:\/\/www.tus-bruchhausen.de\/Fussball\/wp-content\/uploads\/2015\/01\/10467031_740757295965294_6050386752340145537_o-e1421759597130.jpg\",\"datePublished\":\"2015-01-22T07:12:34+00:00\",\"dateModified\":\"2015-01-22T07:19:37+00:00\",\"author\":{\"@id\":\"http:\/\/www.tus-bruchhausen.de\/Fussball\/#\/schema\/person\/53a173c5abf387371fd35fcb395bc0af\"},\"breadcrumb\":{\"@id\":\"http:\/\/www.tus-bruchhausen.de\/Fussball\/quebbemann-elf-startet-am-2-febuar-die-vorbereitung\/#breadcrumb\"},\"inLanguage\":\"de\",\"potentialAction\":[{\"@type\":\"ReadAction\",\"target\":[\"http:\/\/www.tus-bruchhausen.de\/Fussball\/quebbemann-elf-startet-am-2-febuar-die-vorbereitung\/\"]}]},{\"@type\":\"ImageObject\",\"inLanguage\":\"de\",\"@id\":\"http:\/\/www.tus-bruchhausen.de\/Fussball\/quebbemann-elf-startet-am-2-febuar-die-vorbereitung\/#primaryimage\",\"url\":\"http:\/\/www.tus-bruchhausen.de\/Fussball\/wp-content\/uploads\/2015\/01\/10467031_740757295965294_6050386752340145537_o-e1421759597130.jpg\",\"contentUrl\":\"http:\/\/www.tus-bruchhausen.de\/Fussball\/wp-content\/uploads\/2015\/01\/10467031_740757295965294_6050386752340145537_o-e1421759597130.jpg\",\"width\":1439,\"height\":871},{\"@type\":\"BreadcrumbList\",\"@id\":\"http:\/\/www.tus-bruchhausen.de\/Fussball\/quebbemann-elf-startet-am-2-febuar-die-vorbereitung\/#breadcrumb\",\"itemListElement\":[{\"@type\":\"ListItem\",\"position\":1,\"name\":\"Startseite\",\"item\":\"http:\/\/www.tus-bruchhausen.de\/Fussball\/\"},{\"@type\":\"ListItem\",\"position\":2,\"name\":\"Quebbemann-Elf startet am 2. Februar die Vorbereitung\"}]},{\"@type\":\"WebSite\",\"@id\":\"http:\/\/www.tus-bruchhausen.de\/Fussball\/#website\",\"url\":\"http:\/\/www.tus-bruchhausen.de\/Fussball\/\",\"name\":\"TuS Bruchhausen\",\"description\":\"Fu\u00dfball\",\"potentialAction\":[{\"@type\":\"SearchAction\",\"target\":{\"@type\":\"EntryPoint\",\"urlTemplate\":\"http:\/\/www.tus-bruchhausen.de\/Fussball\/?s={search_term_string}\"},\"query-input\":{\"@type\":\"PropertyValueSpecification\",\"valueRequired\":true,\"valueName\":\"search_term_string\"}}],\"inLanguage\":\"de\"},{\"@type\":\"Person\",\"@id\":\"http:\/\/www.tus-bruchhausen.de\/Fussball\/#\/schema\/person\/53a173c5abf387371fd35fcb395bc0af\",\"name\":\"Dominic Gabriel\",\"image\":{\"@type\":\"ImageObject\",\"inLanguage\":\"de\",\"@id\":\"https:\/\/secure.gravatar.com\/avatar\/750762ec91b9970d725a622f9a107d8412b787d34f1fd38dd08605665102440c?s=96&d=mm&r=g\",\"url\":\"https:\/\/secure.gravatar.com\/avatar\/750762ec91b9970d725a622f9a107d8412b787d34f1fd38dd08605665102440c?s=96&d=mm&r=g\",\"contentUrl\":\"https:\/\/secure.gravatar.com\/avatar\/750762ec91b9970d725a622f9a107d8412b787d34f1fd38dd08605665102440c?s=96&d=mm&r=g\",\"caption\":\"Dominic Gabriel\"}}]}<\/script>\n<!-- \/ Yoast SEO plugin. -->","yoast_head_json":{"title":"Quebbemann-Elf startet am 2. Februar die Vorbereitung","robots":{"index":"index","follow":"follow","max-snippet":"max-snippet:-1","max-image-preview":"max-image-preview:large","max-video-preview":"max-video-preview:-1"},"canonical":"http:\/\/www.tus-bruchhausen.de\/Fussball\/quebbemann-elf-startet-am-2-febuar-die-vorbereitung\/","og_locale":"de_DE","og_type":"article","og_title":"Quebbemann-Elf startet am 2. Februar die Vorbereitung","og_description":"Die Seniorenteams des TuS Bruchhausen starten in die Vorbereitung auf die R\u00fcckrunde 2014|15. Den Anfang machte die TuS Reserve bereits am Dienstag, den 20. Januar 2015. Anschlie\u00dfend steigt die 3. Mannschaft am Dienstag, den 27. Januar ins Training ein. Nach den vielen Hallentunieren g\u00f6nnt sich die 1. Mannschaft noch eine kleine Verschnaufpause. Das Team von [&hellip;]","og_url":"http:\/\/www.tus-bruchhausen.de\/Fussball\/quebbemann-elf-startet-am-2-febuar-die-vorbereitung\/","og_site_name":"TuS Bruchhausen","article_publisher":"https:\/\/www.facebook.com\/TuS02\/","article_published_time":"2015-01-22T07:12:34+00:00","article_modified_time":"2015-01-22T07:19:37+00:00","og_image":[{"width":1439,"height":871,"url":"http:\/\/www.tus-bruchhausen.de\/Fussball\/wp-content\/uploads\/2015\/01\/10467031_740757295965294_6050386752340145537_o-e1421759597130.jpg","type":"image\/jpeg"}],"author":"Dominic Gabriel","twitter_card":"summary_large_image","twitter_misc":{"Verfasst von":"Dominic Gabriel","Gesch\u00e4tzte Lesezeit":"1\u00a0Minute"},"schema":{"@context":"https:\/\/schema.org","@graph":[{"@type":"Article","@id":"http:\/\/www.tus-bruchhausen.de\/Fussball\/quebbemann-elf-startet-am-2-febuar-die-vorbereitung\/#article","isPartOf":{"@id":"http:\/\/www.tus-bruchhausen.de\/Fussball\/quebbemann-elf-startet-am-2-febuar-die-vorbereitung\/"},"author":{"name":"Dominic Gabriel","@id":"http:\/\/www.tus-bruchhausen.de\/Fussball\/#\/schema\/person\/53a173c5abf387371fd35fcb395bc0af"},"headline":"Quebbemann-Elf startet am 2. Februar die Vorbereitung","datePublished":"2015-01-22T07:12:34+00:00","dateModified":"2015-01-22T07:19:37+00:00","mainEntityOfPage":{"@id":"http:\/\/www.tus-bruchhausen.de\/Fussball\/quebbemann-elf-startet-am-2-febuar-die-vorbereitung\/"},"wordCount":214,"image":{"@id":"http:\/\/www.tus-bruchhausen.de\/Fussball\/quebbemann-elf-startet-am-2-febuar-die-vorbereitung\/#primaryimage"},"thumbnailUrl":"http:\/\/www.tus-bruchhausen.de\/Fussball\/wp-content\/uploads\/2015\/01\/10467031_740757295965294_6050386752340145537_o-e1421759597130.jpg","articleSection":["1. Mannschaft","2. Mannschaft","3. Mannschaft","News"],"inLanguage":"de"},{"@type":"WebPage","@id":"http:\/\/www.tus-bruchhausen.de\/Fussball\/quebbemann-elf-startet-am-2-febuar-die-vorbereitung\/","url":"http:\/\/www.tus-bruchhausen.de\/Fussball\/quebbemann-elf-startet-am-2-febuar-die-vorbereitung\/","name":"Quebbemann-Elf startet am 2. Februar die Vorbereitung","isPartOf":{"@id":"http:\/\/www.tus-bruchhausen.de\/Fussball\/#website"},"primaryImageOfPage":{"@id":"http:\/\/www.tus-bruchhausen.de\/Fussball\/quebbemann-elf-startet-am-2-febuar-die-vorbereitung\/#primaryimage"},"image":{"@id":"http:\/\/www.tus-bruchhausen.de\/Fussball\/quebbemann-elf-startet-am-2-febuar-die-vorbereitung\/#primaryimage"},"thumbnailUrl":"http:\/\/www.tus-bruchhausen.de\/Fussball\/wp-content\/uploads\/2015\/01\/10467031_740757295965294_6050386752340145537_o-e1421759597130.jpg","datePublished":"2015-01-22T07:12:34+00:00","dateModified":"2015-01-22T07:19:37+00:00","author":{"@id":"http:\/\/www.tus-bruchhausen.de\/Fussball\/#\/schema\/person\/53a173c5abf387371fd35fcb395bc0af"},"breadcrumb":{"@id":"http:\/\/www.tus-bruchhausen.de\/Fussball\/quebbemann-elf-startet-am-2-febuar-die-vorbereitung\/#breadcrumb"},"inLanguage":"de","potentialAction":[{"@type":"ReadAction","target":["http:\/\/www.tus-bruchhausen.de\/Fussball\/quebbemann-elf-startet-am-2-febuar-die-vorbereitung\/"]}]},{"@type":"ImageObject","inLanguage":"de","@id":"http:\/\/www.tus-bruchhausen.de\/Fussball\/quebbemann-elf-startet-am-2-febuar-die-vorbereitung\/#primaryimage","url":"http:\/\/www.tus-bruchhausen.de\/Fussball\/wp-content\/uploads\/2015\/01\/10467031_740757295965294_6050386752340145537_o-e1421759597130.jpg","contentUrl":"http:\/\/www.tus-bruchhausen.de\/Fussball\/wp-content\/uploads\/2015\/01\/10467031_740757295965294_6050386752340145537_o-e1421759597130.jpg","width":1439,"height":871},{"@type":"BreadcrumbList","@id":"http:\/\/www.tus-bruchhausen.de\/Fussball\/quebbemann-elf-startet-am-2-febuar-die-vorbereitung\/#breadcrumb","itemListElement":[{"@type":"ListItem","position":1,"name":"Startseite","item":"http:\/\/www.tus-bruchhausen.de\/Fussball\/"},{"@type":"ListItem","position":2,"name":"Quebbemann-Elf startet am 2. Februar die Vorbereitung"}]},{"@type":"WebSite","@id":"http:\/\/www.tus-bruchhausen.de\/Fussball\/#website","url":"http:\/\/www.tus-bruchhausen.de\/Fussball\/","name":"TuS Bruchhausen","description":"Fu\u00dfball","potentialAction":[{"@type":"SearchAction","target":{"@type":"EntryPoint","urlTemplate":"http:\/\/www.tus-bruchhausen.de\/Fussball\/?s={search_term_string}"},"query-input":{"@type":"PropertyValueSpecification","valueRequired":true,"valueName":"search_term_string"}}],"inLanguage":"de"},{"@type":"Person","@id":"http:\/\/www.tus-bruchhausen.de\/Fussball\/#\/schema\/person\/53a173c5abf387371fd35fcb395bc0af","name":"Dominic Gabriel","image":{"@type":"ImageObject","inLanguage":"de","@id":"https:\/\/secure.gravatar.com\/avatar\/750762ec91b9970d725a622f9a107d8412b787d34f1fd38dd08605665102440c?s=96&d=mm&r=g","url":"https:\/\/secure.gravatar.com\/avatar\/750762ec91b9970d725a622f9a107d8412b787d34f1fd38dd08605665102440c?s=96&d=mm&r=g","contentUrl":"https:\/\/secure.gravatar.com\/avatar\/750762ec91b9970d725a622f9a107d8412b787d34f1fd38dd08605665102440c?s=96&d=mm&r=g","caption":"Dominic Gabriel"}}]}},"_links":{"self":[{"href":"http:\/\/www.tus-bruchhausen.de\/Fussball\/wp-json\/wp\/v2\/posts\/5536","targetHints":{"allow":["GET"]}}],"collection":[{"href":"http:\/\/www.tus-bruchhausen.de\/Fussball\/wp-json\/wp\/v2\/posts"}],"about":[{"href":"http:\/\/www.tus-bruchhausen.de\/Fussball\/wp-json\/wp\/v2\/types\/post"}],"author":[{"embeddable":true,"href":"http:\/\/www.tus-bruchhausen.de\/Fussball\/wp-json\/wp\/v2\/users\/6"}],"replies":[{"embeddable":true,"href":"http:\/\/www.tus-bruchhausen.de\/Fussball\/wp-json\/wp\/v2\/comments?post=5536"}],"version-history":[{"count":10,"href":"http:\/\/www.tus-bruchhausen.de\/Fussball\/wp-json\/wp\/v2\/posts\/5536\/revisions"}],"predecessor-version":[{"id":5549,"href":"http:\/\/www.tus-bruchhausen.de\/Fussball\/wp-json\/wp\/v2\/posts\/5536\/revisions\/5549"}],"wp:featuredmedia":[{"embeddable":true,"href":"http:\/\/www.tus-bruchhausen.de\/Fussball\/wp-json\/wp\/v2\/media\/5542"}],"wp:attachment":[{"href":"http:\/\/www.tus-bruchhausen.de\/Fussball\/wp-json\/wp\/v2\/media?parent=5536"}],"wp:term":[{"taxonomy":"category","embeddable":true,"href":"http:\/\/www.tus-bruchhausen.de\/Fussball\/wp-json\/wp\/v2\/categories?post=5536"},{"taxonomy":"post_tag","embeddable":true,"href":"http:\/\/www.tus-bruchhausen.de\/Fussball\/wp-json\/wp\/v2\/tags?post=5536"}],"curies":[{"name":"wp","href":"https:\/\/api.w.org\/{rel}","templated":true}]}}