{"id":5873,"date":"2015-03-09T09:56:41","date_gmt":"2015-03-09T08:56:41","guid":{"rendered":"http:\/\/tus-bruchhausen.de\/Fussball\/?p=5873"},"modified":"2015-03-09T15:46:06","modified_gmt":"2015-03-09T14:46:06","slug":"f-jugend-wird-vizehallenkreismeister","status":"publish","type":"post","link":"http:\/\/www.tus-bruchhausen.de\/Fussball\/f-jugend-wird-vizehallenkreismeister\/","title":{"rendered":"F-Jugend wird Vizehallenkreismeister"},"content":{"rendered":"<p>Die F-Jugend hat bei den diesj\u00e4hrigen Hallenkreismeisterschaften einen hervorragenden zweiten Platz belegt.<\/p>\n<p>Die Vorrunde, die am 06. Dezember des vergangenen Jahres ausgetragen wurde, wurde in sechs Gruppen \u00e0 f\u00fcnf Mannschaften ausgespielt. Hier reichte es nach zwei 1:0-Siegen gegen TuS Oeventrop und dem SV H\u00fcsten II, einer 1:2-Niederlage gegen die JSG M\u00fcschede\/Herdringen und einem 2:1-Sieg \u00fcber die JSG Stockum\/Amecke\/Endorf zum zweiten Platz, und war dadurch f\u00fcr die Endrunde qualifiziert.<\/p>\n<p>Die Endrunde fand am vergangenen Samstag, den 07.03. in der Sporthalle Gro\u00dfe Wiese in H\u00fcsten statt. In der Vorrunde trennte man sich 0:0 von SSV Allendorf und schlug den SC Neheim II mit 1:0, wodurch man als Gruppenzweiter f\u00fcr das Viertelfinale qualifiziert war. In diesem traf man auf die JSG K\u00fcntrop\/Langenholthausen\/Mellen, welches nach regul\u00e4rer Spielzeit 0:0 endete. Das anschie\u00dfende 9m-Schie\u00dfen wurde mit dem letzten Schuss zu Gunsten des TuS Bruchhausen entschieden und somit stand man im Halbfinale. Hier traf man auf den Vorrundengegner SSV Allendorf, welcher diesmal jedoch deutlich und verdient\u00a0mit 3:0 geschlagen wurde. Finalgegner war der SC Neheim, welcher dann jedoch eine Nummer zu gro\u00df war und man 0:4 verlor. Dennoch steht am Ende ein hervorragender 2. Platz von insgesamt 30 Mannschaften. Herzlichen Gl\u00fcckwunsch!<\/p>\n<p>Kader: Louis Remarque, Julian Wichert, Niklas Gr\u00e4bke, Mika Niemeyer, Jan Schelchshorn, Tjark Mattern, Yannik Baumann, Vincent Schmies, Julian Klein.<\/p>\n","protected":false},"excerpt":{"rendered":"<p>Die F-Jugend hat bei den diesj\u00e4hrigen Hallenkreismeisterschaften einen hervorragenden zweiten Platz belegt. Die Vorrunde, die am 06. Dezember des vergangenen Jahres ausgetragen wurde, wurde in sechs Gruppen \u00e0 f\u00fcnf Mannschaften ausgespielt. Hier reichte es nach zwei 1:0-Siegen gegen TuS Oeventrop und dem SV H\u00fcsten II, einer 1:2-Niederlage gegen die JSG M\u00fcschede\/Herdringen und einem 2:1-Sieg \u00fcber [&hellip;]<\/p>\n","protected":false},"author":3,"featured_media":5879,"comment_status":"closed","ping_status":"closed","sticky":false,"template":"","format":"standard","meta":{"footnotes":""},"categories":[16,7,8],"tags":[],"class_list":["post-5873","post","type-post","status-publish","format-standard","has-post-thumbnail","hentry","category-f-jugend","category-jugend","category-news","small-justify-block","has-thumb"],"yoast_head":"<!-- This site is optimized with the Yoast SEO plugin v27.2 - https:\/\/yoast.com\/product\/yoast-seo-wordpress\/ -->\n<title>F-Jugend wird Vizehallenkreismeister<\/title>\n<meta name=\"robots\" content=\"index, follow, max-snippet:-1, max-image-preview:large, max-video-preview:-1\" \/>\n<link rel=\"canonical\" href=\"http:\/\/www.tus-bruchhausen.de\/Fussball\/f-jugend-wird-vizehallenkreismeister\/\" \/>\n<meta property=\"og:locale\" content=\"de_DE\" \/>\n<meta property=\"og:type\" content=\"article\" \/>\n<meta property=\"og:title\" content=\"F-Jugend wird Vizehallenkreismeister\" \/>\n<meta property=\"og:description\" content=\"Die F-Jugend hat bei den diesj\u00e4hrigen Hallenkreismeisterschaften einen hervorragenden zweiten Platz belegt. Die Vorrunde, die am 06. Dezember des vergangenen Jahres ausgetragen wurde, wurde in sechs Gruppen \u00e0 f\u00fcnf Mannschaften ausgespielt. Hier reichte es nach zwei 1:0-Siegen gegen TuS Oeventrop und dem SV H\u00fcsten II, einer 1:2-Niederlage gegen die JSG M\u00fcschede\/Herdringen und einem 2:1-Sieg \u00fcber [&hellip;]\" \/>\n<meta property=\"og:url\" content=\"http:\/\/www.tus-bruchhausen.de\/Fussball\/f-jugend-wird-vizehallenkreismeister\/\" \/>\n<meta property=\"og:site_name\" content=\"TuS Bruchhausen\" \/>\n<meta property=\"article:publisher\" content=\"https:\/\/www.facebook.com\/TuS02\/\" \/>\n<meta property=\"article:published_time\" content=\"2015-03-09T08:56:41+00:00\" \/>\n<meta property=\"article:modified_time\" content=\"2015-03-09T14:46:06+00:00\" \/>\n<meta property=\"og:image\" content=\"http:\/\/www.tus-bruchhausen.de\/Fussball\/wp-content\/uploads\/2015\/03\/F-Jgd-Vizestadtmeister2-e1425912353631.jpg\" \/>\n\t<meta property=\"og:image:width\" content=\"1280\" \/>\n\t<meta property=\"og:image:height\" content=\"560\" \/>\n\t<meta property=\"og:image:type\" content=\"image\/jpeg\" \/>\n<meta name=\"author\" content=\"Chris Hahne\" \/>\n<meta name=\"twitter:card\" content=\"summary_large_image\" \/>\n<meta name=\"twitter:label1\" content=\"Verfasst von\" \/>\n\t<meta name=\"twitter:data1\" content=\"Chris Hahne\" \/>\n\t<meta name=\"twitter:label2\" content=\"Gesch\u00e4tzte Lesezeit\" \/>\n\t<meta name=\"twitter:data2\" content=\"1\u00a0Minute\" \/>\n<script type=\"application\/ld+json\" class=\"yoast-schema-graph\">{\"@context\":\"https:\/\/schema.org\",\"@graph\":[{\"@type\":\"Article\",\"@id\":\"http:\/\/www.tus-bruchhausen.de\/Fussball\/f-jugend-wird-vizehallenkreismeister\/#article\",\"isPartOf\":{\"@id\":\"http:\/\/www.tus-bruchhausen.de\/Fussball\/f-jugend-wird-vizehallenkreismeister\/\"},\"author\":{\"name\":\"Chris Hahne\",\"@id\":\"https:\/\/www.tus-bruchhausen.de\/Fussball\/#\/schema\/person\/94e7a48174ea0a64c61fafdbdcbba7ec\"},\"headline\":\"F-Jugend wird Vizehallenkreismeister\",\"datePublished\":\"2015-03-09T08:56:41+00:00\",\"dateModified\":\"2015-03-09T14:46:06+00:00\",\"mainEntityOfPage\":{\"@id\":\"http:\/\/www.tus-bruchhausen.de\/Fussball\/f-jugend-wird-vizehallenkreismeister\/\"},\"wordCount\":225,\"image\":{\"@id\":\"http:\/\/www.tus-bruchhausen.de\/Fussball\/f-jugend-wird-vizehallenkreismeister\/#primaryimage\"},\"thumbnailUrl\":\"http:\/\/www.tus-bruchhausen.de\/Fussball\/wp-content\/uploads\/2015\/03\/F-Jgd-Vizestadtmeister2-e1425912353631.jpg\",\"articleSection\":[\"F-Jugend\",\"Jugend\",\"News\"],\"inLanguage\":\"de\"},{\"@type\":\"WebPage\",\"@id\":\"http:\/\/www.tus-bruchhausen.de\/Fussball\/f-jugend-wird-vizehallenkreismeister\/\",\"url\":\"http:\/\/www.tus-bruchhausen.de\/Fussball\/f-jugend-wird-vizehallenkreismeister\/\",\"name\":\"F-Jugend wird Vizehallenkreismeister\",\"isPartOf\":{\"@id\":\"https:\/\/www.tus-bruchhausen.de\/Fussball\/#website\"},\"primaryImageOfPage\":{\"@id\":\"http:\/\/www.tus-bruchhausen.de\/Fussball\/f-jugend-wird-vizehallenkreismeister\/#primaryimage\"},\"image\":{\"@id\":\"http:\/\/www.tus-bruchhausen.de\/Fussball\/f-jugend-wird-vizehallenkreismeister\/#primaryimage\"},\"thumbnailUrl\":\"http:\/\/www.tus-bruchhausen.de\/Fussball\/wp-content\/uploads\/2015\/03\/F-Jgd-Vizestadtmeister2-e1425912353631.jpg\",\"datePublished\":\"2015-03-09T08:56:41+00:00\",\"dateModified\":\"2015-03-09T14:46:06+00:00\",\"author\":{\"@id\":\"https:\/\/www.tus-bruchhausen.de\/Fussball\/#\/schema\/person\/94e7a48174ea0a64c61fafdbdcbba7ec\"},\"breadcrumb\":{\"@id\":\"http:\/\/www.tus-bruchhausen.de\/Fussball\/f-jugend-wird-vizehallenkreismeister\/#breadcrumb\"},\"inLanguage\":\"de\",\"potentialAction\":[{\"@type\":\"ReadAction\",\"target\":[\"http:\/\/www.tus-bruchhausen.de\/Fussball\/f-jugend-wird-vizehallenkreismeister\/\"]}]},{\"@type\":\"ImageObject\",\"inLanguage\":\"de\",\"@id\":\"http:\/\/www.tus-bruchhausen.de\/Fussball\/f-jugend-wird-vizehallenkreismeister\/#primaryimage\",\"url\":\"http:\/\/www.tus-bruchhausen.de\/Fussball\/wp-content\/uploads\/2015\/03\/F-Jgd-Vizestadtmeister2-e1425912353631.jpg\",\"contentUrl\":\"http:\/\/www.tus-bruchhausen.de\/Fussball\/wp-content\/uploads\/2015\/03\/F-Jgd-Vizestadtmeister2-e1425912353631.jpg\",\"width\":1280,\"height\":560},{\"@type\":\"BreadcrumbList\",\"@id\":\"http:\/\/www.tus-bruchhausen.de\/Fussball\/f-jugend-wird-vizehallenkreismeister\/#breadcrumb\",\"itemListElement\":[{\"@type\":\"ListItem\",\"position\":1,\"name\":\"Startseite\",\"item\":\"https:\/\/www.tus-bruchhausen.de\/Fussball\/\"},{\"@type\":\"ListItem\",\"position\":2,\"name\":\"F-Jugend wird Vizehallenkreismeister\"}]},{\"@type\":\"WebSite\",\"@id\":\"https:\/\/www.tus-bruchhausen.de\/Fussball\/#website\",\"url\":\"https:\/\/www.tus-bruchhausen.de\/Fussball\/\",\"name\":\"TuS Bruchhausen\",\"description\":\"Fu\u00dfball\",\"potentialAction\":[{\"@type\":\"SearchAction\",\"target\":{\"@type\":\"EntryPoint\",\"urlTemplate\":\"https:\/\/www.tus-bruchhausen.de\/Fussball\/?s={search_term_string}\"},\"query-input\":{\"@type\":\"PropertyValueSpecification\",\"valueRequired\":true,\"valueName\":\"search_term_string\"}}],\"inLanguage\":\"de\"},{\"@type\":\"Person\",\"@id\":\"https:\/\/www.tus-bruchhausen.de\/Fussball\/#\/schema\/person\/94e7a48174ea0a64c61fafdbdcbba7ec\",\"name\":\"Chris Hahne\",\"image\":{\"@type\":\"ImageObject\",\"inLanguage\":\"de\",\"@id\":\"https:\/\/secure.gravatar.com\/avatar\/34a714ce5807c659f0bec4d3b72d79363536646359b280b19fd672a946483499?s=96&d=mm&r=g\",\"url\":\"https:\/\/secure.gravatar.com\/avatar\/34a714ce5807c659f0bec4d3b72d79363536646359b280b19fd672a946483499?s=96&d=mm&r=g\",\"contentUrl\":\"https:\/\/secure.gravatar.com\/avatar\/34a714ce5807c659f0bec4d3b72d79363536646359b280b19fd672a946483499?s=96&d=mm&r=g\",\"caption\":\"Chris Hahne\"}}]}<\/script>\n<!-- \/ Yoast SEO plugin. -->","yoast_head_json":{"title":"F-Jugend wird Vizehallenkreismeister","robots":{"index":"index","follow":"follow","max-snippet":"max-snippet:-1","max-image-preview":"max-image-preview:large","max-video-preview":"max-video-preview:-1"},"canonical":"http:\/\/www.tus-bruchhausen.de\/Fussball\/f-jugend-wird-vizehallenkreismeister\/","og_locale":"de_DE","og_type":"article","og_title":"F-Jugend wird Vizehallenkreismeister","og_description":"Die F-Jugend hat bei den diesj\u00e4hrigen Hallenkreismeisterschaften einen hervorragenden zweiten Platz belegt. Die Vorrunde, die am 06. Dezember des vergangenen Jahres ausgetragen wurde, wurde in sechs Gruppen \u00e0 f\u00fcnf Mannschaften ausgespielt. Hier reichte es nach zwei 1:0-Siegen gegen TuS Oeventrop und dem SV H\u00fcsten II, einer 1:2-Niederlage gegen die JSG M\u00fcschede\/Herdringen und einem 2:1-Sieg \u00fcber [&hellip;]","og_url":"http:\/\/www.tus-bruchhausen.de\/Fussball\/f-jugend-wird-vizehallenkreismeister\/","og_site_name":"TuS Bruchhausen","article_publisher":"https:\/\/www.facebook.com\/TuS02\/","article_published_time":"2015-03-09T08:56:41+00:00","article_modified_time":"2015-03-09T14:46:06+00:00","og_image":[{"width":1280,"height":560,"url":"http:\/\/www.tus-bruchhausen.de\/Fussball\/wp-content\/uploads\/2015\/03\/F-Jgd-Vizestadtmeister2-e1425912353631.jpg","type":"image\/jpeg"}],"author":"Chris Hahne","twitter_card":"summary_large_image","twitter_misc":{"Verfasst von":"Chris Hahne","Gesch\u00e4tzte Lesezeit":"1\u00a0Minute"},"schema":{"@context":"https:\/\/schema.org","@graph":[{"@type":"Article","@id":"http:\/\/www.tus-bruchhausen.de\/Fussball\/f-jugend-wird-vizehallenkreismeister\/#article","isPartOf":{"@id":"http:\/\/www.tus-bruchhausen.de\/Fussball\/f-jugend-wird-vizehallenkreismeister\/"},"author":{"name":"Chris Hahne","@id":"https:\/\/www.tus-bruchhausen.de\/Fussball\/#\/schema\/person\/94e7a48174ea0a64c61fafdbdcbba7ec"},"headline":"F-Jugend wird Vizehallenkreismeister","datePublished":"2015-03-09T08:56:41+00:00","dateModified":"2015-03-09T14:46:06+00:00","mainEntityOfPage":{"@id":"http:\/\/www.tus-bruchhausen.de\/Fussball\/f-jugend-wird-vizehallenkreismeister\/"},"wordCount":225,"image":{"@id":"http:\/\/www.tus-bruchhausen.de\/Fussball\/f-jugend-wird-vizehallenkreismeister\/#primaryimage"},"thumbnailUrl":"http:\/\/www.tus-bruchhausen.de\/Fussball\/wp-content\/uploads\/2015\/03\/F-Jgd-Vizestadtmeister2-e1425912353631.jpg","articleSection":["F-Jugend","Jugend","News"],"inLanguage":"de"},{"@type":"WebPage","@id":"http:\/\/www.tus-bruchhausen.de\/Fussball\/f-jugend-wird-vizehallenkreismeister\/","url":"http:\/\/www.tus-bruchhausen.de\/Fussball\/f-jugend-wird-vizehallenkreismeister\/","name":"F-Jugend wird Vizehallenkreismeister","isPartOf":{"@id":"https:\/\/www.tus-bruchhausen.de\/Fussball\/#website"},"primaryImageOfPage":{"@id":"http:\/\/www.tus-bruchhausen.de\/Fussball\/f-jugend-wird-vizehallenkreismeister\/#primaryimage"},"image":{"@id":"http:\/\/www.tus-bruchhausen.de\/Fussball\/f-jugend-wird-vizehallenkreismeister\/#primaryimage"},"thumbnailUrl":"http:\/\/www.tus-bruchhausen.de\/Fussball\/wp-content\/uploads\/2015\/03\/F-Jgd-Vizestadtmeister2-e1425912353631.jpg","datePublished":"2015-03-09T08:56:41+00:00","dateModified":"2015-03-09T14:46:06+00:00","author":{"@id":"https:\/\/www.tus-bruchhausen.de\/Fussball\/#\/schema\/person\/94e7a48174ea0a64c61fafdbdcbba7ec"},"breadcrumb":{"@id":"http:\/\/www.tus-bruchhausen.de\/Fussball\/f-jugend-wird-vizehallenkreismeister\/#breadcrumb"},"inLanguage":"de","potentialAction":[{"@type":"ReadAction","target":["http:\/\/www.tus-bruchhausen.de\/Fussball\/f-jugend-wird-vizehallenkreismeister\/"]}]},{"@type":"ImageObject","inLanguage":"de","@id":"http:\/\/www.tus-bruchhausen.de\/Fussball\/f-jugend-wird-vizehallenkreismeister\/#primaryimage","url":"http:\/\/www.tus-bruchhausen.de\/Fussball\/wp-content\/uploads\/2015\/03\/F-Jgd-Vizestadtmeister2-e1425912353631.jpg","contentUrl":"http:\/\/www.tus-bruchhausen.de\/Fussball\/wp-content\/uploads\/2015\/03\/F-Jgd-Vizestadtmeister2-e1425912353631.jpg","width":1280,"height":560},{"@type":"BreadcrumbList","@id":"http:\/\/www.tus-bruchhausen.de\/Fussball\/f-jugend-wird-vizehallenkreismeister\/#breadcrumb","itemListElement":[{"@type":"ListItem","position":1,"name":"Startseite","item":"https:\/\/www.tus-bruchhausen.de\/Fussball\/"},{"@type":"ListItem","position":2,"name":"F-Jugend wird Vizehallenkreismeister"}]},{"@type":"WebSite","@id":"https:\/\/www.tus-bruchhausen.de\/Fussball\/#website","url":"https:\/\/www.tus-bruchhausen.de\/Fussball\/","name":"TuS Bruchhausen","description":"Fu\u00dfball","potentialAction":[{"@type":"SearchAction","target":{"@type":"EntryPoint","urlTemplate":"https:\/\/www.tus-bruchhausen.de\/Fussball\/?s={search_term_string}"},"query-input":{"@type":"PropertyValueSpecification","valueRequired":true,"valueName":"search_term_string"}}],"inLanguage":"de"},{"@type":"Person","@id":"https:\/\/www.tus-bruchhausen.de\/Fussball\/#\/schema\/person\/94e7a48174ea0a64c61fafdbdcbba7ec","name":"Chris Hahne","image":{"@type":"ImageObject","inLanguage":"de","@id":"https:\/\/secure.gravatar.com\/avatar\/34a714ce5807c659f0bec4d3b72d79363536646359b280b19fd672a946483499?s=96&d=mm&r=g","url":"https:\/\/secure.gravatar.com\/avatar\/34a714ce5807c659f0bec4d3b72d79363536646359b280b19fd672a946483499?s=96&d=mm&r=g","contentUrl":"https:\/\/secure.gravatar.com\/avatar\/34a714ce5807c659f0bec4d3b72d79363536646359b280b19fd672a946483499?s=96&d=mm&r=g","caption":"Chris Hahne"}}]}},"_links":{"self":[{"href":"http:\/\/www.tus-bruchhausen.de\/Fussball\/wp-json\/wp\/v2\/posts\/5873","targetHints":{"allow":["GET"]}}],"collection":[{"href":"http:\/\/www.tus-bruchhausen.de\/Fussball\/wp-json\/wp\/v2\/posts"}],"about":[{"href":"http:\/\/www.tus-bruchhausen.de\/Fussball\/wp-json\/wp\/v2\/types\/post"}],"author":[{"embeddable":true,"href":"http:\/\/www.tus-bruchhausen.de\/Fussball\/wp-json\/wp\/v2\/users\/3"}],"replies":[{"embeddable":true,"href":"http:\/\/www.tus-bruchhausen.de\/Fussball\/wp-json\/wp\/v2\/comments?post=5873"}],"version-history":[{"count":1,"href":"http:\/\/www.tus-bruchhausen.de\/Fussball\/wp-json\/wp\/v2\/posts\/5873\/revisions"}],"predecessor-version":[{"id":5874,"href":"http:\/\/www.tus-bruchhausen.de\/Fussball\/wp-json\/wp\/v2\/posts\/5873\/revisions\/5874"}],"wp:featuredmedia":[{"embeddable":true,"href":"http:\/\/www.tus-bruchhausen.de\/Fussball\/wp-json\/wp\/v2\/media\/5879"}],"wp:attachment":[{"href":"http:\/\/www.tus-bruchhausen.de\/Fussball\/wp-json\/wp\/v2\/media?parent=5873"}],"wp:term":[{"taxonomy":"category","embeddable":true,"href":"http:\/\/www.tus-bruchhausen.de\/Fussball\/wp-json\/wp\/v2\/categories?post=5873"},{"taxonomy":"post_tag","embeddable":true,"href":"http:\/\/www.tus-bruchhausen.de\/Fussball\/wp-json\/wp\/v2\/tags?post=5873"}],"curies":[{"name":"wp","href":"https:\/\/api.w.org\/{rel}","templated":true}]}}