{"id":5933,"date":"2015-03-15T20:29:56","date_gmt":"2015-03-15T19:29:56","guid":{"rendered":"http:\/\/tus-bruchhausen.de\/Fussball\/?p=5933"},"modified":"2015-03-15T22:08:14","modified_gmt":"2015-03-15T21:08:14","slug":"bruchhausen-feiert-mit-fuenf-toren-an-der-hiag","status":"publish","type":"post","link":"http:\/\/www.tus-bruchhausen.de\/Fussball\/bruchhausen-feiert-mit-fuenf-toren-an-der-hiag\/","title":{"rendered":"Bruchhausen feiert f\u00fcnf Tore-Sieg an der Hiag"},"content":{"rendered":"<p>Der TuS Bruchhausen feiert den zweiten Heimsieg nach der Winterpause. Im Topspiel gegen den SV Herdringen ging die Elf von Trainer Freddy Quebbemann mit 5:3 als Sieger vom Platz. Damit festigt der TuS 02 den zweiten Tabellenplatz in der Kreisliga A.<\/p>\n<figure id=\"attachment_5941\" aria-describedby=\"caption-attachment-5941\" style=\"width: 200px\" class=\"wp-caption alignright\"><a href=\"http:\/\/tus-bruchhausen.de\/Fussball\/wp-content\/uploads\/2015\/03\/IMG_0467.jpg\" rel=\"lightbox[5933]\"><img loading=\"lazy\" decoding=\"async\" class=\"size-medium wp-image-5941\" src=\"http:\/\/tus-bruchhausen.de\/Fussball\/wp-content\/uploads\/2015\/03\/IMG_0467-200x133.jpg\" alt=\"Nach 11 Minuten war die Partie f\u00fcr Stephen Hoffmann beendet\" width=\"200\" height=\"133\" srcset=\"http:\/\/www.tus-bruchhausen.de\/Fussball\/wp-content\/uploads\/2015\/03\/IMG_0467-200x133.jpg 200w, http:\/\/www.tus-bruchhausen.de\/Fussball\/wp-content\/uploads\/2015\/03\/IMG_0467-563x376.jpg 563w, http:\/\/www.tus-bruchhausen.de\/Fussball\/wp-content\/uploads\/2015\/03\/IMG_0467-900x601.jpg 900w, http:\/\/www.tus-bruchhausen.de\/Fussball\/wp-content\/uploads\/2015\/03\/IMG_0467.jpg 1440w\" sizes=\"auto, (max-width: 200px) 100vw, 200px\" \/><\/a><figcaption id=\"caption-attachment-5941\" class=\"wp-caption-text\">Nach 11 Minuten war die Partie f\u00fcr Stephen Hoffmann beendet<\/figcaption><\/figure>\n<p>Kurz vor der Partie erreichte die Mannschaft von Trainer Freddy Quebbemann die erste negative Nachricht des Tages. TuS-Verteidiger Christopher Hahne musste verletzungsbedingt noch vor der Partie aus der Startelf gestrichen werden. In der 11. Minute des Spiels musste zu allem \u00dcberfluss noch Co-Trainer Stephen Hoffmann nach einem Zweikampf verletzungsbedingt ausgewechselt werden.<\/p>\n<p>Entsprechend nerv\u00f6s pr\u00e4sentierte sich der TuS 02 in der Anfangsphase der Partie.\u00a0<span style=\"line-height: 1.5;\">Die G\u00e4ste aus Herdringen fanden zun\u00e4chst besser ins Spiel. Die ersten M\u00f6glichkeiten erspielte sich dann jedoch die Elf von der Hiag. Auch das erste Tor des Spiels erzielten die Hausherren. TuS-St\u00fcrmer Tim Ballauf kam im Strafraum der G\u00e4ste an den Ball, drehte sich um die eigene Achse und schoss das Leder aus zw\u00f6lf Metern unhaltbar ins Tor zum 1:0 (25.). Sichtlich geschockt reagierten die G\u00e4ste aus Herdringen und kassierten nur drei Minuten sp\u00e4ter den zweiten Gegentreffer. Die entscheidende Flanke landete perfekt auf dem Kopf von St\u00fcrmer Mehmet Kurt, der zum 2:0 eink\u00f6pfen konnte (28.). Die zwei Tore F\u00fchrung nach dem Spielverlauf zu diesem Zeitpunkt um ein Tor zu hoch, denn auch die G\u00e4ste aus Herdringen spielten schnell in die Spitze.<\/span><\/p>\n<figure id=\"attachment_5942\" aria-describedby=\"caption-attachment-5942\" style=\"width: 200px\" class=\"wp-caption alignleft\"><a href=\"http:\/\/tus-bruchhausen.de\/Fussball\/wp-content\/uploads\/2015\/03\/IMG_0512.jpg\" rel=\"lightbox[5933]\"><img loading=\"lazy\" decoding=\"async\" class=\"size-medium wp-image-5942\" src=\"http:\/\/tus-bruchhausen.de\/Fussball\/wp-content\/uploads\/2015\/03\/IMG_0512-200x134.jpg\" alt=\"Dennis Perez Gomes (l.) und Mehmet Kurt in Feierlaune\" width=\"200\" height=\"134\" srcset=\"http:\/\/www.tus-bruchhausen.de\/Fussball\/wp-content\/uploads\/2015\/03\/IMG_0512-200x134.jpg 200w, http:\/\/www.tus-bruchhausen.de\/Fussball\/wp-content\/uploads\/2015\/03\/IMG_0512-562x376.jpg 562w, http:\/\/www.tus-bruchhausen.de\/Fussball\/wp-content\/uploads\/2015\/03\/IMG_0512-900x602.jpg 900w, http:\/\/www.tus-bruchhausen.de\/Fussball\/wp-content\/uploads\/2015\/03\/IMG_0512.jpg 1440w\" sizes=\"auto, (max-width: 200px) 100vw, 200px\" \/><\/a><figcaption id=\"caption-attachment-5942\" class=\"wp-caption-text\">Dennis Perez Gomes (l.) und Mehmet Kurt in Feierlaune<\/figcaption><\/figure>\n<p>Zum Ende der ersten Halbzeit wurde der SV Herdringen immer besser und kam nicht zu Unrecht zum Anschlusstreffer. Nach einem Freisto\u00df kurz hinter der Mittellinie konnte SV-Spieler Vincenzo Rossi zum 1:2 eink\u00f6pfen (36.). Der Ball kugelte vom Innenpfosten noch ins Tor des TuS 02. Zuvor hatte der TuS Bruchhausen jedoch die gro\u00dfe Chance aufs 3:0, die Volleyabnahme von Marcel Linke knallte nach einer TuS-Ecke nur ans Aluminium. Es war insgesamt keine gute erste Halbzeit vom TuS Bruchhausen, dennoch ging es f\u00fcr die Hiag-Elf mit einer F\u00fchrung in die Pause.<\/p>\n<p>Der zweite Durchgang blieb hektisch. Der SV Herdringen kam zun\u00e4chst besser aus der Kabine musste mit zunehmender Spielzeit aber Federn lassen. Nicht ganz eine Stunde war gespielt als TuS-Spieler Marcel Linke das 3:1 erzielte und den alten zwei Tore-Abstand wieder herstellte (58.). Nun versuchte der TuS 02 die F\u00fchrung zu verwalten, das ging jedoch deutlich schief. Innerhalb von sieben Minuten konnte der SV Herdringen das Spiel ausgleichen. Zun\u00e4chst traf Torj\u00e4ger Marcel Kern zum Anschluss (70.), anschlie\u00dfend machte erneut Vincenzo Rossi das Tor zum 3:3 Ausgleich.<\/p>\n<figure id=\"attachment_5943\" aria-describedby=\"caption-attachment-5943\" style=\"width: 200px\" class=\"wp-caption alignright\"><a href=\"http:\/\/tus-bruchhausen.de\/Fussball\/wp-content\/uploads\/2015\/03\/IMG_0607.jpg\" rel=\"lightbox[5933]\"><img loading=\"lazy\" decoding=\"async\" class=\"size-medium wp-image-5943\" src=\"http:\/\/tus-bruchhausen.de\/Fussball\/wp-content\/uploads\/2015\/03\/IMG_0607-200x133.jpg\" alt=\"Trainer Freddy Quebbemann freut sich \u00fcber den Heimsieg\" width=\"200\" height=\"133\" srcset=\"http:\/\/www.tus-bruchhausen.de\/Fussball\/wp-content\/uploads\/2015\/03\/IMG_0607-200x133.jpg 200w, http:\/\/www.tus-bruchhausen.de\/Fussball\/wp-content\/uploads\/2015\/03\/IMG_0607-300x200.jpg 300w, http:\/\/www.tus-bruchhausen.de\/Fussball\/wp-content\/uploads\/2015\/03\/IMG_0607-150x100.jpg 150w, http:\/\/www.tus-bruchhausen.de\/Fussball\/wp-content\/uploads\/2015\/03\/IMG_0607-768x511.jpg 768w, http:\/\/www.tus-bruchhausen.de\/Fussball\/wp-content\/uploads\/2015\/03\/IMG_0607-1170x780.jpg 1170w, http:\/\/www.tus-bruchhausen.de\/Fussball\/wp-content\/uploads\/2015\/03\/IMG_0607-272x182.jpg 272w, http:\/\/www.tus-bruchhausen.de\/Fussball\/wp-content\/uploads\/2015\/03\/IMG_0607-565x376.jpg 565w, http:\/\/www.tus-bruchhausen.de\/Fussball\/wp-content\/uploads\/2015\/03\/IMG_0607-900x599.jpg 900w, http:\/\/www.tus-bruchhausen.de\/Fussball\/wp-content\/uploads\/2015\/03\/IMG_0607.jpg 1440w\" sizes=\"auto, (max-width: 200px) 100vw, 200px\" \/><\/a><figcaption id=\"caption-attachment-5943\" class=\"wp-caption-text\">Trainer Freddy Quebbemann freut sich \u00fcber den Heimsieg<\/figcaption><\/figure>\n<p>Bruchhausen blieb trotz des \u00fcberraschenden Ausgleichs an diesem Tag gelassen und verlie\u00df sich ganz auf die gl\u00e4nzend aufgelegte Sturmreihe. Nur zwei Minuten nach dem Ausgleichstreffer konnte Marcel Linke den SV-Keeper \u00fcberwinden doch der Ball gelangte nur bis zur vor die Torlinie. Die Restarbeit erledigte dann der mitgelaufene Dennis P\u00e9rez Gomes und schoss zum umjubelten 4:3 ein (79.). Den Schlusspunkt f\u00fcr den TuS Bruchhausen setzte dann der eingewechselte Kai Oberreuther, der TuS-Torj\u00e4ger traf per Kopfball zum 5:3 Endstand. Damit war der Sack in dieser Begegnung endg\u00fcltig zu.<\/p>\n<figure id=\"attachment_5944\" aria-describedby=\"caption-attachment-5944\" style=\"width: 200px\" class=\"wp-caption alignleft\"><a href=\"http:\/\/tus-bruchhausen.de\/Fussball\/wp-content\/uploads\/2015\/03\/IMG_0625.jpg\" rel=\"lightbox[5933]\"><img loading=\"lazy\" decoding=\"async\" class=\"size-medium wp-image-5944\" src=\"http:\/\/tus-bruchhausen.de\/Fussball\/wp-content\/uploads\/2015\/03\/IMG_0625-200x134.jpg\" alt=\"Kai Oberreuther trifft zum 5:3 Endstand\" width=\"200\" height=\"134\" srcset=\"http:\/\/www.tus-bruchhausen.de\/Fussball\/wp-content\/uploads\/2015\/03\/IMG_0625-200x134.jpg 200w, http:\/\/www.tus-bruchhausen.de\/Fussball\/wp-content\/uploads\/2015\/03\/IMG_0625-561x376.jpg 561w, http:\/\/www.tus-bruchhausen.de\/Fussball\/wp-content\/uploads\/2015\/03\/IMG_0625-900x603.jpg 900w, http:\/\/www.tus-bruchhausen.de\/Fussball\/wp-content\/uploads\/2015\/03\/IMG_0625.jpg 1440w\" sizes=\"auto, (max-width: 200px) 100vw, 200px\" \/><\/a><figcaption id=\"caption-attachment-5944\" class=\"wp-caption-text\">Kai Oberreuther trifft zum 5:3 Endstand<\/figcaption><\/figure>\n<p>Nach dem Sieg im Verfolgerduell gegen den SV Herdringen baut der TuS Bruchhausen den Vorsprung auf den vierten und f\u00fcnften Platz auf nun sechs Punkte aus. Es war der erste Sieg in einem Topspiel in dieser Saison. In der kommenden Woche spielt der TuS 02 erneut im Sportpark An der Hiag. Gegner ist dann Aufsteiger SV Bachum\/Bergheim.<\/p>\n<p>&nbsp;<\/p>\n<p><strong><br \/>\nAufstellung:<\/strong> L\u00fcneburg &#8211; Knaup, Walter, Hakenesch &#8211; Linke, Schacht, M\u00fcller, Hoffmann (11. Winkelmann \/ 45. Oberreuhter) &#8211; P\u00e9rez Gomes &#8211; Kurt, Ballauf (82. R\u00f6ttger)<\/p>\n<p><strong>Tore:<\/strong> 1:0\u00a0<span class=\"hidden-small inline\">Tim<\/span> Ballauf (25.), 2:0\u00a0<span class=\"hidden-small inline\">Mehmet<\/span> Kurt (28.), 2:1\u00a0<span class=\"hidden-small inline\">Vincenzo<\/span> Rossi (36.), 3:1\u00a0<span class=\"hidden-small inline\">Marcel<\/span> Linke (58.), 3:2 Marcel Kern (70.), 3:3\u00a0<span class=\"hidden-small inline\">Vincenzo<\/span> Rossi\u00a0(77.),\u00a04:3\u00a0<span class=\"hidden-small inline\">Dennis<\/span> Perez Gomes (79.), 5:3\u00a0<span class=\"hidden-small inline\">Kai<\/span> Oberreuther (83.)<\/p>\n","protected":false},"excerpt":{"rendered":"<p>Der TuS Bruchhausen feiert den zweiten Heimsieg nach der Winterpause. Im Topspiel gegen den SV Herdringen ging die Elf von Trainer Freddy Quebbemann mit 5:3 als Sieger vom Platz. Damit festigt der TuS 02 den zweiten Tabellenplatz in der Kreisliga A. Kurz vor der Partie erreichte die Mannschaft von Trainer Freddy Quebbemann die erste negative [&hellip;]<\/p>\n","protected":false},"author":6,"featured_media":5934,"comment_status":"closed","ping_status":"closed","sticky":false,"template":"","format":"standard","meta":{"footnotes":""},"categories":[3,8,20],"tags":[],"class_list":["post-5933","post","type-post","status-publish","format-standard","has-post-thumbnail","hentry","category-1-mannschaft","category-news","category-app","small-justify-block","has-thumb"],"yoast_head":"<!-- This site is optimized with the Yoast SEO plugin v27.2 - https:\/\/yoast.com\/product\/yoast-seo-wordpress\/ -->\n<title>Bruchhausen feiert f\u00fcnf Tore-Sieg an der Hiag<\/title>\n<meta name=\"robots\" content=\"index, follow, max-snippet:-1, max-image-preview:large, max-video-preview:-1\" \/>\n<link rel=\"canonical\" href=\"https:\/\/www.tus-bruchhausen.de\/Fussball\/bruchhausen-feiert-mit-fuenf-toren-an-der-hiag\/\" \/>\n<meta property=\"og:locale\" content=\"de_DE\" \/>\n<meta property=\"og:type\" content=\"article\" \/>\n<meta property=\"og:title\" content=\"Bruchhausen feiert f\u00fcnf Tore-Sieg an der Hiag\" \/>\n<meta property=\"og:description\" content=\"Der TuS Bruchhausen feiert den zweiten Heimsieg nach der Winterpause. Im Topspiel gegen den SV Herdringen ging die Elf von Trainer Freddy Quebbemann mit 5:3 als Sieger vom Platz. Damit festigt der TuS 02 den zweiten Tabellenplatz in der Kreisliga A. Kurz vor der Partie erreichte die Mannschaft von Trainer Freddy Quebbemann die erste negative [&hellip;]\" \/>\n<meta property=\"og:url\" content=\"https:\/\/www.tus-bruchhausen.de\/Fussball\/bruchhausen-feiert-mit-fuenf-toren-an-der-hiag\/\" \/>\n<meta property=\"og:site_name\" content=\"TuS Bruchhausen\" \/>\n<meta property=\"article:publisher\" content=\"https:\/\/www.facebook.com\/TuS02\/\" \/>\n<meta property=\"article:published_time\" content=\"2015-03-15T19:29:56+00:00\" \/>\n<meta property=\"article:modified_time\" content=\"2015-03-15T21:08:14+00:00\" \/>\n<meta property=\"og:image\" content=\"https:\/\/www.tus-bruchhausen.de\/Fussball\/wp-content\/uploads\/2015\/03\/IMG_0509-e1426448110345.jpg\" \/>\n\t<meta property=\"og:image:width\" content=\"1439\" \/>\n\t<meta property=\"og:image:height\" content=\"910\" \/>\n\t<meta property=\"og:image:type\" content=\"image\/jpeg\" \/>\n<meta name=\"author\" content=\"Dominic Gabriel\" \/>\n<meta name=\"twitter:card\" content=\"summary_large_image\" \/>\n<meta name=\"twitter:label1\" content=\"Verfasst von\" \/>\n\t<meta name=\"twitter:data1\" content=\"Dominic Gabriel\" \/>\n\t<meta name=\"twitter:label2\" content=\"Gesch\u00e4tzte Lesezeit\" \/>\n\t<meta name=\"twitter:data2\" content=\"3\u00a0Minuten\" \/>\n<script type=\"application\/ld+json\" class=\"yoast-schema-graph\">{\"@context\":\"https:\/\/schema.org\",\"@graph\":[{\"@type\":\"Article\",\"@id\":\"https:\/\/www.tus-bruchhausen.de\/Fussball\/bruchhausen-feiert-mit-fuenf-toren-an-der-hiag\/#article\",\"isPartOf\":{\"@id\":\"https:\/\/www.tus-bruchhausen.de\/Fussball\/bruchhausen-feiert-mit-fuenf-toren-an-der-hiag\/\"},\"author\":{\"name\":\"Dominic Gabriel\",\"@id\":\"http:\/\/www.tus-bruchhausen.de\/Fussball\/#\/schema\/person\/53a173c5abf387371fd35fcb395bc0af\"},\"headline\":\"Bruchhausen feiert f\u00fcnf Tore-Sieg an der Hiag\",\"datePublished\":\"2015-03-15T19:29:56+00:00\",\"dateModified\":\"2015-03-15T21:08:14+00:00\",\"mainEntityOfPage\":{\"@id\":\"https:\/\/www.tus-bruchhausen.de\/Fussball\/bruchhausen-feiert-mit-fuenf-toren-an-der-hiag\/\"},\"wordCount\":661,\"image\":{\"@id\":\"https:\/\/www.tus-bruchhausen.de\/Fussball\/bruchhausen-feiert-mit-fuenf-toren-an-der-hiag\/#primaryimage\"},\"thumbnailUrl\":\"http:\/\/www.tus-bruchhausen.de\/Fussball\/wp-content\/uploads\/2015\/03\/IMG_0509-e1426448110345.jpg\",\"articleSection\":[\"1. Mannschaft\",\"News\",\"Z_APP\"],\"inLanguage\":\"de\"},{\"@type\":\"WebPage\",\"@id\":\"https:\/\/www.tus-bruchhausen.de\/Fussball\/bruchhausen-feiert-mit-fuenf-toren-an-der-hiag\/\",\"url\":\"https:\/\/www.tus-bruchhausen.de\/Fussball\/bruchhausen-feiert-mit-fuenf-toren-an-der-hiag\/\",\"name\":\"Bruchhausen feiert f\u00fcnf Tore-Sieg an der Hiag\",\"isPartOf\":{\"@id\":\"http:\/\/www.tus-bruchhausen.de\/Fussball\/#website\"},\"primaryImageOfPage\":{\"@id\":\"https:\/\/www.tus-bruchhausen.de\/Fussball\/bruchhausen-feiert-mit-fuenf-toren-an-der-hiag\/#primaryimage\"},\"image\":{\"@id\":\"https:\/\/www.tus-bruchhausen.de\/Fussball\/bruchhausen-feiert-mit-fuenf-toren-an-der-hiag\/#primaryimage\"},\"thumbnailUrl\":\"http:\/\/www.tus-bruchhausen.de\/Fussball\/wp-content\/uploads\/2015\/03\/IMG_0509-e1426448110345.jpg\",\"datePublished\":\"2015-03-15T19:29:56+00:00\",\"dateModified\":\"2015-03-15T21:08:14+00:00\",\"author\":{\"@id\":\"http:\/\/www.tus-bruchhausen.de\/Fussball\/#\/schema\/person\/53a173c5abf387371fd35fcb395bc0af\"},\"breadcrumb\":{\"@id\":\"https:\/\/www.tus-bruchhausen.de\/Fussball\/bruchhausen-feiert-mit-fuenf-toren-an-der-hiag\/#breadcrumb\"},\"inLanguage\":\"de\",\"potentialAction\":[{\"@type\":\"ReadAction\",\"target\":[\"https:\/\/www.tus-bruchhausen.de\/Fussball\/bruchhausen-feiert-mit-fuenf-toren-an-der-hiag\/\"]}]},{\"@type\":\"ImageObject\",\"inLanguage\":\"de\",\"@id\":\"https:\/\/www.tus-bruchhausen.de\/Fussball\/bruchhausen-feiert-mit-fuenf-toren-an-der-hiag\/#primaryimage\",\"url\":\"http:\/\/www.tus-bruchhausen.de\/Fussball\/wp-content\/uploads\/2015\/03\/IMG_0509-e1426448110345.jpg\",\"contentUrl\":\"http:\/\/www.tus-bruchhausen.de\/Fussball\/wp-content\/uploads\/2015\/03\/IMG_0509-e1426448110345.jpg\",\"width\":1439,\"height\":910},{\"@type\":\"BreadcrumbList\",\"@id\":\"https:\/\/www.tus-bruchhausen.de\/Fussball\/bruchhausen-feiert-mit-fuenf-toren-an-der-hiag\/#breadcrumb\",\"itemListElement\":[{\"@type\":\"ListItem\",\"position\":1,\"name\":\"Startseite\",\"item\":\"https:\/\/www.tus-bruchhausen.de\/Fussball\/\"},{\"@type\":\"ListItem\",\"position\":2,\"name\":\"Bruchhausen feiert f\u00fcnf Tore-Sieg an der Hiag\"}]},{\"@type\":\"WebSite\",\"@id\":\"http:\/\/www.tus-bruchhausen.de\/Fussball\/#website\",\"url\":\"http:\/\/www.tus-bruchhausen.de\/Fussball\/\",\"name\":\"TuS Bruchhausen\",\"description\":\"Fu\u00dfball\",\"potentialAction\":[{\"@type\":\"SearchAction\",\"target\":{\"@type\":\"EntryPoint\",\"urlTemplate\":\"http:\/\/www.tus-bruchhausen.de\/Fussball\/?s={search_term_string}\"},\"query-input\":{\"@type\":\"PropertyValueSpecification\",\"valueRequired\":true,\"valueName\":\"search_term_string\"}}],\"inLanguage\":\"de\"},{\"@type\":\"Person\",\"@id\":\"http:\/\/www.tus-bruchhausen.de\/Fussball\/#\/schema\/person\/53a173c5abf387371fd35fcb395bc0af\",\"name\":\"Dominic Gabriel\",\"image\":{\"@type\":\"ImageObject\",\"inLanguage\":\"de\",\"@id\":\"https:\/\/secure.gravatar.com\/avatar\/750762ec91b9970d725a622f9a107d8412b787d34f1fd38dd08605665102440c?s=96&d=mm&r=g\",\"url\":\"https:\/\/secure.gravatar.com\/avatar\/750762ec91b9970d725a622f9a107d8412b787d34f1fd38dd08605665102440c?s=96&d=mm&r=g\",\"contentUrl\":\"https:\/\/secure.gravatar.com\/avatar\/750762ec91b9970d725a622f9a107d8412b787d34f1fd38dd08605665102440c?s=96&d=mm&r=g\",\"caption\":\"Dominic Gabriel\"}}]}<\/script>\n<!-- \/ Yoast SEO plugin. -->","yoast_head_json":{"title":"Bruchhausen feiert f\u00fcnf Tore-Sieg an der Hiag","robots":{"index":"index","follow":"follow","max-snippet":"max-snippet:-1","max-image-preview":"max-image-preview:large","max-video-preview":"max-video-preview:-1"},"canonical":"https:\/\/www.tus-bruchhausen.de\/Fussball\/bruchhausen-feiert-mit-fuenf-toren-an-der-hiag\/","og_locale":"de_DE","og_type":"article","og_title":"Bruchhausen feiert f\u00fcnf Tore-Sieg an der Hiag","og_description":"Der TuS Bruchhausen feiert den zweiten Heimsieg nach der Winterpause. Im Topspiel gegen den SV Herdringen ging die Elf von Trainer Freddy Quebbemann mit 5:3 als Sieger vom Platz. Damit festigt der TuS 02 den zweiten Tabellenplatz in der Kreisliga A. Kurz vor der Partie erreichte die Mannschaft von Trainer Freddy Quebbemann die erste negative [&hellip;]","og_url":"https:\/\/www.tus-bruchhausen.de\/Fussball\/bruchhausen-feiert-mit-fuenf-toren-an-der-hiag\/","og_site_name":"TuS Bruchhausen","article_publisher":"https:\/\/www.facebook.com\/TuS02\/","article_published_time":"2015-03-15T19:29:56+00:00","article_modified_time":"2015-03-15T21:08:14+00:00","og_image":[{"width":1439,"height":910,"url":"https:\/\/www.tus-bruchhausen.de\/Fussball\/wp-content\/uploads\/2015\/03\/IMG_0509-e1426448110345.jpg","type":"image\/jpeg"}],"author":"Dominic Gabriel","twitter_card":"summary_large_image","twitter_misc":{"Verfasst von":"Dominic Gabriel","Gesch\u00e4tzte Lesezeit":"3\u00a0Minuten"},"schema":{"@context":"https:\/\/schema.org","@graph":[{"@type":"Article","@id":"https:\/\/www.tus-bruchhausen.de\/Fussball\/bruchhausen-feiert-mit-fuenf-toren-an-der-hiag\/#article","isPartOf":{"@id":"https:\/\/www.tus-bruchhausen.de\/Fussball\/bruchhausen-feiert-mit-fuenf-toren-an-der-hiag\/"},"author":{"name":"Dominic Gabriel","@id":"http:\/\/www.tus-bruchhausen.de\/Fussball\/#\/schema\/person\/53a173c5abf387371fd35fcb395bc0af"},"headline":"Bruchhausen feiert f\u00fcnf Tore-Sieg an der Hiag","datePublished":"2015-03-15T19:29:56+00:00","dateModified":"2015-03-15T21:08:14+00:00","mainEntityOfPage":{"@id":"https:\/\/www.tus-bruchhausen.de\/Fussball\/bruchhausen-feiert-mit-fuenf-toren-an-der-hiag\/"},"wordCount":661,"image":{"@id":"https:\/\/www.tus-bruchhausen.de\/Fussball\/bruchhausen-feiert-mit-fuenf-toren-an-der-hiag\/#primaryimage"},"thumbnailUrl":"http:\/\/www.tus-bruchhausen.de\/Fussball\/wp-content\/uploads\/2015\/03\/IMG_0509-e1426448110345.jpg","articleSection":["1. Mannschaft","News","Z_APP"],"inLanguage":"de"},{"@type":"WebPage","@id":"https:\/\/www.tus-bruchhausen.de\/Fussball\/bruchhausen-feiert-mit-fuenf-toren-an-der-hiag\/","url":"https:\/\/www.tus-bruchhausen.de\/Fussball\/bruchhausen-feiert-mit-fuenf-toren-an-der-hiag\/","name":"Bruchhausen feiert f\u00fcnf Tore-Sieg an der Hiag","isPartOf":{"@id":"http:\/\/www.tus-bruchhausen.de\/Fussball\/#website"},"primaryImageOfPage":{"@id":"https:\/\/www.tus-bruchhausen.de\/Fussball\/bruchhausen-feiert-mit-fuenf-toren-an-der-hiag\/#primaryimage"},"image":{"@id":"https:\/\/www.tus-bruchhausen.de\/Fussball\/bruchhausen-feiert-mit-fuenf-toren-an-der-hiag\/#primaryimage"},"thumbnailUrl":"http:\/\/www.tus-bruchhausen.de\/Fussball\/wp-content\/uploads\/2015\/03\/IMG_0509-e1426448110345.jpg","datePublished":"2015-03-15T19:29:56+00:00","dateModified":"2015-03-15T21:08:14+00:00","author":{"@id":"http:\/\/www.tus-bruchhausen.de\/Fussball\/#\/schema\/person\/53a173c5abf387371fd35fcb395bc0af"},"breadcrumb":{"@id":"https:\/\/www.tus-bruchhausen.de\/Fussball\/bruchhausen-feiert-mit-fuenf-toren-an-der-hiag\/#breadcrumb"},"inLanguage":"de","potentialAction":[{"@type":"ReadAction","target":["https:\/\/www.tus-bruchhausen.de\/Fussball\/bruchhausen-feiert-mit-fuenf-toren-an-der-hiag\/"]}]},{"@type":"ImageObject","inLanguage":"de","@id":"https:\/\/www.tus-bruchhausen.de\/Fussball\/bruchhausen-feiert-mit-fuenf-toren-an-der-hiag\/#primaryimage","url":"http:\/\/www.tus-bruchhausen.de\/Fussball\/wp-content\/uploads\/2015\/03\/IMG_0509-e1426448110345.jpg","contentUrl":"http:\/\/www.tus-bruchhausen.de\/Fussball\/wp-content\/uploads\/2015\/03\/IMG_0509-e1426448110345.jpg","width":1439,"height":910},{"@type":"BreadcrumbList","@id":"https:\/\/www.tus-bruchhausen.de\/Fussball\/bruchhausen-feiert-mit-fuenf-toren-an-der-hiag\/#breadcrumb","itemListElement":[{"@type":"ListItem","position":1,"name":"Startseite","item":"https:\/\/www.tus-bruchhausen.de\/Fussball\/"},{"@type":"ListItem","position":2,"name":"Bruchhausen feiert f\u00fcnf Tore-Sieg an der Hiag"}]},{"@type":"WebSite","@id":"http:\/\/www.tus-bruchhausen.de\/Fussball\/#website","url":"http:\/\/www.tus-bruchhausen.de\/Fussball\/","name":"TuS Bruchhausen","description":"Fu\u00dfball","potentialAction":[{"@type":"SearchAction","target":{"@type":"EntryPoint","urlTemplate":"http:\/\/www.tus-bruchhausen.de\/Fussball\/?s={search_term_string}"},"query-input":{"@type":"PropertyValueSpecification","valueRequired":true,"valueName":"search_term_string"}}],"inLanguage":"de"},{"@type":"Person","@id":"http:\/\/www.tus-bruchhausen.de\/Fussball\/#\/schema\/person\/53a173c5abf387371fd35fcb395bc0af","name":"Dominic Gabriel","image":{"@type":"ImageObject","inLanguage":"de","@id":"https:\/\/secure.gravatar.com\/avatar\/750762ec91b9970d725a622f9a107d8412b787d34f1fd38dd08605665102440c?s=96&d=mm&r=g","url":"https:\/\/secure.gravatar.com\/avatar\/750762ec91b9970d725a622f9a107d8412b787d34f1fd38dd08605665102440c?s=96&d=mm&r=g","contentUrl":"https:\/\/secure.gravatar.com\/avatar\/750762ec91b9970d725a622f9a107d8412b787d34f1fd38dd08605665102440c?s=96&d=mm&r=g","caption":"Dominic Gabriel"}}]}},"_links":{"self":[{"href":"http:\/\/www.tus-bruchhausen.de\/Fussball\/wp-json\/wp\/v2\/posts\/5933","targetHints":{"allow":["GET"]}}],"collection":[{"href":"http:\/\/www.tus-bruchhausen.de\/Fussball\/wp-json\/wp\/v2\/posts"}],"about":[{"href":"http:\/\/www.tus-bruchhausen.de\/Fussball\/wp-json\/wp\/v2\/types\/post"}],"author":[{"embeddable":true,"href":"http:\/\/www.tus-bruchhausen.de\/Fussball\/wp-json\/wp\/v2\/users\/6"}],"replies":[{"embeddable":true,"href":"http:\/\/www.tus-bruchhausen.de\/Fussball\/wp-json\/wp\/v2\/comments?post=5933"}],"version-history":[{"count":11,"href":"http:\/\/www.tus-bruchhausen.de\/Fussball\/wp-json\/wp\/v2\/posts\/5933\/revisions"}],"predecessor-version":[{"id":5949,"href":"http:\/\/www.tus-bruchhausen.de\/Fussball\/wp-json\/wp\/v2\/posts\/5933\/revisions\/5949"}],"wp:featuredmedia":[{"embeddable":true,"href":"http:\/\/www.tus-bruchhausen.de\/Fussball\/wp-json\/wp\/v2\/media\/5934"}],"wp:attachment":[{"href":"http:\/\/www.tus-bruchhausen.de\/Fussball\/wp-json\/wp\/v2\/media?parent=5933"}],"wp:term":[{"taxonomy":"category","embeddable":true,"href":"http:\/\/www.tus-bruchhausen.de\/Fussball\/wp-json\/wp\/v2\/categories?post=5933"},{"taxonomy":"post_tag","embeddable":true,"href":"http:\/\/www.tus-bruchhausen.de\/Fussball\/wp-json\/wp\/v2\/tags?post=5933"}],"curies":[{"name":"wp","href":"https:\/\/api.w.org\/{rel}","templated":true}]}}