{"id":6038,"date":"2015-03-24T08:48:47","date_gmt":"2015-03-24T07:48:47","guid":{"rendered":"http:\/\/tus-bruchhausen.de\/Fussball\/?p=6038"},"modified":"2015-03-29T20:34:52","modified_gmt":"2015-03-29T18:34:52","slug":"zwischenstand-beim-preisknobeln-2015-2","status":"publish","type":"post","link":"http:\/\/www.tus-bruchhausen.de\/Fussball\/zwischenstand-beim-preisknobeln-2015-2\/","title":{"rendered":"Zwischenstand beim Preisknobeln 2015"},"content":{"rendered":"<p>Beim Preisknobeln ist die dritte von vier Wochen beendet.<\/p>\n<table style=\"height: 1309px;\" width=\"666\">\n<tbody>\n<tr>\n<td width=\"54\"><\/td>\n<td width=\"21\"><\/td>\n<td colspan=\"5\" width=\"516\">Zwischenstand Preisknobeln nach 3 Wochen<\/td>\n<td width=\"77\"><\/td>\n<\/tr>\n<tr>\n<td><\/td>\n<td><\/td>\n<td><\/td>\n<td><\/td>\n<td><\/td>\n<td><\/td>\n<\/tr>\n<tr>\n<td>1<\/td>\n<td>.<\/td>\n<td>Carolin Linke<\/td>\n<td>51,44,44<\/td>\n<td>139<\/td>\n<td><\/td>\n<\/tr>\n<tr>\n<td><\/td>\n<td><\/td>\n<td><\/td>\n<td><\/td>\n<td><\/td>\n<td><\/td>\n<\/tr>\n<tr>\n<td>2<\/td>\n<td>.<\/td>\n<td>Heike Zaun<\/td>\n<td>47,46,45<\/td>\n<td>138<\/td>\n<td><\/td>\n<\/tr>\n<tr>\n<td><\/td>\n<td><\/td>\n<td>Georg Figgen<\/td>\n<td>48,47,43<\/td>\n<td>138<\/td>\n<td><\/td>\n<\/tr>\n<tr>\n<td><\/td>\n<td><\/td>\n<td><\/td>\n<td><\/td>\n<td><\/td>\n<td><\/td>\n<\/tr>\n<tr>\n<td>4<\/td>\n<td>.<\/td>\n<td>Grasschl\u00fcpfer<\/td>\n<td>48,47,42<\/td>\n<td>137<\/td>\n<td><\/td>\n<\/tr>\n<tr>\n<td><\/td>\n<td><\/td>\n<td>Rainer M\u00fcller<\/td>\n<td>47,45,45<\/td>\n<td>137<\/td>\n<td><\/td>\n<\/tr>\n<tr>\n<td><\/td>\n<td><\/td>\n<td><\/td>\n<td><\/td>\n<td><\/td>\n<td><\/td>\n<\/tr>\n<tr>\n<td>6<\/td>\n<td>.<\/td>\n<td>Thorsten Mudler<\/td>\n<td>46,45,45<\/td>\n<td>136<\/td>\n<td><\/td>\n<\/tr>\n<tr>\n<td><\/td>\n<td><\/td>\n<td><\/td>\n<td><\/td>\n<td><\/td>\n<td><\/td>\n<\/tr>\n<tr>\n<td>7<\/td>\n<td>.<\/td>\n<td>Wido F\u00f6ckeler<\/td>\n<td>46,45,44<\/td>\n<td>135<\/td>\n<td><\/td>\n<\/tr>\n<tr>\n<td><\/td>\n<td><\/td>\n<td>Petra Widlitzki<\/td>\n<td>46,45,44<\/td>\n<td>135<\/td>\n<td><\/td>\n<\/tr>\n<tr>\n<td><\/td>\n<td><\/td>\n<td><\/td>\n<td><\/td>\n<td><\/td>\n<td><\/td>\n<\/tr>\n<tr>\n<td>9<\/td>\n<td>.<\/td>\n<td>Benedikt Niemand<\/td>\n<td>46,44,44<\/td>\n<td>134<\/td>\n<td><\/td>\n<\/tr>\n<tr>\n<td><\/td>\n<td><\/td>\n<td>Andre Nolte<\/td>\n<td>45,45,44<\/td>\n<td>134<\/td>\n<td><\/td>\n<\/tr>\n<tr>\n<td><\/td>\n<td><\/td>\n<td>Bj\u00f6rn Rosenberg<\/td>\n<td>46,44,44<\/td>\n<td>134<\/td>\n<td><\/td>\n<\/tr>\n<tr>\n<td><\/td>\n<td><\/td>\n<td><\/td>\n<td><\/td>\n<td><\/td>\n<td><\/td>\n<\/tr>\n<tr>\n<td>12<\/td>\n<td>.<\/td>\n<td>Robert Dickner<\/td>\n<td>45,45,43<\/td>\n<td>133<\/td>\n<td><\/td>\n<\/tr>\n<tr>\n<td><\/td>\n<td><\/td>\n<td>Joachim Thulfaut<\/td>\n<td>45,44,44<\/td>\n<td>133<\/td>\n<td><\/td>\n<\/tr>\n<tr>\n<td><\/td>\n<td><\/td>\n<td>Siegfried Pelz<\/td>\n<td>45,44,44<\/td>\n<td>133<\/td>\n<td><\/td>\n<\/tr>\n<tr>\n<td><\/td>\n<td><\/td>\n<td><\/td>\n<td><\/td>\n<td><\/td>\n<td><\/td>\n<\/tr>\n<tr>\n<td>15<\/td>\n<td>.<\/td>\n<td>Christian Meyer<\/td>\n<td>46,44,42<\/td>\n<td>132<\/td>\n<td><\/td>\n<\/tr>\n<tr>\n<td><\/td>\n<td><\/td>\n<td>Andre Knaup<\/td>\n<td>45,44,43<\/td>\n<td>132<\/td>\n<td><\/td>\n<\/tr>\n<tr>\n<td><\/td>\n<td><\/td>\n<td>Tim Kuhlmann<\/td>\n<td>45,44,43<\/td>\n<td>132<\/td>\n<td><\/td>\n<\/tr>\n<tr>\n<td><\/td>\n<td><\/td>\n<td><\/td>\n<td><\/td>\n<td><\/td>\n<td><\/td>\n<\/tr>\n<tr>\n<td>18<\/td>\n<td>.<\/td>\n<td>Edmund Hegener<\/td>\n<td>45,43,43<\/td>\n<td>131<\/td>\n<td><\/td>\n<\/tr>\n<tr>\n<td><\/td>\n<td><\/td>\n<td>Eva Pelz<\/td>\n<td>46,44,41<\/td>\n<td>131<\/td>\n<td><\/td>\n<\/tr>\n<tr>\n<td><\/td>\n<td><\/td>\n<td>Stephen Hoffmann<\/td>\n<td>45,44,42<\/td>\n<td>131<\/td>\n<td><\/td>\n<\/tr>\n<tr>\n<td><\/td>\n<td><\/td>\n<td><\/td>\n<td><\/td>\n<td><\/td>\n<td><\/td>\n<\/tr>\n<tr>\n<td>21<\/td>\n<td>.<\/td>\n<td>Karl-Friedrich Hellmann<\/td>\n<td>44,43,43<\/td>\n<td>130<\/td>\n<td><\/td>\n<\/tr>\n<tr>\n<td><\/td>\n<td><\/td>\n<td>Thomas Pelz<\/td>\n<td>44,43,43<\/td>\n<td>130<\/td>\n<td><\/td>\n<\/tr>\n<tr>\n<td><\/td>\n<td><\/td>\n<td>Christian H\u00fcbert<\/td>\n<td>44,43,43<\/td>\n<td>130<\/td>\n<td><\/td>\n<\/tr>\n<tr>\n<td><\/td>\n<td><\/td>\n<td><\/td>\n<td><\/td>\n<td><\/td>\n<td><\/td>\n<\/tr>\n<tr>\n<td>24<\/td>\n<td>.<\/td>\n<td>Ulf Parzonka<\/td>\n<td>44,43,42<\/td>\n<td>129<\/td>\n<td><\/td>\n<\/tr>\n<tr>\n<td><\/td>\n<td><\/td>\n<td>Wilfried F\u00f6ckeler<\/td>\n<td>43,43,43<\/td>\n<td>129<\/td>\n<td><\/td>\n<\/tr>\n<tr>\n<td><\/td>\n<td><\/td>\n<td><\/td>\n<td><\/td>\n<td><\/td>\n<td><\/td>\n<\/tr>\n<tr>\n<td>26<\/td>\n<td>.<\/td>\n<td>Sandra Gr\u00fcter<\/td>\n<td>44,44,40<\/td>\n<td>128<\/td>\n<td><\/td>\n<\/tr>\n<tr>\n<td><\/td>\n<td><\/td>\n<td>Marcel Osthoff<\/td>\n<td>45,42,41<\/td>\n<td>128<\/td>\n<td><\/td>\n<\/tr>\n<tr>\n<td><\/td>\n<td><\/td>\n<td>Arnold M\u00fcller<\/td>\n<td>47,41,40<\/td>\n<td>128<\/td>\n<td><\/td>\n<\/tr>\n<tr>\n<td><\/td>\n<td><\/td>\n<td><\/td>\n<td><\/td>\n<td><\/td>\n<td><\/td>\n<\/tr>\n<\/tbody>\n<\/table>\n","protected":false},"excerpt":{"rendered":"<p>Beim Preisknobeln ist die dritte von vier Wochen beendet. Zwischenstand Preisknobeln nach 3 Wochen 1 . Carolin Linke 51,44,44 139 2 . Heike Zaun 47,46,45 138 Georg Figgen 48,47,43 138 4 . Grasschl\u00fcpfer 48,47,42 137 Rainer M\u00fcller 47,45,45 137 6 . Thorsten Mudler 46,45,45 136 7 . Wido F\u00f6ckeler 46,45,44 135 Petra Widlitzki 46,45,44 135 [&hellip;]<\/p>\n","protected":false},"author":6,"featured_media":6039,"comment_status":"closed","ping_status":"closed","sticky":false,"template":"","format":"standard","meta":{"footnotes":""},"categories":[20],"tags":[],"class_list":["post-6038","post","type-post","status-publish","format-standard","has-post-thumbnail","hentry","category-app","small-justify-block","has-thumb"],"yoast_head":"<!-- This site is optimized with the Yoast SEO plugin v27.2 - https:\/\/yoast.com\/product\/yoast-seo-wordpress\/ -->\n<title>Zwischenstand beim Preisknobeln 2015<\/title>\n<meta name=\"robots\" content=\"index, follow, max-snippet:-1, max-image-preview:large, max-video-preview:-1\" \/>\n<link rel=\"canonical\" href=\"https:\/\/www.tus-bruchhausen.de\/Fussball\/zwischenstand-beim-preisknobeln-2015-2\/\" \/>\n<meta property=\"og:locale\" content=\"de_DE\" \/>\n<meta property=\"og:type\" content=\"article\" \/>\n<meta property=\"og:title\" content=\"Zwischenstand beim Preisknobeln 2015\" \/>\n<meta property=\"og:description\" content=\"Beim Preisknobeln ist die dritte von vier Wochen beendet. Zwischenstand Preisknobeln nach 3 Wochen 1 . Carolin Linke 51,44,44 139 2 . Heike Zaun 47,46,45 138 Georg Figgen 48,47,43 138 4 . Grasschl\u00fcpfer 48,47,42 137 Rainer M\u00fcller 47,45,45 137 6 . Thorsten Mudler 46,45,45 136 7 . Wido F\u00f6ckeler 46,45,44 135 Petra Widlitzki 46,45,44 135 [&hellip;]\" \/>\n<meta property=\"og:url\" content=\"https:\/\/www.tus-bruchhausen.de\/Fussball\/zwischenstand-beim-preisknobeln-2015-2\/\" \/>\n<meta property=\"og:site_name\" content=\"TuS Bruchhausen\" \/>\n<meta property=\"article:publisher\" content=\"https:\/\/www.facebook.com\/TuS02\/\" \/>\n<meta property=\"article:published_time\" content=\"2015-03-24T07:48:47+00:00\" \/>\n<meta property=\"article:modified_time\" content=\"2015-03-29T18:34:52+00:00\" \/>\n<meta property=\"og:image\" content=\"https:\/\/www.tus-bruchhausen.de\/Fussball\/wp-content\/uploads\/2015\/03\/w\u00fcrfelbrett_kobeln.jpeg\" \/>\n\t<meta property=\"og:image:width\" content=\"1440\" \/>\n\t<meta property=\"og:image:height\" content=\"923\" \/>\n\t<meta property=\"og:image:type\" content=\"image\/jpeg\" \/>\n<meta name=\"author\" content=\"Dominic Gabriel\" \/>\n<meta name=\"twitter:card\" content=\"summary_large_image\" \/>\n<meta name=\"twitter:label1\" content=\"Verfasst von\" \/>\n\t<meta name=\"twitter:data1\" content=\"Dominic Gabriel\" \/>\n<script type=\"application\/ld+json\" class=\"yoast-schema-graph\">{\"@context\":\"https:\/\/schema.org\",\"@graph\":[{\"@type\":\"Article\",\"@id\":\"https:\/\/www.tus-bruchhausen.de\/Fussball\/zwischenstand-beim-preisknobeln-2015-2\/#article\",\"isPartOf\":{\"@id\":\"https:\/\/www.tus-bruchhausen.de\/Fussball\/zwischenstand-beim-preisknobeln-2015-2\/\"},\"author\":{\"name\":\"Dominic Gabriel\",\"@id\":\"http:\/\/www.tus-bruchhausen.de\/Fussball\/#\/schema\/person\/53a173c5abf387371fd35fcb395bc0af\"},\"headline\":\"Zwischenstand beim Preisknobeln 2015\",\"datePublished\":\"2015-03-24T07:48:47+00:00\",\"dateModified\":\"2015-03-29T18:34:52+00:00\",\"mainEntityOfPage\":{\"@id\":\"https:\/\/www.tus-bruchhausen.de\/Fussball\/zwischenstand-beim-preisknobeln-2015-2\/\"},\"wordCount\":79,\"image\":{\"@id\":\"https:\/\/www.tus-bruchhausen.de\/Fussball\/zwischenstand-beim-preisknobeln-2015-2\/#primaryimage\"},\"thumbnailUrl\":\"http:\/\/www.tus-bruchhausen.de\/Fussball\/wp-content\/uploads\/2015\/03\/w\u00fcrfelbrett_kobeln.jpeg\",\"articleSection\":[\"Z_APP\"],\"inLanguage\":\"de\"},{\"@type\":\"WebPage\",\"@id\":\"https:\/\/www.tus-bruchhausen.de\/Fussball\/zwischenstand-beim-preisknobeln-2015-2\/\",\"url\":\"https:\/\/www.tus-bruchhausen.de\/Fussball\/zwischenstand-beim-preisknobeln-2015-2\/\",\"name\":\"Zwischenstand beim Preisknobeln 2015\",\"isPartOf\":{\"@id\":\"http:\/\/www.tus-bruchhausen.de\/Fussball\/#website\"},\"primaryImageOfPage\":{\"@id\":\"https:\/\/www.tus-bruchhausen.de\/Fussball\/zwischenstand-beim-preisknobeln-2015-2\/#primaryimage\"},\"image\":{\"@id\":\"https:\/\/www.tus-bruchhausen.de\/Fussball\/zwischenstand-beim-preisknobeln-2015-2\/#primaryimage\"},\"thumbnailUrl\":\"http:\/\/www.tus-bruchhausen.de\/Fussball\/wp-content\/uploads\/2015\/03\/w\u00fcrfelbrett_kobeln.jpeg\",\"datePublished\":\"2015-03-24T07:48:47+00:00\",\"dateModified\":\"2015-03-29T18:34:52+00:00\",\"author\":{\"@id\":\"http:\/\/www.tus-bruchhausen.de\/Fussball\/#\/schema\/person\/53a173c5abf387371fd35fcb395bc0af\"},\"breadcrumb\":{\"@id\":\"https:\/\/www.tus-bruchhausen.de\/Fussball\/zwischenstand-beim-preisknobeln-2015-2\/#breadcrumb\"},\"inLanguage\":\"de\",\"potentialAction\":[{\"@type\":\"ReadAction\",\"target\":[\"https:\/\/www.tus-bruchhausen.de\/Fussball\/zwischenstand-beim-preisknobeln-2015-2\/\"]}]},{\"@type\":\"ImageObject\",\"inLanguage\":\"de\",\"@id\":\"https:\/\/www.tus-bruchhausen.de\/Fussball\/zwischenstand-beim-preisknobeln-2015-2\/#primaryimage\",\"url\":\"http:\/\/www.tus-bruchhausen.de\/Fussball\/wp-content\/uploads\/2015\/03\/w\u00fcrfelbrett_kobeln.jpeg\",\"contentUrl\":\"http:\/\/www.tus-bruchhausen.de\/Fussball\/wp-content\/uploads\/2015\/03\/w\u00fcrfelbrett_kobeln.jpeg\",\"width\":1440,\"height\":923},{\"@type\":\"BreadcrumbList\",\"@id\":\"https:\/\/www.tus-bruchhausen.de\/Fussball\/zwischenstand-beim-preisknobeln-2015-2\/#breadcrumb\",\"itemListElement\":[{\"@type\":\"ListItem\",\"position\":1,\"name\":\"Startseite\",\"item\":\"https:\/\/www.tus-bruchhausen.de\/Fussball\/\"},{\"@type\":\"ListItem\",\"position\":2,\"name\":\"Zwischenstand beim Preisknobeln 2015\"}]},{\"@type\":\"WebSite\",\"@id\":\"http:\/\/www.tus-bruchhausen.de\/Fussball\/#website\",\"url\":\"http:\/\/www.tus-bruchhausen.de\/Fussball\/\",\"name\":\"TuS Bruchhausen\",\"description\":\"Fu\u00dfball\",\"potentialAction\":[{\"@type\":\"SearchAction\",\"target\":{\"@type\":\"EntryPoint\",\"urlTemplate\":\"http:\/\/www.tus-bruchhausen.de\/Fussball\/?s={search_term_string}\"},\"query-input\":{\"@type\":\"PropertyValueSpecification\",\"valueRequired\":true,\"valueName\":\"search_term_string\"}}],\"inLanguage\":\"de\"},{\"@type\":\"Person\",\"@id\":\"http:\/\/www.tus-bruchhausen.de\/Fussball\/#\/schema\/person\/53a173c5abf387371fd35fcb395bc0af\",\"name\":\"Dominic Gabriel\",\"image\":{\"@type\":\"ImageObject\",\"inLanguage\":\"de\",\"@id\":\"https:\/\/secure.gravatar.com\/avatar\/750762ec91b9970d725a622f9a107d8412b787d34f1fd38dd08605665102440c?s=96&d=mm&r=g\",\"url\":\"https:\/\/secure.gravatar.com\/avatar\/750762ec91b9970d725a622f9a107d8412b787d34f1fd38dd08605665102440c?s=96&d=mm&r=g\",\"contentUrl\":\"https:\/\/secure.gravatar.com\/avatar\/750762ec91b9970d725a622f9a107d8412b787d34f1fd38dd08605665102440c?s=96&d=mm&r=g\",\"caption\":\"Dominic Gabriel\"}}]}<\/script>\n<!-- \/ Yoast SEO plugin. -->","yoast_head_json":{"title":"Zwischenstand beim Preisknobeln 2015","robots":{"index":"index","follow":"follow","max-snippet":"max-snippet:-1","max-image-preview":"max-image-preview:large","max-video-preview":"max-video-preview:-1"},"canonical":"https:\/\/www.tus-bruchhausen.de\/Fussball\/zwischenstand-beim-preisknobeln-2015-2\/","og_locale":"de_DE","og_type":"article","og_title":"Zwischenstand beim Preisknobeln 2015","og_description":"Beim Preisknobeln ist die dritte von vier Wochen beendet. Zwischenstand Preisknobeln nach 3 Wochen 1 . Carolin Linke 51,44,44 139 2 . Heike Zaun 47,46,45 138 Georg Figgen 48,47,43 138 4 . Grasschl\u00fcpfer 48,47,42 137 Rainer M\u00fcller 47,45,45 137 6 . Thorsten Mudler 46,45,45 136 7 . Wido F\u00f6ckeler 46,45,44 135 Petra Widlitzki 46,45,44 135 [&hellip;]","og_url":"https:\/\/www.tus-bruchhausen.de\/Fussball\/zwischenstand-beim-preisknobeln-2015-2\/","og_site_name":"TuS Bruchhausen","article_publisher":"https:\/\/www.facebook.com\/TuS02\/","article_published_time":"2015-03-24T07:48:47+00:00","article_modified_time":"2015-03-29T18:34:52+00:00","og_image":[{"width":1440,"height":923,"url":"https:\/\/www.tus-bruchhausen.de\/Fussball\/wp-content\/uploads\/2015\/03\/w\u00fcrfelbrett_kobeln.jpeg","type":"image\/jpeg"}],"author":"Dominic Gabriel","twitter_card":"summary_large_image","twitter_misc":{"Verfasst von":"Dominic Gabriel"},"schema":{"@context":"https:\/\/schema.org","@graph":[{"@type":"Article","@id":"https:\/\/www.tus-bruchhausen.de\/Fussball\/zwischenstand-beim-preisknobeln-2015-2\/#article","isPartOf":{"@id":"https:\/\/www.tus-bruchhausen.de\/Fussball\/zwischenstand-beim-preisknobeln-2015-2\/"},"author":{"name":"Dominic Gabriel","@id":"http:\/\/www.tus-bruchhausen.de\/Fussball\/#\/schema\/person\/53a173c5abf387371fd35fcb395bc0af"},"headline":"Zwischenstand beim Preisknobeln 2015","datePublished":"2015-03-24T07:48:47+00:00","dateModified":"2015-03-29T18:34:52+00:00","mainEntityOfPage":{"@id":"https:\/\/www.tus-bruchhausen.de\/Fussball\/zwischenstand-beim-preisknobeln-2015-2\/"},"wordCount":79,"image":{"@id":"https:\/\/www.tus-bruchhausen.de\/Fussball\/zwischenstand-beim-preisknobeln-2015-2\/#primaryimage"},"thumbnailUrl":"http:\/\/www.tus-bruchhausen.de\/Fussball\/wp-content\/uploads\/2015\/03\/w\u00fcrfelbrett_kobeln.jpeg","articleSection":["Z_APP"],"inLanguage":"de"},{"@type":"WebPage","@id":"https:\/\/www.tus-bruchhausen.de\/Fussball\/zwischenstand-beim-preisknobeln-2015-2\/","url":"https:\/\/www.tus-bruchhausen.de\/Fussball\/zwischenstand-beim-preisknobeln-2015-2\/","name":"Zwischenstand beim Preisknobeln 2015","isPartOf":{"@id":"http:\/\/www.tus-bruchhausen.de\/Fussball\/#website"},"primaryImageOfPage":{"@id":"https:\/\/www.tus-bruchhausen.de\/Fussball\/zwischenstand-beim-preisknobeln-2015-2\/#primaryimage"},"image":{"@id":"https:\/\/www.tus-bruchhausen.de\/Fussball\/zwischenstand-beim-preisknobeln-2015-2\/#primaryimage"},"thumbnailUrl":"http:\/\/www.tus-bruchhausen.de\/Fussball\/wp-content\/uploads\/2015\/03\/w\u00fcrfelbrett_kobeln.jpeg","datePublished":"2015-03-24T07:48:47+00:00","dateModified":"2015-03-29T18:34:52+00:00","author":{"@id":"http:\/\/www.tus-bruchhausen.de\/Fussball\/#\/schema\/person\/53a173c5abf387371fd35fcb395bc0af"},"breadcrumb":{"@id":"https:\/\/www.tus-bruchhausen.de\/Fussball\/zwischenstand-beim-preisknobeln-2015-2\/#breadcrumb"},"inLanguage":"de","potentialAction":[{"@type":"ReadAction","target":["https:\/\/www.tus-bruchhausen.de\/Fussball\/zwischenstand-beim-preisknobeln-2015-2\/"]}]},{"@type":"ImageObject","inLanguage":"de","@id":"https:\/\/www.tus-bruchhausen.de\/Fussball\/zwischenstand-beim-preisknobeln-2015-2\/#primaryimage","url":"http:\/\/www.tus-bruchhausen.de\/Fussball\/wp-content\/uploads\/2015\/03\/w\u00fcrfelbrett_kobeln.jpeg","contentUrl":"http:\/\/www.tus-bruchhausen.de\/Fussball\/wp-content\/uploads\/2015\/03\/w\u00fcrfelbrett_kobeln.jpeg","width":1440,"height":923},{"@type":"BreadcrumbList","@id":"https:\/\/www.tus-bruchhausen.de\/Fussball\/zwischenstand-beim-preisknobeln-2015-2\/#breadcrumb","itemListElement":[{"@type":"ListItem","position":1,"name":"Startseite","item":"https:\/\/www.tus-bruchhausen.de\/Fussball\/"},{"@type":"ListItem","position":2,"name":"Zwischenstand beim Preisknobeln 2015"}]},{"@type":"WebSite","@id":"http:\/\/www.tus-bruchhausen.de\/Fussball\/#website","url":"http:\/\/www.tus-bruchhausen.de\/Fussball\/","name":"TuS Bruchhausen","description":"Fu\u00dfball","potentialAction":[{"@type":"SearchAction","target":{"@type":"EntryPoint","urlTemplate":"http:\/\/www.tus-bruchhausen.de\/Fussball\/?s={search_term_string}"},"query-input":{"@type":"PropertyValueSpecification","valueRequired":true,"valueName":"search_term_string"}}],"inLanguage":"de"},{"@type":"Person","@id":"http:\/\/www.tus-bruchhausen.de\/Fussball\/#\/schema\/person\/53a173c5abf387371fd35fcb395bc0af","name":"Dominic Gabriel","image":{"@type":"ImageObject","inLanguage":"de","@id":"https:\/\/secure.gravatar.com\/avatar\/750762ec91b9970d725a622f9a107d8412b787d34f1fd38dd08605665102440c?s=96&d=mm&r=g","url":"https:\/\/secure.gravatar.com\/avatar\/750762ec91b9970d725a622f9a107d8412b787d34f1fd38dd08605665102440c?s=96&d=mm&r=g","contentUrl":"https:\/\/secure.gravatar.com\/avatar\/750762ec91b9970d725a622f9a107d8412b787d34f1fd38dd08605665102440c?s=96&d=mm&r=g","caption":"Dominic Gabriel"}}]}},"_links":{"self":[{"href":"http:\/\/www.tus-bruchhausen.de\/Fussball\/wp-json\/wp\/v2\/posts\/6038","targetHints":{"allow":["GET"]}}],"collection":[{"href":"http:\/\/www.tus-bruchhausen.de\/Fussball\/wp-json\/wp\/v2\/posts"}],"about":[{"href":"http:\/\/www.tus-bruchhausen.de\/Fussball\/wp-json\/wp\/v2\/types\/post"}],"author":[{"embeddable":true,"href":"http:\/\/www.tus-bruchhausen.de\/Fussball\/wp-json\/wp\/v2\/users\/6"}],"replies":[{"embeddable":true,"href":"http:\/\/www.tus-bruchhausen.de\/Fussball\/wp-json\/wp\/v2\/comments?post=6038"}],"version-history":[{"count":1,"href":"http:\/\/www.tus-bruchhausen.de\/Fussball\/wp-json\/wp\/v2\/posts\/6038\/revisions"}],"predecessor-version":[{"id":6040,"href":"http:\/\/www.tus-bruchhausen.de\/Fussball\/wp-json\/wp\/v2\/posts\/6038\/revisions\/6040"}],"wp:featuredmedia":[{"embeddable":true,"href":"http:\/\/www.tus-bruchhausen.de\/Fussball\/wp-json\/wp\/v2\/media\/6039"}],"wp:attachment":[{"href":"http:\/\/www.tus-bruchhausen.de\/Fussball\/wp-json\/wp\/v2\/media?parent=6038"}],"wp:term":[{"taxonomy":"category","embeddable":true,"href":"http:\/\/www.tus-bruchhausen.de\/Fussball\/wp-json\/wp\/v2\/categories?post=6038"},{"taxonomy":"post_tag","embeddable":true,"href":"http:\/\/www.tus-bruchhausen.de\/Fussball\/wp-json\/wp\/v2\/tags?post=6038"}],"curies":[{"name":"wp","href":"https:\/\/api.w.org\/{rel}","templated":true}]}}