{"id":6051,"date":"2015-03-26T15:10:12","date_gmt":"2015-03-26T14:10:12","guid":{"rendered":"http:\/\/tus-bruchhausen.de\/Fussball\/?p=6051"},"modified":"2015-03-29T20:31:27","modified_gmt":"2015-03-29T18:31:27","slug":"quebbemann-setzt-auf-eigene-offensive-und-volle-pulle-fussball","status":"publish","type":"post","link":"http:\/\/www.tus-bruchhausen.de\/Fussball\/quebbemann-setzt-auf-eigene-offensive-und-volle-pulle-fussball\/","title":{"rendered":"&#8220;volle Pulle&#8221; mit der erfolgreichsten Offensive der Liga"},"content":{"rendered":"<p>Am kommenden Sonntag, den 24. M\u00e4rz kommt es in der Kreisliga A Arnberg zum Spitzenspiel zwischen dem Tabellenersten und dem Tabellenzweiten. Im <a href=\"http:\/\/match-day.de\/wordpress\/2015\/03\/26\/freddy-quebbemann-spiel-hat-alles-oder-nichts-charakter\/\" target=\"_blank\">Interview des Online-Portals match-day.de<\/a> \u00e4u\u00dferte sich TuS Trainer Freddy Quebbemann zum Topspiel am Sonntag.<\/p>\n<p>Auf die Frage welchen Stellenwert hat das Topspiel gegen den Tabellenf\u00fcher hat, unterstreicht der TuS-Trainer die hohe Bedeutung. <strong>&#8220;<\/strong>Das Spiel hat einen Alles-oder-Nichts Charakter f\u00fcr uns.\u00a0Gewinnen wir d\u00fcrfen wir sowie Giersk\u00e4mpen noch vom Aufstieg tr\u00e4umen.&#8221; Mit einem Sieg im Topspiel w\u00fcrde es tats\u00e4chlich richtig spannend bleiben im Kreisliga Oberhaus. Der Vorsprung der TuRa auf den TuS 02 w\u00fcrde auf einen Punkt schrumpfen. Auch der Drittplatzierte FC BW Giersk\u00e4mpen w\u00e4re mit vier Punkten R\u00fcckstand noch gut im Aufstiegsrennen vertreten. Jedoch, &#8220;Verlieren wir &#8211; ist die Meisterschaft entschieden. Mit dem sieben\u00a0Punkten Vorsprung und der besten Abwehr der Liga brennt bei der TuRa Freienohl nichts mehr an. Alles-oder-Nichts und genauso gehen wir es an, volle Pulle!&#8221;, sagt TuS Trainer Quebbemann und setzt dabei auf die eigenen Qualit\u00e4ten: &#8220;<span class=\"pullquote\">Schlie\u00dflich haben wir die beste Offensive der Liga<\/span>.&#8221;<\/p>\n<figure id=\"attachment_6067\" aria-describedby=\"caption-attachment-6067\" style=\"width: 200px\" class=\"wp-caption alignright\"><a href=\"http:\/\/tus-bruchhausen.de\/Fussball\/wp-content\/uploads\/2015\/03\/10518845_771844102856613_7289732707275288204_o.jpg\" rel=\"lightbox[6051]\"><img loading=\"lazy\" decoding=\"async\" class=\"size-medium wp-image-6067\" src=\"http:\/\/tus-bruchhausen.de\/Fussball\/wp-content\/uploads\/2015\/03\/10518845_771844102856613_7289732707275288204_o-200x133.jpg\" alt=\"Sebastian Winkelmann traf im Hinspiel per Flugkopfball\" width=\"200\" height=\"133\" srcset=\"http:\/\/www.tus-bruchhausen.de\/Fussball\/wp-content\/uploads\/2015\/03\/10518845_771844102856613_7289732707275288204_o-200x133.jpg 200w, http:\/\/www.tus-bruchhausen.de\/Fussball\/wp-content\/uploads\/2015\/03\/10518845_771844102856613_7289732707275288204_o-564x376.jpg 564w, http:\/\/www.tus-bruchhausen.de\/Fussball\/wp-content\/uploads\/2015\/03\/10518845_771844102856613_7289732707275288204_o-900x600.jpg 900w, http:\/\/www.tus-bruchhausen.de\/Fussball\/wp-content\/uploads\/2015\/03\/10518845_771844102856613_7289732707275288204_o.jpg 1440w\" sizes=\"auto, (max-width: 200px) 100vw, 200px\" \/><\/a><figcaption id=\"caption-attachment-6067\" class=\"wp-caption-text\">Sebastian Winkelmann traf im Hinspiel per Flugkopfball<\/figcaption><\/figure>\n<p>Die Favoritenrolle sieht der Trainer des TuS 02 beim Gastgeber aus Freienohl.<strong> &#8220;<\/strong>Der Tabellenf\u00fchrer ist in jedem Spiel Favorit,\u00a0das ist doch immer so.\u00a0Abgesehen davon hat Freienohl\u00a0ein Heimspiel und den damit verbundenen Vorteil des Rasens oder der Asche.&#8221; Die letzten Heimsspiele trug der Tabellenf\u00fcher auf dem alten Ascheplatz aus. Auf welchem Untergrund gespielt wird ist heute noch nicht bekannt. Dabei k\u00e4m dem TuS 02 sicher gel\u00e4gen, dass der Ascheplatz an der Hiag noch nicht allzulange zur\u00fcckliegt.<\/p>\n<p>Die St\u00e4rken des Tabellenf\u00fcheres liegen nat\u00fcrlich auf der Hand. &#8220;Ein Brett ist nat\u00fcrlich Ihre Stabilit\u00e4t in der Defensive.\u00a0Nur 14 Gegentreffern in 20 Spielen ist schon sehr meisterlich. Und man sagt ja nicht umsonst, dass die Defensive Meisterschaften gewinnt&#8221;, erkennt auch Freddy Quebbemann an.<\/p>\n<p>Mit Blick auf die personelle Lage k\u00f6nnte die Situation besser sein, der TuS-Coach ist jedoch trotzdem sehr zuversichtlich: <strong>&#8220;<\/strong>Stephen Hoffmann f\u00e4llt ja nun bekanntlich den Rest der Saison aus &#8211; Niklas Messler fehlt nun schon seit den Stadtmeisterschaften auf Grund von Knie Problemen, zudem unterzog sich Kevin Norek am Dienstag einer Kiefer-OP und ist sicherlich fraglich. Au\u00dferdem f\u00e4llt Marvin Weber noch aus. Dennoch, <span class=\"pullquote\">alle sind hei\u00df und freuen sich auf dieses Spitzenspiel<\/span> .&#8221;<\/p>\n","protected":false},"excerpt":{"rendered":"<p>Am kommenden Sonntag, den 24. M\u00e4rz kommt es in der Kreisliga A Arnberg zum Spitzenspiel zwischen dem Tabellenersten und dem Tabellenzweiten. Im Interview des Online-Portals match-day.de \u00e4u\u00dferte sich TuS Trainer Freddy Quebbemann zum Topspiel am Sonntag. Auf die Frage welchen Stellenwert hat das Topspiel gegen den Tabellenf\u00fcher hat, unterstreicht der TuS-Trainer die hohe Bedeutung. &#8220;Das [&hellip;]<\/p>\n","protected":false},"author":6,"featured_media":6082,"comment_status":"closed","ping_status":"closed","sticky":false,"template":"","format":"standard","meta":{"footnotes":""},"categories":[18,20],"tags":[],"class_list":["post-6051","post","type-post","status-publish","format-standard","has-post-thumbnail","hentry","category-spielankuendigung","category-app","small-justify-block","has-thumb"],"yoast_head":"<!-- This site is optimized with the Yoast SEO plugin v27.2 - https:\/\/yoast.com\/product\/yoast-seo-wordpress\/ -->\n<title>&quot;volle Pulle&quot; mit der erfolgreichsten Offensive der Liga<\/title>\n<meta name=\"robots\" content=\"index, follow, max-snippet:-1, max-image-preview:large, max-video-preview:-1\" \/>\n<link rel=\"canonical\" href=\"http:\/\/www.tus-bruchhausen.de\/Fussball\/quebbemann-setzt-auf-eigene-offensive-und-volle-pulle-fussball\/\" \/>\n<meta property=\"og:locale\" content=\"de_DE\" \/>\n<meta property=\"og:type\" content=\"article\" \/>\n<meta property=\"og:title\" content=\"&quot;volle Pulle&quot; mit der erfolgreichsten Offensive der Liga\" \/>\n<meta property=\"og:description\" content=\"Am kommenden Sonntag, den 24. M\u00e4rz kommt es in der Kreisliga A Arnberg zum Spitzenspiel zwischen dem Tabellenersten und dem Tabellenzweiten. Im Interview des Online-Portals match-day.de \u00e4u\u00dferte sich TuS Trainer Freddy Quebbemann zum Topspiel am Sonntag. Auf die Frage welchen Stellenwert hat das Topspiel gegen den Tabellenf\u00fcher hat, unterstreicht der TuS-Trainer die hohe Bedeutung. &#8220;Das [&hellip;]\" \/>\n<meta property=\"og:url\" content=\"http:\/\/www.tus-bruchhausen.de\/Fussball\/quebbemann-setzt-auf-eigene-offensive-und-volle-pulle-fussball\/\" \/>\n<meta property=\"og:site_name\" content=\"TuS Bruchhausen\" \/>\n<meta property=\"article:publisher\" content=\"https:\/\/www.facebook.com\/TuS02\/\" \/>\n<meta property=\"article:published_time\" content=\"2015-03-26T14:10:12+00:00\" \/>\n<meta property=\"article:modified_time\" content=\"2015-03-29T18:31:27+00:00\" \/>\n<meta property=\"og:image\" content=\"http:\/\/www.tus-bruchhausen.de\/Fussball\/wp-content\/uploads\/2015\/03\/IMG_0840.jpg\" \/>\n\t<meta property=\"og:image:width\" content=\"1440\" \/>\n\t<meta property=\"og:image:height\" content=\"960\" \/>\n\t<meta property=\"og:image:type\" content=\"image\/jpeg\" \/>\n<meta name=\"author\" content=\"Dominic Gabriel\" \/>\n<meta name=\"twitter:card\" content=\"summary_large_image\" \/>\n<meta name=\"twitter:label1\" content=\"Verfasst von\" \/>\n\t<meta name=\"twitter:data1\" content=\"Dominic Gabriel\" \/>\n\t<meta name=\"twitter:label2\" content=\"Gesch\u00e4tzte Lesezeit\" \/>\n\t<meta name=\"twitter:data2\" content=\"2\u00a0Minuten\" \/>\n<script type=\"application\/ld+json\" class=\"yoast-schema-graph\">{\"@context\":\"https:\/\/schema.org\",\"@graph\":[{\"@type\":\"Article\",\"@id\":\"http:\/\/www.tus-bruchhausen.de\/Fussball\/quebbemann-setzt-auf-eigene-offensive-und-volle-pulle-fussball\/#article\",\"isPartOf\":{\"@id\":\"http:\/\/www.tus-bruchhausen.de\/Fussball\/quebbemann-setzt-auf-eigene-offensive-und-volle-pulle-fussball\/\"},\"author\":{\"name\":\"Dominic Gabriel\",\"@id\":\"http:\/\/www.tus-bruchhausen.de\/Fussball\/#\/schema\/person\/53a173c5abf387371fd35fcb395bc0af\"},\"headline\":\"&#8220;volle Pulle&#8221; mit der erfolgreichsten Offensive der Liga\",\"datePublished\":\"2015-03-26T14:10:12+00:00\",\"dateModified\":\"2015-03-29T18:31:27+00:00\",\"mainEntityOfPage\":{\"@id\":\"http:\/\/www.tus-bruchhausen.de\/Fussball\/quebbemann-setzt-auf-eigene-offensive-und-volle-pulle-fussball\/\"},\"wordCount\":410,\"image\":{\"@id\":\"http:\/\/www.tus-bruchhausen.de\/Fussball\/quebbemann-setzt-auf-eigene-offensive-und-volle-pulle-fussball\/#primaryimage\"},\"thumbnailUrl\":\"http:\/\/www.tus-bruchhausen.de\/Fussball\/wp-content\/uploads\/2015\/03\/IMG_0840.jpg\",\"articleSection\":[\"Spielank\u00fcndigung\",\"Z_APP\"],\"inLanguage\":\"de\"},{\"@type\":\"WebPage\",\"@id\":\"http:\/\/www.tus-bruchhausen.de\/Fussball\/quebbemann-setzt-auf-eigene-offensive-und-volle-pulle-fussball\/\",\"url\":\"http:\/\/www.tus-bruchhausen.de\/Fussball\/quebbemann-setzt-auf-eigene-offensive-und-volle-pulle-fussball\/\",\"name\":\"\\\"volle Pulle\\\" mit der erfolgreichsten Offensive der Liga\",\"isPartOf\":{\"@id\":\"http:\/\/www.tus-bruchhausen.de\/Fussball\/#website\"},\"primaryImageOfPage\":{\"@id\":\"http:\/\/www.tus-bruchhausen.de\/Fussball\/quebbemann-setzt-auf-eigene-offensive-und-volle-pulle-fussball\/#primaryimage\"},\"image\":{\"@id\":\"http:\/\/www.tus-bruchhausen.de\/Fussball\/quebbemann-setzt-auf-eigene-offensive-und-volle-pulle-fussball\/#primaryimage\"},\"thumbnailUrl\":\"http:\/\/www.tus-bruchhausen.de\/Fussball\/wp-content\/uploads\/2015\/03\/IMG_0840.jpg\",\"datePublished\":\"2015-03-26T14:10:12+00:00\",\"dateModified\":\"2015-03-29T18:31:27+00:00\",\"author\":{\"@id\":\"http:\/\/www.tus-bruchhausen.de\/Fussball\/#\/schema\/person\/53a173c5abf387371fd35fcb395bc0af\"},\"breadcrumb\":{\"@id\":\"http:\/\/www.tus-bruchhausen.de\/Fussball\/quebbemann-setzt-auf-eigene-offensive-und-volle-pulle-fussball\/#breadcrumb\"},\"inLanguage\":\"de\",\"potentialAction\":[{\"@type\":\"ReadAction\",\"target\":[\"http:\/\/www.tus-bruchhausen.de\/Fussball\/quebbemann-setzt-auf-eigene-offensive-und-volle-pulle-fussball\/\"]}]},{\"@type\":\"ImageObject\",\"inLanguage\":\"de\",\"@id\":\"http:\/\/www.tus-bruchhausen.de\/Fussball\/quebbemann-setzt-auf-eigene-offensive-und-volle-pulle-fussball\/#primaryimage\",\"url\":\"http:\/\/www.tus-bruchhausen.de\/Fussball\/wp-content\/uploads\/2015\/03\/IMG_0840.jpg\",\"contentUrl\":\"http:\/\/www.tus-bruchhausen.de\/Fussball\/wp-content\/uploads\/2015\/03\/IMG_0840.jpg\",\"width\":1440,\"height\":960},{\"@type\":\"BreadcrumbList\",\"@id\":\"http:\/\/www.tus-bruchhausen.de\/Fussball\/quebbemann-setzt-auf-eigene-offensive-und-volle-pulle-fussball\/#breadcrumb\",\"itemListElement\":[{\"@type\":\"ListItem\",\"position\":1,\"name\":\"Startseite\",\"item\":\"https:\/\/www.tus-bruchhausen.de\/Fussball\/\"},{\"@type\":\"ListItem\",\"position\":2,\"name\":\"&#8220;volle Pulle&#8221; mit der erfolgreichsten Offensive der Liga\"}]},{\"@type\":\"WebSite\",\"@id\":\"http:\/\/www.tus-bruchhausen.de\/Fussball\/#website\",\"url\":\"http:\/\/www.tus-bruchhausen.de\/Fussball\/\",\"name\":\"TuS Bruchhausen\",\"description\":\"Fu\u00dfball\",\"potentialAction\":[{\"@type\":\"SearchAction\",\"target\":{\"@type\":\"EntryPoint\",\"urlTemplate\":\"http:\/\/www.tus-bruchhausen.de\/Fussball\/?s={search_term_string}\"},\"query-input\":{\"@type\":\"PropertyValueSpecification\",\"valueRequired\":true,\"valueName\":\"search_term_string\"}}],\"inLanguage\":\"de\"},{\"@type\":\"Person\",\"@id\":\"http:\/\/www.tus-bruchhausen.de\/Fussball\/#\/schema\/person\/53a173c5abf387371fd35fcb395bc0af\",\"name\":\"Dominic Gabriel\",\"image\":{\"@type\":\"ImageObject\",\"inLanguage\":\"de\",\"@id\":\"https:\/\/secure.gravatar.com\/avatar\/750762ec91b9970d725a622f9a107d8412b787d34f1fd38dd08605665102440c?s=96&d=mm&r=g\",\"url\":\"https:\/\/secure.gravatar.com\/avatar\/750762ec91b9970d725a622f9a107d8412b787d34f1fd38dd08605665102440c?s=96&d=mm&r=g\",\"contentUrl\":\"https:\/\/secure.gravatar.com\/avatar\/750762ec91b9970d725a622f9a107d8412b787d34f1fd38dd08605665102440c?s=96&d=mm&r=g\",\"caption\":\"Dominic Gabriel\"}}]}<\/script>\n<!-- \/ Yoast SEO plugin. -->","yoast_head_json":{"title":"\"volle Pulle\" mit der erfolgreichsten Offensive der Liga","robots":{"index":"index","follow":"follow","max-snippet":"max-snippet:-1","max-image-preview":"max-image-preview:large","max-video-preview":"max-video-preview:-1"},"canonical":"http:\/\/www.tus-bruchhausen.de\/Fussball\/quebbemann-setzt-auf-eigene-offensive-und-volle-pulle-fussball\/","og_locale":"de_DE","og_type":"article","og_title":"\"volle Pulle\" mit der erfolgreichsten Offensive der Liga","og_description":"Am kommenden Sonntag, den 24. M\u00e4rz kommt es in der Kreisliga A Arnberg zum Spitzenspiel zwischen dem Tabellenersten und dem Tabellenzweiten. Im Interview des Online-Portals match-day.de \u00e4u\u00dferte sich TuS Trainer Freddy Quebbemann zum Topspiel am Sonntag. Auf die Frage welchen Stellenwert hat das Topspiel gegen den Tabellenf\u00fcher hat, unterstreicht der TuS-Trainer die hohe Bedeutung. &#8220;Das [&hellip;]","og_url":"http:\/\/www.tus-bruchhausen.de\/Fussball\/quebbemann-setzt-auf-eigene-offensive-und-volle-pulle-fussball\/","og_site_name":"TuS Bruchhausen","article_publisher":"https:\/\/www.facebook.com\/TuS02\/","article_published_time":"2015-03-26T14:10:12+00:00","article_modified_time":"2015-03-29T18:31:27+00:00","og_image":[{"width":1440,"height":960,"url":"http:\/\/www.tus-bruchhausen.de\/Fussball\/wp-content\/uploads\/2015\/03\/IMG_0840.jpg","type":"image\/jpeg"}],"author":"Dominic Gabriel","twitter_card":"summary_large_image","twitter_misc":{"Verfasst von":"Dominic Gabriel","Gesch\u00e4tzte Lesezeit":"2\u00a0Minuten"},"schema":{"@context":"https:\/\/schema.org","@graph":[{"@type":"Article","@id":"http:\/\/www.tus-bruchhausen.de\/Fussball\/quebbemann-setzt-auf-eigene-offensive-und-volle-pulle-fussball\/#article","isPartOf":{"@id":"http:\/\/www.tus-bruchhausen.de\/Fussball\/quebbemann-setzt-auf-eigene-offensive-und-volle-pulle-fussball\/"},"author":{"name":"Dominic Gabriel","@id":"http:\/\/www.tus-bruchhausen.de\/Fussball\/#\/schema\/person\/53a173c5abf387371fd35fcb395bc0af"},"headline":"&#8220;volle Pulle&#8221; mit der erfolgreichsten Offensive der Liga","datePublished":"2015-03-26T14:10:12+00:00","dateModified":"2015-03-29T18:31:27+00:00","mainEntityOfPage":{"@id":"http:\/\/www.tus-bruchhausen.de\/Fussball\/quebbemann-setzt-auf-eigene-offensive-und-volle-pulle-fussball\/"},"wordCount":410,"image":{"@id":"http:\/\/www.tus-bruchhausen.de\/Fussball\/quebbemann-setzt-auf-eigene-offensive-und-volle-pulle-fussball\/#primaryimage"},"thumbnailUrl":"http:\/\/www.tus-bruchhausen.de\/Fussball\/wp-content\/uploads\/2015\/03\/IMG_0840.jpg","articleSection":["Spielank\u00fcndigung","Z_APP"],"inLanguage":"de"},{"@type":"WebPage","@id":"http:\/\/www.tus-bruchhausen.de\/Fussball\/quebbemann-setzt-auf-eigene-offensive-und-volle-pulle-fussball\/","url":"http:\/\/www.tus-bruchhausen.de\/Fussball\/quebbemann-setzt-auf-eigene-offensive-und-volle-pulle-fussball\/","name":"\"volle Pulle\" mit der erfolgreichsten Offensive der Liga","isPartOf":{"@id":"http:\/\/www.tus-bruchhausen.de\/Fussball\/#website"},"primaryImageOfPage":{"@id":"http:\/\/www.tus-bruchhausen.de\/Fussball\/quebbemann-setzt-auf-eigene-offensive-und-volle-pulle-fussball\/#primaryimage"},"image":{"@id":"http:\/\/www.tus-bruchhausen.de\/Fussball\/quebbemann-setzt-auf-eigene-offensive-und-volle-pulle-fussball\/#primaryimage"},"thumbnailUrl":"http:\/\/www.tus-bruchhausen.de\/Fussball\/wp-content\/uploads\/2015\/03\/IMG_0840.jpg","datePublished":"2015-03-26T14:10:12+00:00","dateModified":"2015-03-29T18:31:27+00:00","author":{"@id":"http:\/\/www.tus-bruchhausen.de\/Fussball\/#\/schema\/person\/53a173c5abf387371fd35fcb395bc0af"},"breadcrumb":{"@id":"http:\/\/www.tus-bruchhausen.de\/Fussball\/quebbemann-setzt-auf-eigene-offensive-und-volle-pulle-fussball\/#breadcrumb"},"inLanguage":"de","potentialAction":[{"@type":"ReadAction","target":["http:\/\/www.tus-bruchhausen.de\/Fussball\/quebbemann-setzt-auf-eigene-offensive-und-volle-pulle-fussball\/"]}]},{"@type":"ImageObject","inLanguage":"de","@id":"http:\/\/www.tus-bruchhausen.de\/Fussball\/quebbemann-setzt-auf-eigene-offensive-und-volle-pulle-fussball\/#primaryimage","url":"http:\/\/www.tus-bruchhausen.de\/Fussball\/wp-content\/uploads\/2015\/03\/IMG_0840.jpg","contentUrl":"http:\/\/www.tus-bruchhausen.de\/Fussball\/wp-content\/uploads\/2015\/03\/IMG_0840.jpg","width":1440,"height":960},{"@type":"BreadcrumbList","@id":"http:\/\/www.tus-bruchhausen.de\/Fussball\/quebbemann-setzt-auf-eigene-offensive-und-volle-pulle-fussball\/#breadcrumb","itemListElement":[{"@type":"ListItem","position":1,"name":"Startseite","item":"https:\/\/www.tus-bruchhausen.de\/Fussball\/"},{"@type":"ListItem","position":2,"name":"&#8220;volle Pulle&#8221; mit der erfolgreichsten Offensive der Liga"}]},{"@type":"WebSite","@id":"http:\/\/www.tus-bruchhausen.de\/Fussball\/#website","url":"http:\/\/www.tus-bruchhausen.de\/Fussball\/","name":"TuS Bruchhausen","description":"Fu\u00dfball","potentialAction":[{"@type":"SearchAction","target":{"@type":"EntryPoint","urlTemplate":"http:\/\/www.tus-bruchhausen.de\/Fussball\/?s={search_term_string}"},"query-input":{"@type":"PropertyValueSpecification","valueRequired":true,"valueName":"search_term_string"}}],"inLanguage":"de"},{"@type":"Person","@id":"http:\/\/www.tus-bruchhausen.de\/Fussball\/#\/schema\/person\/53a173c5abf387371fd35fcb395bc0af","name":"Dominic Gabriel","image":{"@type":"ImageObject","inLanguage":"de","@id":"https:\/\/secure.gravatar.com\/avatar\/750762ec91b9970d725a622f9a107d8412b787d34f1fd38dd08605665102440c?s=96&d=mm&r=g","url":"https:\/\/secure.gravatar.com\/avatar\/750762ec91b9970d725a622f9a107d8412b787d34f1fd38dd08605665102440c?s=96&d=mm&r=g","contentUrl":"https:\/\/secure.gravatar.com\/avatar\/750762ec91b9970d725a622f9a107d8412b787d34f1fd38dd08605665102440c?s=96&d=mm&r=g","caption":"Dominic Gabriel"}}]}},"_links":{"self":[{"href":"http:\/\/www.tus-bruchhausen.de\/Fussball\/wp-json\/wp\/v2\/posts\/6051","targetHints":{"allow":["GET"]}}],"collection":[{"href":"http:\/\/www.tus-bruchhausen.de\/Fussball\/wp-json\/wp\/v2\/posts"}],"about":[{"href":"http:\/\/www.tus-bruchhausen.de\/Fussball\/wp-json\/wp\/v2\/types\/post"}],"author":[{"embeddable":true,"href":"http:\/\/www.tus-bruchhausen.de\/Fussball\/wp-json\/wp\/v2\/users\/6"}],"replies":[{"embeddable":true,"href":"http:\/\/www.tus-bruchhausen.de\/Fussball\/wp-json\/wp\/v2\/comments?post=6051"}],"version-history":[{"count":23,"href":"http:\/\/www.tus-bruchhausen.de\/Fussball\/wp-json\/wp\/v2\/posts\/6051\/revisions"}],"predecessor-version":[{"id":6098,"href":"http:\/\/www.tus-bruchhausen.de\/Fussball\/wp-json\/wp\/v2\/posts\/6051\/revisions\/6098"}],"wp:featuredmedia":[{"embeddable":true,"href":"http:\/\/www.tus-bruchhausen.de\/Fussball\/wp-json\/wp\/v2\/media\/6082"}],"wp:attachment":[{"href":"http:\/\/www.tus-bruchhausen.de\/Fussball\/wp-json\/wp\/v2\/media?parent=6051"}],"wp:term":[{"taxonomy":"category","embeddable":true,"href":"http:\/\/www.tus-bruchhausen.de\/Fussball\/wp-json\/wp\/v2\/categories?post=6051"},{"taxonomy":"post_tag","embeddable":true,"href":"http:\/\/www.tus-bruchhausen.de\/Fussball\/wp-json\/wp\/v2\/tags?post=6051"}],"curies":[{"name":"wp","href":"https:\/\/api.w.org\/{rel}","templated":true}]}}