{"id":6114,"date":"2015-03-29T20:45:58","date_gmt":"2015-03-29T18:45:58","guid":{"rendered":"http:\/\/tus-bruchhausen.de\/Fussball\/?p=6114"},"modified":"2015-04-13T23:35:10","modified_gmt":"2015-04-13T21:35:10","slug":"bruchhausen-verliert-schlammschlacht-im-dauerregen","status":"publish","type":"post","link":"http:\/\/www.tus-bruchhausen.de\/Fussball\/bruchhausen-verliert-schlammschlacht-im-dauerregen\/","title":{"rendered":"TuS verliert Schlammschlacht im Dauerregen"},"content":{"rendered":"<p>Der TuS Bruchhausen hat das Spitzenspiel der Kreisliga A Arnsberg mit 2:0 in Freienohl verloren. Dabei verlieh\u00a0das Wetter der Partie einen unw\u00fcrdigen Rahmen und machte aus dem Ascheplatz eine gro\u00dfe Pf\u00fctze. Mit nun sieben Punkten Vorsprung machte Tabellenf\u00fchrer Freienohl wohl sein Meisterst\u00fcck perfekt.<\/p>\n<figure id=\"attachment_6118\" aria-describedby=\"caption-attachment-6118\" style=\"width: 200px\" class=\"wp-caption alignright\"><a href=\"http:\/\/tus-bruchhausen.de\/Fussball\/wp-content\/uploads\/2015\/03\/IMG_09741.jpg\" rel=\"lightbox[6114]\"><img loading=\"lazy\" decoding=\"async\" class=\"size-medium wp-image-6118\" src=\"http:\/\/tus-bruchhausen.de\/Fussball\/wp-content\/uploads\/2015\/03\/IMG_09741-200x133.jpg\" alt=\"Marcel Linke nur per Notbremse zu stoppen\" width=\"200\" height=\"133\" srcset=\"http:\/\/www.tus-bruchhausen.de\/Fussball\/wp-content\/uploads\/2015\/03\/IMG_09741-200x133.jpg 200w, http:\/\/www.tus-bruchhausen.de\/Fussball\/wp-content\/uploads\/2015\/03\/IMG_09741-565x376.jpg 565w, http:\/\/www.tus-bruchhausen.de\/Fussball\/wp-content\/uploads\/2015\/03\/IMG_09741-900x599.jpg 900w, http:\/\/www.tus-bruchhausen.de\/Fussball\/wp-content\/uploads\/2015\/03\/IMG_09741.jpg 1440w\" sizes=\"auto, (max-width: 200px) 100vw, 200px\" \/><\/a><figcaption id=\"caption-attachment-6118\" class=\"wp-caption-text\">Marcel Linke nur per Notbremse zu stoppen<\/figcaption><\/figure>\n<p>Das Spiel beim Tabellenf\u00fchrer TuRa Freienohl startet eigentlich f\u00fcr den TuS 02. Die Mannschaft von der Hiag spielte offensiv und dr\u00fcckte den Gastgeber weit in die eigene H\u00e4lfte, so dass der TuRa-Keeper in der ersten halben Stunden mit Abstand die meisten Ballkontakte hatte. In der 12. Minute schon die erste entscheidende Situation. Nach einem genauen Zuspiel auf TuS-St\u00fcrmer Marcel Linke war dieser schon am Gegenspieler vorbei, als dieser ihn in letzter Sekunde noch zu Fall brachte. Der Schiedsrichter entschied folgerichtig auf Freisto\u00df 17 Meter vor dem Tor. Zur gro\u00dfen Verwunderung belie\u00df er es zu diesem fr\u00fchen Zeitpunkt aber bei der gelben Karte. Angesichts der N\u00e4he zum Tor und der zentralen Position eine klare Fehlentscheidung. Ohne weiteren Gegenspieler in der n\u00e4he eine klare Notbremse, hier gibt es keinen Handlungsspielraum. Nur sieben Minuten sp\u00e4ter die n\u00e4chste Situation mit Schiri-Vorteil f\u00fcr die Gastgeber. Kai Oberreuther hatte sich den Ball schon am TuRa-Keeper vorbei gelegt als dieser auf den TuS-St\u00fcrmer zu Fall brachte. Trotz des eindeutigen K\u00f6rperkontakts gab es Absto\u00df statt Strafsto\u00df.<\/p>\n<figure id=\"attachment_6127\" aria-describedby=\"caption-attachment-6127\" style=\"width: 200px\" class=\"wp-caption alignleft\"><a href=\"http:\/\/tus-bruchhausen.de\/Fussball\/wp-content\/uploads\/2015\/03\/picturegallery-469509-1738954-1.jpg\" rel=\"lightbox[6114]\"><img loading=\"lazy\" decoding=\"async\" class=\"size-medium wp-image-6127\" src=\"http:\/\/tus-bruchhausen.de\/Fussball\/wp-content\/uploads\/2015\/03\/picturegallery-469509-1738954-1-200x149.jpg\" alt=\"Kai Oberreuther spielt den Ball und wird anschlie\u00dfend unsanft gestoppt - Foto Westfalenpost\" width=\"200\" height=\"149\" srcset=\"http:\/\/www.tus-bruchhausen.de\/Fussball\/wp-content\/uploads\/2015\/03\/picturegallery-469509-1738954-1-200x149.jpg 200w, http:\/\/www.tus-bruchhausen.de\/Fussball\/wp-content\/uploads\/2015\/03\/picturegallery-469509-1738954-1-504x376.jpg 504w, http:\/\/www.tus-bruchhausen.de\/Fussball\/wp-content\/uploads\/2015\/03\/picturegallery-469509-1738954-1-900x671.jpg 900w, http:\/\/www.tus-bruchhausen.de\/Fussball\/wp-content\/uploads\/2015\/03\/picturegallery-469509-1738954-1.jpg 992w\" sizes=\"auto, (max-width: 200px) 100vw, 200px\" \/><\/a><figcaption id=\"caption-attachment-6127\" class=\"wp-caption-text\">Kai Oberreuther spielt den Ball und wird anschlie\u00dfend unsanft gestoppt &#8211; Foto Westfalenpost<\/figcaption><\/figure>\n<p>Im weiteren Verlauf der ersten H\u00e4lfte verpufften die Angriffe des TuS im Nichts. Allerdings konnte die TuRa Freienohl auf der Gegenseite ebenfalls nur eine Nennwerte Torchance herausspielen. Doch TuS-Torh\u00fcter Willi L\u00fcneburg parierte gl\u00e4nzend und kl\u00e4rte den strammen Schuss der G\u00e4ste zur Ecke. Mit zunehmender Spielzeit wurde Platz im Dauerregen immer schwerer zu bespielen, dies merkte man beiden Mannschaften entsprechend an. So blieb es im ersten Durchgang torlos.<\/p>\n<p>Im zweiten Durchgang wurden die Gastgeber jedoch st\u00e4rker. Nur neun Minuten waren im zweiten Durchgang gespielt als die TuRa Freienohl in F\u00fchrung ging. Dabei profitierte der Gastgeber von den schlechten Platzverh\u00e4ltnissen als TuS-Abwehrspieler Tobias Walter im Laufduell ausrutschte und der TuRa Spieler unbedr\u00e4ngt das Leder in Zentrum flanken konnte. Abnehmer war TuRa-Spieler \u00a0Manuel\u00a0Hesse der f\u00fcr die 1:0 F\u00fchrung sorgte (54.).<\/p>\n<figure id=\"attachment_6120\" aria-describedby=\"caption-attachment-6120\" style=\"width: 200px\" class=\"wp-caption alignright\"><a href=\"http:\/\/tus-bruchhausen.de\/Fussball\/wp-content\/uploads\/2015\/03\/IMG_1149.jpg\" rel=\"lightbox[6114]\"><img loading=\"lazy\" decoding=\"async\" class=\"size-medium wp-image-6120\" src=\"http:\/\/tus-bruchhausen.de\/Fussball\/wp-content\/uploads\/2015\/03\/IMG_1149-200x133.jpg\" alt=\"Grazian Schwoch mit der besten Chance f\u00fcr den TuS 02\" width=\"200\" height=\"133\" srcset=\"http:\/\/www.tus-bruchhausen.de\/Fussball\/wp-content\/uploads\/2015\/03\/IMG_1149-200x133.jpg 200w, http:\/\/www.tus-bruchhausen.de\/Fussball\/wp-content\/uploads\/2015\/03\/IMG_1149-563x376.jpg 563w, http:\/\/www.tus-bruchhausen.de\/Fussball\/wp-content\/uploads\/2015\/03\/IMG_1149-900x601.jpg 900w, http:\/\/www.tus-bruchhausen.de\/Fussball\/wp-content\/uploads\/2015\/03\/IMG_1149.jpg 1440w\" sizes=\"auto, (max-width: 200px) 100vw, 200px\" \/><\/a><figcaption id=\"caption-attachment-6120\" class=\"wp-caption-text\">Grazian Schwoch mit der besten Chance f\u00fcr den TuS 02<\/figcaption><\/figure>\n<p>Anschlie\u00dfend gingen die Spielanteile wieder an den TuS Bruchhausen, ohne dabei aber gef\u00e4hrlich vor das TuRa-Tor zu kommen. Die beste M\u00f6glichkeit zum Ausgleich hatte Grazian Schwoch zehn Minuten vor dem Spielende. Die Hereingabe von Phil R\u00f6ttger landete hinter dem Torh\u00fcter, kurz vor der Torlinie, doch der Abwehrspieler der TuRa rettet den Ball vor dem Einschuss von Grazian Schwoch in h\u00f6chster Not. Das musste der Ausgleich sein. Auf der Gegenseite erarbeitete sich der Gastgeber immer mehr Konterchancen und schloss kurz vor dem Ende einen perfekt ab. Lumbardh\u00a0Gashi machte mit dem 2:0 den Sack in diesem Spiel zu (89.).<\/p>\n<figure id=\"attachment_6121\" aria-describedby=\"caption-attachment-6121\" style=\"width: 200px\" class=\"wp-caption alignleft\"><a href=\"http:\/\/tus-bruchhausen.de\/Fussball\/wp-content\/uploads\/2015\/03\/IMG_1036.jpg\" rel=\"lightbox[6114]\"><img loading=\"lazy\" decoding=\"async\" class=\"size-medium wp-image-6121\" src=\"http:\/\/tus-bruchhausen.de\/Fussball\/wp-content\/uploads\/2015\/03\/IMG_1036-200x132.jpg\" alt=\"Bei beiden Toren machtlos: Willi L\u00fcneburg\" width=\"200\" height=\"132\" srcset=\"http:\/\/www.tus-bruchhausen.de\/Fussball\/wp-content\/uploads\/2015\/03\/IMG_1036-200x132.jpg 200w, http:\/\/www.tus-bruchhausen.de\/Fussball\/wp-content\/uploads\/2015\/03\/IMG_1036-569x376.jpg 569w, http:\/\/www.tus-bruchhausen.de\/Fussball\/wp-content\/uploads\/2015\/03\/IMG_1036-900x595.jpg 900w, http:\/\/www.tus-bruchhausen.de\/Fussball\/wp-content\/uploads\/2015\/03\/IMG_1036.jpg 1440w\" sizes=\"auto, (max-width: 200px) 100vw, 200px\" \/><\/a><figcaption id=\"caption-attachment-6121\" class=\"wp-caption-text\">Bei beiden Toren machtlos: Willi L\u00fcneburg<\/figcaption><\/figure>\n<p>Auf Grund der zweiten Halbzeit sicher ein verdienter Sieg der Gastgeber. Jedoch hinterlassen die Fehlentscheidungen im ersten Durchgang einen bitteren Beigeschmack. Auf Grund der ersten Niederlage nach der Winterpause rutschte der TuS Bruchhausen in der Tabelle wieder auf den dritten Tabellenplatz ab. Dabei trennt den FC BW Giersk\u00e4mpen und den TuS 02 nur das Torverh\u00e4ltnis.<\/p>\n<p>Freddy Quebbemann nach dem Spiel: \u201eDas Wetter hat dem Spiel einen unw\u00fcrdigen Rahmen verliehen &#8211; das war schade! Freienohl hat sich mit den Gegebenheiten einfach besser arrangiert. Sei\u00b4s drum &#8211; die 2. H\u00e4lfte hat den G\u00e4sten geh\u00f6rt und das Ergebnis h\u00e4tte auch durchaus h\u00f6her ausfallen k\u00f6nnen. Gl\u00fcckwunsch an die TuRa , das war der Aufstieg.\u201c<\/p>\n<p>An Ostern folgt nun ein spielfreies Wochenende ehe es am Samstag, den 11. April im vorgezogenen Spiel gegen den SSV Stockum geht.<\/p>\n<p><strong>Aufstellung:<\/strong> L\u00fcneburg &#8211; Knaup, Walter, Hakenesch &#8211; Ballauf (75. R\u00f6ttger), Schacht (66. Norek), M\u00fcller, Kurt (75. Schwoch) &#8211; P\u00e9rez Gomes &#8211; Linke, Oberreuther<\/p>\n<p><strong>Tore:<\/strong> 1:0\u00a0(54&#8242;) <span class=\"hidden-small inline\">Manuel<\/span> Hesse,\u00a02:0\u00a0(89&#8242;) <span class=\"hidden-small inline\">Lumbardh<\/span> Gashi<\/p>\n","protected":false},"excerpt":{"rendered":"<p>Der TuS Bruchhausen hat das Spitzenspiel der Kreisliga A Arnsberg mit 2:0 in Freienohl verloren. Dabei verlieh\u00a0das Wetter der Partie einen unw\u00fcrdigen Rahmen und machte aus dem Ascheplatz eine gro\u00dfe Pf\u00fctze. Mit nun sieben Punkten Vorsprung machte Tabellenf\u00fchrer Freienohl wohl sein Meisterst\u00fcck perfekt. Das Spiel beim Tabellenf\u00fchrer TuRa Freienohl startet eigentlich f\u00fcr den TuS 02. [&hellip;]<\/p>\n","protected":false},"author":6,"featured_media":6115,"comment_status":"closed","ping_status":"closed","sticky":false,"template":"","format":"standard","meta":{"footnotes":""},"categories":[3,8],"tags":[],"class_list":["post-6114","post","type-post","status-publish","format-standard","has-post-thumbnail","hentry","category-1-mannschaft","category-news","small-justify-block","has-thumb"],"yoast_head":"<!-- This site is optimized with the Yoast SEO plugin v27.2 - https:\/\/yoast.com\/product\/yoast-seo-wordpress\/ -->\n<title>TuS verliert Schlammschlacht im Dauerregen<\/title>\n<meta name=\"robots\" content=\"index, follow, max-snippet:-1, max-image-preview:large, max-video-preview:-1\" \/>\n<link rel=\"canonical\" href=\"http:\/\/www.tus-bruchhausen.de\/Fussball\/bruchhausen-verliert-schlammschlacht-im-dauerregen\/\" \/>\n<meta property=\"og:locale\" content=\"de_DE\" \/>\n<meta property=\"og:type\" content=\"article\" \/>\n<meta property=\"og:title\" content=\"TuS verliert Schlammschlacht im Dauerregen\" \/>\n<meta property=\"og:description\" content=\"Der TuS Bruchhausen hat das Spitzenspiel der Kreisliga A Arnsberg mit 2:0 in Freienohl verloren. Dabei verlieh\u00a0das Wetter der Partie einen unw\u00fcrdigen Rahmen und machte aus dem Ascheplatz eine gro\u00dfe Pf\u00fctze. Mit nun sieben Punkten Vorsprung machte Tabellenf\u00fchrer Freienohl wohl sein Meisterst\u00fcck perfekt. Das Spiel beim Tabellenf\u00fchrer TuRa Freienohl startet eigentlich f\u00fcr den TuS 02. [&hellip;]\" \/>\n<meta property=\"og:url\" content=\"http:\/\/www.tus-bruchhausen.de\/Fussball\/bruchhausen-verliert-schlammschlacht-im-dauerregen\/\" \/>\n<meta property=\"og:site_name\" content=\"TuS Bruchhausen\" \/>\n<meta property=\"article:publisher\" content=\"https:\/\/www.facebook.com\/TuS02\/\" \/>\n<meta property=\"article:published_time\" content=\"2015-03-29T18:45:58+00:00\" \/>\n<meta property=\"article:modified_time\" content=\"2015-04-13T21:35:10+00:00\" \/>\n<meta property=\"og:image\" content=\"http:\/\/www.tus-bruchhausen.de\/Fussball\/wp-content\/uploads\/2015\/03\/IMG_1025-e1427654749800.jpg\" \/>\n\t<meta property=\"og:image:width\" content=\"1439\" \/>\n\t<meta property=\"og:image:height\" content=\"885\" \/>\n\t<meta property=\"og:image:type\" content=\"image\/jpeg\" \/>\n<meta name=\"author\" content=\"Dominic Gabriel\" \/>\n<meta name=\"twitter:card\" content=\"summary_large_image\" \/>\n<meta name=\"twitter:label1\" content=\"Verfasst von\" \/>\n\t<meta name=\"twitter:data1\" content=\"Dominic Gabriel\" \/>\n\t<meta name=\"twitter:label2\" content=\"Gesch\u00e4tzte Lesezeit\" \/>\n\t<meta name=\"twitter:data2\" content=\"4\u00a0Minuten\" \/>\n<script type=\"application\/ld+json\" class=\"yoast-schema-graph\">{\"@context\":\"https:\/\/schema.org\",\"@graph\":[{\"@type\":\"Article\",\"@id\":\"http:\/\/www.tus-bruchhausen.de\/Fussball\/bruchhausen-verliert-schlammschlacht-im-dauerregen\/#article\",\"isPartOf\":{\"@id\":\"http:\/\/www.tus-bruchhausen.de\/Fussball\/bruchhausen-verliert-schlammschlacht-im-dauerregen\/\"},\"author\":{\"name\":\"Dominic Gabriel\",\"@id\":\"http:\/\/www.tus-bruchhausen.de\/Fussball\/#\/schema\/person\/53a173c5abf387371fd35fcb395bc0af\"},\"headline\":\"TuS verliert Schlammschlacht im Dauerregen\",\"datePublished\":\"2015-03-29T18:45:58+00:00\",\"dateModified\":\"2015-04-13T21:35:10+00:00\",\"mainEntityOfPage\":{\"@id\":\"http:\/\/www.tus-bruchhausen.de\/Fussball\/bruchhausen-verliert-schlammschlacht-im-dauerregen\/\"},\"wordCount\":708,\"image\":{\"@id\":\"http:\/\/www.tus-bruchhausen.de\/Fussball\/bruchhausen-verliert-schlammschlacht-im-dauerregen\/#primaryimage\"},\"thumbnailUrl\":\"http:\/\/www.tus-bruchhausen.de\/Fussball\/wp-content\/uploads\/2015\/03\/IMG_1025-e1427654749800.jpg\",\"articleSection\":[\"1. Mannschaft\",\"News\"],\"inLanguage\":\"de\"},{\"@type\":\"WebPage\",\"@id\":\"http:\/\/www.tus-bruchhausen.de\/Fussball\/bruchhausen-verliert-schlammschlacht-im-dauerregen\/\",\"url\":\"http:\/\/www.tus-bruchhausen.de\/Fussball\/bruchhausen-verliert-schlammschlacht-im-dauerregen\/\",\"name\":\"TuS verliert Schlammschlacht im Dauerregen\",\"isPartOf\":{\"@id\":\"http:\/\/www.tus-bruchhausen.de\/Fussball\/#website\"},\"primaryImageOfPage\":{\"@id\":\"http:\/\/www.tus-bruchhausen.de\/Fussball\/bruchhausen-verliert-schlammschlacht-im-dauerregen\/#primaryimage\"},\"image\":{\"@id\":\"http:\/\/www.tus-bruchhausen.de\/Fussball\/bruchhausen-verliert-schlammschlacht-im-dauerregen\/#primaryimage\"},\"thumbnailUrl\":\"http:\/\/www.tus-bruchhausen.de\/Fussball\/wp-content\/uploads\/2015\/03\/IMG_1025-e1427654749800.jpg\",\"datePublished\":\"2015-03-29T18:45:58+00:00\",\"dateModified\":\"2015-04-13T21:35:10+00:00\",\"author\":{\"@id\":\"http:\/\/www.tus-bruchhausen.de\/Fussball\/#\/schema\/person\/53a173c5abf387371fd35fcb395bc0af\"},\"breadcrumb\":{\"@id\":\"http:\/\/www.tus-bruchhausen.de\/Fussball\/bruchhausen-verliert-schlammschlacht-im-dauerregen\/#breadcrumb\"},\"inLanguage\":\"de\",\"potentialAction\":[{\"@type\":\"ReadAction\",\"target\":[\"http:\/\/www.tus-bruchhausen.de\/Fussball\/bruchhausen-verliert-schlammschlacht-im-dauerregen\/\"]}]},{\"@type\":\"ImageObject\",\"inLanguage\":\"de\",\"@id\":\"http:\/\/www.tus-bruchhausen.de\/Fussball\/bruchhausen-verliert-schlammschlacht-im-dauerregen\/#primaryimage\",\"url\":\"http:\/\/www.tus-bruchhausen.de\/Fussball\/wp-content\/uploads\/2015\/03\/IMG_1025-e1427654749800.jpg\",\"contentUrl\":\"http:\/\/www.tus-bruchhausen.de\/Fussball\/wp-content\/uploads\/2015\/03\/IMG_1025-e1427654749800.jpg\",\"width\":1439,\"height\":885},{\"@type\":\"BreadcrumbList\",\"@id\":\"http:\/\/www.tus-bruchhausen.de\/Fussball\/bruchhausen-verliert-schlammschlacht-im-dauerregen\/#breadcrumb\",\"itemListElement\":[{\"@type\":\"ListItem\",\"position\":1,\"name\":\"Startseite\",\"item\":\"https:\/\/www.tus-bruchhausen.de\/Fussball\/\"},{\"@type\":\"ListItem\",\"position\":2,\"name\":\"TuS verliert Schlammschlacht im Dauerregen\"}]},{\"@type\":\"WebSite\",\"@id\":\"http:\/\/www.tus-bruchhausen.de\/Fussball\/#website\",\"url\":\"http:\/\/www.tus-bruchhausen.de\/Fussball\/\",\"name\":\"TuS Bruchhausen\",\"description\":\"Fu\u00dfball\",\"potentialAction\":[{\"@type\":\"SearchAction\",\"target\":{\"@type\":\"EntryPoint\",\"urlTemplate\":\"http:\/\/www.tus-bruchhausen.de\/Fussball\/?s={search_term_string}\"},\"query-input\":{\"@type\":\"PropertyValueSpecification\",\"valueRequired\":true,\"valueName\":\"search_term_string\"}}],\"inLanguage\":\"de\"},{\"@type\":\"Person\",\"@id\":\"http:\/\/www.tus-bruchhausen.de\/Fussball\/#\/schema\/person\/53a173c5abf387371fd35fcb395bc0af\",\"name\":\"Dominic Gabriel\",\"image\":{\"@type\":\"ImageObject\",\"inLanguage\":\"de\",\"@id\":\"https:\/\/secure.gravatar.com\/avatar\/750762ec91b9970d725a622f9a107d8412b787d34f1fd38dd08605665102440c?s=96&d=mm&r=g\",\"url\":\"https:\/\/secure.gravatar.com\/avatar\/750762ec91b9970d725a622f9a107d8412b787d34f1fd38dd08605665102440c?s=96&d=mm&r=g\",\"contentUrl\":\"https:\/\/secure.gravatar.com\/avatar\/750762ec91b9970d725a622f9a107d8412b787d34f1fd38dd08605665102440c?s=96&d=mm&r=g\",\"caption\":\"Dominic Gabriel\"}}]}<\/script>\n<!-- \/ Yoast SEO plugin. -->","yoast_head_json":{"title":"TuS verliert Schlammschlacht im Dauerregen","robots":{"index":"index","follow":"follow","max-snippet":"max-snippet:-1","max-image-preview":"max-image-preview:large","max-video-preview":"max-video-preview:-1"},"canonical":"http:\/\/www.tus-bruchhausen.de\/Fussball\/bruchhausen-verliert-schlammschlacht-im-dauerregen\/","og_locale":"de_DE","og_type":"article","og_title":"TuS verliert Schlammschlacht im Dauerregen","og_description":"Der TuS Bruchhausen hat das Spitzenspiel der Kreisliga A Arnsberg mit 2:0 in Freienohl verloren. Dabei verlieh\u00a0das Wetter der Partie einen unw\u00fcrdigen Rahmen und machte aus dem Ascheplatz eine gro\u00dfe Pf\u00fctze. Mit nun sieben Punkten Vorsprung machte Tabellenf\u00fchrer Freienohl wohl sein Meisterst\u00fcck perfekt. Das Spiel beim Tabellenf\u00fchrer TuRa Freienohl startet eigentlich f\u00fcr den TuS 02. [&hellip;]","og_url":"http:\/\/www.tus-bruchhausen.de\/Fussball\/bruchhausen-verliert-schlammschlacht-im-dauerregen\/","og_site_name":"TuS Bruchhausen","article_publisher":"https:\/\/www.facebook.com\/TuS02\/","article_published_time":"2015-03-29T18:45:58+00:00","article_modified_time":"2015-04-13T21:35:10+00:00","og_image":[{"width":1439,"height":885,"url":"http:\/\/www.tus-bruchhausen.de\/Fussball\/wp-content\/uploads\/2015\/03\/IMG_1025-e1427654749800.jpg","type":"image\/jpeg"}],"author":"Dominic Gabriel","twitter_card":"summary_large_image","twitter_misc":{"Verfasst von":"Dominic Gabriel","Gesch\u00e4tzte Lesezeit":"4\u00a0Minuten"},"schema":{"@context":"https:\/\/schema.org","@graph":[{"@type":"Article","@id":"http:\/\/www.tus-bruchhausen.de\/Fussball\/bruchhausen-verliert-schlammschlacht-im-dauerregen\/#article","isPartOf":{"@id":"http:\/\/www.tus-bruchhausen.de\/Fussball\/bruchhausen-verliert-schlammschlacht-im-dauerregen\/"},"author":{"name":"Dominic Gabriel","@id":"http:\/\/www.tus-bruchhausen.de\/Fussball\/#\/schema\/person\/53a173c5abf387371fd35fcb395bc0af"},"headline":"TuS verliert Schlammschlacht im Dauerregen","datePublished":"2015-03-29T18:45:58+00:00","dateModified":"2015-04-13T21:35:10+00:00","mainEntityOfPage":{"@id":"http:\/\/www.tus-bruchhausen.de\/Fussball\/bruchhausen-verliert-schlammschlacht-im-dauerregen\/"},"wordCount":708,"image":{"@id":"http:\/\/www.tus-bruchhausen.de\/Fussball\/bruchhausen-verliert-schlammschlacht-im-dauerregen\/#primaryimage"},"thumbnailUrl":"http:\/\/www.tus-bruchhausen.de\/Fussball\/wp-content\/uploads\/2015\/03\/IMG_1025-e1427654749800.jpg","articleSection":["1. Mannschaft","News"],"inLanguage":"de"},{"@type":"WebPage","@id":"http:\/\/www.tus-bruchhausen.de\/Fussball\/bruchhausen-verliert-schlammschlacht-im-dauerregen\/","url":"http:\/\/www.tus-bruchhausen.de\/Fussball\/bruchhausen-verliert-schlammschlacht-im-dauerregen\/","name":"TuS verliert Schlammschlacht im Dauerregen","isPartOf":{"@id":"http:\/\/www.tus-bruchhausen.de\/Fussball\/#website"},"primaryImageOfPage":{"@id":"http:\/\/www.tus-bruchhausen.de\/Fussball\/bruchhausen-verliert-schlammschlacht-im-dauerregen\/#primaryimage"},"image":{"@id":"http:\/\/www.tus-bruchhausen.de\/Fussball\/bruchhausen-verliert-schlammschlacht-im-dauerregen\/#primaryimage"},"thumbnailUrl":"http:\/\/www.tus-bruchhausen.de\/Fussball\/wp-content\/uploads\/2015\/03\/IMG_1025-e1427654749800.jpg","datePublished":"2015-03-29T18:45:58+00:00","dateModified":"2015-04-13T21:35:10+00:00","author":{"@id":"http:\/\/www.tus-bruchhausen.de\/Fussball\/#\/schema\/person\/53a173c5abf387371fd35fcb395bc0af"},"breadcrumb":{"@id":"http:\/\/www.tus-bruchhausen.de\/Fussball\/bruchhausen-verliert-schlammschlacht-im-dauerregen\/#breadcrumb"},"inLanguage":"de","potentialAction":[{"@type":"ReadAction","target":["http:\/\/www.tus-bruchhausen.de\/Fussball\/bruchhausen-verliert-schlammschlacht-im-dauerregen\/"]}]},{"@type":"ImageObject","inLanguage":"de","@id":"http:\/\/www.tus-bruchhausen.de\/Fussball\/bruchhausen-verliert-schlammschlacht-im-dauerregen\/#primaryimage","url":"http:\/\/www.tus-bruchhausen.de\/Fussball\/wp-content\/uploads\/2015\/03\/IMG_1025-e1427654749800.jpg","contentUrl":"http:\/\/www.tus-bruchhausen.de\/Fussball\/wp-content\/uploads\/2015\/03\/IMG_1025-e1427654749800.jpg","width":1439,"height":885},{"@type":"BreadcrumbList","@id":"http:\/\/www.tus-bruchhausen.de\/Fussball\/bruchhausen-verliert-schlammschlacht-im-dauerregen\/#breadcrumb","itemListElement":[{"@type":"ListItem","position":1,"name":"Startseite","item":"https:\/\/www.tus-bruchhausen.de\/Fussball\/"},{"@type":"ListItem","position":2,"name":"TuS verliert Schlammschlacht im Dauerregen"}]},{"@type":"WebSite","@id":"http:\/\/www.tus-bruchhausen.de\/Fussball\/#website","url":"http:\/\/www.tus-bruchhausen.de\/Fussball\/","name":"TuS Bruchhausen","description":"Fu\u00dfball","potentialAction":[{"@type":"SearchAction","target":{"@type":"EntryPoint","urlTemplate":"http:\/\/www.tus-bruchhausen.de\/Fussball\/?s={search_term_string}"},"query-input":{"@type":"PropertyValueSpecification","valueRequired":true,"valueName":"search_term_string"}}],"inLanguage":"de"},{"@type":"Person","@id":"http:\/\/www.tus-bruchhausen.de\/Fussball\/#\/schema\/person\/53a173c5abf387371fd35fcb395bc0af","name":"Dominic Gabriel","image":{"@type":"ImageObject","inLanguage":"de","@id":"https:\/\/secure.gravatar.com\/avatar\/750762ec91b9970d725a622f9a107d8412b787d34f1fd38dd08605665102440c?s=96&d=mm&r=g","url":"https:\/\/secure.gravatar.com\/avatar\/750762ec91b9970d725a622f9a107d8412b787d34f1fd38dd08605665102440c?s=96&d=mm&r=g","contentUrl":"https:\/\/secure.gravatar.com\/avatar\/750762ec91b9970d725a622f9a107d8412b787d34f1fd38dd08605665102440c?s=96&d=mm&r=g","caption":"Dominic Gabriel"}}]}},"_links":{"self":[{"href":"http:\/\/www.tus-bruchhausen.de\/Fussball\/wp-json\/wp\/v2\/posts\/6114","targetHints":{"allow":["GET"]}}],"collection":[{"href":"http:\/\/www.tus-bruchhausen.de\/Fussball\/wp-json\/wp\/v2\/posts"}],"about":[{"href":"http:\/\/www.tus-bruchhausen.de\/Fussball\/wp-json\/wp\/v2\/types\/post"}],"author":[{"embeddable":true,"href":"http:\/\/www.tus-bruchhausen.de\/Fussball\/wp-json\/wp\/v2\/users\/6"}],"replies":[{"embeddable":true,"href":"http:\/\/www.tus-bruchhausen.de\/Fussball\/wp-json\/wp\/v2\/comments?post=6114"}],"version-history":[{"count":12,"href":"http:\/\/www.tus-bruchhausen.de\/Fussball\/wp-json\/wp\/v2\/posts\/6114\/revisions"}],"predecessor-version":[{"id":6237,"href":"http:\/\/www.tus-bruchhausen.de\/Fussball\/wp-json\/wp\/v2\/posts\/6114\/revisions\/6237"}],"wp:featuredmedia":[{"embeddable":true,"href":"http:\/\/www.tus-bruchhausen.de\/Fussball\/wp-json\/wp\/v2\/media\/6115"}],"wp:attachment":[{"href":"http:\/\/www.tus-bruchhausen.de\/Fussball\/wp-json\/wp\/v2\/media?parent=6114"}],"wp:term":[{"taxonomy":"category","embeddable":true,"href":"http:\/\/www.tus-bruchhausen.de\/Fussball\/wp-json\/wp\/v2\/categories?post=6114"},{"taxonomy":"post_tag","embeddable":true,"href":"http:\/\/www.tus-bruchhausen.de\/Fussball\/wp-json\/wp\/v2\/tags?post=6114"}],"curies":[{"name":"wp","href":"https:\/\/api.w.org\/{rel}","templated":true}]}}