{"id":6191,"date":"2015-05-05T09:00:22","date_gmt":"2015-05-05T07:00:22","guid":{"rendered":"http:\/\/tus-bruchhausen.de\/Fussball\/?p=6191"},"modified":"2015-05-05T23:16:56","modified_gmt":"2015-05-05T21:16:56","slug":"andreas-hoppe-aus-bochum-zur-hiag-elf","status":"publish","type":"post","link":"http:\/\/www.tus-bruchhausen.de\/Fussball\/andreas-hoppe-aus-bochum-zur-hiag-elf\/","title":{"rendered":"Andreas Hoppe aus Bochum zur Hiag-Elf"},"content":{"rendered":"<p>Torwart Andreas Hoppe wechselt zur neuen Saison vom Bochumer Bezirksligisten FC Vorw\u00e4rts Kornharpen zum TuS Bruchhausen. Der 28-J\u00e4hrige Keeper wird den Konkurrenzkampf im TuS-Tor zusammen mit Neuzugang Kevin Vo\u00df verst\u00e4rken. Derweil wird sich TuS-Torh\u00fcter Willi L\u00fcneburg ab Sommer leider verletzungsbedingt komplett aus dem aktiven Spielbetrieb zur\u00fcckziehen.<\/p>\n<p>Der TuS Bruchhausen kann in der kommenden Saison auf Torh\u00fcter Andreas Hoppe z\u00e4hlen. Der 28-j\u00e4hrige Torwart wohnt berufsbedingt in Bochum, hat seine Wurzeln jedoch in Arnsberg. So spielte sein j\u00fcngerer Bruder Michael Hoppe bereits seit 2005 beim TuS Bruchhausen, kam seitdem neben der ersten Mannschaft zuletzt in der neugegr\u00fcndeten dritten Mannschaft zum Einsatz.<\/p>\n<p>TuS-Trainer Freddy Quebbemann freut sich \u00fcber den Neuzugang zur rechten Zeit: &#8220;Leider sehr schade, dass\u00a0uns\u00a0Willi L\u00fcneburg ab Sommer nicht mehr zur Verf\u00fcgung\u00a0steht. Dadurch\u00a0hatten wir wieder\u00a0eine Planstelle im gewollten Torh\u00fcter-Dreikampf frei. Mit Andreas Hoppe ist diese neue <span class=\"pullquote pqRight\">L\u00fccke nun\u00a0wieder mit viel Qualit\u00e4t und Erfahrung besetzt<\/span>. Mit\u00a0Niklas Messler, Kevin Vo\u00df und Andreas Hoppe haben wir nun wieder unseren gewollten\u00a0Konkurrenzkampf.&#8221;<\/p>\n<p>Dem Fu\u00dfballkenner ist Torh\u00fcter Andreas Hoppe vor allem aus seiner Zeit beim SC Neheim ein Begriff. Er spielte beim SC Neheim unter SC-Trainer Bernd L\u00f6seke in der Verbandsliga Westfalen zusammen mit Spielern wie Marc Bertelt, Sascha Eickel und Alex Bruchhage. Andres Hoppe blieb auch nach dem Abstieg aus der Verbandsliga im Jahr 2006 beim SC Neheim und spielte anschlie\u00dfend weiter als Stammkeeper mit dem SC Neheim in der Landesliga. Als er 2008 mit dem Studium in Bochum beginnt, half er sporadisch beim SC Neheim II und III in der Kreisliga A aus.<\/p>\n<p>Im Jahr 2009 wechselte er dann zu DJK Arminia Bochum in die Bezirksliga, ein Jahr sp\u00e4ter ging es zum Liga Konkurrenten SC Union Bergen. Dort wurde der Keeper erneut Stammtorwart, zudem sp\u00e4ter Mannschaftskapit\u00e4n und Mitspieler von Ex-Bundesliga- und deutschen Nationalspieler Dariusz Wosz. In der Saison 2013\/2014 wechselte der Keeper zum Bezirksligisten FC Vorw\u00e4rts Kornharpen. Bei seinem aktuellen Club verpasste Andreas Hoppe so gut wie keine Spielminute und steht mit dem FCK aktuell auf dem vierten Rang der Bezirksliga.<\/p>\n<p>Beim TuS Bruchhausen wird sich Andreas Hoppe ab Sommer zusammen mit Niklas Messler und Neuzugang Kevin Vo\u00df einem Dreikampf stellen.<\/p>\n<p>&nbsp;<\/p>\n","protected":false},"excerpt":{"rendered":"<p>Torwart Andreas Hoppe wechselt zur neuen Saison vom Bochumer Bezirksligisten FC Vorw\u00e4rts Kornharpen zum TuS Bruchhausen. Der 28-J\u00e4hrige Keeper wird den Konkurrenzkampf im TuS-Tor zusammen mit Neuzugang Kevin Vo\u00df verst\u00e4rken. Derweil wird sich TuS-Torh\u00fcter Willi L\u00fcneburg ab Sommer leider verletzungsbedingt komplett aus dem aktiven Spielbetrieb zur\u00fcckziehen. Der TuS Bruchhausen kann in der kommenden Saison auf [&hellip;]<\/p>\n","protected":false},"author":6,"featured_media":6334,"comment_status":"closed","ping_status":"closed","sticky":false,"template":"","format":"standard","meta":{"footnotes":""},"categories":[3,8,20],"tags":[],"class_list":["post-6191","post","type-post","status-publish","format-standard","has-post-thumbnail","hentry","category-1-mannschaft","category-news","category-app","small-justify-block","has-thumb"],"yoast_head":"<!-- This site is optimized with the Yoast SEO plugin v27.2 - https:\/\/yoast.com\/product\/yoast-seo-wordpress\/ -->\n<title>Andreas Hoppe aus Bochum zur Hiag-Elf<\/title>\n<meta name=\"description\" content=\"Torwart Andreas Hoppe wechselt zur neuen Saison vom Bochumer Bezirksligisten FC Vorw\u00e4rts Kornharpen zum TuS Bruchhausen.\" \/>\n<meta name=\"robots\" content=\"index, follow, max-snippet:-1, max-image-preview:large, max-video-preview:-1\" \/>\n<link rel=\"canonical\" href=\"https:\/\/www.tus-bruchhausen.de\/Fussball\/andreas-hoppe-aus-bochum-zur-hiag-elf\/\" \/>\n<meta property=\"og:locale\" content=\"de_DE\" \/>\n<meta property=\"og:type\" content=\"article\" \/>\n<meta property=\"og:title\" content=\"Andreas Hoppe aus Bochum zur Hiag-Elf\" \/>\n<meta property=\"og:description\" content=\"Torwart Andreas Hoppe wechselt zur neuen Saison vom Bochumer Bezirksligisten FC Vorw\u00e4rts Kornharpen zum TuS Bruchhausen.\" \/>\n<meta property=\"og:url\" content=\"https:\/\/www.tus-bruchhausen.de\/Fussball\/andreas-hoppe-aus-bochum-zur-hiag-elf\/\" \/>\n<meta property=\"og:site_name\" content=\"TuS Bruchhausen\" \/>\n<meta property=\"article:publisher\" content=\"https:\/\/www.facebook.com\/TuS02\/\" \/>\n<meta property=\"article:published_time\" content=\"2015-05-05T07:00:22+00:00\" \/>\n<meta property=\"article:modified_time\" content=\"2015-05-05T21:16:56+00:00\" \/>\n<meta property=\"og:image\" content=\"https:\/\/www.tus-bruchhausen.de\/Fussball\/wp-content\/uploads\/2015\/04\/Andreas-Hoppe.png\" \/>\n\t<meta property=\"og:image:width\" content=\"1438\" \/>\n\t<meta property=\"og:image:height\" content=\"760\" \/>\n\t<meta property=\"og:image:type\" content=\"image\/png\" \/>\n<meta name=\"author\" content=\"Dominic Gabriel\" \/>\n<meta name=\"twitter:card\" content=\"summary_large_image\" \/>\n<meta name=\"twitter:label1\" content=\"Verfasst von\" \/>\n\t<meta name=\"twitter:data1\" content=\"Dominic Gabriel\" \/>\n\t<meta name=\"twitter:label2\" content=\"Gesch\u00e4tzte Lesezeit\" \/>\n\t<meta name=\"twitter:data2\" content=\"2\u00a0Minuten\" \/>\n<script type=\"application\/ld+json\" class=\"yoast-schema-graph\">{\"@context\":\"https:\/\/schema.org\",\"@graph\":[{\"@type\":\"Article\",\"@id\":\"https:\/\/www.tus-bruchhausen.de\/Fussball\/andreas-hoppe-aus-bochum-zur-hiag-elf\/#article\",\"isPartOf\":{\"@id\":\"https:\/\/www.tus-bruchhausen.de\/Fussball\/andreas-hoppe-aus-bochum-zur-hiag-elf\/\"},\"author\":{\"name\":\"Dominic Gabriel\",\"@id\":\"http:\/\/www.tus-bruchhausen.de\/Fussball\/#\/schema\/person\/53a173c5abf387371fd35fcb395bc0af\"},\"headline\":\"Andreas Hoppe aus Bochum zur Hiag-Elf\",\"datePublished\":\"2015-05-05T07:00:22+00:00\",\"dateModified\":\"2015-05-05T21:16:56+00:00\",\"mainEntityOfPage\":{\"@id\":\"https:\/\/www.tus-bruchhausen.de\/Fussball\/andreas-hoppe-aus-bochum-zur-hiag-elf\/\"},\"wordCount\":380,\"image\":{\"@id\":\"https:\/\/www.tus-bruchhausen.de\/Fussball\/andreas-hoppe-aus-bochum-zur-hiag-elf\/#primaryimage\"},\"thumbnailUrl\":\"http:\/\/www.tus-bruchhausen.de\/Fussball\/wp-content\/uploads\/2015\/04\/Andreas-Hoppe.png\",\"articleSection\":[\"1. Mannschaft\",\"News\",\"Z_APP\"],\"inLanguage\":\"de\"},{\"@type\":\"WebPage\",\"@id\":\"https:\/\/www.tus-bruchhausen.de\/Fussball\/andreas-hoppe-aus-bochum-zur-hiag-elf\/\",\"url\":\"https:\/\/www.tus-bruchhausen.de\/Fussball\/andreas-hoppe-aus-bochum-zur-hiag-elf\/\",\"name\":\"Andreas Hoppe aus Bochum zur Hiag-Elf\",\"isPartOf\":{\"@id\":\"http:\/\/www.tus-bruchhausen.de\/Fussball\/#website\"},\"primaryImageOfPage\":{\"@id\":\"https:\/\/www.tus-bruchhausen.de\/Fussball\/andreas-hoppe-aus-bochum-zur-hiag-elf\/#primaryimage\"},\"image\":{\"@id\":\"https:\/\/www.tus-bruchhausen.de\/Fussball\/andreas-hoppe-aus-bochum-zur-hiag-elf\/#primaryimage\"},\"thumbnailUrl\":\"http:\/\/www.tus-bruchhausen.de\/Fussball\/wp-content\/uploads\/2015\/04\/Andreas-Hoppe.png\",\"datePublished\":\"2015-05-05T07:00:22+00:00\",\"dateModified\":\"2015-05-05T21:16:56+00:00\",\"author\":{\"@id\":\"http:\/\/www.tus-bruchhausen.de\/Fussball\/#\/schema\/person\/53a173c5abf387371fd35fcb395bc0af\"},\"description\":\"Torwart Andreas Hoppe wechselt zur neuen Saison vom Bochumer Bezirksligisten FC Vorw\u00e4rts Kornharpen zum TuS Bruchhausen.\",\"breadcrumb\":{\"@id\":\"https:\/\/www.tus-bruchhausen.de\/Fussball\/andreas-hoppe-aus-bochum-zur-hiag-elf\/#breadcrumb\"},\"inLanguage\":\"de\",\"potentialAction\":[{\"@type\":\"ReadAction\",\"target\":[\"https:\/\/www.tus-bruchhausen.de\/Fussball\/andreas-hoppe-aus-bochum-zur-hiag-elf\/\"]}]},{\"@type\":\"ImageObject\",\"inLanguage\":\"de\",\"@id\":\"https:\/\/www.tus-bruchhausen.de\/Fussball\/andreas-hoppe-aus-bochum-zur-hiag-elf\/#primaryimage\",\"url\":\"http:\/\/www.tus-bruchhausen.de\/Fussball\/wp-content\/uploads\/2015\/04\/Andreas-Hoppe.png\",\"contentUrl\":\"http:\/\/www.tus-bruchhausen.de\/Fussball\/wp-content\/uploads\/2015\/04\/Andreas-Hoppe.png\",\"width\":1438,\"height\":760},{\"@type\":\"BreadcrumbList\",\"@id\":\"https:\/\/www.tus-bruchhausen.de\/Fussball\/andreas-hoppe-aus-bochum-zur-hiag-elf\/#breadcrumb\",\"itemListElement\":[{\"@type\":\"ListItem\",\"position\":1,\"name\":\"Startseite\",\"item\":\"https:\/\/www.tus-bruchhausen.de\/Fussball\/\"},{\"@type\":\"ListItem\",\"position\":2,\"name\":\"Andreas Hoppe aus Bochum zur Hiag-Elf\"}]},{\"@type\":\"WebSite\",\"@id\":\"http:\/\/www.tus-bruchhausen.de\/Fussball\/#website\",\"url\":\"http:\/\/www.tus-bruchhausen.de\/Fussball\/\",\"name\":\"TuS Bruchhausen\",\"description\":\"Fu\u00dfball\",\"potentialAction\":[{\"@type\":\"SearchAction\",\"target\":{\"@type\":\"EntryPoint\",\"urlTemplate\":\"http:\/\/www.tus-bruchhausen.de\/Fussball\/?s={search_term_string}\"},\"query-input\":{\"@type\":\"PropertyValueSpecification\",\"valueRequired\":true,\"valueName\":\"search_term_string\"}}],\"inLanguage\":\"de\"},{\"@type\":\"Person\",\"@id\":\"http:\/\/www.tus-bruchhausen.de\/Fussball\/#\/schema\/person\/53a173c5abf387371fd35fcb395bc0af\",\"name\":\"Dominic Gabriel\",\"image\":{\"@type\":\"ImageObject\",\"inLanguage\":\"de\",\"@id\":\"https:\/\/secure.gravatar.com\/avatar\/750762ec91b9970d725a622f9a107d8412b787d34f1fd38dd08605665102440c?s=96&d=mm&r=g\",\"url\":\"https:\/\/secure.gravatar.com\/avatar\/750762ec91b9970d725a622f9a107d8412b787d34f1fd38dd08605665102440c?s=96&d=mm&r=g\",\"contentUrl\":\"https:\/\/secure.gravatar.com\/avatar\/750762ec91b9970d725a622f9a107d8412b787d34f1fd38dd08605665102440c?s=96&d=mm&r=g\",\"caption\":\"Dominic Gabriel\"}}]}<\/script>\n<!-- \/ Yoast SEO plugin. -->","yoast_head_json":{"title":"Andreas Hoppe aus Bochum zur Hiag-Elf","description":"Torwart Andreas Hoppe wechselt zur neuen Saison vom Bochumer Bezirksligisten FC Vorw\u00e4rts Kornharpen zum TuS Bruchhausen.","robots":{"index":"index","follow":"follow","max-snippet":"max-snippet:-1","max-image-preview":"max-image-preview:large","max-video-preview":"max-video-preview:-1"},"canonical":"https:\/\/www.tus-bruchhausen.de\/Fussball\/andreas-hoppe-aus-bochum-zur-hiag-elf\/","og_locale":"de_DE","og_type":"article","og_title":"Andreas Hoppe aus Bochum zur Hiag-Elf","og_description":"Torwart Andreas Hoppe wechselt zur neuen Saison vom Bochumer Bezirksligisten FC Vorw\u00e4rts Kornharpen zum TuS Bruchhausen.","og_url":"https:\/\/www.tus-bruchhausen.de\/Fussball\/andreas-hoppe-aus-bochum-zur-hiag-elf\/","og_site_name":"TuS Bruchhausen","article_publisher":"https:\/\/www.facebook.com\/TuS02\/","article_published_time":"2015-05-05T07:00:22+00:00","article_modified_time":"2015-05-05T21:16:56+00:00","og_image":[{"width":1438,"height":760,"url":"https:\/\/www.tus-bruchhausen.de\/Fussball\/wp-content\/uploads\/2015\/04\/Andreas-Hoppe.png","type":"image\/png"}],"author":"Dominic Gabriel","twitter_card":"summary_large_image","twitter_misc":{"Verfasst von":"Dominic Gabriel","Gesch\u00e4tzte Lesezeit":"2\u00a0Minuten"},"schema":{"@context":"https:\/\/schema.org","@graph":[{"@type":"Article","@id":"https:\/\/www.tus-bruchhausen.de\/Fussball\/andreas-hoppe-aus-bochum-zur-hiag-elf\/#article","isPartOf":{"@id":"https:\/\/www.tus-bruchhausen.de\/Fussball\/andreas-hoppe-aus-bochum-zur-hiag-elf\/"},"author":{"name":"Dominic Gabriel","@id":"http:\/\/www.tus-bruchhausen.de\/Fussball\/#\/schema\/person\/53a173c5abf387371fd35fcb395bc0af"},"headline":"Andreas Hoppe aus Bochum zur Hiag-Elf","datePublished":"2015-05-05T07:00:22+00:00","dateModified":"2015-05-05T21:16:56+00:00","mainEntityOfPage":{"@id":"https:\/\/www.tus-bruchhausen.de\/Fussball\/andreas-hoppe-aus-bochum-zur-hiag-elf\/"},"wordCount":380,"image":{"@id":"https:\/\/www.tus-bruchhausen.de\/Fussball\/andreas-hoppe-aus-bochum-zur-hiag-elf\/#primaryimage"},"thumbnailUrl":"http:\/\/www.tus-bruchhausen.de\/Fussball\/wp-content\/uploads\/2015\/04\/Andreas-Hoppe.png","articleSection":["1. Mannschaft","News","Z_APP"],"inLanguage":"de"},{"@type":"WebPage","@id":"https:\/\/www.tus-bruchhausen.de\/Fussball\/andreas-hoppe-aus-bochum-zur-hiag-elf\/","url":"https:\/\/www.tus-bruchhausen.de\/Fussball\/andreas-hoppe-aus-bochum-zur-hiag-elf\/","name":"Andreas Hoppe aus Bochum zur Hiag-Elf","isPartOf":{"@id":"http:\/\/www.tus-bruchhausen.de\/Fussball\/#website"},"primaryImageOfPage":{"@id":"https:\/\/www.tus-bruchhausen.de\/Fussball\/andreas-hoppe-aus-bochum-zur-hiag-elf\/#primaryimage"},"image":{"@id":"https:\/\/www.tus-bruchhausen.de\/Fussball\/andreas-hoppe-aus-bochum-zur-hiag-elf\/#primaryimage"},"thumbnailUrl":"http:\/\/www.tus-bruchhausen.de\/Fussball\/wp-content\/uploads\/2015\/04\/Andreas-Hoppe.png","datePublished":"2015-05-05T07:00:22+00:00","dateModified":"2015-05-05T21:16:56+00:00","author":{"@id":"http:\/\/www.tus-bruchhausen.de\/Fussball\/#\/schema\/person\/53a173c5abf387371fd35fcb395bc0af"},"description":"Torwart Andreas Hoppe wechselt zur neuen Saison vom Bochumer Bezirksligisten FC Vorw\u00e4rts Kornharpen zum TuS Bruchhausen.","breadcrumb":{"@id":"https:\/\/www.tus-bruchhausen.de\/Fussball\/andreas-hoppe-aus-bochum-zur-hiag-elf\/#breadcrumb"},"inLanguage":"de","potentialAction":[{"@type":"ReadAction","target":["https:\/\/www.tus-bruchhausen.de\/Fussball\/andreas-hoppe-aus-bochum-zur-hiag-elf\/"]}]},{"@type":"ImageObject","inLanguage":"de","@id":"https:\/\/www.tus-bruchhausen.de\/Fussball\/andreas-hoppe-aus-bochum-zur-hiag-elf\/#primaryimage","url":"http:\/\/www.tus-bruchhausen.de\/Fussball\/wp-content\/uploads\/2015\/04\/Andreas-Hoppe.png","contentUrl":"http:\/\/www.tus-bruchhausen.de\/Fussball\/wp-content\/uploads\/2015\/04\/Andreas-Hoppe.png","width":1438,"height":760},{"@type":"BreadcrumbList","@id":"https:\/\/www.tus-bruchhausen.de\/Fussball\/andreas-hoppe-aus-bochum-zur-hiag-elf\/#breadcrumb","itemListElement":[{"@type":"ListItem","position":1,"name":"Startseite","item":"https:\/\/www.tus-bruchhausen.de\/Fussball\/"},{"@type":"ListItem","position":2,"name":"Andreas Hoppe aus Bochum zur Hiag-Elf"}]},{"@type":"WebSite","@id":"http:\/\/www.tus-bruchhausen.de\/Fussball\/#website","url":"http:\/\/www.tus-bruchhausen.de\/Fussball\/","name":"TuS Bruchhausen","description":"Fu\u00dfball","potentialAction":[{"@type":"SearchAction","target":{"@type":"EntryPoint","urlTemplate":"http:\/\/www.tus-bruchhausen.de\/Fussball\/?s={search_term_string}"},"query-input":{"@type":"PropertyValueSpecification","valueRequired":true,"valueName":"search_term_string"}}],"inLanguage":"de"},{"@type":"Person","@id":"http:\/\/www.tus-bruchhausen.de\/Fussball\/#\/schema\/person\/53a173c5abf387371fd35fcb395bc0af","name":"Dominic Gabriel","image":{"@type":"ImageObject","inLanguage":"de","@id":"https:\/\/secure.gravatar.com\/avatar\/750762ec91b9970d725a622f9a107d8412b787d34f1fd38dd08605665102440c?s=96&d=mm&r=g","url":"https:\/\/secure.gravatar.com\/avatar\/750762ec91b9970d725a622f9a107d8412b787d34f1fd38dd08605665102440c?s=96&d=mm&r=g","contentUrl":"https:\/\/secure.gravatar.com\/avatar\/750762ec91b9970d725a622f9a107d8412b787d34f1fd38dd08605665102440c?s=96&d=mm&r=g","caption":"Dominic Gabriel"}}]}},"_links":{"self":[{"href":"http:\/\/www.tus-bruchhausen.de\/Fussball\/wp-json\/wp\/v2\/posts\/6191","targetHints":{"allow":["GET"]}}],"collection":[{"href":"http:\/\/www.tus-bruchhausen.de\/Fussball\/wp-json\/wp\/v2\/posts"}],"about":[{"href":"http:\/\/www.tus-bruchhausen.de\/Fussball\/wp-json\/wp\/v2\/types\/post"}],"author":[{"embeddable":true,"href":"http:\/\/www.tus-bruchhausen.de\/Fussball\/wp-json\/wp\/v2\/users\/6"}],"replies":[{"embeddable":true,"href":"http:\/\/www.tus-bruchhausen.de\/Fussball\/wp-json\/wp\/v2\/comments?post=6191"}],"version-history":[{"count":33,"href":"http:\/\/www.tus-bruchhausen.de\/Fussball\/wp-json\/wp\/v2\/posts\/6191\/revisions"}],"predecessor-version":[{"id":6502,"href":"http:\/\/www.tus-bruchhausen.de\/Fussball\/wp-json\/wp\/v2\/posts\/6191\/revisions\/6502"}],"wp:featuredmedia":[{"embeddable":true,"href":"http:\/\/www.tus-bruchhausen.de\/Fussball\/wp-json\/wp\/v2\/media\/6334"}],"wp:attachment":[{"href":"http:\/\/www.tus-bruchhausen.de\/Fussball\/wp-json\/wp\/v2\/media?parent=6191"}],"wp:term":[{"taxonomy":"category","embeddable":true,"href":"http:\/\/www.tus-bruchhausen.de\/Fussball\/wp-json\/wp\/v2\/categories?post=6191"},{"taxonomy":"post_tag","embeddable":true,"href":"http:\/\/www.tus-bruchhausen.de\/Fussball\/wp-json\/wp\/v2\/tags?post=6191"}],"curies":[{"name":"wp","href":"https:\/\/api.w.org\/{rel}","templated":true}]}}