{"id":6385,"date":"2015-04-28T23:19:28","date_gmt":"2015-04-28T21:19:28","guid":{"rendered":"http:\/\/tus-bruchhausen.de\/Fussball\/?p=6385"},"modified":"2015-04-29T16:45:30","modified_gmt":"2015-04-29T14:45:30","slug":"tus-reserve-verlaesst-abstiegsraenge-mit-50-in-vosswinkel","status":"publish","type":"post","link":"http:\/\/www.tus-bruchhausen.de\/Fussball\/tus-reserve-verlaesst-abstiegsraenge-mit-50-in-vosswinkel\/","title":{"rendered":"TuS-Reserve verl\u00e4sst Abstiegsr\u00e4nge mit 5:0 in Vosswinkel"},"content":{"rendered":"<p>Die 2. Mannschaft des TuS Bruchhausen hat am Dienstagabend mit 5:0 in Vosswinkel gewonnen und damit drei wichtige Z\u00e4hler im Abstiegskampf gesammelt.\u00a0Mit nun 21 Punkten\u00a0verl\u00e4sst das Team von Thomas D\u00fclberg die Abstiegsr\u00e4nge wieder.<\/p>\n<figure id=\"attachment_6388\" aria-describedby=\"caption-attachment-6388\" style=\"width: 200px\" class=\"wp-caption alignright\"><a href=\"http:\/\/tus-bruchhausen.de\/Fussball\/wp-content\/uploads\/2015\/04\/IMG_2399.jpg\" rel=\"lightbox[6385]\"><img loading=\"lazy\" decoding=\"async\" class=\"size-medium wp-image-6388\" src=\"http:\/\/tus-bruchhausen.de\/Fussball\/wp-content\/uploads\/2015\/04\/IMG_2399-200x134.jpg\" alt=\"Kevin Norek trifft zum 2:0 gegen den TuS Vosswinkel II\" width=\"200\" height=\"134\" srcset=\"http:\/\/www.tus-bruchhausen.de\/Fussball\/wp-content\/uploads\/2015\/04\/IMG_2399-200x134.jpg 200w, http:\/\/www.tus-bruchhausen.de\/Fussball\/wp-content\/uploads\/2015\/04\/IMG_2399-563x376.jpg 563w, http:\/\/www.tus-bruchhausen.de\/Fussball\/wp-content\/uploads\/2015\/04\/IMG_2399.jpg 1440w\" sizes=\"auto, (max-width: 200px) 100vw, 200px\" \/><\/a><figcaption id=\"caption-attachment-6388\" class=\"wp-caption-text\">Kevin Norek trifft zum 2:0 gegen den TuS Vosswinkel II<\/figcaption><\/figure>\n<p>Im verlegten Meisterschaftsspiel gegen den TuS Vosswinkel konnte die TuS-Reserve auf einige\u00a0Verst\u00e4rkung zur\u00fcckgreifen. So war es Kevin Norek der vor der Saison vom TuS Vosswinkel kam, der das 1:0 f\u00fcr den TuS 02 erzielte (19.). \u00a0Nach feiner Vorarbeit von Marcel Linke und Heiko Bode machte Kevin Norek anschlie\u00dfend seinen Doppelpack perfekt (28.). Das 3:0 bereitete er dann selbst vor, nach einem Pass in den R\u00fcckraum zog Marvin Weber aus 16 Metern Torentfernung ab und traf zum 3:0 Halbzeitstand (32.).<\/p>\n<figure id=\"attachment_6391\" aria-describedby=\"caption-attachment-6391\" style=\"width: 200px\" class=\"wp-caption alignleft\"><a href=\"http:\/\/tus-bruchhausen.de\/Fussball\/wp-content\/uploads\/2015\/04\/IMG_2437.jpg\" rel=\"lightbox[6385]\"><img loading=\"lazy\" decoding=\"async\" class=\"size-medium wp-image-6391\" src=\"http:\/\/tus-bruchhausen.de\/Fussball\/wp-content\/uploads\/2015\/04\/IMG_2437-200x133.jpg\" alt=\"Fabian Nagel feierte ein starkes Comeback\" width=\"200\" height=\"133\" srcset=\"http:\/\/www.tus-bruchhausen.de\/Fussball\/wp-content\/uploads\/2015\/04\/IMG_2437-200x133.jpg 200w, http:\/\/www.tus-bruchhausen.de\/Fussball\/wp-content\/uploads\/2015\/04\/IMG_2437-563x376.jpg 563w, http:\/\/www.tus-bruchhausen.de\/Fussball\/wp-content\/uploads\/2015\/04\/IMG_2437.jpg 1440w\" sizes=\"auto, (max-width: 200px) 100vw, 200px\" \/><\/a><figcaption id=\"caption-attachment-6391\" class=\"wp-caption-text\">Fabian Nagel feierte ein starkes Comeback nach 8 Monaten Pause<\/figcaption><\/figure>\n<p>Im zweiten Durchgang kontrollierte die TuS-Reserve zwar weiter die Partie, konnte die F\u00fchrung aber erst in der Schlussphase weiter ausbauen.\u00a0TuS-Torj\u00e4ger\u00a0<span class=\"hidden-small inline\">Marcel<\/span> Linke setzte einen abgef\u00e4lschten Ball ins Tornetz der Gastgeber zum\u00a0zwischenzeitlichen 4:0 (83.). Den Schlusspunkt setzte dann\u00a0<span class=\"hidden-small inline\">Heiko<\/span> Bode mit seinem Treffer zum 5:0 (89.).<\/p>\n<p>Nach dem sechsten Saisonsieg hat die TuS 02 Reserve nun wieder einen Z\u00e4hler Vorsprung auf die Abstiegsr\u00e4nge. Am kommenden Sonntag geht es bereits weiter, dann ist der SV Arnsberg 09 II zu Gast an der Hiag.<\/p>\n","protected":false},"excerpt":{"rendered":"<p>Die 2. Mannschaft des TuS Bruchhausen hat am Dienstagabend mit 5:0 in Vosswinkel gewonnen und damit drei wichtige Z\u00e4hler im Abstiegskampf gesammelt.\u00a0Mit nun 21 Punkten\u00a0verl\u00e4sst das Team von Thomas D\u00fclberg die Abstiegsr\u00e4nge wieder. Im verlegten Meisterschaftsspiel gegen den TuS Vosswinkel konnte die TuS-Reserve auf einige\u00a0Verst\u00e4rkung zur\u00fcckgreifen. So war es Kevin Norek der vor der Saison [&hellip;]<\/p>\n","protected":false},"author":6,"featured_media":6386,"comment_status":"closed","ping_status":"closed","sticky":false,"template":"","format":"standard","meta":{"footnotes":""},"categories":[4,8,20],"tags":[],"class_list":["post-6385","post","type-post","status-publish","format-standard","has-post-thumbnail","hentry","category-2-mannschaft","category-news","category-app","small-justify-block","has-thumb"],"yoast_head":"<!-- This site is optimized with the Yoast SEO plugin v27.2 - https:\/\/yoast.com\/product\/yoast-seo-wordpress\/ -->\n<title>TuS-Reserve verl\u00e4sst Abstiegsr\u00e4nge mit 5:0 in Vosswinkel<\/title>\n<meta name=\"robots\" content=\"index, follow, max-snippet:-1, max-image-preview:large, max-video-preview:-1\" \/>\n<link rel=\"canonical\" href=\"http:\/\/www.tus-bruchhausen.de\/Fussball\/tus-reserve-verlaesst-abstiegsraenge-mit-50-in-vosswinkel\/\" \/>\n<meta property=\"og:locale\" content=\"de_DE\" \/>\n<meta property=\"og:type\" content=\"article\" \/>\n<meta property=\"og:title\" content=\"TuS-Reserve verl\u00e4sst Abstiegsr\u00e4nge mit 5:0 in Vosswinkel\" \/>\n<meta property=\"og:description\" content=\"Die 2. Mannschaft des TuS Bruchhausen hat am Dienstagabend mit 5:0 in Vosswinkel gewonnen und damit drei wichtige Z\u00e4hler im Abstiegskampf gesammelt.\u00a0Mit nun 21 Punkten\u00a0verl\u00e4sst das Team von Thomas D\u00fclberg die Abstiegsr\u00e4nge wieder. Im verlegten Meisterschaftsspiel gegen den TuS Vosswinkel konnte die TuS-Reserve auf einige\u00a0Verst\u00e4rkung zur\u00fcckgreifen. So war es Kevin Norek der vor der Saison [&hellip;]\" \/>\n<meta property=\"og:url\" content=\"http:\/\/www.tus-bruchhausen.de\/Fussball\/tus-reserve-verlaesst-abstiegsraenge-mit-50-in-vosswinkel\/\" \/>\n<meta property=\"og:site_name\" content=\"TuS Bruchhausen\" \/>\n<meta property=\"article:publisher\" content=\"https:\/\/www.facebook.com\/TuS02\/\" \/>\n<meta property=\"article:published_time\" content=\"2015-04-28T21:19:28+00:00\" \/>\n<meta property=\"article:modified_time\" content=\"2015-04-29T14:45:30+00:00\" \/>\n<meta property=\"og:image\" content=\"http:\/\/www.tus-bruchhausen.de\/Fussball\/wp-content\/uploads\/2015\/04\/IMG_2414-e1430254737601.jpg\" \/>\n\t<meta property=\"og:image:width\" content=\"1439\" \/>\n\t<meta property=\"og:image:height\" content=\"910\" \/>\n\t<meta property=\"og:image:type\" content=\"image\/jpeg\" \/>\n<meta name=\"author\" content=\"Dominic Gabriel\" \/>\n<meta name=\"twitter:card\" content=\"summary_large_image\" \/>\n<meta name=\"twitter:label1\" content=\"Verfasst von\" \/>\n\t<meta name=\"twitter:data1\" content=\"Dominic Gabriel\" \/>\n\t<meta name=\"twitter:label2\" content=\"Gesch\u00e4tzte Lesezeit\" \/>\n\t<meta name=\"twitter:data2\" content=\"1\u00a0Minute\" \/>\n<script type=\"application\/ld+json\" class=\"yoast-schema-graph\">{\"@context\":\"https:\/\/schema.org\",\"@graph\":[{\"@type\":\"Article\",\"@id\":\"http:\/\/www.tus-bruchhausen.de\/Fussball\/tus-reserve-verlaesst-abstiegsraenge-mit-50-in-vosswinkel\/#article\",\"isPartOf\":{\"@id\":\"http:\/\/www.tus-bruchhausen.de\/Fussball\/tus-reserve-verlaesst-abstiegsraenge-mit-50-in-vosswinkel\/\"},\"author\":{\"name\":\"Dominic Gabriel\",\"@id\":\"http:\/\/www.tus-bruchhausen.de\/Fussball\/#\/schema\/person\/53a173c5abf387371fd35fcb395bc0af\"},\"headline\":\"TuS-Reserve verl\u00e4sst Abstiegsr\u00e4nge mit 5:0 in Vosswinkel\",\"datePublished\":\"2015-04-28T21:19:28+00:00\",\"dateModified\":\"2015-04-29T14:45:30+00:00\",\"mainEntityOfPage\":{\"@id\":\"http:\/\/www.tus-bruchhausen.de\/Fussball\/tus-reserve-verlaesst-abstiegsraenge-mit-50-in-vosswinkel\/\"},\"wordCount\":235,\"image\":{\"@id\":\"http:\/\/www.tus-bruchhausen.de\/Fussball\/tus-reserve-verlaesst-abstiegsraenge-mit-50-in-vosswinkel\/#primaryimage\"},\"thumbnailUrl\":\"http:\/\/www.tus-bruchhausen.de\/Fussball\/wp-content\/uploads\/2015\/04\/IMG_2414-e1430254737601.jpg\",\"articleSection\":[\"2. Mannschaft\",\"News\",\"Z_APP\"],\"inLanguage\":\"de\"},{\"@type\":\"WebPage\",\"@id\":\"http:\/\/www.tus-bruchhausen.de\/Fussball\/tus-reserve-verlaesst-abstiegsraenge-mit-50-in-vosswinkel\/\",\"url\":\"http:\/\/www.tus-bruchhausen.de\/Fussball\/tus-reserve-verlaesst-abstiegsraenge-mit-50-in-vosswinkel\/\",\"name\":\"TuS-Reserve verl\u00e4sst Abstiegsr\u00e4nge mit 5:0 in Vosswinkel\",\"isPartOf\":{\"@id\":\"http:\/\/www.tus-bruchhausen.de\/Fussball\/#website\"},\"primaryImageOfPage\":{\"@id\":\"http:\/\/www.tus-bruchhausen.de\/Fussball\/tus-reserve-verlaesst-abstiegsraenge-mit-50-in-vosswinkel\/#primaryimage\"},\"image\":{\"@id\":\"http:\/\/www.tus-bruchhausen.de\/Fussball\/tus-reserve-verlaesst-abstiegsraenge-mit-50-in-vosswinkel\/#primaryimage\"},\"thumbnailUrl\":\"http:\/\/www.tus-bruchhausen.de\/Fussball\/wp-content\/uploads\/2015\/04\/IMG_2414-e1430254737601.jpg\",\"datePublished\":\"2015-04-28T21:19:28+00:00\",\"dateModified\":\"2015-04-29T14:45:30+00:00\",\"author\":{\"@id\":\"http:\/\/www.tus-bruchhausen.de\/Fussball\/#\/schema\/person\/53a173c5abf387371fd35fcb395bc0af\"},\"breadcrumb\":{\"@id\":\"http:\/\/www.tus-bruchhausen.de\/Fussball\/tus-reserve-verlaesst-abstiegsraenge-mit-50-in-vosswinkel\/#breadcrumb\"},\"inLanguage\":\"de\",\"potentialAction\":[{\"@type\":\"ReadAction\",\"target\":[\"http:\/\/www.tus-bruchhausen.de\/Fussball\/tus-reserve-verlaesst-abstiegsraenge-mit-50-in-vosswinkel\/\"]}]},{\"@type\":\"ImageObject\",\"inLanguage\":\"de\",\"@id\":\"http:\/\/www.tus-bruchhausen.de\/Fussball\/tus-reserve-verlaesst-abstiegsraenge-mit-50-in-vosswinkel\/#primaryimage\",\"url\":\"http:\/\/www.tus-bruchhausen.de\/Fussball\/wp-content\/uploads\/2015\/04\/IMG_2414-e1430254737601.jpg\",\"contentUrl\":\"http:\/\/www.tus-bruchhausen.de\/Fussball\/wp-content\/uploads\/2015\/04\/IMG_2414-e1430254737601.jpg\",\"width\":1439,\"height\":910},{\"@type\":\"BreadcrumbList\",\"@id\":\"http:\/\/www.tus-bruchhausen.de\/Fussball\/tus-reserve-verlaesst-abstiegsraenge-mit-50-in-vosswinkel\/#breadcrumb\",\"itemListElement\":[{\"@type\":\"ListItem\",\"position\":1,\"name\":\"Startseite\",\"item\":\"http:\/\/www.tus-bruchhausen.de\/Fussball\/\"},{\"@type\":\"ListItem\",\"position\":2,\"name\":\"TuS-Reserve verl\u00e4sst Abstiegsr\u00e4nge mit 5:0 in Vosswinkel\"}]},{\"@type\":\"WebSite\",\"@id\":\"http:\/\/www.tus-bruchhausen.de\/Fussball\/#website\",\"url\":\"http:\/\/www.tus-bruchhausen.de\/Fussball\/\",\"name\":\"TuS Bruchhausen\",\"description\":\"Fu\u00dfball\",\"potentialAction\":[{\"@type\":\"SearchAction\",\"target\":{\"@type\":\"EntryPoint\",\"urlTemplate\":\"http:\/\/www.tus-bruchhausen.de\/Fussball\/?s={search_term_string}\"},\"query-input\":{\"@type\":\"PropertyValueSpecification\",\"valueRequired\":true,\"valueName\":\"search_term_string\"}}],\"inLanguage\":\"de\"},{\"@type\":\"Person\",\"@id\":\"http:\/\/www.tus-bruchhausen.de\/Fussball\/#\/schema\/person\/53a173c5abf387371fd35fcb395bc0af\",\"name\":\"Dominic Gabriel\",\"image\":{\"@type\":\"ImageObject\",\"inLanguage\":\"de\",\"@id\":\"https:\/\/secure.gravatar.com\/avatar\/750762ec91b9970d725a622f9a107d8412b787d34f1fd38dd08605665102440c?s=96&d=mm&r=g\",\"url\":\"https:\/\/secure.gravatar.com\/avatar\/750762ec91b9970d725a622f9a107d8412b787d34f1fd38dd08605665102440c?s=96&d=mm&r=g\",\"contentUrl\":\"https:\/\/secure.gravatar.com\/avatar\/750762ec91b9970d725a622f9a107d8412b787d34f1fd38dd08605665102440c?s=96&d=mm&r=g\",\"caption\":\"Dominic Gabriel\"}}]}<\/script>\n<!-- \/ Yoast SEO plugin. -->","yoast_head_json":{"title":"TuS-Reserve verl\u00e4sst Abstiegsr\u00e4nge mit 5:0 in Vosswinkel","robots":{"index":"index","follow":"follow","max-snippet":"max-snippet:-1","max-image-preview":"max-image-preview:large","max-video-preview":"max-video-preview:-1"},"canonical":"http:\/\/www.tus-bruchhausen.de\/Fussball\/tus-reserve-verlaesst-abstiegsraenge-mit-50-in-vosswinkel\/","og_locale":"de_DE","og_type":"article","og_title":"TuS-Reserve verl\u00e4sst Abstiegsr\u00e4nge mit 5:0 in Vosswinkel","og_description":"Die 2. Mannschaft des TuS Bruchhausen hat am Dienstagabend mit 5:0 in Vosswinkel gewonnen und damit drei wichtige Z\u00e4hler im Abstiegskampf gesammelt.\u00a0Mit nun 21 Punkten\u00a0verl\u00e4sst das Team von Thomas D\u00fclberg die Abstiegsr\u00e4nge wieder. Im verlegten Meisterschaftsspiel gegen den TuS Vosswinkel konnte die TuS-Reserve auf einige\u00a0Verst\u00e4rkung zur\u00fcckgreifen. So war es Kevin Norek der vor der Saison [&hellip;]","og_url":"http:\/\/www.tus-bruchhausen.de\/Fussball\/tus-reserve-verlaesst-abstiegsraenge-mit-50-in-vosswinkel\/","og_site_name":"TuS Bruchhausen","article_publisher":"https:\/\/www.facebook.com\/TuS02\/","article_published_time":"2015-04-28T21:19:28+00:00","article_modified_time":"2015-04-29T14:45:30+00:00","og_image":[{"width":1439,"height":910,"url":"http:\/\/www.tus-bruchhausen.de\/Fussball\/wp-content\/uploads\/2015\/04\/IMG_2414-e1430254737601.jpg","type":"image\/jpeg"}],"author":"Dominic Gabriel","twitter_card":"summary_large_image","twitter_misc":{"Verfasst von":"Dominic Gabriel","Gesch\u00e4tzte Lesezeit":"1\u00a0Minute"},"schema":{"@context":"https:\/\/schema.org","@graph":[{"@type":"Article","@id":"http:\/\/www.tus-bruchhausen.de\/Fussball\/tus-reserve-verlaesst-abstiegsraenge-mit-50-in-vosswinkel\/#article","isPartOf":{"@id":"http:\/\/www.tus-bruchhausen.de\/Fussball\/tus-reserve-verlaesst-abstiegsraenge-mit-50-in-vosswinkel\/"},"author":{"name":"Dominic Gabriel","@id":"http:\/\/www.tus-bruchhausen.de\/Fussball\/#\/schema\/person\/53a173c5abf387371fd35fcb395bc0af"},"headline":"TuS-Reserve verl\u00e4sst Abstiegsr\u00e4nge mit 5:0 in Vosswinkel","datePublished":"2015-04-28T21:19:28+00:00","dateModified":"2015-04-29T14:45:30+00:00","mainEntityOfPage":{"@id":"http:\/\/www.tus-bruchhausen.de\/Fussball\/tus-reserve-verlaesst-abstiegsraenge-mit-50-in-vosswinkel\/"},"wordCount":235,"image":{"@id":"http:\/\/www.tus-bruchhausen.de\/Fussball\/tus-reserve-verlaesst-abstiegsraenge-mit-50-in-vosswinkel\/#primaryimage"},"thumbnailUrl":"http:\/\/www.tus-bruchhausen.de\/Fussball\/wp-content\/uploads\/2015\/04\/IMG_2414-e1430254737601.jpg","articleSection":["2. Mannschaft","News","Z_APP"],"inLanguage":"de"},{"@type":"WebPage","@id":"http:\/\/www.tus-bruchhausen.de\/Fussball\/tus-reserve-verlaesst-abstiegsraenge-mit-50-in-vosswinkel\/","url":"http:\/\/www.tus-bruchhausen.de\/Fussball\/tus-reserve-verlaesst-abstiegsraenge-mit-50-in-vosswinkel\/","name":"TuS-Reserve verl\u00e4sst Abstiegsr\u00e4nge mit 5:0 in Vosswinkel","isPartOf":{"@id":"http:\/\/www.tus-bruchhausen.de\/Fussball\/#website"},"primaryImageOfPage":{"@id":"http:\/\/www.tus-bruchhausen.de\/Fussball\/tus-reserve-verlaesst-abstiegsraenge-mit-50-in-vosswinkel\/#primaryimage"},"image":{"@id":"http:\/\/www.tus-bruchhausen.de\/Fussball\/tus-reserve-verlaesst-abstiegsraenge-mit-50-in-vosswinkel\/#primaryimage"},"thumbnailUrl":"http:\/\/www.tus-bruchhausen.de\/Fussball\/wp-content\/uploads\/2015\/04\/IMG_2414-e1430254737601.jpg","datePublished":"2015-04-28T21:19:28+00:00","dateModified":"2015-04-29T14:45:30+00:00","author":{"@id":"http:\/\/www.tus-bruchhausen.de\/Fussball\/#\/schema\/person\/53a173c5abf387371fd35fcb395bc0af"},"breadcrumb":{"@id":"http:\/\/www.tus-bruchhausen.de\/Fussball\/tus-reserve-verlaesst-abstiegsraenge-mit-50-in-vosswinkel\/#breadcrumb"},"inLanguage":"de","potentialAction":[{"@type":"ReadAction","target":["http:\/\/www.tus-bruchhausen.de\/Fussball\/tus-reserve-verlaesst-abstiegsraenge-mit-50-in-vosswinkel\/"]}]},{"@type":"ImageObject","inLanguage":"de","@id":"http:\/\/www.tus-bruchhausen.de\/Fussball\/tus-reserve-verlaesst-abstiegsraenge-mit-50-in-vosswinkel\/#primaryimage","url":"http:\/\/www.tus-bruchhausen.de\/Fussball\/wp-content\/uploads\/2015\/04\/IMG_2414-e1430254737601.jpg","contentUrl":"http:\/\/www.tus-bruchhausen.de\/Fussball\/wp-content\/uploads\/2015\/04\/IMG_2414-e1430254737601.jpg","width":1439,"height":910},{"@type":"BreadcrumbList","@id":"http:\/\/www.tus-bruchhausen.de\/Fussball\/tus-reserve-verlaesst-abstiegsraenge-mit-50-in-vosswinkel\/#breadcrumb","itemListElement":[{"@type":"ListItem","position":1,"name":"Startseite","item":"http:\/\/www.tus-bruchhausen.de\/Fussball\/"},{"@type":"ListItem","position":2,"name":"TuS-Reserve verl\u00e4sst Abstiegsr\u00e4nge mit 5:0 in Vosswinkel"}]},{"@type":"WebSite","@id":"http:\/\/www.tus-bruchhausen.de\/Fussball\/#website","url":"http:\/\/www.tus-bruchhausen.de\/Fussball\/","name":"TuS Bruchhausen","description":"Fu\u00dfball","potentialAction":[{"@type":"SearchAction","target":{"@type":"EntryPoint","urlTemplate":"http:\/\/www.tus-bruchhausen.de\/Fussball\/?s={search_term_string}"},"query-input":{"@type":"PropertyValueSpecification","valueRequired":true,"valueName":"search_term_string"}}],"inLanguage":"de"},{"@type":"Person","@id":"http:\/\/www.tus-bruchhausen.de\/Fussball\/#\/schema\/person\/53a173c5abf387371fd35fcb395bc0af","name":"Dominic Gabriel","image":{"@type":"ImageObject","inLanguage":"de","@id":"https:\/\/secure.gravatar.com\/avatar\/750762ec91b9970d725a622f9a107d8412b787d34f1fd38dd08605665102440c?s=96&d=mm&r=g","url":"https:\/\/secure.gravatar.com\/avatar\/750762ec91b9970d725a622f9a107d8412b787d34f1fd38dd08605665102440c?s=96&d=mm&r=g","contentUrl":"https:\/\/secure.gravatar.com\/avatar\/750762ec91b9970d725a622f9a107d8412b787d34f1fd38dd08605665102440c?s=96&d=mm&r=g","caption":"Dominic Gabriel"}}]}},"_links":{"self":[{"href":"http:\/\/www.tus-bruchhausen.de\/Fussball\/wp-json\/wp\/v2\/posts\/6385","targetHints":{"allow":["GET"]}}],"collection":[{"href":"http:\/\/www.tus-bruchhausen.de\/Fussball\/wp-json\/wp\/v2\/posts"}],"about":[{"href":"http:\/\/www.tus-bruchhausen.de\/Fussball\/wp-json\/wp\/v2\/types\/post"}],"author":[{"embeddable":true,"href":"http:\/\/www.tus-bruchhausen.de\/Fussball\/wp-json\/wp\/v2\/users\/6"}],"replies":[{"embeddable":true,"href":"http:\/\/www.tus-bruchhausen.de\/Fussball\/wp-json\/wp\/v2\/comments?post=6385"}],"version-history":[{"count":6,"href":"http:\/\/www.tus-bruchhausen.de\/Fussball\/wp-json\/wp\/v2\/posts\/6385\/revisions"}],"predecessor-version":[{"id":6411,"href":"http:\/\/www.tus-bruchhausen.de\/Fussball\/wp-json\/wp\/v2\/posts\/6385\/revisions\/6411"}],"wp:featuredmedia":[{"embeddable":true,"href":"http:\/\/www.tus-bruchhausen.de\/Fussball\/wp-json\/wp\/v2\/media\/6386"}],"wp:attachment":[{"href":"http:\/\/www.tus-bruchhausen.de\/Fussball\/wp-json\/wp\/v2\/media?parent=6385"}],"wp:term":[{"taxonomy":"category","embeddable":true,"href":"http:\/\/www.tus-bruchhausen.de\/Fussball\/wp-json\/wp\/v2\/categories?post=6385"},{"taxonomy":"post_tag","embeddable":true,"href":"http:\/\/www.tus-bruchhausen.de\/Fussball\/wp-json\/wp\/v2\/tags?post=6385"}],"curies":[{"name":"wp","href":"https:\/\/api.w.org\/{rel}","templated":true}]}}