{"id":6412,"date":"2015-05-11T12:00:05","date_gmt":"2015-05-11T10:00:05","guid":{"rendered":"http:\/\/tus-bruchhausen.de\/Fussball\/?p=6412"},"modified":"2015-05-11T23:34:52","modified_gmt":"2015-05-11T21:34:52","slug":"torjaeger-ingo-renk-kehrt-zurueck-zur-hiag-elf","status":"publish","type":"post","link":"http:\/\/www.tus-bruchhausen.de\/Fussball\/torjaeger-ingo-renk-kehrt-zurueck-zur-hiag-elf\/","title":{"rendered":"Torj\u00e4ger Ingo Renk kehrt zur\u00fcck zur Hiag-Elf"},"content":{"rendered":"<p>Die R\u00fcckkehr ist perfekt. Der TuS Bruchhausen verst\u00e4rkt sich in der kommenden Saison mit St\u00fcrmer Ingo Renk. Der 24-j\u00e4hrige Torj\u00e4ger wechselt vom Landesligisten SV H\u00fcsten 09 zum TuS 02. Damit kehrt der Angreifer nach zwei Jahren beim Ortsnachbarn zur\u00fcck an die Hiag. Zuvor\u00a0erzielte Renk 55 Tore in drei Spielzeiten im Trikot des\u00a0TuS Bruchhausen.<\/p>\n<figure id=\"attachment_6416\" aria-describedby=\"caption-attachment-6416\" style=\"width: 200px\" class=\"wp-caption alignright\"><img loading=\"lazy\" decoding=\"async\" class=\"wp-image-6416 size-medium\" src=\"http:\/\/tus-bruchhausen.de\/Fussball\/wp-content\/uploads\/2015\/04\/szene03-e1430340262343-200x148.jpg\" alt=\"szene03\" width=\"200\" height=\"148\" srcset=\"http:\/\/www.tus-bruchhausen.de\/Fussball\/wp-content\/uploads\/2015\/04\/szene03-e1430340262343-200x148.jpg 200w, http:\/\/www.tus-bruchhausen.de\/Fussball\/wp-content\/uploads\/2015\/04\/szene03-e1430340262343-508x376.jpg 508w, http:\/\/www.tus-bruchhausen.de\/Fussball\/wp-content\/uploads\/2015\/04\/szene03-e1430340262343.jpg 1260w\" sizes=\"auto, (max-width: 200px) 100vw, 200px\" \/><figcaption id=\"caption-attachment-6416\" class=\"wp-caption-text\">Ingo Renk wechselt vom SV H\u00fcsten 09 zur\u00fcck an die Hiag<\/figcaption><\/figure>\n<p>Bruchhausen hat seinen Torj\u00e4ger zur\u00fcck. Im Sommer kommt mit Ingo Renk weitere Verst\u00e4rkung vom SV H\u00fcsten 09. Ingo Renk hatte bereits als A-Jugendlicher in der ersten Mannschaft des TuS Bruchhausen gespielt. In der Saison 2010\/2011 stieg er mit der Hiag-Elf in die A-Kreisliga auf. In der Meistersaison erzielte Renk 21 Tore und hatte ma\u00dfgeblichen Anteil am Aufstieg. In den folgenden beiden Spielzeiten traf der Angreifer jeweils 17-mal in der A-Kreisliga ins Schwarze. Anschlie\u00dfend wechselte der heute 24-J\u00e4hrige zum damaligen Landesliga-Aufsteiger SV H\u00fcsten 09.<\/p>\n<p>TuS-Coach Freddy Quebbemann kennt Ingo Renk nat\u00fcrlich noch bestens: &#8220;Mit Ingo Renk kommt ein echter Bruchhauser zur\u00fcck. Er hat schon mit der Mannschaft das Aufstiegsjahr in die A-Liga mitgemacht.\u00a0So schade es war, dass er uns verlassen hatte, um so mehr <span class=\"pullquote\">freuen wir uns jetzt\u00a0\u00fcber\u00a0diese R\u00fcckkehr<\/span> .&#8221;<\/p>\n<figure id=\"attachment_6564\" aria-describedby=\"caption-attachment-6564\" style=\"width: 200px\" class=\"wp-caption alignright\"><a href=\"http:\/\/tus-bruchhausen.de\/Fussball\/wp-content\/uploads\/2015\/05\/980824_547105765330449_1720749635_o-1.jpg\" rel=\"lightbox[6412]\"><img loading=\"lazy\" decoding=\"async\" class=\"size-medium wp-image-6564\" src=\"http:\/\/tus-bruchhausen.de\/Fussball\/wp-content\/uploads\/2015\/05\/980824_547105765330449_1720749635_o-1-200x133.jpg\" alt=\"Ingo Renk macht sein Versprechen wahr\" width=\"200\" height=\"133\" srcset=\"http:\/\/www.tus-bruchhausen.de\/Fussball\/wp-content\/uploads\/2015\/05\/980824_547105765330449_1720749635_o-1-200x133.jpg 200w, http:\/\/www.tus-bruchhausen.de\/Fussball\/wp-content\/uploads\/2015\/05\/980824_547105765330449_1720749635_o-1-564x376.jpg 564w, http:\/\/www.tus-bruchhausen.de\/Fussball\/wp-content\/uploads\/2015\/05\/980824_547105765330449_1720749635_o-1.jpg 1366w\" sizes=\"auto, (max-width: 200px) 100vw, 200px\" \/><\/a><figcaption id=\"caption-attachment-6564\" class=\"wp-caption-text\">Ingo Renk macht sein Versprechen wahr<\/figcaption><\/figure>\n<p>Ingo Renk kam in der Hinrunde seiner ersten Saison beim Landesligisten in elf Spielen zum Einsatz und erzielte dabei einen Treffer. Anschlie\u00dfend musste der Torj\u00e4ger fast ein komplettes Jahr verletzungsbedingt pausieren. In der R\u00fcckrunde der aktuellen Saison feierte Ingo Renk sein Comeback zun\u00e4chst in der Zweitvertretung des\u00a0SV H\u00fcsten 09, sp\u00e4ter auch wieder in der Landesliga. Dabei erzielte er bisher drei\u00a0Tore in der Kreisliga A. Nun kommt er zur Saison 2015\/16 zur\u00fcck nach Hause.<\/p>\n<p>&nbsp;<\/p>\n","protected":false},"excerpt":{"rendered":"<p>Die R\u00fcckkehr ist perfekt. Der TuS Bruchhausen verst\u00e4rkt sich in der kommenden Saison mit St\u00fcrmer Ingo Renk. Der 24-j\u00e4hrige Torj\u00e4ger wechselt vom Landesligisten SV H\u00fcsten 09 zum TuS 02. Damit kehrt der Angreifer nach zwei Jahren beim Ortsnachbarn zur\u00fcck an die Hiag. Zuvor\u00a0erzielte Renk 55 Tore in drei Spielzeiten im Trikot des\u00a0TuS Bruchhausen. Bruchhausen hat [&hellip;]<\/p>\n","protected":false},"author":6,"featured_media":6573,"comment_status":"closed","ping_status":"closed","sticky":false,"template":"","format":"standard","meta":{"footnotes":""},"categories":[3,8,20],"tags":[],"class_list":["post-6412","post","type-post","status-publish","format-standard","has-post-thumbnail","hentry","category-1-mannschaft","category-news","category-app","small-justify-block","has-thumb"],"yoast_head":"<!-- This site is optimized with the Yoast SEO plugin v27.2 - https:\/\/yoast.com\/product\/yoast-seo-wordpress\/ -->\n<title>Torj\u00e4ger Ingo Renk zur\u00fcck zur Hiag-Elf<\/title>\n<meta name=\"description\" content=\"Der TuS Bruchhausen verst\u00e4rkt sich in der kommenden Saison mit St\u00fcmer Ingo Renk. Der 24-j\u00e4hrige Torj\u00e4ger wechselt vom Landesligisten SV H\u00fcsten 09.\" \/>\n<meta name=\"robots\" content=\"index, follow, max-snippet:-1, max-image-preview:large, max-video-preview:-1\" \/>\n<link rel=\"canonical\" href=\"https:\/\/www.tus-bruchhausen.de\/Fussball\/torjaeger-ingo-renk-kehrt-zurueck-zur-hiag-elf\/\" \/>\n<meta property=\"og:locale\" content=\"de_DE\" \/>\n<meta property=\"og:type\" content=\"article\" \/>\n<meta property=\"og:title\" content=\"Torj\u00e4ger Ingo Renk zur\u00fcck zur Hiag-Elf\" \/>\n<meta property=\"og:description\" content=\"Der TuS Bruchhausen verst\u00e4rkt sich in der kommenden Saison mit St\u00fcmer Ingo Renk. Der 24-j\u00e4hrige Torj\u00e4ger wechselt vom Landesligisten SV H\u00fcsten 09.\" \/>\n<meta property=\"og:url\" content=\"https:\/\/www.tus-bruchhausen.de\/Fussball\/torjaeger-ingo-renk-kehrt-zurueck-zur-hiag-elf\/\" \/>\n<meta property=\"og:site_name\" content=\"TuS Bruchhausen\" \/>\n<meta property=\"article:publisher\" content=\"https:\/\/www.facebook.com\/TuS02\/\" \/>\n<meta property=\"article:published_time\" content=\"2015-05-11T10:00:05+00:00\" \/>\n<meta property=\"article:modified_time\" content=\"2015-05-11T21:34:52+00:00\" \/>\n<meta property=\"og:image\" content=\"https:\/\/www.tus-bruchhausen.de\/Fussball\/wp-content\/uploads\/2015\/05\/ingo-renk01.jpg\" \/>\n\t<meta property=\"og:image:width\" content=\"1440\" \/>\n\t<meta property=\"og:image:height\" content=\"589\" \/>\n\t<meta property=\"og:image:type\" content=\"image\/jpeg\" \/>\n<meta name=\"author\" content=\"Dominic Gabriel\" \/>\n<meta name=\"twitter:card\" content=\"summary_large_image\" \/>\n<meta name=\"twitter:label1\" content=\"Verfasst von\" \/>\n\t<meta name=\"twitter:data1\" content=\"Dominic Gabriel\" \/>\n\t<meta name=\"twitter:label2\" content=\"Gesch\u00e4tzte Lesezeit\" \/>\n\t<meta name=\"twitter:data2\" content=\"2\u00a0Minuten\" \/>\n<script type=\"application\/ld+json\" class=\"yoast-schema-graph\">{\"@context\":\"https:\/\/schema.org\",\"@graph\":[{\"@type\":\"Article\",\"@id\":\"https:\/\/www.tus-bruchhausen.de\/Fussball\/torjaeger-ingo-renk-kehrt-zurueck-zur-hiag-elf\/#article\",\"isPartOf\":{\"@id\":\"https:\/\/www.tus-bruchhausen.de\/Fussball\/torjaeger-ingo-renk-kehrt-zurueck-zur-hiag-elf\/\"},\"author\":{\"name\":\"Dominic Gabriel\",\"@id\":\"https:\/\/www.tus-bruchhausen.de\/Fussball\/#\/schema\/person\/53a173c5abf387371fd35fcb395bc0af\"},\"headline\":\"Torj\u00e4ger Ingo Renk kehrt zur\u00fcck zur Hiag-Elf\",\"datePublished\":\"2015-05-11T10:00:05+00:00\",\"dateModified\":\"2015-05-11T21:34:52+00:00\",\"mainEntityOfPage\":{\"@id\":\"https:\/\/www.tus-bruchhausen.de\/Fussball\/torjaeger-ingo-renk-kehrt-zurueck-zur-hiag-elf\/\"},\"wordCount\":319,\"image\":{\"@id\":\"https:\/\/www.tus-bruchhausen.de\/Fussball\/torjaeger-ingo-renk-kehrt-zurueck-zur-hiag-elf\/#primaryimage\"},\"thumbnailUrl\":\"http:\/\/www.tus-bruchhausen.de\/Fussball\/wp-content\/uploads\/2015\/05\/ingo-renk01.jpg\",\"articleSection\":[\"1. Mannschaft\",\"News\",\"Z_APP\"],\"inLanguage\":\"de\"},{\"@type\":\"WebPage\",\"@id\":\"https:\/\/www.tus-bruchhausen.de\/Fussball\/torjaeger-ingo-renk-kehrt-zurueck-zur-hiag-elf\/\",\"url\":\"https:\/\/www.tus-bruchhausen.de\/Fussball\/torjaeger-ingo-renk-kehrt-zurueck-zur-hiag-elf\/\",\"name\":\"Torj\u00e4ger Ingo Renk zur\u00fcck zur Hiag-Elf\",\"isPartOf\":{\"@id\":\"https:\/\/www.tus-bruchhausen.de\/Fussball\/#website\"},\"primaryImageOfPage\":{\"@id\":\"https:\/\/www.tus-bruchhausen.de\/Fussball\/torjaeger-ingo-renk-kehrt-zurueck-zur-hiag-elf\/#primaryimage\"},\"image\":{\"@id\":\"https:\/\/www.tus-bruchhausen.de\/Fussball\/torjaeger-ingo-renk-kehrt-zurueck-zur-hiag-elf\/#primaryimage\"},\"thumbnailUrl\":\"http:\/\/www.tus-bruchhausen.de\/Fussball\/wp-content\/uploads\/2015\/05\/ingo-renk01.jpg\",\"datePublished\":\"2015-05-11T10:00:05+00:00\",\"dateModified\":\"2015-05-11T21:34:52+00:00\",\"author\":{\"@id\":\"https:\/\/www.tus-bruchhausen.de\/Fussball\/#\/schema\/person\/53a173c5abf387371fd35fcb395bc0af\"},\"description\":\"Der TuS Bruchhausen verst\u00e4rkt sich in der kommenden Saison mit St\u00fcmer Ingo Renk. Der 24-j\u00e4hrige Torj\u00e4ger wechselt vom Landesligisten SV H\u00fcsten 09.\",\"breadcrumb\":{\"@id\":\"https:\/\/www.tus-bruchhausen.de\/Fussball\/torjaeger-ingo-renk-kehrt-zurueck-zur-hiag-elf\/#breadcrumb\"},\"inLanguage\":\"de\",\"potentialAction\":[{\"@type\":\"ReadAction\",\"target\":[\"https:\/\/www.tus-bruchhausen.de\/Fussball\/torjaeger-ingo-renk-kehrt-zurueck-zur-hiag-elf\/\"]}]},{\"@type\":\"ImageObject\",\"inLanguage\":\"de\",\"@id\":\"https:\/\/www.tus-bruchhausen.de\/Fussball\/torjaeger-ingo-renk-kehrt-zurueck-zur-hiag-elf\/#primaryimage\",\"url\":\"http:\/\/www.tus-bruchhausen.de\/Fussball\/wp-content\/uploads\/2015\/05\/ingo-renk01.jpg\",\"contentUrl\":\"http:\/\/www.tus-bruchhausen.de\/Fussball\/wp-content\/uploads\/2015\/05\/ingo-renk01.jpg\",\"width\":1440,\"height\":589},{\"@type\":\"BreadcrumbList\",\"@id\":\"https:\/\/www.tus-bruchhausen.de\/Fussball\/torjaeger-ingo-renk-kehrt-zurueck-zur-hiag-elf\/#breadcrumb\",\"itemListElement\":[{\"@type\":\"ListItem\",\"position\":1,\"name\":\"Startseite\",\"item\":\"https:\/\/www.tus-bruchhausen.de\/Fussball\/\"},{\"@type\":\"ListItem\",\"position\":2,\"name\":\"Torj\u00e4ger Ingo Renk kehrt zur\u00fcck zur Hiag-Elf\"}]},{\"@type\":\"WebSite\",\"@id\":\"https:\/\/www.tus-bruchhausen.de\/Fussball\/#website\",\"url\":\"https:\/\/www.tus-bruchhausen.de\/Fussball\/\",\"name\":\"TuS Bruchhausen\",\"description\":\"Fu\u00dfball\",\"potentialAction\":[{\"@type\":\"SearchAction\",\"target\":{\"@type\":\"EntryPoint\",\"urlTemplate\":\"https:\/\/www.tus-bruchhausen.de\/Fussball\/?s={search_term_string}\"},\"query-input\":{\"@type\":\"PropertyValueSpecification\",\"valueRequired\":true,\"valueName\":\"search_term_string\"}}],\"inLanguage\":\"de\"},{\"@type\":\"Person\",\"@id\":\"https:\/\/www.tus-bruchhausen.de\/Fussball\/#\/schema\/person\/53a173c5abf387371fd35fcb395bc0af\",\"name\":\"Dominic Gabriel\",\"image\":{\"@type\":\"ImageObject\",\"inLanguage\":\"de\",\"@id\":\"https:\/\/secure.gravatar.com\/avatar\/750762ec91b9970d725a622f9a107d8412b787d34f1fd38dd08605665102440c?s=96&d=mm&r=g\",\"url\":\"https:\/\/secure.gravatar.com\/avatar\/750762ec91b9970d725a622f9a107d8412b787d34f1fd38dd08605665102440c?s=96&d=mm&r=g\",\"contentUrl\":\"https:\/\/secure.gravatar.com\/avatar\/750762ec91b9970d725a622f9a107d8412b787d34f1fd38dd08605665102440c?s=96&d=mm&r=g\",\"caption\":\"Dominic Gabriel\"}}]}<\/script>\n<!-- \/ Yoast SEO plugin. -->","yoast_head_json":{"title":"Torj\u00e4ger Ingo Renk zur\u00fcck zur Hiag-Elf","description":"Der TuS Bruchhausen verst\u00e4rkt sich in der kommenden Saison mit St\u00fcmer Ingo Renk. Der 24-j\u00e4hrige Torj\u00e4ger wechselt vom Landesligisten SV H\u00fcsten 09.","robots":{"index":"index","follow":"follow","max-snippet":"max-snippet:-1","max-image-preview":"max-image-preview:large","max-video-preview":"max-video-preview:-1"},"canonical":"https:\/\/www.tus-bruchhausen.de\/Fussball\/torjaeger-ingo-renk-kehrt-zurueck-zur-hiag-elf\/","og_locale":"de_DE","og_type":"article","og_title":"Torj\u00e4ger Ingo Renk zur\u00fcck zur Hiag-Elf","og_description":"Der TuS Bruchhausen verst\u00e4rkt sich in der kommenden Saison mit St\u00fcmer Ingo Renk. Der 24-j\u00e4hrige Torj\u00e4ger wechselt vom Landesligisten SV H\u00fcsten 09.","og_url":"https:\/\/www.tus-bruchhausen.de\/Fussball\/torjaeger-ingo-renk-kehrt-zurueck-zur-hiag-elf\/","og_site_name":"TuS Bruchhausen","article_publisher":"https:\/\/www.facebook.com\/TuS02\/","article_published_time":"2015-05-11T10:00:05+00:00","article_modified_time":"2015-05-11T21:34:52+00:00","og_image":[{"width":1440,"height":589,"url":"https:\/\/www.tus-bruchhausen.de\/Fussball\/wp-content\/uploads\/2015\/05\/ingo-renk01.jpg","type":"image\/jpeg"}],"author":"Dominic Gabriel","twitter_card":"summary_large_image","twitter_misc":{"Verfasst von":"Dominic Gabriel","Gesch\u00e4tzte Lesezeit":"2\u00a0Minuten"},"schema":{"@context":"https:\/\/schema.org","@graph":[{"@type":"Article","@id":"https:\/\/www.tus-bruchhausen.de\/Fussball\/torjaeger-ingo-renk-kehrt-zurueck-zur-hiag-elf\/#article","isPartOf":{"@id":"https:\/\/www.tus-bruchhausen.de\/Fussball\/torjaeger-ingo-renk-kehrt-zurueck-zur-hiag-elf\/"},"author":{"name":"Dominic Gabriel","@id":"https:\/\/www.tus-bruchhausen.de\/Fussball\/#\/schema\/person\/53a173c5abf387371fd35fcb395bc0af"},"headline":"Torj\u00e4ger Ingo Renk kehrt zur\u00fcck zur Hiag-Elf","datePublished":"2015-05-11T10:00:05+00:00","dateModified":"2015-05-11T21:34:52+00:00","mainEntityOfPage":{"@id":"https:\/\/www.tus-bruchhausen.de\/Fussball\/torjaeger-ingo-renk-kehrt-zurueck-zur-hiag-elf\/"},"wordCount":319,"image":{"@id":"https:\/\/www.tus-bruchhausen.de\/Fussball\/torjaeger-ingo-renk-kehrt-zurueck-zur-hiag-elf\/#primaryimage"},"thumbnailUrl":"http:\/\/www.tus-bruchhausen.de\/Fussball\/wp-content\/uploads\/2015\/05\/ingo-renk01.jpg","articleSection":["1. Mannschaft","News","Z_APP"],"inLanguage":"de"},{"@type":"WebPage","@id":"https:\/\/www.tus-bruchhausen.de\/Fussball\/torjaeger-ingo-renk-kehrt-zurueck-zur-hiag-elf\/","url":"https:\/\/www.tus-bruchhausen.de\/Fussball\/torjaeger-ingo-renk-kehrt-zurueck-zur-hiag-elf\/","name":"Torj\u00e4ger Ingo Renk zur\u00fcck zur Hiag-Elf","isPartOf":{"@id":"https:\/\/www.tus-bruchhausen.de\/Fussball\/#website"},"primaryImageOfPage":{"@id":"https:\/\/www.tus-bruchhausen.de\/Fussball\/torjaeger-ingo-renk-kehrt-zurueck-zur-hiag-elf\/#primaryimage"},"image":{"@id":"https:\/\/www.tus-bruchhausen.de\/Fussball\/torjaeger-ingo-renk-kehrt-zurueck-zur-hiag-elf\/#primaryimage"},"thumbnailUrl":"http:\/\/www.tus-bruchhausen.de\/Fussball\/wp-content\/uploads\/2015\/05\/ingo-renk01.jpg","datePublished":"2015-05-11T10:00:05+00:00","dateModified":"2015-05-11T21:34:52+00:00","author":{"@id":"https:\/\/www.tus-bruchhausen.de\/Fussball\/#\/schema\/person\/53a173c5abf387371fd35fcb395bc0af"},"description":"Der TuS Bruchhausen verst\u00e4rkt sich in der kommenden Saison mit St\u00fcmer Ingo Renk. Der 24-j\u00e4hrige Torj\u00e4ger wechselt vom Landesligisten SV H\u00fcsten 09.","breadcrumb":{"@id":"https:\/\/www.tus-bruchhausen.de\/Fussball\/torjaeger-ingo-renk-kehrt-zurueck-zur-hiag-elf\/#breadcrumb"},"inLanguage":"de","potentialAction":[{"@type":"ReadAction","target":["https:\/\/www.tus-bruchhausen.de\/Fussball\/torjaeger-ingo-renk-kehrt-zurueck-zur-hiag-elf\/"]}]},{"@type":"ImageObject","inLanguage":"de","@id":"https:\/\/www.tus-bruchhausen.de\/Fussball\/torjaeger-ingo-renk-kehrt-zurueck-zur-hiag-elf\/#primaryimage","url":"http:\/\/www.tus-bruchhausen.de\/Fussball\/wp-content\/uploads\/2015\/05\/ingo-renk01.jpg","contentUrl":"http:\/\/www.tus-bruchhausen.de\/Fussball\/wp-content\/uploads\/2015\/05\/ingo-renk01.jpg","width":1440,"height":589},{"@type":"BreadcrumbList","@id":"https:\/\/www.tus-bruchhausen.de\/Fussball\/torjaeger-ingo-renk-kehrt-zurueck-zur-hiag-elf\/#breadcrumb","itemListElement":[{"@type":"ListItem","position":1,"name":"Startseite","item":"https:\/\/www.tus-bruchhausen.de\/Fussball\/"},{"@type":"ListItem","position":2,"name":"Torj\u00e4ger Ingo Renk kehrt zur\u00fcck zur Hiag-Elf"}]},{"@type":"WebSite","@id":"https:\/\/www.tus-bruchhausen.de\/Fussball\/#website","url":"https:\/\/www.tus-bruchhausen.de\/Fussball\/","name":"TuS Bruchhausen","description":"Fu\u00dfball","potentialAction":[{"@type":"SearchAction","target":{"@type":"EntryPoint","urlTemplate":"https:\/\/www.tus-bruchhausen.de\/Fussball\/?s={search_term_string}"},"query-input":{"@type":"PropertyValueSpecification","valueRequired":true,"valueName":"search_term_string"}}],"inLanguage":"de"},{"@type":"Person","@id":"https:\/\/www.tus-bruchhausen.de\/Fussball\/#\/schema\/person\/53a173c5abf387371fd35fcb395bc0af","name":"Dominic Gabriel","image":{"@type":"ImageObject","inLanguage":"de","@id":"https:\/\/secure.gravatar.com\/avatar\/750762ec91b9970d725a622f9a107d8412b787d34f1fd38dd08605665102440c?s=96&d=mm&r=g","url":"https:\/\/secure.gravatar.com\/avatar\/750762ec91b9970d725a622f9a107d8412b787d34f1fd38dd08605665102440c?s=96&d=mm&r=g","contentUrl":"https:\/\/secure.gravatar.com\/avatar\/750762ec91b9970d725a622f9a107d8412b787d34f1fd38dd08605665102440c?s=96&d=mm&r=g","caption":"Dominic Gabriel"}}]}},"_links":{"self":[{"href":"http:\/\/www.tus-bruchhausen.de\/Fussball\/wp-json\/wp\/v2\/posts\/6412","targetHints":{"allow":["GET"]}}],"collection":[{"href":"http:\/\/www.tus-bruchhausen.de\/Fussball\/wp-json\/wp\/v2\/posts"}],"about":[{"href":"http:\/\/www.tus-bruchhausen.de\/Fussball\/wp-json\/wp\/v2\/types\/post"}],"author":[{"embeddable":true,"href":"http:\/\/www.tus-bruchhausen.de\/Fussball\/wp-json\/wp\/v2\/users\/6"}],"replies":[{"embeddable":true,"href":"http:\/\/www.tus-bruchhausen.de\/Fussball\/wp-json\/wp\/v2\/comments?post=6412"}],"version-history":[{"count":28,"href":"http:\/\/www.tus-bruchhausen.de\/Fussball\/wp-json\/wp\/v2\/posts\/6412\/revisions"}],"predecessor-version":[{"id":6565,"href":"http:\/\/www.tus-bruchhausen.de\/Fussball\/wp-json\/wp\/v2\/posts\/6412\/revisions\/6565"}],"wp:featuredmedia":[{"embeddable":true,"href":"http:\/\/www.tus-bruchhausen.de\/Fussball\/wp-json\/wp\/v2\/media\/6573"}],"wp:attachment":[{"href":"http:\/\/www.tus-bruchhausen.de\/Fussball\/wp-json\/wp\/v2\/media?parent=6412"}],"wp:term":[{"taxonomy":"category","embeddable":true,"href":"http:\/\/www.tus-bruchhausen.de\/Fussball\/wp-json\/wp\/v2\/categories?post=6412"},{"taxonomy":"post_tag","embeddable":true,"href":"http:\/\/www.tus-bruchhausen.de\/Fussball\/wp-json\/wp\/v2\/tags?post=6412"}],"curies":[{"name":"wp","href":"https:\/\/api.w.org\/{rel}","templated":true}]}}