{"id":6518,"date":"2015-05-08T18:07:14","date_gmt":"2015-05-08T16:07:14","guid":{"rendered":"http:\/\/tus-bruchhausen.de\/Fussball\/?p=6518"},"modified":"2015-05-10T19:26:56","modified_gmt":"2015-05-10T17:26:56","slug":"erste-und-zweite-sonntag-oeventrop","status":"publish","type":"post","link":"http:\/\/www.tus-bruchhausen.de\/Fussball\/erste-und-zweite-sonntag-oeventrop\/","title":{"rendered":"Erste und Zweite am Sonntag in Oeventrop"},"content":{"rendered":"<p>Am 25. Spieltag spielt die Hiag-Elf beim TuS Oeventrop. Dabei kommt der TuS 02 mit dem R\u00fcckenwind aus dem gedrehten Spiel gegen den TuS Sundern II. Schon in der Hinrunde startet die Serie von sechs Siegen in Folge mit Siegen gegen Sundern und Oeventrop. Zuvor treffen die beiden Reserve Teams um 12:45 Uhr aufeinander.\u00a0Als einziges Team spielt die TuS Dritte am kommenden Sonntag im heimischen Sportpark An der Hiag.<\/p>\n<p><strong>TuS Oeventrop &#8211; TuS Bruchhausen | 15:00 Uhr<\/strong><\/p>\n<figure id=\"attachment_4634\" aria-describedby=\"caption-attachment-4634\" style=\"width: 200px\" class=\"wp-caption alignright\"><a href=\"http:\/\/tus-bruchhausen.de\/Fussball\/wp-content\/uploads\/2014\/10\/IMG_1155.jpg\" rel=\"lightbox[6518]\"><img loading=\"lazy\" decoding=\"async\" class=\"wp-image-4634 size-medium\" src=\"http:\/\/tus-bruchhausen.de\/Fussball\/wp-content\/uploads\/2014\/10\/IMG_1155-200x133.jpg\" alt=\"IMG_1155\" width=\"200\" height=\"133\" srcset=\"http:\/\/www.tus-bruchhausen.de\/Fussball\/wp-content\/uploads\/2014\/10\/IMG_1155-200x133.jpg 200w, http:\/\/www.tus-bruchhausen.de\/Fussball\/wp-content\/uploads\/2014\/10\/IMG_1155-564x376.jpg 564w, http:\/\/www.tus-bruchhausen.de\/Fussball\/wp-content\/uploads\/2014\/10\/IMG_1155-900x599.jpg 900w, http:\/\/www.tus-bruchhausen.de\/Fussball\/wp-content\/uploads\/2014\/10\/IMG_1155.jpg 1440w\" sizes=\"auto, (max-width: 200px) 100vw, 200px\" \/><\/a><figcaption id=\"caption-attachment-4634\" class=\"wp-caption-text\">Dennis P\u00e9rez Gomes trifft zum 1:0 gegen Oeventrop<\/figcaption><\/figure>\n<p>F\u00fcnf Spieltage vor dem Saisonende trifft die Mannschaft von Trainer Freddy Quebbemann auf den Tabellenachten TuS Oeventrop. In der Kreisliga A hat der TuS Oeventrop elf Punkte R\u00fcckstand auf den Gast aus Bruchhausen. Allerdings holte der TuS Oeventrop in der R\u00fcckrunde bisher drei Punkte mehr als der TuS 02. Zuletzt feierten die Gastgeber zwei Siege in Serie.<\/p>\n<p>Das Hinspiel im Sportpark An der Hiag konnte die Quebbemann-Elf mit klar mit 3:0 gewinnen. Den letzten Sieg in Oeventrop gab es vor zwei jahren Jahren. TuS 02 Co-Trainer Stephen Hoffmann hat Respekt vor dem sonnt\u00e4glichen Gegner:&#8221;Der TuS Oeventrop steht mit Platz acht ein paar Pl\u00e4tze zu schlecht da, wenn man sich die Mannschaft betrachtet. Es wird ein schwieriges Spiel, gerade da wir auch unsere Reservemannschaft weiterhin unterst\u00fctzen m\u00f6chten.&#8221; Trotz des heimstarken Gegeners will Stephen Hoffmann auf Sieg spielen: &#8220;Unsere Mannschaft hat durch die Aufholjagd gegen Sundern II einen sehr positiven Schwung mitnehmen k\u00f6nnen, welchen wir gegen Oeventrop nutzen wollen. Wenn wir unsere Leistungen abrufen k\u00f6nnen, werde wir uns die 3-Punkte aus Oeventrop mitnehmen.&#8221;<\/p>\n<p><span class=\"pullquote\"><!-- durch die Aufholjagd gegen Sundern II einen sehr positiven Schwung mitnehmen --><\/span>Derweil wird das TuS-Lazerrett weiterhin gr\u00f6\u00dfer, zu den Ausf\u00e4llen der letzten Woche kommt nun noch Dennis Hakenesch hinzu. In Oeventrop fehlen Kai Oberreuther, Fabian Petermann, Stephen Hoffmann, Niklas Messler (alle verletzt) und Christopher Hahne (Urlaub). Auch Kevin Norek\u00a0ist angeschlagen fraglich.<\/p>\n<p><strong>TuS Oeventrop II &#8211; TuS Bruchhausen II | 12:45 Uhr<\/strong><\/p>\n<p>Nach zwei Siegen in Folge steht die TuS 02 Reserve mit drei Punkten Vorsprung auf einen Nichtabstiegsplatz. Am Sonntag ist die Mannschaft von Trainer Thomas D\u00fclberg zu Gast in Oeventrop. Der TuS Oeventrop II ist Tabellenf\u00fcnfter der Kreisliga C. Zu Gast bei der Reserve des TuS Oeventrop konnte die TuS 02 Zweite in bisherigen vier Begegnungen noch keinen Punkt erbeuten.<\/p>\n<p>Die direkte Konkurrenz im Abstiegskampf steht ebenfalls vor schweren Spielen. Der TuS Niedereimer spielt beim Tabellenf\u00fchrer FC Neheim-Erlenbruch. Auch der SSV Allendorf II muss ausw\u00e4rtsran, das Ligaschlusslicht spielt beim TuS Vosswinkel II. Der SV Bachum\/Bergheim II empf\u00e4ngt den Tabellendritten SV Herdringen II.<\/p>\n<p><strong>TuS Bruchhausen III &#8211; SuS Beckum II | 15:00 Uhr<\/strong><\/p>\n<p>Als einzige Mannschaft spielt die TuS Dritte am kommenden Sonntag im heimischen Sportpark An der Hiag. Zur Fu\u00dfball-Prime-Time um 15:00 Uhr trifft der TuS Bruchhausen III auf den SuS Beckum II. Der Gast aus Beckum hat in der Tabelle zw\u00f6lf Punkte R\u00fcckstand auf die TuS Dritte.<\/p>\n<p>Die Mannschaft von Trainer Florian Strocka ist seit drei Spielen ungeschlagen, w\u00e4hrend die Reserve des SuS Beckum seit eben so vielen Spielen ohne Punkt ist. Zudem ist der TuS Bruchhausen III mit erst einer Niederlage die zweit beste Heimmannschaft der Liga. Im Hinspiel unterlag der TuS 02 jedoch mit 2:3.<\/p>\n","protected":false},"excerpt":{"rendered":"<p>Am 25. Spieltag spielt die Hiag-Elf beim TuS Oeventrop. Dabei kommt der TuS 02 mit dem R\u00fcckenwind aus dem gedrehten Spiel gegen den TuS Sundern II. Schon in der Hinrunde startet die Serie von sechs Siegen in Folge mit Siegen gegen Sundern und Oeventrop. Zuvor treffen die beiden Reserve Teams um 12:45 Uhr aufeinander.\u00a0Als einziges [&hellip;]<\/p>\n","protected":false},"author":6,"featured_media":6530,"comment_status":"closed","ping_status":"closed","sticky":false,"template":"","format":"standard","meta":{"footnotes":""},"categories":[18],"tags":[],"class_list":["post-6518","post","type-post","status-publish","format-standard","has-post-thumbnail","hentry","category-spielankuendigung","small-justify-block","has-thumb"],"yoast_head":"<!-- This site is optimized with the Yoast SEO plugin v27.2 - https:\/\/yoast.com\/product\/yoast-seo-wordpress\/ -->\n<title>Erste und Zweite am Sonntag in Oeventrop | Die Hiag-Elf<\/title>\n<meta name=\"description\" content=\"Am 25. Spieltag spielt die Hiag-Elf beim TuS Oeventrop. Dabei kommt der TuS 02 mit dem R\u00fcckenwind aus dem gedrehten Spiel gegen den TuS Sundern II.\" \/>\n<meta name=\"robots\" content=\"index, follow, max-snippet:-1, max-image-preview:large, max-video-preview:-1\" \/>\n<link rel=\"canonical\" href=\"https:\/\/www.tus-bruchhausen.de\/Fussball\/erste-und-zweite-sonntag-oeventrop\/\" \/>\n<meta property=\"og:locale\" content=\"de_DE\" \/>\n<meta property=\"og:type\" content=\"article\" \/>\n<meta property=\"og:title\" content=\"Erste und Zweite am Sonntag in Oeventrop | Die Hiag-Elf\" \/>\n<meta property=\"og:description\" content=\"Am 25. Spieltag spielt die Hiag-Elf beim TuS Oeventrop. Dabei kommt der TuS 02 mit dem R\u00fcckenwind aus dem gedrehten Spiel gegen den TuS Sundern II.\" \/>\n<meta property=\"og:url\" content=\"https:\/\/www.tus-bruchhausen.de\/Fussball\/erste-und-zweite-sonntag-oeventrop\/\" \/>\n<meta property=\"og:site_name\" content=\"TuS Bruchhausen\" \/>\n<meta property=\"article:publisher\" content=\"https:\/\/www.facebook.com\/TuS02\/\" \/>\n<meta property=\"article:published_time\" content=\"2015-05-08T16:07:14+00:00\" \/>\n<meta property=\"article:modified_time\" content=\"2015-05-10T17:26:56+00:00\" \/>\n<meta property=\"og:image\" content=\"https:\/\/www.tus-bruchhausen.de\/Fussball\/wp-content\/uploads\/2015\/05\/oeventropbr_1415.png\" \/>\n\t<meta property=\"og:image:width\" content=\"1440\" \/>\n\t<meta property=\"og:image:height\" content=\"538\" \/>\n\t<meta property=\"og:image:type\" content=\"image\/png\" \/>\n<meta name=\"author\" content=\"Dominic Gabriel\" \/>\n<meta name=\"twitter:card\" content=\"summary_large_image\" \/>\n<meta name=\"twitter:label1\" content=\"Verfasst von\" \/>\n\t<meta name=\"twitter:data1\" content=\"Dominic Gabriel\" \/>\n\t<meta name=\"twitter:label2\" content=\"Gesch\u00e4tzte Lesezeit\" \/>\n\t<meta name=\"twitter:data2\" content=\"3\u00a0Minuten\" \/>\n<script type=\"application\/ld+json\" class=\"yoast-schema-graph\">{\"@context\":\"https:\/\/schema.org\",\"@graph\":[{\"@type\":\"Article\",\"@id\":\"https:\/\/www.tus-bruchhausen.de\/Fussball\/erste-und-zweite-sonntag-oeventrop\/#article\",\"isPartOf\":{\"@id\":\"https:\/\/www.tus-bruchhausen.de\/Fussball\/erste-und-zweite-sonntag-oeventrop\/\"},\"author\":{\"name\":\"Dominic Gabriel\",\"@id\":\"http:\/\/www.tus-bruchhausen.de\/Fussball\/#\/schema\/person\/53a173c5abf387371fd35fcb395bc0af\"},\"headline\":\"Erste und Zweite am Sonntag in Oeventrop\",\"datePublished\":\"2015-05-08T16:07:14+00:00\",\"dateModified\":\"2015-05-10T17:26:56+00:00\",\"mainEntityOfPage\":{\"@id\":\"https:\/\/www.tus-bruchhausen.de\/Fussball\/erste-und-zweite-sonntag-oeventrop\/\"},\"wordCount\":536,\"image\":{\"@id\":\"https:\/\/www.tus-bruchhausen.de\/Fussball\/erste-und-zweite-sonntag-oeventrop\/#primaryimage\"},\"thumbnailUrl\":\"http:\/\/www.tus-bruchhausen.de\/Fussball\/wp-content\/uploads\/2015\/05\/oeventropbr_1415.png\",\"articleSection\":[\"Spielank\u00fcndigung\"],\"inLanguage\":\"de\"},{\"@type\":\"WebPage\",\"@id\":\"https:\/\/www.tus-bruchhausen.de\/Fussball\/erste-und-zweite-sonntag-oeventrop\/\",\"url\":\"https:\/\/www.tus-bruchhausen.de\/Fussball\/erste-und-zweite-sonntag-oeventrop\/\",\"name\":\"Erste und Zweite am Sonntag in Oeventrop | Die Hiag-Elf\",\"isPartOf\":{\"@id\":\"http:\/\/www.tus-bruchhausen.de\/Fussball\/#website\"},\"primaryImageOfPage\":{\"@id\":\"https:\/\/www.tus-bruchhausen.de\/Fussball\/erste-und-zweite-sonntag-oeventrop\/#primaryimage\"},\"image\":{\"@id\":\"https:\/\/www.tus-bruchhausen.de\/Fussball\/erste-und-zweite-sonntag-oeventrop\/#primaryimage\"},\"thumbnailUrl\":\"http:\/\/www.tus-bruchhausen.de\/Fussball\/wp-content\/uploads\/2015\/05\/oeventropbr_1415.png\",\"datePublished\":\"2015-05-08T16:07:14+00:00\",\"dateModified\":\"2015-05-10T17:26:56+00:00\",\"author\":{\"@id\":\"http:\/\/www.tus-bruchhausen.de\/Fussball\/#\/schema\/person\/53a173c5abf387371fd35fcb395bc0af\"},\"description\":\"Am 25. Spieltag spielt die Hiag-Elf beim TuS Oeventrop. Dabei kommt der TuS 02 mit dem R\u00fcckenwind aus dem gedrehten Spiel gegen den TuS Sundern II.\",\"breadcrumb\":{\"@id\":\"https:\/\/www.tus-bruchhausen.de\/Fussball\/erste-und-zweite-sonntag-oeventrop\/#breadcrumb\"},\"inLanguage\":\"de\",\"potentialAction\":[{\"@type\":\"ReadAction\",\"target\":[\"https:\/\/www.tus-bruchhausen.de\/Fussball\/erste-und-zweite-sonntag-oeventrop\/\"]}]},{\"@type\":\"ImageObject\",\"inLanguage\":\"de\",\"@id\":\"https:\/\/www.tus-bruchhausen.de\/Fussball\/erste-und-zweite-sonntag-oeventrop\/#primaryimage\",\"url\":\"http:\/\/www.tus-bruchhausen.de\/Fussball\/wp-content\/uploads\/2015\/05\/oeventropbr_1415.png\",\"contentUrl\":\"http:\/\/www.tus-bruchhausen.de\/Fussball\/wp-content\/uploads\/2015\/05\/oeventropbr_1415.png\",\"width\":1440,\"height\":538},{\"@type\":\"BreadcrumbList\",\"@id\":\"https:\/\/www.tus-bruchhausen.de\/Fussball\/erste-und-zweite-sonntag-oeventrop\/#breadcrumb\",\"itemListElement\":[{\"@type\":\"ListItem\",\"position\":1,\"name\":\"Startseite\",\"item\":\"https:\/\/www.tus-bruchhausen.de\/Fussball\/\"},{\"@type\":\"ListItem\",\"position\":2,\"name\":\"Erste und Zweite am Sonntag in Oeventrop\"}]},{\"@type\":\"WebSite\",\"@id\":\"http:\/\/www.tus-bruchhausen.de\/Fussball\/#website\",\"url\":\"http:\/\/www.tus-bruchhausen.de\/Fussball\/\",\"name\":\"TuS Bruchhausen\",\"description\":\"Fu\u00dfball\",\"potentialAction\":[{\"@type\":\"SearchAction\",\"target\":{\"@type\":\"EntryPoint\",\"urlTemplate\":\"http:\/\/www.tus-bruchhausen.de\/Fussball\/?s={search_term_string}\"},\"query-input\":{\"@type\":\"PropertyValueSpecification\",\"valueRequired\":true,\"valueName\":\"search_term_string\"}}],\"inLanguage\":\"de\"},{\"@type\":\"Person\",\"@id\":\"http:\/\/www.tus-bruchhausen.de\/Fussball\/#\/schema\/person\/53a173c5abf387371fd35fcb395bc0af\",\"name\":\"Dominic Gabriel\",\"image\":{\"@type\":\"ImageObject\",\"inLanguage\":\"de\",\"@id\":\"https:\/\/secure.gravatar.com\/avatar\/750762ec91b9970d725a622f9a107d8412b787d34f1fd38dd08605665102440c?s=96&d=mm&r=g\",\"url\":\"https:\/\/secure.gravatar.com\/avatar\/750762ec91b9970d725a622f9a107d8412b787d34f1fd38dd08605665102440c?s=96&d=mm&r=g\",\"contentUrl\":\"https:\/\/secure.gravatar.com\/avatar\/750762ec91b9970d725a622f9a107d8412b787d34f1fd38dd08605665102440c?s=96&d=mm&r=g\",\"caption\":\"Dominic Gabriel\"}}]}<\/script>\n<!-- \/ Yoast SEO plugin. -->","yoast_head_json":{"title":"Erste und Zweite am Sonntag in Oeventrop | Die Hiag-Elf","description":"Am 25. Spieltag spielt die Hiag-Elf beim TuS Oeventrop. Dabei kommt der TuS 02 mit dem R\u00fcckenwind aus dem gedrehten Spiel gegen den TuS Sundern II.","robots":{"index":"index","follow":"follow","max-snippet":"max-snippet:-1","max-image-preview":"max-image-preview:large","max-video-preview":"max-video-preview:-1"},"canonical":"https:\/\/www.tus-bruchhausen.de\/Fussball\/erste-und-zweite-sonntag-oeventrop\/","og_locale":"de_DE","og_type":"article","og_title":"Erste und Zweite am Sonntag in Oeventrop | Die Hiag-Elf","og_description":"Am 25. Spieltag spielt die Hiag-Elf beim TuS Oeventrop. Dabei kommt der TuS 02 mit dem R\u00fcckenwind aus dem gedrehten Spiel gegen den TuS Sundern II.","og_url":"https:\/\/www.tus-bruchhausen.de\/Fussball\/erste-und-zweite-sonntag-oeventrop\/","og_site_name":"TuS Bruchhausen","article_publisher":"https:\/\/www.facebook.com\/TuS02\/","article_published_time":"2015-05-08T16:07:14+00:00","article_modified_time":"2015-05-10T17:26:56+00:00","og_image":[{"width":1440,"height":538,"url":"https:\/\/www.tus-bruchhausen.de\/Fussball\/wp-content\/uploads\/2015\/05\/oeventropbr_1415.png","type":"image\/png"}],"author":"Dominic Gabriel","twitter_card":"summary_large_image","twitter_misc":{"Verfasst von":"Dominic Gabriel","Gesch\u00e4tzte Lesezeit":"3\u00a0Minuten"},"schema":{"@context":"https:\/\/schema.org","@graph":[{"@type":"Article","@id":"https:\/\/www.tus-bruchhausen.de\/Fussball\/erste-und-zweite-sonntag-oeventrop\/#article","isPartOf":{"@id":"https:\/\/www.tus-bruchhausen.de\/Fussball\/erste-und-zweite-sonntag-oeventrop\/"},"author":{"name":"Dominic Gabriel","@id":"http:\/\/www.tus-bruchhausen.de\/Fussball\/#\/schema\/person\/53a173c5abf387371fd35fcb395bc0af"},"headline":"Erste und Zweite am Sonntag in Oeventrop","datePublished":"2015-05-08T16:07:14+00:00","dateModified":"2015-05-10T17:26:56+00:00","mainEntityOfPage":{"@id":"https:\/\/www.tus-bruchhausen.de\/Fussball\/erste-und-zweite-sonntag-oeventrop\/"},"wordCount":536,"image":{"@id":"https:\/\/www.tus-bruchhausen.de\/Fussball\/erste-und-zweite-sonntag-oeventrop\/#primaryimage"},"thumbnailUrl":"http:\/\/www.tus-bruchhausen.de\/Fussball\/wp-content\/uploads\/2015\/05\/oeventropbr_1415.png","articleSection":["Spielank\u00fcndigung"],"inLanguage":"de"},{"@type":"WebPage","@id":"https:\/\/www.tus-bruchhausen.de\/Fussball\/erste-und-zweite-sonntag-oeventrop\/","url":"https:\/\/www.tus-bruchhausen.de\/Fussball\/erste-und-zweite-sonntag-oeventrop\/","name":"Erste und Zweite am Sonntag in Oeventrop | Die Hiag-Elf","isPartOf":{"@id":"http:\/\/www.tus-bruchhausen.de\/Fussball\/#website"},"primaryImageOfPage":{"@id":"https:\/\/www.tus-bruchhausen.de\/Fussball\/erste-und-zweite-sonntag-oeventrop\/#primaryimage"},"image":{"@id":"https:\/\/www.tus-bruchhausen.de\/Fussball\/erste-und-zweite-sonntag-oeventrop\/#primaryimage"},"thumbnailUrl":"http:\/\/www.tus-bruchhausen.de\/Fussball\/wp-content\/uploads\/2015\/05\/oeventropbr_1415.png","datePublished":"2015-05-08T16:07:14+00:00","dateModified":"2015-05-10T17:26:56+00:00","author":{"@id":"http:\/\/www.tus-bruchhausen.de\/Fussball\/#\/schema\/person\/53a173c5abf387371fd35fcb395bc0af"},"description":"Am 25. Spieltag spielt die Hiag-Elf beim TuS Oeventrop. Dabei kommt der TuS 02 mit dem R\u00fcckenwind aus dem gedrehten Spiel gegen den TuS Sundern II.","breadcrumb":{"@id":"https:\/\/www.tus-bruchhausen.de\/Fussball\/erste-und-zweite-sonntag-oeventrop\/#breadcrumb"},"inLanguage":"de","potentialAction":[{"@type":"ReadAction","target":["https:\/\/www.tus-bruchhausen.de\/Fussball\/erste-und-zweite-sonntag-oeventrop\/"]}]},{"@type":"ImageObject","inLanguage":"de","@id":"https:\/\/www.tus-bruchhausen.de\/Fussball\/erste-und-zweite-sonntag-oeventrop\/#primaryimage","url":"http:\/\/www.tus-bruchhausen.de\/Fussball\/wp-content\/uploads\/2015\/05\/oeventropbr_1415.png","contentUrl":"http:\/\/www.tus-bruchhausen.de\/Fussball\/wp-content\/uploads\/2015\/05\/oeventropbr_1415.png","width":1440,"height":538},{"@type":"BreadcrumbList","@id":"https:\/\/www.tus-bruchhausen.de\/Fussball\/erste-und-zweite-sonntag-oeventrop\/#breadcrumb","itemListElement":[{"@type":"ListItem","position":1,"name":"Startseite","item":"https:\/\/www.tus-bruchhausen.de\/Fussball\/"},{"@type":"ListItem","position":2,"name":"Erste und Zweite am Sonntag in Oeventrop"}]},{"@type":"WebSite","@id":"http:\/\/www.tus-bruchhausen.de\/Fussball\/#website","url":"http:\/\/www.tus-bruchhausen.de\/Fussball\/","name":"TuS Bruchhausen","description":"Fu\u00dfball","potentialAction":[{"@type":"SearchAction","target":{"@type":"EntryPoint","urlTemplate":"http:\/\/www.tus-bruchhausen.de\/Fussball\/?s={search_term_string}"},"query-input":{"@type":"PropertyValueSpecification","valueRequired":true,"valueName":"search_term_string"}}],"inLanguage":"de"},{"@type":"Person","@id":"http:\/\/www.tus-bruchhausen.de\/Fussball\/#\/schema\/person\/53a173c5abf387371fd35fcb395bc0af","name":"Dominic Gabriel","image":{"@type":"ImageObject","inLanguage":"de","@id":"https:\/\/secure.gravatar.com\/avatar\/750762ec91b9970d725a622f9a107d8412b787d34f1fd38dd08605665102440c?s=96&d=mm&r=g","url":"https:\/\/secure.gravatar.com\/avatar\/750762ec91b9970d725a622f9a107d8412b787d34f1fd38dd08605665102440c?s=96&d=mm&r=g","contentUrl":"https:\/\/secure.gravatar.com\/avatar\/750762ec91b9970d725a622f9a107d8412b787d34f1fd38dd08605665102440c?s=96&d=mm&r=g","caption":"Dominic Gabriel"}}]}},"_links":{"self":[{"href":"http:\/\/www.tus-bruchhausen.de\/Fussball\/wp-json\/wp\/v2\/posts\/6518","targetHints":{"allow":["GET"]}}],"collection":[{"href":"http:\/\/www.tus-bruchhausen.de\/Fussball\/wp-json\/wp\/v2\/posts"}],"about":[{"href":"http:\/\/www.tus-bruchhausen.de\/Fussball\/wp-json\/wp\/v2\/types\/post"}],"author":[{"embeddable":true,"href":"http:\/\/www.tus-bruchhausen.de\/Fussball\/wp-json\/wp\/v2\/users\/6"}],"replies":[{"embeddable":true,"href":"http:\/\/www.tus-bruchhausen.de\/Fussball\/wp-json\/wp\/v2\/comments?post=6518"}],"version-history":[{"count":14,"href":"http:\/\/www.tus-bruchhausen.de\/Fussball\/wp-json\/wp\/v2\/posts\/6518\/revisions"}],"predecessor-version":[{"id":6533,"href":"http:\/\/www.tus-bruchhausen.de\/Fussball\/wp-json\/wp\/v2\/posts\/6518\/revisions\/6533"}],"wp:featuredmedia":[{"embeddable":true,"href":"http:\/\/www.tus-bruchhausen.de\/Fussball\/wp-json\/wp\/v2\/media\/6530"}],"wp:attachment":[{"href":"http:\/\/www.tus-bruchhausen.de\/Fussball\/wp-json\/wp\/v2\/media?parent=6518"}],"wp:term":[{"taxonomy":"category","embeddable":true,"href":"http:\/\/www.tus-bruchhausen.de\/Fussball\/wp-json\/wp\/v2\/categories?post=6518"},{"taxonomy":"post_tag","embeddable":true,"href":"http:\/\/www.tus-bruchhausen.de\/Fussball\/wp-json\/wp\/v2\/tags?post=6518"}],"curies":[{"name":"wp","href":"https:\/\/api.w.org\/{rel}","templated":true}]}}