{"id":6559,"date":"2015-05-11T09:16:52","date_gmt":"2015-05-11T07:16:52","guid":{"rendered":"http:\/\/tus-bruchhausen.de\/Fussball\/?p=6559"},"modified":"2015-05-11T23:17:04","modified_gmt":"2015-05-11T21:17:04","slug":"sus-langscheidenkhausen-hat-dauer-abo-aufs-finale","status":"publish","type":"post","link":"http:\/\/www.tus-bruchhausen.de\/Fussball\/sus-langscheidenkhausen-hat-dauer-abo-aufs-finale\/","title":{"rendered":"SuS Langscheid\/Enkhausen hat Dauer Abo aufs Finale"},"content":{"rendered":"<p>Am Mittwoch um 19:45 Uhr steht der SuS Langscheid\/Enkhausen vorerst letztmalig als Westfalenligist und h\u00f6chstes Team im Kreis Arnsberg im Krombacher Pokalfinale. In der Liga feierte der SuS vom Sorpesee am vergangenen Wochenende eine gelungene Generalprobe f\u00fcr das Endspiel. Gegen den TuS Erntebr\u00fcck II gewann die Mannschaft von Trainer Bernd L\u00f6seke mit 2:0. Trotz des Sieges bleibt der SuS allerdings mit 14 Punkten auf dem letzten Tabellenplatz der Westfalenliga 2.<\/p>\n<p>Der SuS Langscheid\/Enkhausen ist der Seriensieger beim Krombacher Kreispokal. Zwei Pokalsiege in Folge stehen zu Buche. Im letzten Jahr siegte der Westfalenligist klar und deutlich mit 6:0 gegen den TuS Sundern. Ein Jahr zuvor siegte der SuS 1920 gegen Landesligist SV H\u00fcsten 09 mit 3:1. Nun kommt es in dieser Saison zur Neuauflage des Finalspiels der Saison 2012\/2013.<\/p>\n<p>Der Noch-Westfalenligist hat derweil ein Dauer Abo auf die Teilnahme am Pokalfinale. F\u00fcr den SuS Langscheid\/Enkhausen ist es die siebte Finalteilnahme in Folge. Seit der Saison 2008\/2009 kam eines der beiden Finalteams vom Sorpesee. Die letzte Niederlage im Finale musste die Mannschaft von Trainer Bernd L\u00f6seke in der Spielzeit 2011\/12 hinnehmen. Damals unterlag der SuS dem TuS M\u00fcschede mit 4:5 in der Verl\u00e4ngerung.<\/p>\n<p>Am kommenden Mittwoch hat der SuS Langscheid\/Enkhausen nun die Chance eine Negativ-Saison doch noch mit einem Erfolgserlebnis positiv abzuschlie\u00dfen. Den Verantwortlichen w\u00e4re es nach den schweren Entscheidung und Gang in die Bezirksliga durch aus zu g\u00f6nnen.<\/p>\n","protected":false},"excerpt":{"rendered":"<p>Am Mittwoch um 19:45 Uhr steht der SuS Langscheid\/Enkhausen vorerst letztmalig als Westfalenligist und h\u00f6chstes Team im Kreis Arnsberg im Krombacher Pokalfinale. In der Liga feierte der SuS vom Sorpesee am vergangenen Wochenende eine gelungene Generalprobe f\u00fcr das Endspiel. Gegen den TuS Erntebr\u00fcck II gewann die Mannschaft von Trainer Bernd L\u00f6seke mit 2:0. Trotz des [&hellip;]<\/p>\n","protected":false},"author":6,"featured_media":6571,"comment_status":"closed","ping_status":"closed","sticky":false,"template":"","format":"standard","meta":{"footnotes":""},"categories":[26],"tags":[],"class_list":["post-6559","post","type-post","status-publish","format-standard","has-post-thumbnail","hentry","category-krombacher-kreispokal-finale","small-justify-block","has-thumb"],"yoast_head":"<!-- This site is optimized with the Yoast SEO plugin v27.2 - https:\/\/yoast.com\/product\/yoast-seo-wordpress\/ -->\n<title>SuS Langscheid\/Enkhausen hat Dauer Abo aufs Finale<\/title>\n<meta name=\"robots\" content=\"index, follow, max-snippet:-1, max-image-preview:large, max-video-preview:-1\" \/>\n<link rel=\"canonical\" href=\"http:\/\/www.tus-bruchhausen.de\/Fussball\/sus-langscheidenkhausen-hat-dauer-abo-aufs-finale\/\" \/>\n<meta property=\"og:locale\" content=\"de_DE\" \/>\n<meta property=\"og:type\" content=\"article\" \/>\n<meta property=\"og:title\" content=\"SuS Langscheid\/Enkhausen hat Dauer Abo aufs Finale\" \/>\n<meta property=\"og:description\" content=\"Am Mittwoch um 19:45 Uhr steht der SuS Langscheid\/Enkhausen vorerst letztmalig als Westfalenligist und h\u00f6chstes Team im Kreis Arnsberg im Krombacher Pokalfinale. In der Liga feierte der SuS vom Sorpesee am vergangenen Wochenende eine gelungene Generalprobe f\u00fcr das Endspiel. Gegen den TuS Erntebr\u00fcck II gewann die Mannschaft von Trainer Bernd L\u00f6seke mit 2:0. Trotz des [&hellip;]\" \/>\n<meta property=\"og:url\" content=\"http:\/\/www.tus-bruchhausen.de\/Fussball\/sus-langscheidenkhausen-hat-dauer-abo-aufs-finale\/\" \/>\n<meta property=\"og:site_name\" content=\"TuS Bruchhausen\" \/>\n<meta property=\"article:publisher\" content=\"https:\/\/www.facebook.com\/TuS02\/\" \/>\n<meta property=\"article:published_time\" content=\"2015-05-11T07:16:52+00:00\" \/>\n<meta property=\"article:modified_time\" content=\"2015-05-11T21:17:04+00:00\" \/>\n<meta property=\"og:image\" content=\"http:\/\/www.tus-bruchhausen.de\/Fussball\/wp-content\/uploads\/2015\/05\/langscheid.jpg\" \/>\n\t<meta property=\"og:image:width\" content=\"1440\" \/>\n\t<meta property=\"og:image:height\" content=\"976\" \/>\n\t<meta property=\"og:image:type\" content=\"image\/jpeg\" \/>\n<meta name=\"author\" content=\"Dominic Gabriel\" \/>\n<meta name=\"twitter:card\" content=\"summary_large_image\" \/>\n<meta name=\"twitter:label1\" content=\"Verfasst von\" \/>\n\t<meta name=\"twitter:data1\" content=\"Dominic Gabriel\" \/>\n\t<meta name=\"twitter:label2\" content=\"Gesch\u00e4tzte Lesezeit\" \/>\n\t<meta name=\"twitter:data2\" content=\"1\u00a0Minute\" \/>\n<script type=\"application\/ld+json\" class=\"yoast-schema-graph\">{\"@context\":\"https:\/\/schema.org\",\"@graph\":[{\"@type\":\"Article\",\"@id\":\"http:\/\/www.tus-bruchhausen.de\/Fussball\/sus-langscheidenkhausen-hat-dauer-abo-aufs-finale\/#article\",\"isPartOf\":{\"@id\":\"http:\/\/www.tus-bruchhausen.de\/Fussball\/sus-langscheidenkhausen-hat-dauer-abo-aufs-finale\/\"},\"author\":{\"name\":\"Dominic Gabriel\",\"@id\":\"https:\/\/www.tus-bruchhausen.de\/Fussball\/#\/schema\/person\/53a173c5abf387371fd35fcb395bc0af\"},\"headline\":\"SuS Langscheid\/Enkhausen hat Dauer Abo aufs Finale\",\"datePublished\":\"2015-05-11T07:16:52+00:00\",\"dateModified\":\"2015-05-11T21:17:04+00:00\",\"mainEntityOfPage\":{\"@id\":\"http:\/\/www.tus-bruchhausen.de\/Fussball\/sus-langscheidenkhausen-hat-dauer-abo-aufs-finale\/\"},\"wordCount\":239,\"image\":{\"@id\":\"http:\/\/www.tus-bruchhausen.de\/Fussball\/sus-langscheidenkhausen-hat-dauer-abo-aufs-finale\/#primaryimage\"},\"thumbnailUrl\":\"http:\/\/www.tus-bruchhausen.de\/Fussball\/wp-content\/uploads\/2015\/05\/langscheid.jpg\",\"articleSection\":[\"Krombacher Kreispokal Finale\"],\"inLanguage\":\"de\"},{\"@type\":\"WebPage\",\"@id\":\"http:\/\/www.tus-bruchhausen.de\/Fussball\/sus-langscheidenkhausen-hat-dauer-abo-aufs-finale\/\",\"url\":\"http:\/\/www.tus-bruchhausen.de\/Fussball\/sus-langscheidenkhausen-hat-dauer-abo-aufs-finale\/\",\"name\":\"SuS Langscheid\/Enkhausen hat Dauer Abo aufs Finale\",\"isPartOf\":{\"@id\":\"https:\/\/www.tus-bruchhausen.de\/Fussball\/#website\"},\"primaryImageOfPage\":{\"@id\":\"http:\/\/www.tus-bruchhausen.de\/Fussball\/sus-langscheidenkhausen-hat-dauer-abo-aufs-finale\/#primaryimage\"},\"image\":{\"@id\":\"http:\/\/www.tus-bruchhausen.de\/Fussball\/sus-langscheidenkhausen-hat-dauer-abo-aufs-finale\/#primaryimage\"},\"thumbnailUrl\":\"http:\/\/www.tus-bruchhausen.de\/Fussball\/wp-content\/uploads\/2015\/05\/langscheid.jpg\",\"datePublished\":\"2015-05-11T07:16:52+00:00\",\"dateModified\":\"2015-05-11T21:17:04+00:00\",\"author\":{\"@id\":\"https:\/\/www.tus-bruchhausen.de\/Fussball\/#\/schema\/person\/53a173c5abf387371fd35fcb395bc0af\"},\"breadcrumb\":{\"@id\":\"http:\/\/www.tus-bruchhausen.de\/Fussball\/sus-langscheidenkhausen-hat-dauer-abo-aufs-finale\/#breadcrumb\"},\"inLanguage\":\"de\",\"potentialAction\":[{\"@type\":\"ReadAction\",\"target\":[\"http:\/\/www.tus-bruchhausen.de\/Fussball\/sus-langscheidenkhausen-hat-dauer-abo-aufs-finale\/\"]}]},{\"@type\":\"ImageObject\",\"inLanguage\":\"de\",\"@id\":\"http:\/\/www.tus-bruchhausen.de\/Fussball\/sus-langscheidenkhausen-hat-dauer-abo-aufs-finale\/#primaryimage\",\"url\":\"http:\/\/www.tus-bruchhausen.de\/Fussball\/wp-content\/uploads\/2015\/05\/langscheid.jpg\",\"contentUrl\":\"http:\/\/www.tus-bruchhausen.de\/Fussball\/wp-content\/uploads\/2015\/05\/langscheid.jpg\",\"width\":1440,\"height\":976},{\"@type\":\"BreadcrumbList\",\"@id\":\"http:\/\/www.tus-bruchhausen.de\/Fussball\/sus-langscheidenkhausen-hat-dauer-abo-aufs-finale\/#breadcrumb\",\"itemListElement\":[{\"@type\":\"ListItem\",\"position\":1,\"name\":\"Startseite\",\"item\":\"https:\/\/www.tus-bruchhausen.de\/Fussball\/\"},{\"@type\":\"ListItem\",\"position\":2,\"name\":\"SuS Langscheid\/Enkhausen hat Dauer Abo aufs Finale\"}]},{\"@type\":\"WebSite\",\"@id\":\"https:\/\/www.tus-bruchhausen.de\/Fussball\/#website\",\"url\":\"https:\/\/www.tus-bruchhausen.de\/Fussball\/\",\"name\":\"TuS Bruchhausen\",\"description\":\"Fu\u00dfball\",\"potentialAction\":[{\"@type\":\"SearchAction\",\"target\":{\"@type\":\"EntryPoint\",\"urlTemplate\":\"https:\/\/www.tus-bruchhausen.de\/Fussball\/?s={search_term_string}\"},\"query-input\":{\"@type\":\"PropertyValueSpecification\",\"valueRequired\":true,\"valueName\":\"search_term_string\"}}],\"inLanguage\":\"de\"},{\"@type\":\"Person\",\"@id\":\"https:\/\/www.tus-bruchhausen.de\/Fussball\/#\/schema\/person\/53a173c5abf387371fd35fcb395bc0af\",\"name\":\"Dominic Gabriel\",\"image\":{\"@type\":\"ImageObject\",\"inLanguage\":\"de\",\"@id\":\"https:\/\/secure.gravatar.com\/avatar\/750762ec91b9970d725a622f9a107d8412b787d34f1fd38dd08605665102440c?s=96&d=mm&r=g\",\"url\":\"https:\/\/secure.gravatar.com\/avatar\/750762ec91b9970d725a622f9a107d8412b787d34f1fd38dd08605665102440c?s=96&d=mm&r=g\",\"contentUrl\":\"https:\/\/secure.gravatar.com\/avatar\/750762ec91b9970d725a622f9a107d8412b787d34f1fd38dd08605665102440c?s=96&d=mm&r=g\",\"caption\":\"Dominic Gabriel\"}}]}<\/script>\n<!-- \/ Yoast SEO plugin. -->","yoast_head_json":{"title":"SuS Langscheid\/Enkhausen hat Dauer Abo aufs Finale","robots":{"index":"index","follow":"follow","max-snippet":"max-snippet:-1","max-image-preview":"max-image-preview:large","max-video-preview":"max-video-preview:-1"},"canonical":"http:\/\/www.tus-bruchhausen.de\/Fussball\/sus-langscheidenkhausen-hat-dauer-abo-aufs-finale\/","og_locale":"de_DE","og_type":"article","og_title":"SuS Langscheid\/Enkhausen hat Dauer Abo aufs Finale","og_description":"Am Mittwoch um 19:45 Uhr steht der SuS Langscheid\/Enkhausen vorerst letztmalig als Westfalenligist und h\u00f6chstes Team im Kreis Arnsberg im Krombacher Pokalfinale. In der Liga feierte der SuS vom Sorpesee am vergangenen Wochenende eine gelungene Generalprobe f\u00fcr das Endspiel. Gegen den TuS Erntebr\u00fcck II gewann die Mannschaft von Trainer Bernd L\u00f6seke mit 2:0. Trotz des [&hellip;]","og_url":"http:\/\/www.tus-bruchhausen.de\/Fussball\/sus-langscheidenkhausen-hat-dauer-abo-aufs-finale\/","og_site_name":"TuS Bruchhausen","article_publisher":"https:\/\/www.facebook.com\/TuS02\/","article_published_time":"2015-05-11T07:16:52+00:00","article_modified_time":"2015-05-11T21:17:04+00:00","og_image":[{"width":1440,"height":976,"url":"http:\/\/www.tus-bruchhausen.de\/Fussball\/wp-content\/uploads\/2015\/05\/langscheid.jpg","type":"image\/jpeg"}],"author":"Dominic Gabriel","twitter_card":"summary_large_image","twitter_misc":{"Verfasst von":"Dominic Gabriel","Gesch\u00e4tzte Lesezeit":"1\u00a0Minute"},"schema":{"@context":"https:\/\/schema.org","@graph":[{"@type":"Article","@id":"http:\/\/www.tus-bruchhausen.de\/Fussball\/sus-langscheidenkhausen-hat-dauer-abo-aufs-finale\/#article","isPartOf":{"@id":"http:\/\/www.tus-bruchhausen.de\/Fussball\/sus-langscheidenkhausen-hat-dauer-abo-aufs-finale\/"},"author":{"name":"Dominic Gabriel","@id":"https:\/\/www.tus-bruchhausen.de\/Fussball\/#\/schema\/person\/53a173c5abf387371fd35fcb395bc0af"},"headline":"SuS Langscheid\/Enkhausen hat Dauer Abo aufs Finale","datePublished":"2015-05-11T07:16:52+00:00","dateModified":"2015-05-11T21:17:04+00:00","mainEntityOfPage":{"@id":"http:\/\/www.tus-bruchhausen.de\/Fussball\/sus-langscheidenkhausen-hat-dauer-abo-aufs-finale\/"},"wordCount":239,"image":{"@id":"http:\/\/www.tus-bruchhausen.de\/Fussball\/sus-langscheidenkhausen-hat-dauer-abo-aufs-finale\/#primaryimage"},"thumbnailUrl":"http:\/\/www.tus-bruchhausen.de\/Fussball\/wp-content\/uploads\/2015\/05\/langscheid.jpg","articleSection":["Krombacher Kreispokal Finale"],"inLanguage":"de"},{"@type":"WebPage","@id":"http:\/\/www.tus-bruchhausen.de\/Fussball\/sus-langscheidenkhausen-hat-dauer-abo-aufs-finale\/","url":"http:\/\/www.tus-bruchhausen.de\/Fussball\/sus-langscheidenkhausen-hat-dauer-abo-aufs-finale\/","name":"SuS Langscheid\/Enkhausen hat Dauer Abo aufs Finale","isPartOf":{"@id":"https:\/\/www.tus-bruchhausen.de\/Fussball\/#website"},"primaryImageOfPage":{"@id":"http:\/\/www.tus-bruchhausen.de\/Fussball\/sus-langscheidenkhausen-hat-dauer-abo-aufs-finale\/#primaryimage"},"image":{"@id":"http:\/\/www.tus-bruchhausen.de\/Fussball\/sus-langscheidenkhausen-hat-dauer-abo-aufs-finale\/#primaryimage"},"thumbnailUrl":"http:\/\/www.tus-bruchhausen.de\/Fussball\/wp-content\/uploads\/2015\/05\/langscheid.jpg","datePublished":"2015-05-11T07:16:52+00:00","dateModified":"2015-05-11T21:17:04+00:00","author":{"@id":"https:\/\/www.tus-bruchhausen.de\/Fussball\/#\/schema\/person\/53a173c5abf387371fd35fcb395bc0af"},"breadcrumb":{"@id":"http:\/\/www.tus-bruchhausen.de\/Fussball\/sus-langscheidenkhausen-hat-dauer-abo-aufs-finale\/#breadcrumb"},"inLanguage":"de","potentialAction":[{"@type":"ReadAction","target":["http:\/\/www.tus-bruchhausen.de\/Fussball\/sus-langscheidenkhausen-hat-dauer-abo-aufs-finale\/"]}]},{"@type":"ImageObject","inLanguage":"de","@id":"http:\/\/www.tus-bruchhausen.de\/Fussball\/sus-langscheidenkhausen-hat-dauer-abo-aufs-finale\/#primaryimage","url":"http:\/\/www.tus-bruchhausen.de\/Fussball\/wp-content\/uploads\/2015\/05\/langscheid.jpg","contentUrl":"http:\/\/www.tus-bruchhausen.de\/Fussball\/wp-content\/uploads\/2015\/05\/langscheid.jpg","width":1440,"height":976},{"@type":"BreadcrumbList","@id":"http:\/\/www.tus-bruchhausen.de\/Fussball\/sus-langscheidenkhausen-hat-dauer-abo-aufs-finale\/#breadcrumb","itemListElement":[{"@type":"ListItem","position":1,"name":"Startseite","item":"https:\/\/www.tus-bruchhausen.de\/Fussball\/"},{"@type":"ListItem","position":2,"name":"SuS Langscheid\/Enkhausen hat Dauer Abo aufs Finale"}]},{"@type":"WebSite","@id":"https:\/\/www.tus-bruchhausen.de\/Fussball\/#website","url":"https:\/\/www.tus-bruchhausen.de\/Fussball\/","name":"TuS Bruchhausen","description":"Fu\u00dfball","potentialAction":[{"@type":"SearchAction","target":{"@type":"EntryPoint","urlTemplate":"https:\/\/www.tus-bruchhausen.de\/Fussball\/?s={search_term_string}"},"query-input":{"@type":"PropertyValueSpecification","valueRequired":true,"valueName":"search_term_string"}}],"inLanguage":"de"},{"@type":"Person","@id":"https:\/\/www.tus-bruchhausen.de\/Fussball\/#\/schema\/person\/53a173c5abf387371fd35fcb395bc0af","name":"Dominic Gabriel","image":{"@type":"ImageObject","inLanguage":"de","@id":"https:\/\/secure.gravatar.com\/avatar\/750762ec91b9970d725a622f9a107d8412b787d34f1fd38dd08605665102440c?s=96&d=mm&r=g","url":"https:\/\/secure.gravatar.com\/avatar\/750762ec91b9970d725a622f9a107d8412b787d34f1fd38dd08605665102440c?s=96&d=mm&r=g","contentUrl":"https:\/\/secure.gravatar.com\/avatar\/750762ec91b9970d725a622f9a107d8412b787d34f1fd38dd08605665102440c?s=96&d=mm&r=g","caption":"Dominic Gabriel"}}]}},"_links":{"self":[{"href":"http:\/\/www.tus-bruchhausen.de\/Fussball\/wp-json\/wp\/v2\/posts\/6559","targetHints":{"allow":["GET"]}}],"collection":[{"href":"http:\/\/www.tus-bruchhausen.de\/Fussball\/wp-json\/wp\/v2\/posts"}],"about":[{"href":"http:\/\/www.tus-bruchhausen.de\/Fussball\/wp-json\/wp\/v2\/types\/post"}],"author":[{"embeddable":true,"href":"http:\/\/www.tus-bruchhausen.de\/Fussball\/wp-json\/wp\/v2\/users\/6"}],"replies":[{"embeddable":true,"href":"http:\/\/www.tus-bruchhausen.de\/Fussball\/wp-json\/wp\/v2\/comments?post=6559"}],"version-history":[{"count":1,"href":"http:\/\/www.tus-bruchhausen.de\/Fussball\/wp-json\/wp\/v2\/posts\/6559\/revisions"}],"predecessor-version":[{"id":6560,"href":"http:\/\/www.tus-bruchhausen.de\/Fussball\/wp-json\/wp\/v2\/posts\/6559\/revisions\/6560"}],"wp:featuredmedia":[{"embeddable":true,"href":"http:\/\/www.tus-bruchhausen.de\/Fussball\/wp-json\/wp\/v2\/media\/6571"}],"wp:attachment":[{"href":"http:\/\/www.tus-bruchhausen.de\/Fussball\/wp-json\/wp\/v2\/media?parent=6559"}],"wp:term":[{"taxonomy":"category","embeddable":true,"href":"http:\/\/www.tus-bruchhausen.de\/Fussball\/wp-json\/wp\/v2\/categories?post=6559"},{"taxonomy":"post_tag","embeddable":true,"href":"http:\/\/www.tus-bruchhausen.de\/Fussball\/wp-json\/wp\/v2\/tags?post=6559"}],"curies":[{"name":"wp","href":"https:\/\/api.w.org\/{rel}","templated":true}]}}