{"id":6561,"date":"2015-05-11T10:15:34","date_gmt":"2015-05-11T08:15:34","guid":{"rendered":"http:\/\/tus-bruchhausen.de\/Fussball\/?p=6561"},"modified":"2015-05-11T23:18:33","modified_gmt":"2015-05-11T21:18:33","slug":"sv-huesten-09-mit-schwarzer-serie-gegen-langscheid","status":"publish","type":"post","link":"http:\/\/www.tus-bruchhausen.de\/Fussball\/sv-huesten-09-mit-schwarzer-serie-gegen-langscheid\/","title":{"rendered":"SV H\u00fcsten 09 mit schwarzer Serie gegen Langscheid"},"content":{"rendered":"<p>Der SV H\u00fcsten 09 trifft am Mittwochabend im Sportpark An der Hiag auf den SuS Langscheid\/Enkhausen. Das Team von Trainer Torsten Garbe steht nach einem Jahr Pause wieder im Finale des Krombacher Kreispokal.<\/p>\n<p>Derweil befindet sich der Landesligist mitten im Abstiegskampf. Sollte der Klassenerhalt nicht mehr gelingen w\u00e4re das Pokalfinale die einzige M\u00f6glichkeit die Saison noch mit einem Titelgewinnen und Erfolgserlebnis abzuschlie\u00dfen. Zudem winkt der Mannschaft von Trainer Torsten Garbe die Teilnahme am Westfalenpokal in der n\u00e4chsten Saison.<\/p>\n<p>Zur Pokalpaarung gegen den SuS Langscheid\/Enkhausen kam es zuletzt in der letzten Spielzeit. Vor etwas mehr als einem Jahr standen sich beide Team im Pokal-Halbfinale gegen\u00fcber. Der SV H\u00fcsten 09 musste sich mit 2:3 geschlagen geben und verpasste somit die Finalteilnahme knapp. In der Vergangenheit zog der SV H\u00fcsten 09 stets den K\u00fcrzeren in den Pflichtspielen. Die Bilanz des SV H\u00fcsten 09 gegen den SuS Langscheid\/Enkhausen ist alles andere als gut. In den letzten zehn direkten Vergleichen seit der Saison 2002 gab es acht Niederlagen und zwei Unentschieden.\u00a0Im Endspiel trafen die beiden Teams zuletzt in der Saison 2012\/2013 aufeinander. Auch hier siegte der SuS 1920 gegen Landesligist SV H\u00fcsten 09 mit 3:1. Nun kommt es in dieser Saison zur Neuauflage des Finalspiels.<\/p>\n<p>In der Liga steht der SV H\u00fcsten 09 mit f\u00fcnf Punkten R\u00fcckstand auf einem Abstiegsplatz, doch noch stehen f\u00fcnf Spieltage aus um den drohenden Abstieg zu verhindern. Ein Erfolg im Pokalfinale w\u00fcrde hier wohl nochmal das n\u00f6tige Selbstvertrauen und die erforderlichen Kr\u00e4fte f\u00fcr den Liga-Endspurt st\u00e4rken.<\/p>\n","protected":false},"excerpt":{"rendered":"<p>Der SV H\u00fcsten 09 trifft am Mittwochabend im Sportpark An der Hiag auf den SuS Langscheid\/Enkhausen. Das Team von Trainer Torsten Garbe steht nach einem Jahr Pause wieder im Finale des Krombacher Kreispokal. Derweil befindet sich der Landesligist mitten im Abstiegskampf. Sollte der Klassenerhalt nicht mehr gelingen w\u00e4re das Pokalfinale die einzige M\u00f6glichkeit die Saison [&hellip;]<\/p>\n","protected":false},"author":6,"featured_media":6572,"comment_status":"closed","ping_status":"closed","sticky":false,"template":"","format":"standard","meta":{"footnotes":""},"categories":[26],"tags":[],"class_list":["post-6561","post","type-post","status-publish","format-standard","has-post-thumbnail","hentry","category-krombacher-kreispokal-finale","small-justify-block","has-thumb"],"yoast_head":"<!-- This site is optimized with the Yoast SEO plugin v27.2 - https:\/\/yoast.com\/product\/yoast-seo-wordpress\/ -->\n<title>SV H\u00fcsten 09 mit schwarzer Serie gegen Langscheid<\/title>\n<meta name=\"robots\" content=\"index, follow, max-snippet:-1, max-image-preview:large, max-video-preview:-1\" \/>\n<link rel=\"canonical\" href=\"http:\/\/www.tus-bruchhausen.de\/Fussball\/sv-huesten-09-mit-schwarzer-serie-gegen-langscheid\/\" \/>\n<meta property=\"og:locale\" content=\"de_DE\" \/>\n<meta property=\"og:type\" content=\"article\" \/>\n<meta property=\"og:title\" content=\"SV H\u00fcsten 09 mit schwarzer Serie gegen Langscheid\" \/>\n<meta property=\"og:description\" content=\"Der SV H\u00fcsten 09 trifft am Mittwochabend im Sportpark An der Hiag auf den SuS Langscheid\/Enkhausen. Das Team von Trainer Torsten Garbe steht nach einem Jahr Pause wieder im Finale des Krombacher Kreispokal. Derweil befindet sich der Landesligist mitten im Abstiegskampf. Sollte der Klassenerhalt nicht mehr gelingen w\u00e4re das Pokalfinale die einzige M\u00f6glichkeit die Saison [&hellip;]\" \/>\n<meta property=\"og:url\" content=\"http:\/\/www.tus-bruchhausen.de\/Fussball\/sv-huesten-09-mit-schwarzer-serie-gegen-langscheid\/\" \/>\n<meta property=\"og:site_name\" content=\"TuS Bruchhausen\" \/>\n<meta property=\"article:publisher\" content=\"https:\/\/www.facebook.com\/TuS02\/\" \/>\n<meta property=\"article:published_time\" content=\"2015-05-11T08:15:34+00:00\" \/>\n<meta property=\"article:modified_time\" content=\"2015-05-11T21:18:33+00:00\" \/>\n<meta property=\"og:image\" content=\"http:\/\/www.tus-bruchhausen.de\/Fussball\/wp-content\/uploads\/2015\/05\/h\u00fcsten.jpg\" \/>\n\t<meta property=\"og:image:width\" content=\"1440\" \/>\n\t<meta property=\"og:image:height\" content=\"976\" \/>\n\t<meta property=\"og:image:type\" content=\"image\/jpeg\" \/>\n<meta name=\"author\" content=\"Dominic Gabriel\" \/>\n<meta name=\"twitter:card\" content=\"summary_large_image\" \/>\n<meta name=\"twitter:label1\" content=\"Verfasst von\" \/>\n\t<meta name=\"twitter:data1\" content=\"Dominic Gabriel\" \/>\n\t<meta name=\"twitter:label2\" content=\"Gesch\u00e4tzte Lesezeit\" \/>\n\t<meta name=\"twitter:data2\" content=\"1\u00a0Minute\" \/>\n<script type=\"application\/ld+json\" class=\"yoast-schema-graph\">{\"@context\":\"https:\/\/schema.org\",\"@graph\":[{\"@type\":\"Article\",\"@id\":\"http:\/\/www.tus-bruchhausen.de\/Fussball\/sv-huesten-09-mit-schwarzer-serie-gegen-langscheid\/#article\",\"isPartOf\":{\"@id\":\"http:\/\/www.tus-bruchhausen.de\/Fussball\/sv-huesten-09-mit-schwarzer-serie-gegen-langscheid\/\"},\"author\":{\"name\":\"Dominic Gabriel\",\"@id\":\"https:\/\/www.tus-bruchhausen.de\/Fussball\/#\/schema\/person\/53a173c5abf387371fd35fcb395bc0af\"},\"headline\":\"SV H\u00fcsten 09 mit schwarzer Serie gegen Langscheid\",\"datePublished\":\"2015-05-11T08:15:34+00:00\",\"dateModified\":\"2015-05-11T21:18:33+00:00\",\"mainEntityOfPage\":{\"@id\":\"http:\/\/www.tus-bruchhausen.de\/Fussball\/sv-huesten-09-mit-schwarzer-serie-gegen-langscheid\/\"},\"wordCount\":267,\"image\":{\"@id\":\"http:\/\/www.tus-bruchhausen.de\/Fussball\/sv-huesten-09-mit-schwarzer-serie-gegen-langscheid\/#primaryimage\"},\"thumbnailUrl\":\"http:\/\/www.tus-bruchhausen.de\/Fussball\/wp-content\/uploads\/2015\/05\/h\u00fcsten.jpg\",\"articleSection\":[\"Krombacher Kreispokal Finale\"],\"inLanguage\":\"de\"},{\"@type\":\"WebPage\",\"@id\":\"http:\/\/www.tus-bruchhausen.de\/Fussball\/sv-huesten-09-mit-schwarzer-serie-gegen-langscheid\/\",\"url\":\"http:\/\/www.tus-bruchhausen.de\/Fussball\/sv-huesten-09-mit-schwarzer-serie-gegen-langscheid\/\",\"name\":\"SV H\u00fcsten 09 mit schwarzer Serie gegen Langscheid\",\"isPartOf\":{\"@id\":\"https:\/\/www.tus-bruchhausen.de\/Fussball\/#website\"},\"primaryImageOfPage\":{\"@id\":\"http:\/\/www.tus-bruchhausen.de\/Fussball\/sv-huesten-09-mit-schwarzer-serie-gegen-langscheid\/#primaryimage\"},\"image\":{\"@id\":\"http:\/\/www.tus-bruchhausen.de\/Fussball\/sv-huesten-09-mit-schwarzer-serie-gegen-langscheid\/#primaryimage\"},\"thumbnailUrl\":\"http:\/\/www.tus-bruchhausen.de\/Fussball\/wp-content\/uploads\/2015\/05\/h\u00fcsten.jpg\",\"datePublished\":\"2015-05-11T08:15:34+00:00\",\"dateModified\":\"2015-05-11T21:18:33+00:00\",\"author\":{\"@id\":\"https:\/\/www.tus-bruchhausen.de\/Fussball\/#\/schema\/person\/53a173c5abf387371fd35fcb395bc0af\"},\"breadcrumb\":{\"@id\":\"http:\/\/www.tus-bruchhausen.de\/Fussball\/sv-huesten-09-mit-schwarzer-serie-gegen-langscheid\/#breadcrumb\"},\"inLanguage\":\"de\",\"potentialAction\":[{\"@type\":\"ReadAction\",\"target\":[\"http:\/\/www.tus-bruchhausen.de\/Fussball\/sv-huesten-09-mit-schwarzer-serie-gegen-langscheid\/\"]}]},{\"@type\":\"ImageObject\",\"inLanguage\":\"de\",\"@id\":\"http:\/\/www.tus-bruchhausen.de\/Fussball\/sv-huesten-09-mit-schwarzer-serie-gegen-langscheid\/#primaryimage\",\"url\":\"http:\/\/www.tus-bruchhausen.de\/Fussball\/wp-content\/uploads\/2015\/05\/h\u00fcsten.jpg\",\"contentUrl\":\"http:\/\/www.tus-bruchhausen.de\/Fussball\/wp-content\/uploads\/2015\/05\/h\u00fcsten.jpg\",\"width\":1440,\"height\":976},{\"@type\":\"BreadcrumbList\",\"@id\":\"http:\/\/www.tus-bruchhausen.de\/Fussball\/sv-huesten-09-mit-schwarzer-serie-gegen-langscheid\/#breadcrumb\",\"itemListElement\":[{\"@type\":\"ListItem\",\"position\":1,\"name\":\"Startseite\",\"item\":\"https:\/\/www.tus-bruchhausen.de\/Fussball\/\"},{\"@type\":\"ListItem\",\"position\":2,\"name\":\"SV H\u00fcsten 09 mit schwarzer Serie gegen Langscheid\"}]},{\"@type\":\"WebSite\",\"@id\":\"https:\/\/www.tus-bruchhausen.de\/Fussball\/#website\",\"url\":\"https:\/\/www.tus-bruchhausen.de\/Fussball\/\",\"name\":\"TuS Bruchhausen\",\"description\":\"Fu\u00dfball\",\"potentialAction\":[{\"@type\":\"SearchAction\",\"target\":{\"@type\":\"EntryPoint\",\"urlTemplate\":\"https:\/\/www.tus-bruchhausen.de\/Fussball\/?s={search_term_string}\"},\"query-input\":{\"@type\":\"PropertyValueSpecification\",\"valueRequired\":true,\"valueName\":\"search_term_string\"}}],\"inLanguage\":\"de\"},{\"@type\":\"Person\",\"@id\":\"https:\/\/www.tus-bruchhausen.de\/Fussball\/#\/schema\/person\/53a173c5abf387371fd35fcb395bc0af\",\"name\":\"Dominic Gabriel\",\"image\":{\"@type\":\"ImageObject\",\"inLanguage\":\"de\",\"@id\":\"https:\/\/secure.gravatar.com\/avatar\/750762ec91b9970d725a622f9a107d8412b787d34f1fd38dd08605665102440c?s=96&d=mm&r=g\",\"url\":\"https:\/\/secure.gravatar.com\/avatar\/750762ec91b9970d725a622f9a107d8412b787d34f1fd38dd08605665102440c?s=96&d=mm&r=g\",\"contentUrl\":\"https:\/\/secure.gravatar.com\/avatar\/750762ec91b9970d725a622f9a107d8412b787d34f1fd38dd08605665102440c?s=96&d=mm&r=g\",\"caption\":\"Dominic Gabriel\"}}]}<\/script>\n<!-- \/ Yoast SEO plugin. -->","yoast_head_json":{"title":"SV H\u00fcsten 09 mit schwarzer Serie gegen Langscheid","robots":{"index":"index","follow":"follow","max-snippet":"max-snippet:-1","max-image-preview":"max-image-preview:large","max-video-preview":"max-video-preview:-1"},"canonical":"http:\/\/www.tus-bruchhausen.de\/Fussball\/sv-huesten-09-mit-schwarzer-serie-gegen-langscheid\/","og_locale":"de_DE","og_type":"article","og_title":"SV H\u00fcsten 09 mit schwarzer Serie gegen Langscheid","og_description":"Der SV H\u00fcsten 09 trifft am Mittwochabend im Sportpark An der Hiag auf den SuS Langscheid\/Enkhausen. Das Team von Trainer Torsten Garbe steht nach einem Jahr Pause wieder im Finale des Krombacher Kreispokal. Derweil befindet sich der Landesligist mitten im Abstiegskampf. Sollte der Klassenerhalt nicht mehr gelingen w\u00e4re das Pokalfinale die einzige M\u00f6glichkeit die Saison [&hellip;]","og_url":"http:\/\/www.tus-bruchhausen.de\/Fussball\/sv-huesten-09-mit-schwarzer-serie-gegen-langscheid\/","og_site_name":"TuS Bruchhausen","article_publisher":"https:\/\/www.facebook.com\/TuS02\/","article_published_time":"2015-05-11T08:15:34+00:00","article_modified_time":"2015-05-11T21:18:33+00:00","og_image":[{"width":1440,"height":976,"url":"http:\/\/www.tus-bruchhausen.de\/Fussball\/wp-content\/uploads\/2015\/05\/h\u00fcsten.jpg","type":"image\/jpeg"}],"author":"Dominic Gabriel","twitter_card":"summary_large_image","twitter_misc":{"Verfasst von":"Dominic Gabriel","Gesch\u00e4tzte Lesezeit":"1\u00a0Minute"},"schema":{"@context":"https:\/\/schema.org","@graph":[{"@type":"Article","@id":"http:\/\/www.tus-bruchhausen.de\/Fussball\/sv-huesten-09-mit-schwarzer-serie-gegen-langscheid\/#article","isPartOf":{"@id":"http:\/\/www.tus-bruchhausen.de\/Fussball\/sv-huesten-09-mit-schwarzer-serie-gegen-langscheid\/"},"author":{"name":"Dominic Gabriel","@id":"https:\/\/www.tus-bruchhausen.de\/Fussball\/#\/schema\/person\/53a173c5abf387371fd35fcb395bc0af"},"headline":"SV H\u00fcsten 09 mit schwarzer Serie gegen Langscheid","datePublished":"2015-05-11T08:15:34+00:00","dateModified":"2015-05-11T21:18:33+00:00","mainEntityOfPage":{"@id":"http:\/\/www.tus-bruchhausen.de\/Fussball\/sv-huesten-09-mit-schwarzer-serie-gegen-langscheid\/"},"wordCount":267,"image":{"@id":"http:\/\/www.tus-bruchhausen.de\/Fussball\/sv-huesten-09-mit-schwarzer-serie-gegen-langscheid\/#primaryimage"},"thumbnailUrl":"http:\/\/www.tus-bruchhausen.de\/Fussball\/wp-content\/uploads\/2015\/05\/h\u00fcsten.jpg","articleSection":["Krombacher Kreispokal Finale"],"inLanguage":"de"},{"@type":"WebPage","@id":"http:\/\/www.tus-bruchhausen.de\/Fussball\/sv-huesten-09-mit-schwarzer-serie-gegen-langscheid\/","url":"http:\/\/www.tus-bruchhausen.de\/Fussball\/sv-huesten-09-mit-schwarzer-serie-gegen-langscheid\/","name":"SV H\u00fcsten 09 mit schwarzer Serie gegen Langscheid","isPartOf":{"@id":"https:\/\/www.tus-bruchhausen.de\/Fussball\/#website"},"primaryImageOfPage":{"@id":"http:\/\/www.tus-bruchhausen.de\/Fussball\/sv-huesten-09-mit-schwarzer-serie-gegen-langscheid\/#primaryimage"},"image":{"@id":"http:\/\/www.tus-bruchhausen.de\/Fussball\/sv-huesten-09-mit-schwarzer-serie-gegen-langscheid\/#primaryimage"},"thumbnailUrl":"http:\/\/www.tus-bruchhausen.de\/Fussball\/wp-content\/uploads\/2015\/05\/h\u00fcsten.jpg","datePublished":"2015-05-11T08:15:34+00:00","dateModified":"2015-05-11T21:18:33+00:00","author":{"@id":"https:\/\/www.tus-bruchhausen.de\/Fussball\/#\/schema\/person\/53a173c5abf387371fd35fcb395bc0af"},"breadcrumb":{"@id":"http:\/\/www.tus-bruchhausen.de\/Fussball\/sv-huesten-09-mit-schwarzer-serie-gegen-langscheid\/#breadcrumb"},"inLanguage":"de","potentialAction":[{"@type":"ReadAction","target":["http:\/\/www.tus-bruchhausen.de\/Fussball\/sv-huesten-09-mit-schwarzer-serie-gegen-langscheid\/"]}]},{"@type":"ImageObject","inLanguage":"de","@id":"http:\/\/www.tus-bruchhausen.de\/Fussball\/sv-huesten-09-mit-schwarzer-serie-gegen-langscheid\/#primaryimage","url":"http:\/\/www.tus-bruchhausen.de\/Fussball\/wp-content\/uploads\/2015\/05\/h\u00fcsten.jpg","contentUrl":"http:\/\/www.tus-bruchhausen.de\/Fussball\/wp-content\/uploads\/2015\/05\/h\u00fcsten.jpg","width":1440,"height":976},{"@type":"BreadcrumbList","@id":"http:\/\/www.tus-bruchhausen.de\/Fussball\/sv-huesten-09-mit-schwarzer-serie-gegen-langscheid\/#breadcrumb","itemListElement":[{"@type":"ListItem","position":1,"name":"Startseite","item":"https:\/\/www.tus-bruchhausen.de\/Fussball\/"},{"@type":"ListItem","position":2,"name":"SV H\u00fcsten 09 mit schwarzer Serie gegen Langscheid"}]},{"@type":"WebSite","@id":"https:\/\/www.tus-bruchhausen.de\/Fussball\/#website","url":"https:\/\/www.tus-bruchhausen.de\/Fussball\/","name":"TuS Bruchhausen","description":"Fu\u00dfball","potentialAction":[{"@type":"SearchAction","target":{"@type":"EntryPoint","urlTemplate":"https:\/\/www.tus-bruchhausen.de\/Fussball\/?s={search_term_string}"},"query-input":{"@type":"PropertyValueSpecification","valueRequired":true,"valueName":"search_term_string"}}],"inLanguage":"de"},{"@type":"Person","@id":"https:\/\/www.tus-bruchhausen.de\/Fussball\/#\/schema\/person\/53a173c5abf387371fd35fcb395bc0af","name":"Dominic Gabriel","image":{"@type":"ImageObject","inLanguage":"de","@id":"https:\/\/secure.gravatar.com\/avatar\/750762ec91b9970d725a622f9a107d8412b787d34f1fd38dd08605665102440c?s=96&d=mm&r=g","url":"https:\/\/secure.gravatar.com\/avatar\/750762ec91b9970d725a622f9a107d8412b787d34f1fd38dd08605665102440c?s=96&d=mm&r=g","contentUrl":"https:\/\/secure.gravatar.com\/avatar\/750762ec91b9970d725a622f9a107d8412b787d34f1fd38dd08605665102440c?s=96&d=mm&r=g","caption":"Dominic Gabriel"}}]}},"_links":{"self":[{"href":"http:\/\/www.tus-bruchhausen.de\/Fussball\/wp-json\/wp\/v2\/posts\/6561","targetHints":{"allow":["GET"]}}],"collection":[{"href":"http:\/\/www.tus-bruchhausen.de\/Fussball\/wp-json\/wp\/v2\/posts"}],"about":[{"href":"http:\/\/www.tus-bruchhausen.de\/Fussball\/wp-json\/wp\/v2\/types\/post"}],"author":[{"embeddable":true,"href":"http:\/\/www.tus-bruchhausen.de\/Fussball\/wp-json\/wp\/v2\/users\/6"}],"replies":[{"embeddable":true,"href":"http:\/\/www.tus-bruchhausen.de\/Fussball\/wp-json\/wp\/v2\/comments?post=6561"}],"version-history":[{"count":2,"href":"http:\/\/www.tus-bruchhausen.de\/Fussball\/wp-json\/wp\/v2\/posts\/6561\/revisions"}],"predecessor-version":[{"id":6563,"href":"http:\/\/www.tus-bruchhausen.de\/Fussball\/wp-json\/wp\/v2\/posts\/6561\/revisions\/6563"}],"wp:featuredmedia":[{"embeddable":true,"href":"http:\/\/www.tus-bruchhausen.de\/Fussball\/wp-json\/wp\/v2\/media\/6572"}],"wp:attachment":[{"href":"http:\/\/www.tus-bruchhausen.de\/Fussball\/wp-json\/wp\/v2\/media?parent=6561"}],"wp:term":[{"taxonomy":"category","embeddable":true,"href":"http:\/\/www.tus-bruchhausen.de\/Fussball\/wp-json\/wp\/v2\/categories?post=6561"},{"taxonomy":"post_tag","embeddable":true,"href":"http:\/\/www.tus-bruchhausen.de\/Fussball\/wp-json\/wp\/v2\/tags?post=6561"}],"curies":[{"name":"wp","href":"https:\/\/api.w.org\/{rel}","templated":true}]}}