{"id":6583,"date":"2015-05-15T11:29:39","date_gmt":"2015-05-15T09:29:39","guid":{"rendered":"http:\/\/tus-bruchhausen.de\/Fussball\/?p=6583"},"modified":"2015-05-17T19:05:21","modified_gmt":"2015-05-17T17:05:21","slug":"erstklassige-tus-bilanz-in-kuentrop","status":"publish","type":"post","link":"http:\/\/www.tus-bruchhausen.de\/Fussball\/erstklassige-tus-bilanz-in-kuentrop\/","title":{"rendered":"F\u00fcnfzehn Jahre in K\u00fcntrop ungeschlagen"},"content":{"rendered":"<p>Der TuS Bruchhausen spielt am 27. Spieltag mit allen drei Senioren Mannschaften ausw\u00e4rts. W\u00e4hrend die ersten beiden Mannschaften beim SSV K\u00fcntrop antreten, spielt die TuS Dritte auf dem Rasenplatz in Mellen.<\/p>\n<p><strong>SSV K\u00fcntrop &#8211; TuS Bruchhausen | 15:00 Uhr<\/strong><\/p>\n<p>Die Mannschaft von Trainer Freddy Quebbemann tritt am kommenden Sonntag beim SSV K\u00fcntrop an. Weil Chef-Trainer Quebbemann beruflich fehlt, steht Co-Trainer Stephen Hoffmann alleine an der Linie. Derweil befindet sich der SSV K\u00fcntrop mitten im Abstiegskampf. Vor dem 27. Spieltag hat der SSV drei Punkte Vorsprung auf den ersten Abstiegsplatz. Die Gastgeber warten bereits seit sechs Spieltagen auf einen Sieg.<\/p>\n<figure id=\"attachment_6584\" aria-describedby=\"caption-attachment-6584\" style=\"width: 200px\" class=\"wp-caption alignright\"><a href=\"http:\/\/tus-bruchhausen.de\/Fussball\/wp-content\/uploads\/2015\/05\/IMG_1866.jpg\" rel=\"lightbox[6583]\"><img loading=\"lazy\" decoding=\"async\" class=\"size-medium wp-image-6584\" src=\"http:\/\/tus-bruchhausen.de\/Fussball\/wp-content\/uploads\/2015\/05\/IMG_1866-200x133.jpg\" alt=\"Das Hinspiel gewann die Hiag-Elf mit 2:1.\" width=\"200\" height=\"133\" srcset=\"http:\/\/www.tus-bruchhausen.de\/Fussball\/wp-content\/uploads\/2015\/05\/IMG_1866-200x133.jpg 200w, http:\/\/www.tus-bruchhausen.de\/Fussball\/wp-content\/uploads\/2015\/05\/IMG_1866-563x376.jpg 563w, http:\/\/www.tus-bruchhausen.de\/Fussball\/wp-content\/uploads\/2015\/05\/IMG_1866-95x64.jpg 95w, http:\/\/www.tus-bruchhausen.de\/Fussball\/wp-content\/uploads\/2015\/05\/IMG_1866-900x601.jpg 900w, http:\/\/www.tus-bruchhausen.de\/Fussball\/wp-content\/uploads\/2015\/05\/IMG_1866.jpg 1440w\" sizes=\"auto, (max-width: 200px) 100vw, 200px\" \/><\/a><figcaption id=\"caption-attachment-6584\" class=\"wp-caption-text\">Das Hinspiel gewann die Hiag-Elf mit 2:1.<\/figcaption><\/figure>\n<p>Die Bilanz des TuS Bruchhausen beim SSV K\u00fcntrop ist \u00fcberragend. Die Hiag-Elf ist seit acht Spielen in K\u00fcntrop ungeschlagen. Seit 1998 gewann der TuS 15 von 24 Duellen gegen den SSV, sechs endeten Unentschieden. Nur drei der 24 Spiele gewann der SSV K\u00fcntrop. Im Hinspiel dieser Saison gewann die Quebbemann-Elf nur knapp mit 2:1 an der Hiag. In der Winterpause krempelte der SSV allerdings sein Team fast komplett um, so dass wohl einige Spieler auf dem Feld stehen werden die im Hinspiel noch nicht f\u00fcr den SSV spielten.<\/p>\n<p>Die Ausfall-Liste des TuS 02 ist mit sieben Spielern prall gef\u00fcllt. So stehen Kai Oberreuther, Dennis Hakenesch und Niklas Messler verletzungsbedingt nicht zur Verf\u00fcgung. Au\u00dferdem fehlt Kapit\u00e4n Sebastian Schacht mit Gelbsperre, Christopher Hahne ist im Urlaub, Rainer M\u00fcller und Dennis P\u00e9rez Gomes fehlen beruflich.<\/p>\n<p><strong>SSV K\u00fcntrop II &#8211; TuS Bruchhausen II | 12:45 Uhr<\/strong><\/p>\n<p>Die TuS Zweite trifft am 27. Spieltag der Kreisliga C auf die Reserve des SSV K\u00fcntrop. Vor dem Spiel hat das Team von Trainer Thomas D\u00fclberg vier Punkte Vorsprung auf die Abstiegsr\u00e4nge. Die TuS-Reserve ist seit drei Spielen ohne Niederlage.<\/p>\n<p>Die Gastgeber stehen auf dem vierten Tabellenplatz und sind mit zwei Punkten R\u00fcckstand noch mitten im Aufstiegsrennen. Im Hinspiel gewann der SSV knapp mit 3:2.<\/p>\n<p><strong>SV RW Mellen II &#8211; TuS Bruchhausen III | 12:45 Uhr<\/strong><\/p>\n<p>Am viertletzten Spieltag ist der TuS Bruchhausen III zu Gast auf dem Rasenplatz in Mellen. In der Tabelle hat die TuS Dritte zw\u00f6lf Punkte Vorsprung auf die Reserve des SV RW Mellen.<\/p>\n<p>Die Mannschaft von Trainer Florian Strocka feierte zuletzt drei Siege in Serie. Die Gastgeber sind hingegen genauso lange ohne Punkt. Im Hinspiel gewann die TuS Dritte klar mit 5:1 gegen den SV RW Mellen II.<\/p>\n","protected":false},"excerpt":{"rendered":"<p>Der TuS Bruchhausen spielt am 27. Spieltag mit allen drei Senioren Mannschaften ausw\u00e4rts. W\u00e4hrend die ersten beiden Mannschaften beim SSV K\u00fcntrop antreten, spielt die TuS Dritte auf dem Rasenplatz in Mellen. SSV K\u00fcntrop &#8211; TuS Bruchhausen | 15:00 Uhr Die Mannschaft von Trainer Freddy Quebbemann tritt am kommenden Sonntag beim SSV K\u00fcntrop an. Weil Chef-Trainer [&hellip;]<\/p>\n","protected":false},"author":6,"featured_media":6585,"comment_status":"closed","ping_status":"closed","sticky":false,"template":"","format":"standard","meta":{"footnotes":""},"categories":[18],"tags":[],"class_list":["post-6583","post","type-post","status-publish","format-standard","has-post-thumbnail","hentry","category-spielankuendigung","small-justify-block","has-thumb"],"yoast_head":"<!-- This site is optimized with the Yoast SEO plugin v27.2 - https:\/\/yoast.com\/product\/yoast-seo-wordpress\/ -->\n<title>F\u00fcnfzehn Jahre in K\u00fcntrop ungeschlagen<\/title>\n<meta name=\"robots\" content=\"index, follow, max-snippet:-1, max-image-preview:large, max-video-preview:-1\" \/>\n<link rel=\"canonical\" href=\"http:\/\/www.tus-bruchhausen.de\/Fussball\/erstklassige-tus-bilanz-in-kuentrop\/\" \/>\n<meta property=\"og:locale\" content=\"de_DE\" \/>\n<meta property=\"og:type\" content=\"article\" \/>\n<meta property=\"og:title\" content=\"F\u00fcnfzehn Jahre in K\u00fcntrop ungeschlagen\" \/>\n<meta property=\"og:description\" content=\"Der TuS Bruchhausen spielt am 27. Spieltag mit allen drei Senioren Mannschaften ausw\u00e4rts. W\u00e4hrend die ersten beiden Mannschaften beim SSV K\u00fcntrop antreten, spielt die TuS Dritte auf dem Rasenplatz in Mellen. SSV K\u00fcntrop &#8211; TuS Bruchhausen | 15:00 Uhr Die Mannschaft von Trainer Freddy Quebbemann tritt am kommenden Sonntag beim SSV K\u00fcntrop an. Weil Chef-Trainer [&hellip;]\" \/>\n<meta property=\"og:url\" content=\"http:\/\/www.tus-bruchhausen.de\/Fussball\/erstklassige-tus-bilanz-in-kuentrop\/\" \/>\n<meta property=\"og:site_name\" content=\"TuS Bruchhausen\" \/>\n<meta property=\"article:publisher\" content=\"https:\/\/www.facebook.com\/TuS02\/\" \/>\n<meta property=\"article:published_time\" content=\"2015-05-15T09:29:39+00:00\" \/>\n<meta property=\"article:modified_time\" content=\"2015-05-17T17:05:21+00:00\" \/>\n<meta property=\"og:image\" content=\"http:\/\/www.tus-bruchhausen.de\/Fussball\/wp-content\/uploads\/2015\/05\/k\u00fcntropbr.png\" \/>\n\t<meta property=\"og:image:width\" content=\"1440\" \/>\n\t<meta property=\"og:image:height\" content=\"538\" \/>\n\t<meta property=\"og:image:type\" content=\"image\/png\" \/>\n<meta name=\"author\" content=\"Dominic Gabriel\" \/>\n<meta name=\"twitter:card\" content=\"summary_large_image\" \/>\n<meta name=\"twitter:label1\" content=\"Verfasst von\" \/>\n\t<meta name=\"twitter:data1\" content=\"Dominic Gabriel\" \/>\n\t<meta name=\"twitter:label2\" content=\"Gesch\u00e4tzte Lesezeit\" \/>\n\t<meta name=\"twitter:data2\" content=\"2\u00a0Minuten\" \/>\n<script type=\"application\/ld+json\" class=\"yoast-schema-graph\">{\"@context\":\"https:\/\/schema.org\",\"@graph\":[{\"@type\":\"Article\",\"@id\":\"http:\/\/www.tus-bruchhausen.de\/Fussball\/erstklassige-tus-bilanz-in-kuentrop\/#article\",\"isPartOf\":{\"@id\":\"http:\/\/www.tus-bruchhausen.de\/Fussball\/erstklassige-tus-bilanz-in-kuentrop\/\"},\"author\":{\"name\":\"Dominic Gabriel\",\"@id\":\"http:\/\/www.tus-bruchhausen.de\/Fussball\/#\/schema\/person\/53a173c5abf387371fd35fcb395bc0af\"},\"headline\":\"F\u00fcnfzehn Jahre in K\u00fcntrop ungeschlagen\",\"datePublished\":\"2015-05-15T09:29:39+00:00\",\"dateModified\":\"2015-05-17T17:05:21+00:00\",\"mainEntityOfPage\":{\"@id\":\"http:\/\/www.tus-bruchhausen.de\/Fussball\/erstklassige-tus-bilanz-in-kuentrop\/\"},\"wordCount\":409,\"image\":{\"@id\":\"http:\/\/www.tus-bruchhausen.de\/Fussball\/erstklassige-tus-bilanz-in-kuentrop\/#primaryimage\"},\"thumbnailUrl\":\"http:\/\/www.tus-bruchhausen.de\/Fussball\/wp-content\/uploads\/2015\/05\/k\u00fcntropbr.png\",\"articleSection\":[\"Spielank\u00fcndigung\"],\"inLanguage\":\"de\"},{\"@type\":\"WebPage\",\"@id\":\"http:\/\/www.tus-bruchhausen.de\/Fussball\/erstklassige-tus-bilanz-in-kuentrop\/\",\"url\":\"http:\/\/www.tus-bruchhausen.de\/Fussball\/erstklassige-tus-bilanz-in-kuentrop\/\",\"name\":\"F\u00fcnfzehn Jahre in K\u00fcntrop ungeschlagen\",\"isPartOf\":{\"@id\":\"http:\/\/www.tus-bruchhausen.de\/Fussball\/#website\"},\"primaryImageOfPage\":{\"@id\":\"http:\/\/www.tus-bruchhausen.de\/Fussball\/erstklassige-tus-bilanz-in-kuentrop\/#primaryimage\"},\"image\":{\"@id\":\"http:\/\/www.tus-bruchhausen.de\/Fussball\/erstklassige-tus-bilanz-in-kuentrop\/#primaryimage\"},\"thumbnailUrl\":\"http:\/\/www.tus-bruchhausen.de\/Fussball\/wp-content\/uploads\/2015\/05\/k\u00fcntropbr.png\",\"datePublished\":\"2015-05-15T09:29:39+00:00\",\"dateModified\":\"2015-05-17T17:05:21+00:00\",\"author\":{\"@id\":\"http:\/\/www.tus-bruchhausen.de\/Fussball\/#\/schema\/person\/53a173c5abf387371fd35fcb395bc0af\"},\"breadcrumb\":{\"@id\":\"http:\/\/www.tus-bruchhausen.de\/Fussball\/erstklassige-tus-bilanz-in-kuentrop\/#breadcrumb\"},\"inLanguage\":\"de\",\"potentialAction\":[{\"@type\":\"ReadAction\",\"target\":[\"http:\/\/www.tus-bruchhausen.de\/Fussball\/erstklassige-tus-bilanz-in-kuentrop\/\"]}]},{\"@type\":\"ImageObject\",\"inLanguage\":\"de\",\"@id\":\"http:\/\/www.tus-bruchhausen.de\/Fussball\/erstklassige-tus-bilanz-in-kuentrop\/#primaryimage\",\"url\":\"http:\/\/www.tus-bruchhausen.de\/Fussball\/wp-content\/uploads\/2015\/05\/k\u00fcntropbr.png\",\"contentUrl\":\"http:\/\/www.tus-bruchhausen.de\/Fussball\/wp-content\/uploads\/2015\/05\/k\u00fcntropbr.png\",\"width\":1440,\"height\":538},{\"@type\":\"BreadcrumbList\",\"@id\":\"http:\/\/www.tus-bruchhausen.de\/Fussball\/erstklassige-tus-bilanz-in-kuentrop\/#breadcrumb\",\"itemListElement\":[{\"@type\":\"ListItem\",\"position\":1,\"name\":\"Startseite\",\"item\":\"http:\/\/www.tus-bruchhausen.de\/Fussball\/\"},{\"@type\":\"ListItem\",\"position\":2,\"name\":\"F\u00fcnfzehn Jahre in K\u00fcntrop ungeschlagen\"}]},{\"@type\":\"WebSite\",\"@id\":\"http:\/\/www.tus-bruchhausen.de\/Fussball\/#website\",\"url\":\"http:\/\/www.tus-bruchhausen.de\/Fussball\/\",\"name\":\"TuS Bruchhausen\",\"description\":\"Fu\u00dfball\",\"potentialAction\":[{\"@type\":\"SearchAction\",\"target\":{\"@type\":\"EntryPoint\",\"urlTemplate\":\"http:\/\/www.tus-bruchhausen.de\/Fussball\/?s={search_term_string}\"},\"query-input\":{\"@type\":\"PropertyValueSpecification\",\"valueRequired\":true,\"valueName\":\"search_term_string\"}}],\"inLanguage\":\"de\"},{\"@type\":\"Person\",\"@id\":\"http:\/\/www.tus-bruchhausen.de\/Fussball\/#\/schema\/person\/53a173c5abf387371fd35fcb395bc0af\",\"name\":\"Dominic Gabriel\",\"image\":{\"@type\":\"ImageObject\",\"inLanguage\":\"de\",\"@id\":\"https:\/\/secure.gravatar.com\/avatar\/750762ec91b9970d725a622f9a107d8412b787d34f1fd38dd08605665102440c?s=96&d=mm&r=g\",\"url\":\"https:\/\/secure.gravatar.com\/avatar\/750762ec91b9970d725a622f9a107d8412b787d34f1fd38dd08605665102440c?s=96&d=mm&r=g\",\"contentUrl\":\"https:\/\/secure.gravatar.com\/avatar\/750762ec91b9970d725a622f9a107d8412b787d34f1fd38dd08605665102440c?s=96&d=mm&r=g\",\"caption\":\"Dominic Gabriel\"}}]}<\/script>\n<!-- \/ Yoast SEO plugin. -->","yoast_head_json":{"title":"F\u00fcnfzehn Jahre in K\u00fcntrop ungeschlagen","robots":{"index":"index","follow":"follow","max-snippet":"max-snippet:-1","max-image-preview":"max-image-preview:large","max-video-preview":"max-video-preview:-1"},"canonical":"http:\/\/www.tus-bruchhausen.de\/Fussball\/erstklassige-tus-bilanz-in-kuentrop\/","og_locale":"de_DE","og_type":"article","og_title":"F\u00fcnfzehn Jahre in K\u00fcntrop ungeschlagen","og_description":"Der TuS Bruchhausen spielt am 27. Spieltag mit allen drei Senioren Mannschaften ausw\u00e4rts. W\u00e4hrend die ersten beiden Mannschaften beim SSV K\u00fcntrop antreten, spielt die TuS Dritte auf dem Rasenplatz in Mellen. SSV K\u00fcntrop &#8211; TuS Bruchhausen | 15:00 Uhr Die Mannschaft von Trainer Freddy Quebbemann tritt am kommenden Sonntag beim SSV K\u00fcntrop an. Weil Chef-Trainer [&hellip;]","og_url":"http:\/\/www.tus-bruchhausen.de\/Fussball\/erstklassige-tus-bilanz-in-kuentrop\/","og_site_name":"TuS Bruchhausen","article_publisher":"https:\/\/www.facebook.com\/TuS02\/","article_published_time":"2015-05-15T09:29:39+00:00","article_modified_time":"2015-05-17T17:05:21+00:00","og_image":[{"width":1440,"height":538,"url":"http:\/\/www.tus-bruchhausen.de\/Fussball\/wp-content\/uploads\/2015\/05\/k\u00fcntropbr.png","type":"image\/png"}],"author":"Dominic Gabriel","twitter_card":"summary_large_image","twitter_misc":{"Verfasst von":"Dominic Gabriel","Gesch\u00e4tzte Lesezeit":"2\u00a0Minuten"},"schema":{"@context":"https:\/\/schema.org","@graph":[{"@type":"Article","@id":"http:\/\/www.tus-bruchhausen.de\/Fussball\/erstklassige-tus-bilanz-in-kuentrop\/#article","isPartOf":{"@id":"http:\/\/www.tus-bruchhausen.de\/Fussball\/erstklassige-tus-bilanz-in-kuentrop\/"},"author":{"name":"Dominic Gabriel","@id":"http:\/\/www.tus-bruchhausen.de\/Fussball\/#\/schema\/person\/53a173c5abf387371fd35fcb395bc0af"},"headline":"F\u00fcnfzehn Jahre in K\u00fcntrop ungeschlagen","datePublished":"2015-05-15T09:29:39+00:00","dateModified":"2015-05-17T17:05:21+00:00","mainEntityOfPage":{"@id":"http:\/\/www.tus-bruchhausen.de\/Fussball\/erstklassige-tus-bilanz-in-kuentrop\/"},"wordCount":409,"image":{"@id":"http:\/\/www.tus-bruchhausen.de\/Fussball\/erstklassige-tus-bilanz-in-kuentrop\/#primaryimage"},"thumbnailUrl":"http:\/\/www.tus-bruchhausen.de\/Fussball\/wp-content\/uploads\/2015\/05\/k\u00fcntropbr.png","articleSection":["Spielank\u00fcndigung"],"inLanguage":"de"},{"@type":"WebPage","@id":"http:\/\/www.tus-bruchhausen.de\/Fussball\/erstklassige-tus-bilanz-in-kuentrop\/","url":"http:\/\/www.tus-bruchhausen.de\/Fussball\/erstklassige-tus-bilanz-in-kuentrop\/","name":"F\u00fcnfzehn Jahre in K\u00fcntrop ungeschlagen","isPartOf":{"@id":"http:\/\/www.tus-bruchhausen.de\/Fussball\/#website"},"primaryImageOfPage":{"@id":"http:\/\/www.tus-bruchhausen.de\/Fussball\/erstklassige-tus-bilanz-in-kuentrop\/#primaryimage"},"image":{"@id":"http:\/\/www.tus-bruchhausen.de\/Fussball\/erstklassige-tus-bilanz-in-kuentrop\/#primaryimage"},"thumbnailUrl":"http:\/\/www.tus-bruchhausen.de\/Fussball\/wp-content\/uploads\/2015\/05\/k\u00fcntropbr.png","datePublished":"2015-05-15T09:29:39+00:00","dateModified":"2015-05-17T17:05:21+00:00","author":{"@id":"http:\/\/www.tus-bruchhausen.de\/Fussball\/#\/schema\/person\/53a173c5abf387371fd35fcb395bc0af"},"breadcrumb":{"@id":"http:\/\/www.tus-bruchhausen.de\/Fussball\/erstklassige-tus-bilanz-in-kuentrop\/#breadcrumb"},"inLanguage":"de","potentialAction":[{"@type":"ReadAction","target":["http:\/\/www.tus-bruchhausen.de\/Fussball\/erstklassige-tus-bilanz-in-kuentrop\/"]}]},{"@type":"ImageObject","inLanguage":"de","@id":"http:\/\/www.tus-bruchhausen.de\/Fussball\/erstklassige-tus-bilanz-in-kuentrop\/#primaryimage","url":"http:\/\/www.tus-bruchhausen.de\/Fussball\/wp-content\/uploads\/2015\/05\/k\u00fcntropbr.png","contentUrl":"http:\/\/www.tus-bruchhausen.de\/Fussball\/wp-content\/uploads\/2015\/05\/k\u00fcntropbr.png","width":1440,"height":538},{"@type":"BreadcrumbList","@id":"http:\/\/www.tus-bruchhausen.de\/Fussball\/erstklassige-tus-bilanz-in-kuentrop\/#breadcrumb","itemListElement":[{"@type":"ListItem","position":1,"name":"Startseite","item":"http:\/\/www.tus-bruchhausen.de\/Fussball\/"},{"@type":"ListItem","position":2,"name":"F\u00fcnfzehn Jahre in K\u00fcntrop ungeschlagen"}]},{"@type":"WebSite","@id":"http:\/\/www.tus-bruchhausen.de\/Fussball\/#website","url":"http:\/\/www.tus-bruchhausen.de\/Fussball\/","name":"TuS Bruchhausen","description":"Fu\u00dfball","potentialAction":[{"@type":"SearchAction","target":{"@type":"EntryPoint","urlTemplate":"http:\/\/www.tus-bruchhausen.de\/Fussball\/?s={search_term_string}"},"query-input":{"@type":"PropertyValueSpecification","valueRequired":true,"valueName":"search_term_string"}}],"inLanguage":"de"},{"@type":"Person","@id":"http:\/\/www.tus-bruchhausen.de\/Fussball\/#\/schema\/person\/53a173c5abf387371fd35fcb395bc0af","name":"Dominic Gabriel","image":{"@type":"ImageObject","inLanguage":"de","@id":"https:\/\/secure.gravatar.com\/avatar\/750762ec91b9970d725a622f9a107d8412b787d34f1fd38dd08605665102440c?s=96&d=mm&r=g","url":"https:\/\/secure.gravatar.com\/avatar\/750762ec91b9970d725a622f9a107d8412b787d34f1fd38dd08605665102440c?s=96&d=mm&r=g","contentUrl":"https:\/\/secure.gravatar.com\/avatar\/750762ec91b9970d725a622f9a107d8412b787d34f1fd38dd08605665102440c?s=96&d=mm&r=g","caption":"Dominic Gabriel"}}]}},"_links":{"self":[{"href":"http:\/\/www.tus-bruchhausen.de\/Fussball\/wp-json\/wp\/v2\/posts\/6583","targetHints":{"allow":["GET"]}}],"collection":[{"href":"http:\/\/www.tus-bruchhausen.de\/Fussball\/wp-json\/wp\/v2\/posts"}],"about":[{"href":"http:\/\/www.tus-bruchhausen.de\/Fussball\/wp-json\/wp\/v2\/types\/post"}],"author":[{"embeddable":true,"href":"http:\/\/www.tus-bruchhausen.de\/Fussball\/wp-json\/wp\/v2\/users\/6"}],"replies":[{"embeddable":true,"href":"http:\/\/www.tus-bruchhausen.de\/Fussball\/wp-json\/wp\/v2\/comments?post=6583"}],"version-history":[{"count":3,"href":"http:\/\/www.tus-bruchhausen.de\/Fussball\/wp-json\/wp\/v2\/posts\/6583\/revisions"}],"predecessor-version":[{"id":6588,"href":"http:\/\/www.tus-bruchhausen.de\/Fussball\/wp-json\/wp\/v2\/posts\/6583\/revisions\/6588"}],"wp:featuredmedia":[{"embeddable":true,"href":"http:\/\/www.tus-bruchhausen.de\/Fussball\/wp-json\/wp\/v2\/media\/6585"}],"wp:attachment":[{"href":"http:\/\/www.tus-bruchhausen.de\/Fussball\/wp-json\/wp\/v2\/media?parent=6583"}],"wp:term":[{"taxonomy":"category","embeddable":true,"href":"http:\/\/www.tus-bruchhausen.de\/Fussball\/wp-json\/wp\/v2\/categories?post=6583"},{"taxonomy":"post_tag","embeddable":true,"href":"http:\/\/www.tus-bruchhausen.de\/Fussball\/wp-json\/wp\/v2\/tags?post=6583"}],"curies":[{"name":"wp","href":"https:\/\/api.w.org\/{rel}","templated":true}]}}