{"id":7370,"date":"2015-07-18T14:12:22","date_gmt":"2015-07-18T12:12:22","guid":{"rendered":"http:\/\/tus-bruchhausen.de\/Fussball\/?p=7370"},"modified":"2015-07-18T18:21:52","modified_gmt":"2015-07-18T16:21:52","slug":"zweiter-neuzugang-marius-klocke","status":"publish","type":"post","link":"http:\/\/www.tus-bruchhausen.de\/Fussball\/zweiter-neuzugang-marius-klocke\/","title":{"rendered":"N\u00e4chster Neuzugang: Marius Klocke"},"content":{"rendered":"<h2><strong>Verst\u00e4rkung im Offensivbereich<\/strong><\/h2>\n<p>Die A-Jugend wird um einen weiteren Neuzugang verst\u00e4rkt. <strong>Marius Klocke<\/strong> wird die A-Jugend in der kommenden Saison auf den offensiven Positionen verst\u00e4rken. Er ist variabel einsetzbar, sowie auf den Fl\u00fcgeln als auch in zentralen offensiven Position.<\/p>\n<p>Er tut es seinem ehemaligen Mannschaftskollege gleich und wechselt zusammen mit Pascal J\u00e4ckel vom SV Bachum\/Bergheim an die Hiag.<\/p>\n<p>Zudem hat man noch einen vierten externen Neuzugang zu verk\u00fcnden. <strong>Jahn Gross<\/strong> wird die Mannschaft zus\u00e4tzlich zu den bereits drei externen Neuzug\u00e4ngen <strong>Tuschmann<\/strong>, <strong>J\u00e4ckel<\/strong> und <strong>Klocke<\/strong> verst\u00e4rken. Somit gewinnt man einen weiteren Offensivspieler f\u00fcr die neue Saison. Diese Personalsituation d\u00fcrfte f\u00fcr einen positiven Konkurrenzkampf und Kopfzerbrechen der Trainer beim Erstellen der Aufstellung sorgen.<\/p>\n<h2><strong>Zus\u00e4tzliche Wiederkehrer<\/strong><\/h2>\n<p>Die Mannschaft durfte zudem zum Trainingsauftakt zwei Wiederkehrer\u00a0begr\u00fc\u00dfen. <strong>Yves Weber<\/strong> und <strong>Nico Fleckes<\/strong> standen wider auf dem Platz.<\/p>\n<p>Yves Weber kehrt nach einer 2-j\u00e4hrigen Auszeit auf den Rasen zur\u00fcck. Nico Fleckes \u00a0steigt nach einer 8-monatigen Verletzungspause langsam wider ins Muskelaufbautraining ein.<\/p>\n<h2>Erstes Testspiel<\/h2>\n<p>Die Neuzug\u00e4nge sowie die sowie der Rest der Mannschaft sind am Donnerstag, den 23.Juli um 19.30 in Arnsberg beim ersten Testspiel der Vorbereitung gegen die A-Jugend des SV Arnsberg 09 zu beobachten.<\/p>\n<p>&nbsp;<\/p>\n<p>&nbsp;<\/p>\n","protected":false},"excerpt":{"rendered":"<p>Verst\u00e4rkung im Offensivbereich Die A-Jugend wird um einen weiteren Neuzugang verst\u00e4rkt. Marius Klocke wird die A-Jugend in der kommenden Saison auf den offensiven Positionen verst\u00e4rken. Er ist variabel einsetzbar, sowie auf den Fl\u00fcgeln als auch in zentralen offensiven Position. Er tut es seinem ehemaligen Mannschaftskollege gleich und wechselt zusammen mit Pascal J\u00e4ckel vom SV Bachum\/Bergheim [&hellip;]<\/p>\n","protected":false},"author":100001,"featured_media":7386,"comment_status":"closed","ping_status":"closed","sticky":false,"template":"","format":"standard","meta":{"footnotes":""},"categories":[11,7,8,20],"tags":[],"class_list":["post-7370","post","type-post","status-publish","format-standard","has-post-thumbnail","hentry","category-a-jugend","category-jugend","category-news","category-app","small-justify-block","has-thumb"],"yoast_head":"<!-- This site is optimized with the Yoast SEO plugin v27.2 - https:\/\/yoast.com\/product\/yoast-seo-wordpress\/ -->\n<title>N\u00e4chster Neuzugang: Marius Klocke<\/title>\n<meta name=\"robots\" content=\"index, follow, max-snippet:-1, max-image-preview:large, max-video-preview:-1\" \/>\n<link rel=\"canonical\" href=\"http:\/\/www.tus-bruchhausen.de\/Fussball\/zweiter-neuzugang-marius-klocke\/\" \/>\n<meta property=\"og:locale\" content=\"de_DE\" \/>\n<meta property=\"og:type\" content=\"article\" \/>\n<meta property=\"og:title\" content=\"N\u00e4chster Neuzugang: Marius Klocke\" \/>\n<meta property=\"og:description\" content=\"Verst\u00e4rkung im Offensivbereich Die A-Jugend wird um einen weiteren Neuzugang verst\u00e4rkt. Marius Klocke wird die A-Jugend in der kommenden Saison auf den offensiven Positionen verst\u00e4rken. Er ist variabel einsetzbar, sowie auf den Fl\u00fcgeln als auch in zentralen offensiven Position. Er tut es seinem ehemaligen Mannschaftskollege gleich und wechselt zusammen mit Pascal J\u00e4ckel vom SV Bachum\/Bergheim [&hellip;]\" \/>\n<meta property=\"og:url\" content=\"http:\/\/www.tus-bruchhausen.de\/Fussball\/zweiter-neuzugang-marius-klocke\/\" \/>\n<meta property=\"og:site_name\" content=\"TuS Bruchhausen\" \/>\n<meta property=\"article:publisher\" content=\"https:\/\/www.facebook.com\/TuS02\/\" \/>\n<meta property=\"article:published_time\" content=\"2015-07-18T12:12:22+00:00\" \/>\n<meta property=\"article:modified_time\" content=\"2015-07-18T16:21:52+00:00\" \/>\n<meta property=\"og:image\" content=\"http:\/\/www.tus-bruchhausen.de\/Fussball\/wp-content\/uploads\/2015\/07\/IMG_6398-Kopie.jpg\" \/>\n\t<meta property=\"og:image:width\" content=\"1440\" \/>\n\t<meta property=\"og:image:height\" content=\"735\" \/>\n\t<meta property=\"og:image:type\" content=\"image\/jpeg\" \/>\n<meta name=\"twitter:card\" content=\"summary_large_image\" \/>\n<meta name=\"twitter:label1\" content=\"Verfasst von\" \/>\n\t<meta name=\"twitter:data1\" content=\"\" \/>\n\t<meta name=\"twitter:label2\" content=\"Gesch\u00e4tzte Lesezeit\" \/>\n\t<meta name=\"twitter:data2\" content=\"1\u00a0Minute\" \/>\n<script type=\"application\/ld+json\" class=\"yoast-schema-graph\">{\"@context\":\"https:\/\/schema.org\",\"@graph\":[{\"@type\":\"Article\",\"@id\":\"http:\/\/www.tus-bruchhausen.de\/Fussball\/zweiter-neuzugang-marius-klocke\/#article\",\"isPartOf\":{\"@id\":\"http:\/\/www.tus-bruchhausen.de\/Fussball\/zweiter-neuzugang-marius-klocke\/\"},\"author\":{\"name\":\"\",\"@id\":\"\"},\"headline\":\"N\u00e4chster Neuzugang: Marius Klocke\",\"datePublished\":\"2015-07-18T12:12:22+00:00\",\"dateModified\":\"2015-07-18T16:21:52+00:00\",\"mainEntityOfPage\":{\"@id\":\"http:\/\/www.tus-bruchhausen.de\/Fussball\/zweiter-neuzugang-marius-klocke\/\"},\"wordCount\":213,\"image\":{\"@id\":\"http:\/\/www.tus-bruchhausen.de\/Fussball\/zweiter-neuzugang-marius-klocke\/#primaryimage\"},\"thumbnailUrl\":\"http:\/\/www.tus-bruchhausen.de\/Fussball\/wp-content\/uploads\/2015\/07\/IMG_6398-Kopie.jpg\",\"articleSection\":[\"A-Jugend\",\"Jugend\",\"News\",\"Z_APP\"],\"inLanguage\":\"de\"},{\"@type\":\"WebPage\",\"@id\":\"http:\/\/www.tus-bruchhausen.de\/Fussball\/zweiter-neuzugang-marius-klocke\/\",\"url\":\"http:\/\/www.tus-bruchhausen.de\/Fussball\/zweiter-neuzugang-marius-klocke\/\",\"name\":\"N\u00e4chster Neuzugang: Marius Klocke\",\"isPartOf\":{\"@id\":\"http:\/\/www.tus-bruchhausen.de\/Fussball\/#website\"},\"primaryImageOfPage\":{\"@id\":\"http:\/\/www.tus-bruchhausen.de\/Fussball\/zweiter-neuzugang-marius-klocke\/#primaryimage\"},\"image\":{\"@id\":\"http:\/\/www.tus-bruchhausen.de\/Fussball\/zweiter-neuzugang-marius-klocke\/#primaryimage\"},\"thumbnailUrl\":\"http:\/\/www.tus-bruchhausen.de\/Fussball\/wp-content\/uploads\/2015\/07\/IMG_6398-Kopie.jpg\",\"datePublished\":\"2015-07-18T12:12:22+00:00\",\"dateModified\":\"2015-07-18T16:21:52+00:00\",\"author\":{\"@id\":\"\"},\"breadcrumb\":{\"@id\":\"http:\/\/www.tus-bruchhausen.de\/Fussball\/zweiter-neuzugang-marius-klocke\/#breadcrumb\"},\"inLanguage\":\"de\",\"potentialAction\":[{\"@type\":\"ReadAction\",\"target\":[\"http:\/\/www.tus-bruchhausen.de\/Fussball\/zweiter-neuzugang-marius-klocke\/\"]}]},{\"@type\":\"ImageObject\",\"inLanguage\":\"de\",\"@id\":\"http:\/\/www.tus-bruchhausen.de\/Fussball\/zweiter-neuzugang-marius-klocke\/#primaryimage\",\"url\":\"http:\/\/www.tus-bruchhausen.de\/Fussball\/wp-content\/uploads\/2015\/07\/IMG_6398-Kopie.jpg\",\"contentUrl\":\"http:\/\/www.tus-bruchhausen.de\/Fussball\/wp-content\/uploads\/2015\/07\/IMG_6398-Kopie.jpg\",\"width\":1440,\"height\":735},{\"@type\":\"BreadcrumbList\",\"@id\":\"http:\/\/www.tus-bruchhausen.de\/Fussball\/zweiter-neuzugang-marius-klocke\/#breadcrumb\",\"itemListElement\":[{\"@type\":\"ListItem\",\"position\":1,\"name\":\"Startseite\",\"item\":\"http:\/\/www.tus-bruchhausen.de\/Fussball\/\"},{\"@type\":\"ListItem\",\"position\":2,\"name\":\"N\u00e4chster Neuzugang: Marius Klocke\"}]},{\"@type\":\"WebSite\",\"@id\":\"http:\/\/www.tus-bruchhausen.de\/Fussball\/#website\",\"url\":\"http:\/\/www.tus-bruchhausen.de\/Fussball\/\",\"name\":\"TuS Bruchhausen\",\"description\":\"Fu\u00dfball\",\"potentialAction\":[{\"@type\":\"SearchAction\",\"target\":{\"@type\":\"EntryPoint\",\"urlTemplate\":\"http:\/\/www.tus-bruchhausen.de\/Fussball\/?s={search_term_string}\"},\"query-input\":{\"@type\":\"PropertyValueSpecification\",\"valueRequired\":true,\"valueName\":\"search_term_string\"}}],\"inLanguage\":\"de\"},{\"@type\":\"Person\",\"@id\":\"\"}]}<\/script>\n<!-- \/ Yoast SEO plugin. -->","yoast_head_json":{"title":"N\u00e4chster Neuzugang: Marius Klocke","robots":{"index":"index","follow":"follow","max-snippet":"max-snippet:-1","max-image-preview":"max-image-preview:large","max-video-preview":"max-video-preview:-1"},"canonical":"http:\/\/www.tus-bruchhausen.de\/Fussball\/zweiter-neuzugang-marius-klocke\/","og_locale":"de_DE","og_type":"article","og_title":"N\u00e4chster Neuzugang: Marius Klocke","og_description":"Verst\u00e4rkung im Offensivbereich Die A-Jugend wird um einen weiteren Neuzugang verst\u00e4rkt. Marius Klocke wird die A-Jugend in der kommenden Saison auf den offensiven Positionen verst\u00e4rken. Er ist variabel einsetzbar, sowie auf den Fl\u00fcgeln als auch in zentralen offensiven Position. Er tut es seinem ehemaligen Mannschaftskollege gleich und wechselt zusammen mit Pascal J\u00e4ckel vom SV Bachum\/Bergheim [&hellip;]","og_url":"http:\/\/www.tus-bruchhausen.de\/Fussball\/zweiter-neuzugang-marius-klocke\/","og_site_name":"TuS Bruchhausen","article_publisher":"https:\/\/www.facebook.com\/TuS02\/","article_published_time":"2015-07-18T12:12:22+00:00","article_modified_time":"2015-07-18T16:21:52+00:00","og_image":[{"width":1440,"height":735,"url":"http:\/\/www.tus-bruchhausen.de\/Fussball\/wp-content\/uploads\/2015\/07\/IMG_6398-Kopie.jpg","type":"image\/jpeg"}],"twitter_card":"summary_large_image","twitter_misc":{"Verfasst von":"","Gesch\u00e4tzte Lesezeit":"1\u00a0Minute"},"schema":{"@context":"https:\/\/schema.org","@graph":[{"@type":"Article","@id":"http:\/\/www.tus-bruchhausen.de\/Fussball\/zweiter-neuzugang-marius-klocke\/#article","isPartOf":{"@id":"http:\/\/www.tus-bruchhausen.de\/Fussball\/zweiter-neuzugang-marius-klocke\/"},"author":{"name":"","@id":""},"headline":"N\u00e4chster Neuzugang: Marius Klocke","datePublished":"2015-07-18T12:12:22+00:00","dateModified":"2015-07-18T16:21:52+00:00","mainEntityOfPage":{"@id":"http:\/\/www.tus-bruchhausen.de\/Fussball\/zweiter-neuzugang-marius-klocke\/"},"wordCount":213,"image":{"@id":"http:\/\/www.tus-bruchhausen.de\/Fussball\/zweiter-neuzugang-marius-klocke\/#primaryimage"},"thumbnailUrl":"http:\/\/www.tus-bruchhausen.de\/Fussball\/wp-content\/uploads\/2015\/07\/IMG_6398-Kopie.jpg","articleSection":["A-Jugend","Jugend","News","Z_APP"],"inLanguage":"de"},{"@type":"WebPage","@id":"http:\/\/www.tus-bruchhausen.de\/Fussball\/zweiter-neuzugang-marius-klocke\/","url":"http:\/\/www.tus-bruchhausen.de\/Fussball\/zweiter-neuzugang-marius-klocke\/","name":"N\u00e4chster Neuzugang: Marius Klocke","isPartOf":{"@id":"http:\/\/www.tus-bruchhausen.de\/Fussball\/#website"},"primaryImageOfPage":{"@id":"http:\/\/www.tus-bruchhausen.de\/Fussball\/zweiter-neuzugang-marius-klocke\/#primaryimage"},"image":{"@id":"http:\/\/www.tus-bruchhausen.de\/Fussball\/zweiter-neuzugang-marius-klocke\/#primaryimage"},"thumbnailUrl":"http:\/\/www.tus-bruchhausen.de\/Fussball\/wp-content\/uploads\/2015\/07\/IMG_6398-Kopie.jpg","datePublished":"2015-07-18T12:12:22+00:00","dateModified":"2015-07-18T16:21:52+00:00","author":{"@id":""},"breadcrumb":{"@id":"http:\/\/www.tus-bruchhausen.de\/Fussball\/zweiter-neuzugang-marius-klocke\/#breadcrumb"},"inLanguage":"de","potentialAction":[{"@type":"ReadAction","target":["http:\/\/www.tus-bruchhausen.de\/Fussball\/zweiter-neuzugang-marius-klocke\/"]}]},{"@type":"ImageObject","inLanguage":"de","@id":"http:\/\/www.tus-bruchhausen.de\/Fussball\/zweiter-neuzugang-marius-klocke\/#primaryimage","url":"http:\/\/www.tus-bruchhausen.de\/Fussball\/wp-content\/uploads\/2015\/07\/IMG_6398-Kopie.jpg","contentUrl":"http:\/\/www.tus-bruchhausen.de\/Fussball\/wp-content\/uploads\/2015\/07\/IMG_6398-Kopie.jpg","width":1440,"height":735},{"@type":"BreadcrumbList","@id":"http:\/\/www.tus-bruchhausen.de\/Fussball\/zweiter-neuzugang-marius-klocke\/#breadcrumb","itemListElement":[{"@type":"ListItem","position":1,"name":"Startseite","item":"http:\/\/www.tus-bruchhausen.de\/Fussball\/"},{"@type":"ListItem","position":2,"name":"N\u00e4chster Neuzugang: Marius Klocke"}]},{"@type":"WebSite","@id":"http:\/\/www.tus-bruchhausen.de\/Fussball\/#website","url":"http:\/\/www.tus-bruchhausen.de\/Fussball\/","name":"TuS Bruchhausen","description":"Fu\u00dfball","potentialAction":[{"@type":"SearchAction","target":{"@type":"EntryPoint","urlTemplate":"http:\/\/www.tus-bruchhausen.de\/Fussball\/?s={search_term_string}"},"query-input":{"@type":"PropertyValueSpecification","valueRequired":true,"valueName":"search_term_string"}}],"inLanguage":"de"},{"@type":"Person","@id":""}]}},"_links":{"self":[{"href":"http:\/\/www.tus-bruchhausen.de\/Fussball\/wp-json\/wp\/v2\/posts\/7370","targetHints":{"allow":["GET"]}}],"collection":[{"href":"http:\/\/www.tus-bruchhausen.de\/Fussball\/wp-json\/wp\/v2\/posts"}],"about":[{"href":"http:\/\/www.tus-bruchhausen.de\/Fussball\/wp-json\/wp\/v2\/types\/post"}],"author":[{"embeddable":true,"href":"http:\/\/www.tus-bruchhausen.de\/Fussball\/wp-json\/wp\/v2\/users\/100001"}],"replies":[{"embeddable":true,"href":"http:\/\/www.tus-bruchhausen.de\/Fussball\/wp-json\/wp\/v2\/comments?post=7370"}],"version-history":[{"count":3,"href":"http:\/\/www.tus-bruchhausen.de\/Fussball\/wp-json\/wp\/v2\/posts\/7370\/revisions"}],"predecessor-version":[{"id":7375,"href":"http:\/\/www.tus-bruchhausen.de\/Fussball\/wp-json\/wp\/v2\/posts\/7370\/revisions\/7375"}],"wp:featuredmedia":[{"embeddable":true,"href":"http:\/\/www.tus-bruchhausen.de\/Fussball\/wp-json\/wp\/v2\/media\/7386"}],"wp:attachment":[{"href":"http:\/\/www.tus-bruchhausen.de\/Fussball\/wp-json\/wp\/v2\/media?parent=7370"}],"wp:term":[{"taxonomy":"category","embeddable":true,"href":"http:\/\/www.tus-bruchhausen.de\/Fussball\/wp-json\/wp\/v2\/categories?post=7370"},{"taxonomy":"post_tag","embeddable":true,"href":"http:\/\/www.tus-bruchhausen.de\/Fussball\/wp-json\/wp\/v2\/tags?post=7370"}],"curies":[{"name":"wp","href":"https:\/\/api.w.org\/{rel}","templated":true}]}}