{"id":7574,"date":"2015-07-22T10:56:55","date_gmt":"2015-07-22T08:56:55","guid":{"rendered":"http:\/\/tus-bruchhausen.de\/Fussball\/?p=7574"},"modified":"2015-07-28T11:51:58","modified_gmt":"2015-07-28T09:51:58","slug":"spielplan-der-tus-dritten-nur-unter-vorbehalt","status":"publish","type":"post","link":"http:\/\/www.tus-bruchhausen.de\/Fussball\/spielplan-der-tus-dritten-nur-unter-vorbehalt\/","title":{"rendered":"Spielplan der TuS-Dritten nur unter Vorbehalt"},"content":{"rendered":"<p>Als letzter Spielplan der Herren wird der Staffelplan der Kreisliga D Arnsberg ver\u00f6ffentlicht. Doch dieser l\u00e4sst noch aus zwei Gr\u00fcnden auf sich warten, dies gab der Kreis Arnsberg nun bekannt gab.<\/p>\n<h2>Dritte startet als einzige TuS-Mannschaft mit Heimspiel<\/h2>\n<figure id=\"attachment_7610\" aria-describedby=\"caption-attachment-7610\" style=\"width: 200px\" class=\"wp-caption alignright\"><a href=\"http:\/\/tus-bruchhausen.de\/Fussball\/wp-content\/uploads\/2015\/07\/11174574_896582040382818_8614669562535876712_o.jpg\" rel=\"lightbox[7574]\"><img loading=\"lazy\" decoding=\"async\" class=\"size-medium wp-image-7610\" src=\"http:\/\/tus-bruchhausen.de\/Fussball\/wp-content\/uploads\/2015\/07\/11174574_896582040382818_8614669562535876712_o-200x133.jpg\" alt=\"Die TuS-Dritte startet mit einem Heimspiel an der Hiag.\" width=\"200\" height=\"133\" srcset=\"http:\/\/www.tus-bruchhausen.de\/Fussball\/wp-content\/uploads\/2015\/07\/11174574_896582040382818_8614669562535876712_o-200x133.jpg 200w, http:\/\/www.tus-bruchhausen.de\/Fussball\/wp-content\/uploads\/2015\/07\/11174574_896582040382818_8614669562535876712_o-563x376.jpg 563w, http:\/\/www.tus-bruchhausen.de\/Fussball\/wp-content\/uploads\/2015\/07\/11174574_896582040382818_8614669562535876712_o-95x64.jpg 95w, http:\/\/www.tus-bruchhausen.de\/Fussball\/wp-content\/uploads\/2015\/07\/11174574_896582040382818_8614669562535876712_o-900x601.jpg 900w, http:\/\/www.tus-bruchhausen.de\/Fussball\/wp-content\/uploads\/2015\/07\/11174574_896582040382818_8614669562535876712_o.jpg 1440w\" sizes=\"auto, (max-width: 200px) 100vw, 200px\" \/><\/a><figcaption id=\"caption-attachment-7610\" class=\"wp-caption-text\">Die TuS-Dritte startet mit einem Heimspiel an der Hiag.<\/figcaption><\/figure>\n<p>Grund f\u00fcr die Verz\u00f6gerung ist zum Einen, dass der Verband\u00a0 noch dem Antrag des neuen Vereins FC Azzura zustimmen und diesem eine Vereinskennung zuteilen muss. Eine Formalie die auf sich warten l\u00e4sst. Zum Anderen gibt es m\u00f6glicherweise noch einen Verein, der eine weitere Mannschaft ins Rennen schicken m\u00f6chte. Hierbei k\u00f6nnte es sich auch um eine 9er Mannschaft handeln, bei der dann auch der Gegner auf neun Spieler redzuieren m\u00fcsste. Der TuS Bruchhausen IV wird es aber nicht sein.<\/p>\n<p>Der nun bekannt gegebene Spielplan ist somit noch im Entwurfsstatus. Demnach startet die 3. Mannschaft des TuS Bruchhausen am Sonntag, den 16. August um 15:00 Uhr als einzige Seniorenmannschaft An der Hiag gegen den SuS Beckum II. Das erste Ausw\u00e4rtsspiel steigt die Woche darauf, wenn 1. und 2. Mannschaft im heimischen Sportpark antreten, beim\u00a0FC Neheim-Erlenbruch II. Anschlie\u00dfend l\u00e4uft der Spielplan dann allerdings konform mit den Spielpl\u00e4nen der anderen beiden TuS Teams. Die Heimspiele tr\u00e4gt die TuS-Dritte dann Sonntags wie gewohnt um 17:00 Uhr nach der 1. Mannschaft aus.<\/p>\n<h2>Hoffung auf 16er-Staffel ohne spielfrei<\/h2>\n<p>Die Saison beendet die Mannschaft von Trainer Mike Haumer am 29.05.2016 beim SV RW Mellen II. Derzeit sind ohne den FC Azzura und der geheimnisvollen weiteren Mannschaft 14 Teams in der Kreisliga D Arnsberg gemeldet. Dies h\u00e4tte zur Folge das jede Mannschaft jeweils zwei Mal in Hin- und R\u00fcckrunde spielfrei h\u00e4tte. Werden die beiden fraglichen Mannschaften noch akzeptiert, w\u00fcrde eine 16-Staffel wie in der Kreisliga A und C ohne spielfreie Termine entstehen.\u00a0 Der Staffelleiter hofft bis zum Ende der n\u00e4chsten Woche den Spielplan offiziell freigeben zu k\u00f6nnen.<\/p>\n<p><span style=\"color: #0000ff;\"><a style=\"color: #0000ff;\" href=\"http:\/\/tus-bruchhausen.de\/Fussball\/kreisliga-d-spielplan\/\">-&gt;Spielplan Kreisliga D Arnsberg<\/a><\/span><\/p>\n","protected":false},"excerpt":{"rendered":"<p>Als letzter Spielplan der Herren wird der Staffelplan der Kreisliga D Arnsberg ver\u00f6ffentlicht. Doch dieser l\u00e4sst noch aus zwei Gr\u00fcnden auf sich warten, dies gab der Kreis Arnsberg nun bekannt gab. Dritte startet als einzige TuS-Mannschaft mit Heimspiel Grund f\u00fcr die Verz\u00f6gerung ist zum Einen, dass der Verband\u00a0 noch dem Antrag des neuen Vereins FC [&hellip;]<\/p>\n","protected":false},"author":6,"featured_media":7576,"comment_status":"closed","ping_status":"closed","sticky":false,"template":"","format":"standard","meta":{"footnotes":""},"categories":[5,8],"tags":[],"class_list":["post-7574","post","type-post","status-publish","format-standard","has-post-thumbnail","hentry","category-3-mannschaft","category-news","small-justify-block","has-thumb"],"yoast_head":"<!-- This site is optimized with the Yoast SEO plugin v27.2 - https:\/\/yoast.com\/product\/yoast-seo-wordpress\/ -->\n<title>Spielplan der TuS-Dritten nur unter Vorbehalt<\/title>\n<meta name=\"robots\" content=\"index, follow, max-snippet:-1, max-image-preview:large, max-video-preview:-1\" \/>\n<link rel=\"canonical\" href=\"http:\/\/www.tus-bruchhausen.de\/Fussball\/spielplan-der-tus-dritten-nur-unter-vorbehalt\/\" \/>\n<meta property=\"og:locale\" content=\"de_DE\" \/>\n<meta property=\"og:type\" content=\"article\" \/>\n<meta property=\"og:title\" content=\"Spielplan der TuS-Dritten nur unter Vorbehalt\" \/>\n<meta property=\"og:description\" content=\"Als letzter Spielplan der Herren wird der Staffelplan der Kreisliga D Arnsberg ver\u00f6ffentlicht. Doch dieser l\u00e4sst noch aus zwei Gr\u00fcnden auf sich warten, dies gab der Kreis Arnsberg nun bekannt gab. Dritte startet als einzige TuS-Mannschaft mit Heimspiel Grund f\u00fcr die Verz\u00f6gerung ist zum Einen, dass der Verband\u00a0 noch dem Antrag des neuen Vereins FC [&hellip;]\" \/>\n<meta property=\"og:url\" content=\"http:\/\/www.tus-bruchhausen.de\/Fussball\/spielplan-der-tus-dritten-nur-unter-vorbehalt\/\" \/>\n<meta property=\"og:site_name\" content=\"TuS Bruchhausen\" \/>\n<meta property=\"article:publisher\" content=\"https:\/\/www.facebook.com\/TuS02\/\" \/>\n<meta property=\"article:published_time\" content=\"2015-07-22T08:56:55+00:00\" \/>\n<meta property=\"article:modified_time\" content=\"2015-07-28T09:51:58+00:00\" \/>\n<meta property=\"og:image\" content=\"http:\/\/www.tus-bruchhausen.de\/Fussball\/wp-content\/uploads\/2015\/07\/11174239_889807617726927_5844871395138256734_o.jpg\" \/>\n\t<meta property=\"og:image:width\" content=\"1440\" \/>\n\t<meta property=\"og:image:height\" content=\"960\" \/>\n\t<meta property=\"og:image:type\" content=\"image\/jpeg\" \/>\n<meta name=\"author\" content=\"Dominic Gabriel\" \/>\n<meta name=\"twitter:card\" content=\"summary_large_image\" \/>\n<meta name=\"twitter:label1\" content=\"Verfasst von\" \/>\n\t<meta name=\"twitter:data1\" content=\"Dominic Gabriel\" \/>\n\t<meta name=\"twitter:label2\" content=\"Gesch\u00e4tzte Lesezeit\" \/>\n\t<meta name=\"twitter:data2\" content=\"2\u00a0Minuten\" \/>\n<script type=\"application\/ld+json\" class=\"yoast-schema-graph\">{\"@context\":\"https:\/\/schema.org\",\"@graph\":[{\"@type\":\"Article\",\"@id\":\"http:\/\/www.tus-bruchhausen.de\/Fussball\/spielplan-der-tus-dritten-nur-unter-vorbehalt\/#article\",\"isPartOf\":{\"@id\":\"http:\/\/www.tus-bruchhausen.de\/Fussball\/spielplan-der-tus-dritten-nur-unter-vorbehalt\/\"},\"author\":{\"name\":\"Dominic Gabriel\",\"@id\":\"https:\/\/www.tus-bruchhausen.de\/Fussball\/#\/schema\/person\/53a173c5abf387371fd35fcb395bc0af\"},\"headline\":\"Spielplan der TuS-Dritten nur unter Vorbehalt\",\"datePublished\":\"2015-07-22T08:56:55+00:00\",\"dateModified\":\"2015-07-28T09:51:58+00:00\",\"mainEntityOfPage\":{\"@id\":\"http:\/\/www.tus-bruchhausen.de\/Fussball\/spielplan-der-tus-dritten-nur-unter-vorbehalt\/\"},\"wordCount\":337,\"image\":{\"@id\":\"http:\/\/www.tus-bruchhausen.de\/Fussball\/spielplan-der-tus-dritten-nur-unter-vorbehalt\/#primaryimage\"},\"thumbnailUrl\":\"http:\/\/www.tus-bruchhausen.de\/Fussball\/wp-content\/uploads\/2015\/07\/11174239_889807617726927_5844871395138256734_o.jpg\",\"articleSection\":[\"3. Mannschaft\",\"News\"],\"inLanguage\":\"de\"},{\"@type\":\"WebPage\",\"@id\":\"http:\/\/www.tus-bruchhausen.de\/Fussball\/spielplan-der-tus-dritten-nur-unter-vorbehalt\/\",\"url\":\"http:\/\/www.tus-bruchhausen.de\/Fussball\/spielplan-der-tus-dritten-nur-unter-vorbehalt\/\",\"name\":\"Spielplan der TuS-Dritten nur unter Vorbehalt\",\"isPartOf\":{\"@id\":\"https:\/\/www.tus-bruchhausen.de\/Fussball\/#website\"},\"primaryImageOfPage\":{\"@id\":\"http:\/\/www.tus-bruchhausen.de\/Fussball\/spielplan-der-tus-dritten-nur-unter-vorbehalt\/#primaryimage\"},\"image\":{\"@id\":\"http:\/\/www.tus-bruchhausen.de\/Fussball\/spielplan-der-tus-dritten-nur-unter-vorbehalt\/#primaryimage\"},\"thumbnailUrl\":\"http:\/\/www.tus-bruchhausen.de\/Fussball\/wp-content\/uploads\/2015\/07\/11174239_889807617726927_5844871395138256734_o.jpg\",\"datePublished\":\"2015-07-22T08:56:55+00:00\",\"dateModified\":\"2015-07-28T09:51:58+00:00\",\"author\":{\"@id\":\"https:\/\/www.tus-bruchhausen.de\/Fussball\/#\/schema\/person\/53a173c5abf387371fd35fcb395bc0af\"},\"breadcrumb\":{\"@id\":\"http:\/\/www.tus-bruchhausen.de\/Fussball\/spielplan-der-tus-dritten-nur-unter-vorbehalt\/#breadcrumb\"},\"inLanguage\":\"de\",\"potentialAction\":[{\"@type\":\"ReadAction\",\"target\":[\"http:\/\/www.tus-bruchhausen.de\/Fussball\/spielplan-der-tus-dritten-nur-unter-vorbehalt\/\"]}]},{\"@type\":\"ImageObject\",\"inLanguage\":\"de\",\"@id\":\"http:\/\/www.tus-bruchhausen.de\/Fussball\/spielplan-der-tus-dritten-nur-unter-vorbehalt\/#primaryimage\",\"url\":\"http:\/\/www.tus-bruchhausen.de\/Fussball\/wp-content\/uploads\/2015\/07\/11174239_889807617726927_5844871395138256734_o.jpg\",\"contentUrl\":\"http:\/\/www.tus-bruchhausen.de\/Fussball\/wp-content\/uploads\/2015\/07\/11174239_889807617726927_5844871395138256734_o.jpg\",\"width\":1440,\"height\":960},{\"@type\":\"BreadcrumbList\",\"@id\":\"http:\/\/www.tus-bruchhausen.de\/Fussball\/spielplan-der-tus-dritten-nur-unter-vorbehalt\/#breadcrumb\",\"itemListElement\":[{\"@type\":\"ListItem\",\"position\":1,\"name\":\"Startseite\",\"item\":\"https:\/\/www.tus-bruchhausen.de\/Fussball\/\"},{\"@type\":\"ListItem\",\"position\":2,\"name\":\"Spielplan der TuS-Dritten nur unter Vorbehalt\"}]},{\"@type\":\"WebSite\",\"@id\":\"https:\/\/www.tus-bruchhausen.de\/Fussball\/#website\",\"url\":\"https:\/\/www.tus-bruchhausen.de\/Fussball\/\",\"name\":\"TuS Bruchhausen\",\"description\":\"Fu\u00dfball\",\"potentialAction\":[{\"@type\":\"SearchAction\",\"target\":{\"@type\":\"EntryPoint\",\"urlTemplate\":\"https:\/\/www.tus-bruchhausen.de\/Fussball\/?s={search_term_string}\"},\"query-input\":{\"@type\":\"PropertyValueSpecification\",\"valueRequired\":true,\"valueName\":\"search_term_string\"}}],\"inLanguage\":\"de\"},{\"@type\":\"Person\",\"@id\":\"https:\/\/www.tus-bruchhausen.de\/Fussball\/#\/schema\/person\/53a173c5abf387371fd35fcb395bc0af\",\"name\":\"Dominic Gabriel\",\"image\":{\"@type\":\"ImageObject\",\"inLanguage\":\"de\",\"@id\":\"https:\/\/secure.gravatar.com\/avatar\/750762ec91b9970d725a622f9a107d8412b787d34f1fd38dd08605665102440c?s=96&d=mm&r=g\",\"url\":\"https:\/\/secure.gravatar.com\/avatar\/750762ec91b9970d725a622f9a107d8412b787d34f1fd38dd08605665102440c?s=96&d=mm&r=g\",\"contentUrl\":\"https:\/\/secure.gravatar.com\/avatar\/750762ec91b9970d725a622f9a107d8412b787d34f1fd38dd08605665102440c?s=96&d=mm&r=g\",\"caption\":\"Dominic Gabriel\"}}]}<\/script>\n<!-- \/ Yoast SEO plugin. -->","yoast_head_json":{"title":"Spielplan der TuS-Dritten nur unter Vorbehalt","robots":{"index":"index","follow":"follow","max-snippet":"max-snippet:-1","max-image-preview":"max-image-preview:large","max-video-preview":"max-video-preview:-1"},"canonical":"http:\/\/www.tus-bruchhausen.de\/Fussball\/spielplan-der-tus-dritten-nur-unter-vorbehalt\/","og_locale":"de_DE","og_type":"article","og_title":"Spielplan der TuS-Dritten nur unter Vorbehalt","og_description":"Als letzter Spielplan der Herren wird der Staffelplan der Kreisliga D Arnsberg ver\u00f6ffentlicht. Doch dieser l\u00e4sst noch aus zwei Gr\u00fcnden auf sich warten, dies gab der Kreis Arnsberg nun bekannt gab. Dritte startet als einzige TuS-Mannschaft mit Heimspiel Grund f\u00fcr die Verz\u00f6gerung ist zum Einen, dass der Verband\u00a0 noch dem Antrag des neuen Vereins FC [&hellip;]","og_url":"http:\/\/www.tus-bruchhausen.de\/Fussball\/spielplan-der-tus-dritten-nur-unter-vorbehalt\/","og_site_name":"TuS Bruchhausen","article_publisher":"https:\/\/www.facebook.com\/TuS02\/","article_published_time":"2015-07-22T08:56:55+00:00","article_modified_time":"2015-07-28T09:51:58+00:00","og_image":[{"width":1440,"height":960,"url":"http:\/\/www.tus-bruchhausen.de\/Fussball\/wp-content\/uploads\/2015\/07\/11174239_889807617726927_5844871395138256734_o.jpg","type":"image\/jpeg"}],"author":"Dominic Gabriel","twitter_card":"summary_large_image","twitter_misc":{"Verfasst von":"Dominic Gabriel","Gesch\u00e4tzte Lesezeit":"2\u00a0Minuten"},"schema":{"@context":"https:\/\/schema.org","@graph":[{"@type":"Article","@id":"http:\/\/www.tus-bruchhausen.de\/Fussball\/spielplan-der-tus-dritten-nur-unter-vorbehalt\/#article","isPartOf":{"@id":"http:\/\/www.tus-bruchhausen.de\/Fussball\/spielplan-der-tus-dritten-nur-unter-vorbehalt\/"},"author":{"name":"Dominic Gabriel","@id":"https:\/\/www.tus-bruchhausen.de\/Fussball\/#\/schema\/person\/53a173c5abf387371fd35fcb395bc0af"},"headline":"Spielplan der TuS-Dritten nur unter Vorbehalt","datePublished":"2015-07-22T08:56:55+00:00","dateModified":"2015-07-28T09:51:58+00:00","mainEntityOfPage":{"@id":"http:\/\/www.tus-bruchhausen.de\/Fussball\/spielplan-der-tus-dritten-nur-unter-vorbehalt\/"},"wordCount":337,"image":{"@id":"http:\/\/www.tus-bruchhausen.de\/Fussball\/spielplan-der-tus-dritten-nur-unter-vorbehalt\/#primaryimage"},"thumbnailUrl":"http:\/\/www.tus-bruchhausen.de\/Fussball\/wp-content\/uploads\/2015\/07\/11174239_889807617726927_5844871395138256734_o.jpg","articleSection":["3. Mannschaft","News"],"inLanguage":"de"},{"@type":"WebPage","@id":"http:\/\/www.tus-bruchhausen.de\/Fussball\/spielplan-der-tus-dritten-nur-unter-vorbehalt\/","url":"http:\/\/www.tus-bruchhausen.de\/Fussball\/spielplan-der-tus-dritten-nur-unter-vorbehalt\/","name":"Spielplan der TuS-Dritten nur unter Vorbehalt","isPartOf":{"@id":"https:\/\/www.tus-bruchhausen.de\/Fussball\/#website"},"primaryImageOfPage":{"@id":"http:\/\/www.tus-bruchhausen.de\/Fussball\/spielplan-der-tus-dritten-nur-unter-vorbehalt\/#primaryimage"},"image":{"@id":"http:\/\/www.tus-bruchhausen.de\/Fussball\/spielplan-der-tus-dritten-nur-unter-vorbehalt\/#primaryimage"},"thumbnailUrl":"http:\/\/www.tus-bruchhausen.de\/Fussball\/wp-content\/uploads\/2015\/07\/11174239_889807617726927_5844871395138256734_o.jpg","datePublished":"2015-07-22T08:56:55+00:00","dateModified":"2015-07-28T09:51:58+00:00","author":{"@id":"https:\/\/www.tus-bruchhausen.de\/Fussball\/#\/schema\/person\/53a173c5abf387371fd35fcb395bc0af"},"breadcrumb":{"@id":"http:\/\/www.tus-bruchhausen.de\/Fussball\/spielplan-der-tus-dritten-nur-unter-vorbehalt\/#breadcrumb"},"inLanguage":"de","potentialAction":[{"@type":"ReadAction","target":["http:\/\/www.tus-bruchhausen.de\/Fussball\/spielplan-der-tus-dritten-nur-unter-vorbehalt\/"]}]},{"@type":"ImageObject","inLanguage":"de","@id":"http:\/\/www.tus-bruchhausen.de\/Fussball\/spielplan-der-tus-dritten-nur-unter-vorbehalt\/#primaryimage","url":"http:\/\/www.tus-bruchhausen.de\/Fussball\/wp-content\/uploads\/2015\/07\/11174239_889807617726927_5844871395138256734_o.jpg","contentUrl":"http:\/\/www.tus-bruchhausen.de\/Fussball\/wp-content\/uploads\/2015\/07\/11174239_889807617726927_5844871395138256734_o.jpg","width":1440,"height":960},{"@type":"BreadcrumbList","@id":"http:\/\/www.tus-bruchhausen.de\/Fussball\/spielplan-der-tus-dritten-nur-unter-vorbehalt\/#breadcrumb","itemListElement":[{"@type":"ListItem","position":1,"name":"Startseite","item":"https:\/\/www.tus-bruchhausen.de\/Fussball\/"},{"@type":"ListItem","position":2,"name":"Spielplan der TuS-Dritten nur unter Vorbehalt"}]},{"@type":"WebSite","@id":"https:\/\/www.tus-bruchhausen.de\/Fussball\/#website","url":"https:\/\/www.tus-bruchhausen.de\/Fussball\/","name":"TuS Bruchhausen","description":"Fu\u00dfball","potentialAction":[{"@type":"SearchAction","target":{"@type":"EntryPoint","urlTemplate":"https:\/\/www.tus-bruchhausen.de\/Fussball\/?s={search_term_string}"},"query-input":{"@type":"PropertyValueSpecification","valueRequired":true,"valueName":"search_term_string"}}],"inLanguage":"de"},{"@type":"Person","@id":"https:\/\/www.tus-bruchhausen.de\/Fussball\/#\/schema\/person\/53a173c5abf387371fd35fcb395bc0af","name":"Dominic Gabriel","image":{"@type":"ImageObject","inLanguage":"de","@id":"https:\/\/secure.gravatar.com\/avatar\/750762ec91b9970d725a622f9a107d8412b787d34f1fd38dd08605665102440c?s=96&d=mm&r=g","url":"https:\/\/secure.gravatar.com\/avatar\/750762ec91b9970d725a622f9a107d8412b787d34f1fd38dd08605665102440c?s=96&d=mm&r=g","contentUrl":"https:\/\/secure.gravatar.com\/avatar\/750762ec91b9970d725a622f9a107d8412b787d34f1fd38dd08605665102440c?s=96&d=mm&r=g","caption":"Dominic Gabriel"}}]}},"_links":{"self":[{"href":"http:\/\/www.tus-bruchhausen.de\/Fussball\/wp-json\/wp\/v2\/posts\/7574","targetHints":{"allow":["GET"]}}],"collection":[{"href":"http:\/\/www.tus-bruchhausen.de\/Fussball\/wp-json\/wp\/v2\/posts"}],"about":[{"href":"http:\/\/www.tus-bruchhausen.de\/Fussball\/wp-json\/wp\/v2\/types\/post"}],"author":[{"embeddable":true,"href":"http:\/\/www.tus-bruchhausen.de\/Fussball\/wp-json\/wp\/v2\/users\/6"}],"replies":[{"embeddable":true,"href":"http:\/\/www.tus-bruchhausen.de\/Fussball\/wp-json\/wp\/v2\/comments?post=7574"}],"version-history":[{"count":12,"href":"http:\/\/www.tus-bruchhausen.de\/Fussball\/wp-json\/wp\/v2\/posts\/7574\/revisions"}],"predecessor-version":[{"id":7786,"href":"http:\/\/www.tus-bruchhausen.de\/Fussball\/wp-json\/wp\/v2\/posts\/7574\/revisions\/7786"}],"wp:featuredmedia":[{"embeddable":true,"href":"http:\/\/www.tus-bruchhausen.de\/Fussball\/wp-json\/wp\/v2\/media\/7576"}],"wp:attachment":[{"href":"http:\/\/www.tus-bruchhausen.de\/Fussball\/wp-json\/wp\/v2\/media?parent=7574"}],"wp:term":[{"taxonomy":"category","embeddable":true,"href":"http:\/\/www.tus-bruchhausen.de\/Fussball\/wp-json\/wp\/v2\/categories?post=7574"},{"taxonomy":"post_tag","embeddable":true,"href":"http:\/\/www.tus-bruchhausen.de\/Fussball\/wp-json\/wp\/v2\/tags?post=7574"}],"curies":[{"name":"wp","href":"https:\/\/api.w.org\/{rel}","templated":true}]}}