{"id":8269,"date":"2015-08-04T20:38:50","date_gmt":"2015-08-04T18:38:50","guid":{"rendered":"http:\/\/tus-bruchhausen.de\/Fussball\/?p=8269"},"modified":"2015-08-04T20:39:58","modified_gmt":"2015-08-04T18:39:58","slug":"11-fussball-feriencamp-vom-30-07-02-08","status":"publish","type":"post","link":"http:\/\/www.tus-bruchhausen.de\/Fussball\/11-fussball-feriencamp-vom-30-07-02-08\/","title":{"rendered":"11. Fu\u00dfball-Feriencamp vom 30.07.-02.08."},"content":{"rendered":"<p>Am vergangenen Wochenende fand das allj\u00e4hrliche Fu\u00dfball-Feriencamp statt. Es war bereits das elfte, welches 2005 erstmals durchgef\u00fchrt wurde und das zweite auf dem neuen Kunstrasen.<\/p>\n<p>Bei gutem Wetter gab es f\u00fcr die 33 Kinder im Alter von sechs bis 14 Jahren vier Tage lang Fu\u00dfball pur &#8211; Der Donnerstag begann mit Trainingseinheiten unter den Jugendtrainern des TuS Bruchhausen, ehe es am Freitag mit einem Besuch im Nass und der M\u00f6glichkeit zur Absolvierung des DFB-Fu\u00dfballabzeichens weiterging. Im Anschluss \u00fcbernahm die neue Damenmannschaft die n\u00e4chste Trainingseinheit. Am Freitag- und am Samstagabend wurde in der Sch\u00fctzenhalle \u00fcbernachtet. Samstags ging es zur Arena auf Schalke, wo eine Stadionf\u00fchrung stattfand, abends gab es dann ein Einlagespiel der Damenmannschaft gegen die B-Juniorinnen vom SV H\u00fcsten und f\u00fcr die Eltern der Kinder und Besucher die M\u00f6glichkeit einen gem\u00fctlichen Abend auf der Sportanlage zu haben.<\/p>\n<p>Vielen Dank an alle, die am und rund um das Feriencamp geholfen haben, insbesondere an Dietmar Koch, unter dessen Leitung das Feriencamp zum vierten Mal stattgefunden hat.<\/p>\n","protected":false},"excerpt":{"rendered":"<p>Am vergangenen Wochenende fand das allj\u00e4hrliche Fu\u00dfball-Feriencamp statt. Es war bereits das elfte, welches 2005 erstmals durchgef\u00fchrt wurde und das zweite auf dem neuen Kunstrasen. Bei gutem Wetter gab es f\u00fcr die 33 Kinder im Alter von sechs bis 14 Jahren vier Tage lang Fu\u00dfball pur &#8211; Der Donnerstag begann mit Trainingseinheiten unter den Jugendtrainern [&hellip;]<\/p>\n","protected":false},"author":3,"featured_media":8271,"comment_status":"closed","ping_status":"closed","sticky":false,"template":"","format":"standard","meta":{"footnotes":""},"categories":[7,8],"tags":[],"class_list":["post-8269","post","type-post","status-publish","format-standard","has-post-thumbnail","hentry","category-jugend","category-news","small-justify-block","has-thumb"],"yoast_head":"<!-- This site is optimized with the Yoast SEO plugin v27.2 - https:\/\/yoast.com\/product\/yoast-seo-wordpress\/ -->\n<title>11. Fu\u00dfball-Feriencamp vom 30.07.-02.08.<\/title>\n<meta name=\"robots\" content=\"index, follow, max-snippet:-1, max-image-preview:large, max-video-preview:-1\" \/>\n<link rel=\"canonical\" href=\"http:\/\/www.tus-bruchhausen.de\/Fussball\/11-fussball-feriencamp-vom-30-07-02-08\/\" \/>\n<meta property=\"og:locale\" content=\"de_DE\" \/>\n<meta property=\"og:type\" content=\"article\" \/>\n<meta property=\"og:title\" content=\"11. Fu\u00dfball-Feriencamp vom 30.07.-02.08.\" \/>\n<meta property=\"og:description\" content=\"Am vergangenen Wochenende fand das allj\u00e4hrliche Fu\u00dfball-Feriencamp statt. Es war bereits das elfte, welches 2005 erstmals durchgef\u00fchrt wurde und das zweite auf dem neuen Kunstrasen. Bei gutem Wetter gab es f\u00fcr die 33 Kinder im Alter von sechs bis 14 Jahren vier Tage lang Fu\u00dfball pur &#8211; Der Donnerstag begann mit Trainingseinheiten unter den Jugendtrainern [&hellip;]\" \/>\n<meta property=\"og:url\" content=\"http:\/\/www.tus-bruchhausen.de\/Fussball\/11-fussball-feriencamp-vom-30-07-02-08\/\" \/>\n<meta property=\"og:site_name\" content=\"TuS Bruchhausen\" \/>\n<meta property=\"article:publisher\" content=\"https:\/\/www.facebook.com\/TuS02\/\" \/>\n<meta property=\"article:published_time\" content=\"2015-08-04T18:38:50+00:00\" \/>\n<meta property=\"article:modified_time\" content=\"2015-08-04T18:39:58+00:00\" \/>\n<meta property=\"og:image\" content=\"http:\/\/www.tus-bruchhausen.de\/Fussball\/wp-content\/uploads\/2015\/08\/IMG_0949-e1438713590761.jpg\" \/>\n\t<meta property=\"og:image:width\" content=\"1439\" \/>\n\t<meta property=\"og:image:height\" content=\"716\" \/>\n\t<meta property=\"og:image:type\" content=\"image\/jpeg\" \/>\n<meta name=\"author\" content=\"Chris Hahne\" \/>\n<meta name=\"twitter:card\" content=\"summary_large_image\" \/>\n<meta name=\"twitter:label1\" content=\"Verfasst von\" \/>\n\t<meta name=\"twitter:data1\" content=\"Chris Hahne\" \/>\n\t<meta name=\"twitter:label2\" content=\"Gesch\u00e4tzte Lesezeit\" \/>\n\t<meta name=\"twitter:data2\" content=\"1\u00a0Minute\" \/>\n<script type=\"application\/ld+json\" class=\"yoast-schema-graph\">{\"@context\":\"https:\/\/schema.org\",\"@graph\":[{\"@type\":\"Article\",\"@id\":\"http:\/\/www.tus-bruchhausen.de\/Fussball\/11-fussball-feriencamp-vom-30-07-02-08\/#article\",\"isPartOf\":{\"@id\":\"http:\/\/www.tus-bruchhausen.de\/Fussball\/11-fussball-feriencamp-vom-30-07-02-08\/\"},\"author\":{\"name\":\"Chris Hahne\",\"@id\":\"https:\/\/www.tus-bruchhausen.de\/Fussball\/#\/schema\/person\/94e7a48174ea0a64c61fafdbdcbba7ec\"},\"headline\":\"11. Fu\u00dfball-Feriencamp vom 30.07.-02.08.\",\"datePublished\":\"2015-08-04T18:38:50+00:00\",\"dateModified\":\"2015-08-04T18:39:58+00:00\",\"mainEntityOfPage\":{\"@id\":\"http:\/\/www.tus-bruchhausen.de\/Fussball\/11-fussball-feriencamp-vom-30-07-02-08\/\"},\"wordCount\":179,\"image\":{\"@id\":\"http:\/\/www.tus-bruchhausen.de\/Fussball\/11-fussball-feriencamp-vom-30-07-02-08\/#primaryimage\"},\"thumbnailUrl\":\"http:\/\/www.tus-bruchhausen.de\/Fussball\/wp-content\/uploads\/2015\/08\/IMG_0949-e1438713590761.jpg\",\"articleSection\":[\"Jugend\",\"News\"],\"inLanguage\":\"de\"},{\"@type\":\"WebPage\",\"@id\":\"http:\/\/www.tus-bruchhausen.de\/Fussball\/11-fussball-feriencamp-vom-30-07-02-08\/\",\"url\":\"http:\/\/www.tus-bruchhausen.de\/Fussball\/11-fussball-feriencamp-vom-30-07-02-08\/\",\"name\":\"11. Fu\u00dfball-Feriencamp vom 30.07.-02.08.\",\"isPartOf\":{\"@id\":\"https:\/\/www.tus-bruchhausen.de\/Fussball\/#website\"},\"primaryImageOfPage\":{\"@id\":\"http:\/\/www.tus-bruchhausen.de\/Fussball\/11-fussball-feriencamp-vom-30-07-02-08\/#primaryimage\"},\"image\":{\"@id\":\"http:\/\/www.tus-bruchhausen.de\/Fussball\/11-fussball-feriencamp-vom-30-07-02-08\/#primaryimage\"},\"thumbnailUrl\":\"http:\/\/www.tus-bruchhausen.de\/Fussball\/wp-content\/uploads\/2015\/08\/IMG_0949-e1438713590761.jpg\",\"datePublished\":\"2015-08-04T18:38:50+00:00\",\"dateModified\":\"2015-08-04T18:39:58+00:00\",\"author\":{\"@id\":\"https:\/\/www.tus-bruchhausen.de\/Fussball\/#\/schema\/person\/94e7a48174ea0a64c61fafdbdcbba7ec\"},\"breadcrumb\":{\"@id\":\"http:\/\/www.tus-bruchhausen.de\/Fussball\/11-fussball-feriencamp-vom-30-07-02-08\/#breadcrumb\"},\"inLanguage\":\"de\",\"potentialAction\":[{\"@type\":\"ReadAction\",\"target\":[\"http:\/\/www.tus-bruchhausen.de\/Fussball\/11-fussball-feriencamp-vom-30-07-02-08\/\"]}]},{\"@type\":\"ImageObject\",\"inLanguage\":\"de\",\"@id\":\"http:\/\/www.tus-bruchhausen.de\/Fussball\/11-fussball-feriencamp-vom-30-07-02-08\/#primaryimage\",\"url\":\"http:\/\/www.tus-bruchhausen.de\/Fussball\/wp-content\/uploads\/2015\/08\/IMG_0949-e1438713590761.jpg\",\"contentUrl\":\"http:\/\/www.tus-bruchhausen.de\/Fussball\/wp-content\/uploads\/2015\/08\/IMG_0949-e1438713590761.jpg\",\"width\":1439,\"height\":716},{\"@type\":\"BreadcrumbList\",\"@id\":\"http:\/\/www.tus-bruchhausen.de\/Fussball\/11-fussball-feriencamp-vom-30-07-02-08\/#breadcrumb\",\"itemListElement\":[{\"@type\":\"ListItem\",\"position\":1,\"name\":\"Startseite\",\"item\":\"https:\/\/www.tus-bruchhausen.de\/Fussball\/\"},{\"@type\":\"ListItem\",\"position\":2,\"name\":\"11. Fu\u00dfball-Feriencamp vom 30.07.-02.08.\"}]},{\"@type\":\"WebSite\",\"@id\":\"https:\/\/www.tus-bruchhausen.de\/Fussball\/#website\",\"url\":\"https:\/\/www.tus-bruchhausen.de\/Fussball\/\",\"name\":\"TuS Bruchhausen\",\"description\":\"Fu\u00dfball\",\"potentialAction\":[{\"@type\":\"SearchAction\",\"target\":{\"@type\":\"EntryPoint\",\"urlTemplate\":\"https:\/\/www.tus-bruchhausen.de\/Fussball\/?s={search_term_string}\"},\"query-input\":{\"@type\":\"PropertyValueSpecification\",\"valueRequired\":true,\"valueName\":\"search_term_string\"}}],\"inLanguage\":\"de\"},{\"@type\":\"Person\",\"@id\":\"https:\/\/www.tus-bruchhausen.de\/Fussball\/#\/schema\/person\/94e7a48174ea0a64c61fafdbdcbba7ec\",\"name\":\"Chris Hahne\",\"image\":{\"@type\":\"ImageObject\",\"inLanguage\":\"de\",\"@id\":\"https:\/\/secure.gravatar.com\/avatar\/34a714ce5807c659f0bec4d3b72d79363536646359b280b19fd672a946483499?s=96&d=mm&r=g\",\"url\":\"https:\/\/secure.gravatar.com\/avatar\/34a714ce5807c659f0bec4d3b72d79363536646359b280b19fd672a946483499?s=96&d=mm&r=g\",\"contentUrl\":\"https:\/\/secure.gravatar.com\/avatar\/34a714ce5807c659f0bec4d3b72d79363536646359b280b19fd672a946483499?s=96&d=mm&r=g\",\"caption\":\"Chris Hahne\"}}]}<\/script>\n<!-- \/ Yoast SEO plugin. -->","yoast_head_json":{"title":"11. Fu\u00dfball-Feriencamp vom 30.07.-02.08.","robots":{"index":"index","follow":"follow","max-snippet":"max-snippet:-1","max-image-preview":"max-image-preview:large","max-video-preview":"max-video-preview:-1"},"canonical":"http:\/\/www.tus-bruchhausen.de\/Fussball\/11-fussball-feriencamp-vom-30-07-02-08\/","og_locale":"de_DE","og_type":"article","og_title":"11. Fu\u00dfball-Feriencamp vom 30.07.-02.08.","og_description":"Am vergangenen Wochenende fand das allj\u00e4hrliche Fu\u00dfball-Feriencamp statt. Es war bereits das elfte, welches 2005 erstmals durchgef\u00fchrt wurde und das zweite auf dem neuen Kunstrasen. Bei gutem Wetter gab es f\u00fcr die 33 Kinder im Alter von sechs bis 14 Jahren vier Tage lang Fu\u00dfball pur &#8211; Der Donnerstag begann mit Trainingseinheiten unter den Jugendtrainern [&hellip;]","og_url":"http:\/\/www.tus-bruchhausen.de\/Fussball\/11-fussball-feriencamp-vom-30-07-02-08\/","og_site_name":"TuS Bruchhausen","article_publisher":"https:\/\/www.facebook.com\/TuS02\/","article_published_time":"2015-08-04T18:38:50+00:00","article_modified_time":"2015-08-04T18:39:58+00:00","og_image":[{"width":1439,"height":716,"url":"http:\/\/www.tus-bruchhausen.de\/Fussball\/wp-content\/uploads\/2015\/08\/IMG_0949-e1438713590761.jpg","type":"image\/jpeg"}],"author":"Chris Hahne","twitter_card":"summary_large_image","twitter_misc":{"Verfasst von":"Chris Hahne","Gesch\u00e4tzte Lesezeit":"1\u00a0Minute"},"schema":{"@context":"https:\/\/schema.org","@graph":[{"@type":"Article","@id":"http:\/\/www.tus-bruchhausen.de\/Fussball\/11-fussball-feriencamp-vom-30-07-02-08\/#article","isPartOf":{"@id":"http:\/\/www.tus-bruchhausen.de\/Fussball\/11-fussball-feriencamp-vom-30-07-02-08\/"},"author":{"name":"Chris Hahne","@id":"https:\/\/www.tus-bruchhausen.de\/Fussball\/#\/schema\/person\/94e7a48174ea0a64c61fafdbdcbba7ec"},"headline":"11. Fu\u00dfball-Feriencamp vom 30.07.-02.08.","datePublished":"2015-08-04T18:38:50+00:00","dateModified":"2015-08-04T18:39:58+00:00","mainEntityOfPage":{"@id":"http:\/\/www.tus-bruchhausen.de\/Fussball\/11-fussball-feriencamp-vom-30-07-02-08\/"},"wordCount":179,"image":{"@id":"http:\/\/www.tus-bruchhausen.de\/Fussball\/11-fussball-feriencamp-vom-30-07-02-08\/#primaryimage"},"thumbnailUrl":"http:\/\/www.tus-bruchhausen.de\/Fussball\/wp-content\/uploads\/2015\/08\/IMG_0949-e1438713590761.jpg","articleSection":["Jugend","News"],"inLanguage":"de"},{"@type":"WebPage","@id":"http:\/\/www.tus-bruchhausen.de\/Fussball\/11-fussball-feriencamp-vom-30-07-02-08\/","url":"http:\/\/www.tus-bruchhausen.de\/Fussball\/11-fussball-feriencamp-vom-30-07-02-08\/","name":"11. Fu\u00dfball-Feriencamp vom 30.07.-02.08.","isPartOf":{"@id":"https:\/\/www.tus-bruchhausen.de\/Fussball\/#website"},"primaryImageOfPage":{"@id":"http:\/\/www.tus-bruchhausen.de\/Fussball\/11-fussball-feriencamp-vom-30-07-02-08\/#primaryimage"},"image":{"@id":"http:\/\/www.tus-bruchhausen.de\/Fussball\/11-fussball-feriencamp-vom-30-07-02-08\/#primaryimage"},"thumbnailUrl":"http:\/\/www.tus-bruchhausen.de\/Fussball\/wp-content\/uploads\/2015\/08\/IMG_0949-e1438713590761.jpg","datePublished":"2015-08-04T18:38:50+00:00","dateModified":"2015-08-04T18:39:58+00:00","author":{"@id":"https:\/\/www.tus-bruchhausen.de\/Fussball\/#\/schema\/person\/94e7a48174ea0a64c61fafdbdcbba7ec"},"breadcrumb":{"@id":"http:\/\/www.tus-bruchhausen.de\/Fussball\/11-fussball-feriencamp-vom-30-07-02-08\/#breadcrumb"},"inLanguage":"de","potentialAction":[{"@type":"ReadAction","target":["http:\/\/www.tus-bruchhausen.de\/Fussball\/11-fussball-feriencamp-vom-30-07-02-08\/"]}]},{"@type":"ImageObject","inLanguage":"de","@id":"http:\/\/www.tus-bruchhausen.de\/Fussball\/11-fussball-feriencamp-vom-30-07-02-08\/#primaryimage","url":"http:\/\/www.tus-bruchhausen.de\/Fussball\/wp-content\/uploads\/2015\/08\/IMG_0949-e1438713590761.jpg","contentUrl":"http:\/\/www.tus-bruchhausen.de\/Fussball\/wp-content\/uploads\/2015\/08\/IMG_0949-e1438713590761.jpg","width":1439,"height":716},{"@type":"BreadcrumbList","@id":"http:\/\/www.tus-bruchhausen.de\/Fussball\/11-fussball-feriencamp-vom-30-07-02-08\/#breadcrumb","itemListElement":[{"@type":"ListItem","position":1,"name":"Startseite","item":"https:\/\/www.tus-bruchhausen.de\/Fussball\/"},{"@type":"ListItem","position":2,"name":"11. Fu\u00dfball-Feriencamp vom 30.07.-02.08."}]},{"@type":"WebSite","@id":"https:\/\/www.tus-bruchhausen.de\/Fussball\/#website","url":"https:\/\/www.tus-bruchhausen.de\/Fussball\/","name":"TuS Bruchhausen","description":"Fu\u00dfball","potentialAction":[{"@type":"SearchAction","target":{"@type":"EntryPoint","urlTemplate":"https:\/\/www.tus-bruchhausen.de\/Fussball\/?s={search_term_string}"},"query-input":{"@type":"PropertyValueSpecification","valueRequired":true,"valueName":"search_term_string"}}],"inLanguage":"de"},{"@type":"Person","@id":"https:\/\/www.tus-bruchhausen.de\/Fussball\/#\/schema\/person\/94e7a48174ea0a64c61fafdbdcbba7ec","name":"Chris Hahne","image":{"@type":"ImageObject","inLanguage":"de","@id":"https:\/\/secure.gravatar.com\/avatar\/34a714ce5807c659f0bec4d3b72d79363536646359b280b19fd672a946483499?s=96&d=mm&r=g","url":"https:\/\/secure.gravatar.com\/avatar\/34a714ce5807c659f0bec4d3b72d79363536646359b280b19fd672a946483499?s=96&d=mm&r=g","contentUrl":"https:\/\/secure.gravatar.com\/avatar\/34a714ce5807c659f0bec4d3b72d79363536646359b280b19fd672a946483499?s=96&d=mm&r=g","caption":"Chris Hahne"}}]}},"_links":{"self":[{"href":"http:\/\/www.tus-bruchhausen.de\/Fussball\/wp-json\/wp\/v2\/posts\/8269","targetHints":{"allow":["GET"]}}],"collection":[{"href":"http:\/\/www.tus-bruchhausen.de\/Fussball\/wp-json\/wp\/v2\/posts"}],"about":[{"href":"http:\/\/www.tus-bruchhausen.de\/Fussball\/wp-json\/wp\/v2\/types\/post"}],"author":[{"embeddable":true,"href":"http:\/\/www.tus-bruchhausen.de\/Fussball\/wp-json\/wp\/v2\/users\/3"}],"replies":[{"embeddable":true,"href":"http:\/\/www.tus-bruchhausen.de\/Fussball\/wp-json\/wp\/v2\/comments?post=8269"}],"version-history":[{"count":1,"href":"http:\/\/www.tus-bruchhausen.de\/Fussball\/wp-json\/wp\/v2\/posts\/8269\/revisions"}],"predecessor-version":[{"id":8270,"href":"http:\/\/www.tus-bruchhausen.de\/Fussball\/wp-json\/wp\/v2\/posts\/8269\/revisions\/8270"}],"wp:featuredmedia":[{"embeddable":true,"href":"http:\/\/www.tus-bruchhausen.de\/Fussball\/wp-json\/wp\/v2\/media\/8271"}],"wp:attachment":[{"href":"http:\/\/www.tus-bruchhausen.de\/Fussball\/wp-json\/wp\/v2\/media?parent=8269"}],"wp:term":[{"taxonomy":"category","embeddable":true,"href":"http:\/\/www.tus-bruchhausen.de\/Fussball\/wp-json\/wp\/v2\/categories?post=8269"},{"taxonomy":"post_tag","embeddable":true,"href":"http:\/\/www.tus-bruchhausen.de\/Fussball\/wp-json\/wp\/v2\/tags?post=8269"}],"curies":[{"name":"wp","href":"https:\/\/api.w.org\/{rel}","templated":true}]}}