{"id":9267,"date":"2015-09-13T20:52:32","date_gmt":"2015-09-13T18:52:32","guid":{"rendered":"http:\/\/tus-bruchhausen.de\/Fussball\/?p=9267"},"modified":"2015-09-14T12:40:49","modified_gmt":"2015-09-14T10:40:49","slug":"mit-52-an-die-tabellenspitze","status":"publish","type":"post","link":"http:\/\/www.tus-bruchhausen.de\/Fussball\/mit-52-an-die-tabellenspitze\/","title":{"rendered":"TuS-Nachwuchs mit 5:2 an die Tabellenspitze"},"content":{"rendered":"<p>Am Sonntag, des 13. September standen sich die A-Jugenden des TuS Bruchhausen und des SV Arnsberg 09 gegen\u00fcber. Dass das Spiel am Kirmes Sonntag stattfand merkte man zumindest nicht an der Spannung des Spiels. Obwohl am Ende ein relativ klares Ergebnis auf dem Zettel steht, h\u00e4tte die Partie zwischenzeitlich auch kippen k\u00f6nnen.<\/p>\n<h2>Pascal J\u00e4kel schafft\u00a0Hattrick<\/h2>\n<p><a href=\"http:\/\/tus-bruchhausen.de\/Fussball\/wp-content\/uploads\/2015\/09\/IMG_6549.jpg\" rel=\"lightbox[9267]\"><img loading=\"lazy\" decoding=\"async\" class=\"alignleft size-medium wp-image-9277\" src=\"http:\/\/tus-bruchhausen.de\/Fussball\/wp-content\/uploads\/2015\/09\/IMG_6549-200x134.jpg\" alt=\"IMG_6549\" width=\"200\" height=\"134\" srcset=\"http:\/\/www.tus-bruchhausen.de\/Fussball\/wp-content\/uploads\/2015\/09\/IMG_6549-200x134.jpg 200w, http:\/\/www.tus-bruchhausen.de\/Fussball\/wp-content\/uploads\/2015\/09\/IMG_6549-563x376.jpg 563w, http:\/\/www.tus-bruchhausen.de\/Fussball\/wp-content\/uploads\/2015\/09\/IMG_6549-95x64.jpg 95w, http:\/\/www.tus-bruchhausen.de\/Fussball\/wp-content\/uploads\/2015\/09\/IMG_6549-900x601.jpg 900w, http:\/\/www.tus-bruchhausen.de\/Fussball\/wp-content\/uploads\/2015\/09\/IMG_6549.jpg 1440w\" sizes=\"auto, (max-width: 200px) 100vw, 200px\" \/><\/a>Die Partie begann direkt mit einem energischen Pressing seitens des TuS. Dies zeigte Wirkung in dem <a href=\"http:\/\/tus-bruchhausen.de\/Fussball\/players\/marek-pfeil\/\">Marek Pfeil<\/a> in der siebten Minute mit einem sensationellem Lupfer den 1:0 F\u00fchrungstreffer markierte. Die Antwort darauf folgte prompt. Die Arnsberger trafen zum 1:1 durch Benedikt Pottg\u00fcter. Nach einem langen Ball, der kurz vor <a href=\"http:\/\/tus-bruchhausen.de\/Fussball\/players\/marvin-tuschmann\/\">Marvin Tuschmann<\/a> quer gelegt wurde und somit einfach einzuschieben war. In der Zeit danach waren die Jungs von der Hiag zwar die bessere Mannschaft, schafften es aber nicht, ihre Chancen in letzter Konsequenz zu Nutzen. Bis zur 36. Minute, in der <a href=\"http:\/\/tus-bruchhausen.de\/Fussball\/players\/pascal-jaekel\/\">Pascal J\u00e4kel<\/a> nach einem Freisto\u00df von <a href=\"http:\/\/tus-bruchhausen.de\/Fussball\/players\/marcel-angenendt\/\">Marcel Angenendt<\/a> \u00a0zum 2:1 traf. In der Phase danach war die Heimmannschaft die bessere Mannschaft, was in der Erzielung des 3:1, ebenfalls durch J\u00e4kel. Zuvor hatte <a href=\"http:\/\/tus-bruchhausen.de\/Fussball\/players\/marius-klocke\/\">Marius Klocke<\/a>\u00a0das Sprintduell gegen einen Arnsberger gewonnen und danach den Ball auf J\u00e4kel quer gelegt.<\/p>\n<p>Nach diesem Tor verfiel der TuS in Selbstzufriedenheit und kassierte gerechtfertigt in der 51. Minute das 3:2 durch Konstantin Raffenberg. In dieser Phase ging eine h\u00f6here Gefahr von den Arnsbergern aus. In einer Situation parierte TuS Torwart Tuschmann erstklassig. Eine Phase in der das Spiel h\u00e4tte kippen k\u00f6nnen. In der 76. Minute dann erl\u00f6ste J\u00e4kel die Fans und das Team, in dem er die F\u00fchrung auf 4:2 ausbaute. Die Situation zum Tor war ein Freisto\u00df von Marcel Angenendt den der Torwart des SV abprallen lie\u00df und J\u00e4kel eiskalt, wie die ber\u00fchmte Hundeschnauze, einschob. Zum 5:2 Endstand traf in der 83. Minute <a href=\"http:\/\/tus-bruchhausen.de\/Fussball\/players\/tino-neuhaus\/\">Tino Neuhaus<\/a> per Kopf nach einer Ecke von Marcel Angenendt. Neuhaus setzte damit seiner pers\u00f6nlichen Leistung, die ohnehin schon ausgezeichnet war die Krone auf. Abschlie\u00dfend l\u00e4sst sich sagen, dass das Ergebnis gerechtfertigt ist. Mit dem Einwand, dass sich das Spiel sich auch in die andere Richtung h\u00e4tte entwickeln k\u00f6nnen, aber auch h\u00f6her ausfallen k\u00f6nnen.So l\u00e4sst es sich um ein Vielfaches verdienter den Sonntag auf der Kirmes ausklingen lassen.<\/p>\n<h2>Die Jungs von der Hiag an der Tabellenspitze<img loading=\"lazy\" decoding=\"async\" class=\"alignright wp-image-9268 size-medium\" src=\"http:\/\/tus-bruchhausen.de\/Fussball\/wp-content\/uploads\/2015\/09\/TuS-A-Jugend-Tabelle-e1442172734574-200x311.png\" alt=\"TuS A-Jugend Tabelle\" width=\"200\" height=\"311\" srcset=\"http:\/\/www.tus-bruchhausen.de\/Fussball\/wp-content\/uploads\/2015\/09\/TuS-A-Jugend-Tabelle-e1442172734574-200x311.png 200w, http:\/\/www.tus-bruchhausen.de\/Fussball\/wp-content\/uploads\/2015\/09\/TuS-A-Jugend-Tabelle-e1442172734574-242x376.png 242w, http:\/\/www.tus-bruchhausen.de\/Fussball\/wp-content\/uploads\/2015\/09\/TuS-A-Jugend-Tabelle-e1442172734574.png 718w\" sizes=\"auto, (max-width: 200px) 100vw, 200px\" \/><\/h2>\n<p>Mit diesem Sieg am vierten Spieltag ist man nun vor\u00fcbergehend auf Tabellenplatz 1. Aufgrund einer besseren Torverh\u00e4ltnisses konnte man die Mannschaft des SC Neheim II \u00fcberholen. Man hofft nat\u00fcrlich &#8211; obgleich ein wenig utopisch &#8211; diesen Platz nicht mehr herzugeben. Ist sich w\u00e4hrenddessen aber auch im Klaren dar\u00fcber, dass im Verlaufe der Saison noch bedeutend schwerere Aufgaben auf die Mannschaft warten und man erst den vierten Spieltag absolviert hat.<\/p>\n<h2 style=\"text-align: left;\">N\u00e4chste Partie<\/h2>\n<p>Die kommende Partie bestreitet die A-Jugend am Sonntag, den 20 September Ausw\u00e4rts \u00a0gegen die JSG Stockum\/Endorf\/Westenfeld. Ansto\u00df ist um 10:30. Leiten wird die Partie Andreas Levermann. Man wird auch in dieser Partie vollsten Einsatz zeigen um weiter oben dran zu bleiben. Zudem hofft man auch auf zahlreiche Zuschauer, aus dem Entendorf.<\/p>\n","protected":false},"excerpt":{"rendered":"<p>Am Sonntag, des 13. September standen sich die A-Jugenden des TuS Bruchhausen und des SV Arnsberg 09 gegen\u00fcber. Dass das Spiel am Kirmes Sonntag stattfand merkte man zumindest nicht an der Spannung des Spiels. Obwohl am Ende ein relativ klares Ergebnis auf dem Zettel steht, h\u00e4tte die Partie zwischenzeitlich auch kippen k\u00f6nnen. Pascal J\u00e4kel schafft\u00a0Hattrick [&hellip;]<\/p>\n","protected":false},"author":100001,"featured_media":9272,"comment_status":"closed","ping_status":"closed","sticky":false,"template":"","format":"standard","meta":{"footnotes":""},"categories":[11,7,8,20],"tags":[],"class_list":["post-9267","post","type-post","status-publish","format-standard","has-post-thumbnail","hentry","category-a-jugend","category-jugend","category-news","category-app","small-justify-block","has-thumb"],"yoast_head":"<!-- This site is optimized with the Yoast SEO plugin v27.2 - https:\/\/yoast.com\/product\/yoast-seo-wordpress\/ -->\n<title>TuS-Nachwuchs mit 5:2 an die Tabellenspitze<\/title>\n<meta name=\"robots\" content=\"index, follow, max-snippet:-1, max-image-preview:large, max-video-preview:-1\" \/>\n<link rel=\"canonical\" href=\"http:\/\/www.tus-bruchhausen.de\/Fussball\/mit-52-an-die-tabellenspitze\/\" \/>\n<meta property=\"og:locale\" content=\"de_DE\" \/>\n<meta property=\"og:type\" content=\"article\" \/>\n<meta property=\"og:title\" content=\"TuS-Nachwuchs mit 5:2 an die Tabellenspitze\" \/>\n<meta property=\"og:description\" content=\"Am Sonntag, des 13. September standen sich die A-Jugenden des TuS Bruchhausen und des SV Arnsberg 09 gegen\u00fcber. Dass das Spiel am Kirmes Sonntag stattfand merkte man zumindest nicht an der Spannung des Spiels. Obwohl am Ende ein relativ klares Ergebnis auf dem Zettel steht, h\u00e4tte die Partie zwischenzeitlich auch kippen k\u00f6nnen. Pascal J\u00e4kel schafft\u00a0Hattrick [&hellip;]\" \/>\n<meta property=\"og:url\" content=\"http:\/\/www.tus-bruchhausen.de\/Fussball\/mit-52-an-die-tabellenspitze\/\" \/>\n<meta property=\"og:site_name\" content=\"TuS Bruchhausen\" \/>\n<meta property=\"article:publisher\" content=\"https:\/\/www.facebook.com\/TuS02\/\" \/>\n<meta property=\"article:published_time\" content=\"2015-09-13T18:52:32+00:00\" \/>\n<meta property=\"article:modified_time\" content=\"2015-09-14T10:40:49+00:00\" \/>\n<meta property=\"og:image\" content=\"http:\/\/www.tus-bruchhausen.de\/Fussball\/wp-content\/uploads\/2015\/09\/IMG_6605.jpg\" \/>\n\t<meta property=\"og:image:width\" content=\"1440\" \/>\n\t<meta property=\"og:image:height\" content=\"963\" \/>\n\t<meta property=\"og:image:type\" content=\"image\/jpeg\" \/>\n<meta name=\"twitter:card\" content=\"summary_large_image\" \/>\n<meta name=\"twitter:label1\" content=\"Verfasst von\" \/>\n\t<meta name=\"twitter:data1\" content=\"\" \/>\n\t<meta name=\"twitter:label2\" content=\"Gesch\u00e4tzte Lesezeit\" \/>\n\t<meta name=\"twitter:data2\" content=\"3\u00a0Minuten\" \/>\n<script type=\"application\/ld+json\" class=\"yoast-schema-graph\">{\"@context\":\"https:\/\/schema.org\",\"@graph\":[{\"@type\":\"Article\",\"@id\":\"http:\/\/www.tus-bruchhausen.de\/Fussball\/mit-52-an-die-tabellenspitze\/#article\",\"isPartOf\":{\"@id\":\"http:\/\/www.tus-bruchhausen.de\/Fussball\/mit-52-an-die-tabellenspitze\/\"},\"author\":{\"name\":\"\",\"@id\":\"\"},\"headline\":\"TuS-Nachwuchs mit 5:2 an die Tabellenspitze\",\"datePublished\":\"2015-09-13T18:52:32+00:00\",\"dateModified\":\"2015-09-14T10:40:49+00:00\",\"mainEntityOfPage\":{\"@id\":\"http:\/\/www.tus-bruchhausen.de\/Fussball\/mit-52-an-die-tabellenspitze\/\"},\"wordCount\":518,\"image\":{\"@id\":\"http:\/\/www.tus-bruchhausen.de\/Fussball\/mit-52-an-die-tabellenspitze\/#primaryimage\"},\"thumbnailUrl\":\"http:\/\/www.tus-bruchhausen.de\/Fussball\/wp-content\/uploads\/2015\/09\/IMG_6605.jpg\",\"articleSection\":[\"A-Jugend\",\"Jugend\",\"News\",\"Z_APP\"],\"inLanguage\":\"de\"},{\"@type\":\"WebPage\",\"@id\":\"http:\/\/www.tus-bruchhausen.de\/Fussball\/mit-52-an-die-tabellenspitze\/\",\"url\":\"http:\/\/www.tus-bruchhausen.de\/Fussball\/mit-52-an-die-tabellenspitze\/\",\"name\":\"TuS-Nachwuchs mit 5:2 an die Tabellenspitze\",\"isPartOf\":{\"@id\":\"https:\/\/www.tus-bruchhausen.de\/Fussball\/#website\"},\"primaryImageOfPage\":{\"@id\":\"http:\/\/www.tus-bruchhausen.de\/Fussball\/mit-52-an-die-tabellenspitze\/#primaryimage\"},\"image\":{\"@id\":\"http:\/\/www.tus-bruchhausen.de\/Fussball\/mit-52-an-die-tabellenspitze\/#primaryimage\"},\"thumbnailUrl\":\"http:\/\/www.tus-bruchhausen.de\/Fussball\/wp-content\/uploads\/2015\/09\/IMG_6605.jpg\",\"datePublished\":\"2015-09-13T18:52:32+00:00\",\"dateModified\":\"2015-09-14T10:40:49+00:00\",\"author\":{\"@id\":\"\"},\"breadcrumb\":{\"@id\":\"http:\/\/www.tus-bruchhausen.de\/Fussball\/mit-52-an-die-tabellenspitze\/#breadcrumb\"},\"inLanguage\":\"de\",\"potentialAction\":[{\"@type\":\"ReadAction\",\"target\":[\"http:\/\/www.tus-bruchhausen.de\/Fussball\/mit-52-an-die-tabellenspitze\/\"]}]},{\"@type\":\"ImageObject\",\"inLanguage\":\"de\",\"@id\":\"http:\/\/www.tus-bruchhausen.de\/Fussball\/mit-52-an-die-tabellenspitze\/#primaryimage\",\"url\":\"http:\/\/www.tus-bruchhausen.de\/Fussball\/wp-content\/uploads\/2015\/09\/IMG_6605.jpg\",\"contentUrl\":\"http:\/\/www.tus-bruchhausen.de\/Fussball\/wp-content\/uploads\/2015\/09\/IMG_6605.jpg\",\"width\":1440,\"height\":963},{\"@type\":\"BreadcrumbList\",\"@id\":\"http:\/\/www.tus-bruchhausen.de\/Fussball\/mit-52-an-die-tabellenspitze\/#breadcrumb\",\"itemListElement\":[{\"@type\":\"ListItem\",\"position\":1,\"name\":\"Startseite\",\"item\":\"https:\/\/www.tus-bruchhausen.de\/Fussball\/\"},{\"@type\":\"ListItem\",\"position\":2,\"name\":\"TuS-Nachwuchs mit 5:2 an die Tabellenspitze\"}]},{\"@type\":\"WebSite\",\"@id\":\"https:\/\/www.tus-bruchhausen.de\/Fussball\/#website\",\"url\":\"https:\/\/www.tus-bruchhausen.de\/Fussball\/\",\"name\":\"TuS Bruchhausen\",\"description\":\"Fu\u00dfball\",\"potentialAction\":[{\"@type\":\"SearchAction\",\"target\":{\"@type\":\"EntryPoint\",\"urlTemplate\":\"https:\/\/www.tus-bruchhausen.de\/Fussball\/?s={search_term_string}\"},\"query-input\":{\"@type\":\"PropertyValueSpecification\",\"valueRequired\":true,\"valueName\":\"search_term_string\"}}],\"inLanguage\":\"de\"},{\"@type\":\"Person\",\"@id\":\"\"}]}<\/script>\n<!-- \/ Yoast SEO plugin. -->","yoast_head_json":{"title":"TuS-Nachwuchs mit 5:2 an die Tabellenspitze","robots":{"index":"index","follow":"follow","max-snippet":"max-snippet:-1","max-image-preview":"max-image-preview:large","max-video-preview":"max-video-preview:-1"},"canonical":"http:\/\/www.tus-bruchhausen.de\/Fussball\/mit-52-an-die-tabellenspitze\/","og_locale":"de_DE","og_type":"article","og_title":"TuS-Nachwuchs mit 5:2 an die Tabellenspitze","og_description":"Am Sonntag, des 13. September standen sich die A-Jugenden des TuS Bruchhausen und des SV Arnsberg 09 gegen\u00fcber. Dass das Spiel am Kirmes Sonntag stattfand merkte man zumindest nicht an der Spannung des Spiels. Obwohl am Ende ein relativ klares Ergebnis auf dem Zettel steht, h\u00e4tte die Partie zwischenzeitlich auch kippen k\u00f6nnen. Pascal J\u00e4kel schafft\u00a0Hattrick [&hellip;]","og_url":"http:\/\/www.tus-bruchhausen.de\/Fussball\/mit-52-an-die-tabellenspitze\/","og_site_name":"TuS Bruchhausen","article_publisher":"https:\/\/www.facebook.com\/TuS02\/","article_published_time":"2015-09-13T18:52:32+00:00","article_modified_time":"2015-09-14T10:40:49+00:00","og_image":[{"width":1440,"height":963,"url":"http:\/\/www.tus-bruchhausen.de\/Fussball\/wp-content\/uploads\/2015\/09\/IMG_6605.jpg","type":"image\/jpeg"}],"twitter_card":"summary_large_image","twitter_misc":{"Verfasst von":"","Gesch\u00e4tzte Lesezeit":"3\u00a0Minuten"},"schema":{"@context":"https:\/\/schema.org","@graph":[{"@type":"Article","@id":"http:\/\/www.tus-bruchhausen.de\/Fussball\/mit-52-an-die-tabellenspitze\/#article","isPartOf":{"@id":"http:\/\/www.tus-bruchhausen.de\/Fussball\/mit-52-an-die-tabellenspitze\/"},"author":{"name":"","@id":""},"headline":"TuS-Nachwuchs mit 5:2 an die Tabellenspitze","datePublished":"2015-09-13T18:52:32+00:00","dateModified":"2015-09-14T10:40:49+00:00","mainEntityOfPage":{"@id":"http:\/\/www.tus-bruchhausen.de\/Fussball\/mit-52-an-die-tabellenspitze\/"},"wordCount":518,"image":{"@id":"http:\/\/www.tus-bruchhausen.de\/Fussball\/mit-52-an-die-tabellenspitze\/#primaryimage"},"thumbnailUrl":"http:\/\/www.tus-bruchhausen.de\/Fussball\/wp-content\/uploads\/2015\/09\/IMG_6605.jpg","articleSection":["A-Jugend","Jugend","News","Z_APP"],"inLanguage":"de"},{"@type":"WebPage","@id":"http:\/\/www.tus-bruchhausen.de\/Fussball\/mit-52-an-die-tabellenspitze\/","url":"http:\/\/www.tus-bruchhausen.de\/Fussball\/mit-52-an-die-tabellenspitze\/","name":"TuS-Nachwuchs mit 5:2 an die Tabellenspitze","isPartOf":{"@id":"https:\/\/www.tus-bruchhausen.de\/Fussball\/#website"},"primaryImageOfPage":{"@id":"http:\/\/www.tus-bruchhausen.de\/Fussball\/mit-52-an-die-tabellenspitze\/#primaryimage"},"image":{"@id":"http:\/\/www.tus-bruchhausen.de\/Fussball\/mit-52-an-die-tabellenspitze\/#primaryimage"},"thumbnailUrl":"http:\/\/www.tus-bruchhausen.de\/Fussball\/wp-content\/uploads\/2015\/09\/IMG_6605.jpg","datePublished":"2015-09-13T18:52:32+00:00","dateModified":"2015-09-14T10:40:49+00:00","author":{"@id":""},"breadcrumb":{"@id":"http:\/\/www.tus-bruchhausen.de\/Fussball\/mit-52-an-die-tabellenspitze\/#breadcrumb"},"inLanguage":"de","potentialAction":[{"@type":"ReadAction","target":["http:\/\/www.tus-bruchhausen.de\/Fussball\/mit-52-an-die-tabellenspitze\/"]}]},{"@type":"ImageObject","inLanguage":"de","@id":"http:\/\/www.tus-bruchhausen.de\/Fussball\/mit-52-an-die-tabellenspitze\/#primaryimage","url":"http:\/\/www.tus-bruchhausen.de\/Fussball\/wp-content\/uploads\/2015\/09\/IMG_6605.jpg","contentUrl":"http:\/\/www.tus-bruchhausen.de\/Fussball\/wp-content\/uploads\/2015\/09\/IMG_6605.jpg","width":1440,"height":963},{"@type":"BreadcrumbList","@id":"http:\/\/www.tus-bruchhausen.de\/Fussball\/mit-52-an-die-tabellenspitze\/#breadcrumb","itemListElement":[{"@type":"ListItem","position":1,"name":"Startseite","item":"https:\/\/www.tus-bruchhausen.de\/Fussball\/"},{"@type":"ListItem","position":2,"name":"TuS-Nachwuchs mit 5:2 an die Tabellenspitze"}]},{"@type":"WebSite","@id":"https:\/\/www.tus-bruchhausen.de\/Fussball\/#website","url":"https:\/\/www.tus-bruchhausen.de\/Fussball\/","name":"TuS Bruchhausen","description":"Fu\u00dfball","potentialAction":[{"@type":"SearchAction","target":{"@type":"EntryPoint","urlTemplate":"https:\/\/www.tus-bruchhausen.de\/Fussball\/?s={search_term_string}"},"query-input":{"@type":"PropertyValueSpecification","valueRequired":true,"valueName":"search_term_string"}}],"inLanguage":"de"},{"@type":"Person","@id":""}]}},"_links":{"self":[{"href":"http:\/\/www.tus-bruchhausen.de\/Fussball\/wp-json\/wp\/v2\/posts\/9267","targetHints":{"allow":["GET"]}}],"collection":[{"href":"http:\/\/www.tus-bruchhausen.de\/Fussball\/wp-json\/wp\/v2\/posts"}],"about":[{"href":"http:\/\/www.tus-bruchhausen.de\/Fussball\/wp-json\/wp\/v2\/types\/post"}],"author":[{"embeddable":true,"href":"http:\/\/www.tus-bruchhausen.de\/Fussball\/wp-json\/wp\/v2\/users\/100001"}],"replies":[{"embeddable":true,"href":"http:\/\/www.tus-bruchhausen.de\/Fussball\/wp-json\/wp\/v2\/comments?post=9267"}],"version-history":[{"count":8,"href":"http:\/\/www.tus-bruchhausen.de\/Fussball\/wp-json\/wp\/v2\/posts\/9267\/revisions"}],"predecessor-version":[{"id":9288,"href":"http:\/\/www.tus-bruchhausen.de\/Fussball\/wp-json\/wp\/v2\/posts\/9267\/revisions\/9288"}],"wp:featuredmedia":[{"embeddable":true,"href":"http:\/\/www.tus-bruchhausen.de\/Fussball\/wp-json\/wp\/v2\/media\/9272"}],"wp:attachment":[{"href":"http:\/\/www.tus-bruchhausen.de\/Fussball\/wp-json\/wp\/v2\/media?parent=9267"}],"wp:term":[{"taxonomy":"category","embeddable":true,"href":"http:\/\/www.tus-bruchhausen.de\/Fussball\/wp-json\/wp\/v2\/categories?post=9267"},{"taxonomy":"post_tag","embeddable":true,"href":"http:\/\/www.tus-bruchhausen.de\/Fussball\/wp-json\/wp\/v2\/tags?post=9267"}],"curies":[{"name":"wp","href":"https:\/\/api.w.org\/{rel}","templated":true}]}}