{"id":3995,"date":"2014-08-20T09:00:53","date_gmt":"2014-08-20T07:00:53","guid":{"rendered":"http:\/\/tus-bruchhausen.de\/Fussball\/?p=3995"},"modified":"2014-08-22T08:58:21","modified_gmt":"2014-08-22T06:58:21","slug":"erste-und-zweite-am-2-spieltag-in-herdringen","status":"publish","type":"post","link":"https:\/\/www.tus-bruchhausen.de\/Fussball\/erste-und-zweite-am-2-spieltag-in-herdringen\/","title":{"rendered":"Erste und Zweite tauschen Heimrecht mit SV Herdringen"},"content":{"rendered":"<p>Die Mannschaften des TuS Bruchhausen bestreiten weiterhin nur Ausw\u00e4rtsspiele. Das laut Spielplan erste Heimspielwochenende am 24. August findet auf Grund des Umbaus der Sportanlage nicht statt. Deshalb wird f\u00fcr\u00a0die anstehenden Meisterschaftsspiele am 2. Spieltag das Heimrecht getauscht.<\/p>\n<p>Die 1. Mannschaft des TuS 02 spielt somit eine Woche nach dem erfolgreichen Auftakt\u00a0beim TuS M\u00fcschede\u00a0auf dem Sportplatz des\u00a0SV Herdringen. Auch die 2. Mannschaft, unter der Leitung von Trainer Thomas D\u00fclberg, spielt am 2. Spieltag in Herdringen. Die TuS Reserve trifft um 12.45 Uhr auf den SV Herdringen II. Ebenfalls ein Heimrechttausch hat\u00a0in der Kreisliga-D stattgefunden, die 3. Mannschaft des TuS Bruchhausen tritt am 24. August um 15.00 Uhr beim SuS Wennigloh an.<\/p>\n<p>Damit bestreiten die drei Senioren Mannschaften des TuS 02 zum Saisonauftakt jeweils mindestens drei Ausw\u00e4rtsspiele hintereinander.<\/p>\n<p>Der Tausch des Heimrechts verl\u00e4uft somit planm\u00e4\u00dfig, denn die Fertigstellung bzw. Bespielbarkeit der neuen Sportanlage war stets f\u00fcr die erste Woche im September geplant. Aus heutiger Sicht wird dieser Zeitplan wohl eingehalten.<\/p>\n","protected":false},"excerpt":{"rendered":"<p>Die Mannschaften des TuS Bruchhausen bestreiten weiterhin nur Ausw\u00e4rtsspiele. Das laut Spielplan erste Heimspielwochenende am 24. August findet auf Grund des Umbaus der Sportanlage nicht statt. Deshalb wird f\u00fcr\u00a0die anstehenden Meisterschaftsspiele am 2. Spieltag das Heimrecht getauscht. Die 1. Mannschaft des TuS 02 spielt somit eine Woche nach dem erfolgreichen Auftakt\u00a0beim TuS M\u00fcschede\u00a0auf dem Sportplatz [&hellip;]<\/p>\n","protected":false},"author":6,"featured_media":4001,"comment_status":"closed","ping_status":"closed","sticky":false,"template":"","format":"standard","meta":{"footnotes":""},"categories":[3,4,5],"tags":[],"class_list":["post-3995","post","type-post","status-publish","format-standard","has-post-thumbnail","hentry","category-1-mannschaft","category-2-mannschaft","category-3-mannschaft","small-justify-block","has-thumb"],"yoast_head":"<!-- This site is optimized with the Yoast SEO plugin v27.2 - https:\/\/yoast.com\/product\/yoast-seo-wordpress\/ -->\n<title>Erste und Zweite tauschen Heimrecht mit SV Herdringen<\/title>\n<meta name=\"robots\" content=\"index, follow, max-snippet:-1, max-image-preview:large, max-video-preview:-1\" \/>\n<link rel=\"canonical\" href=\"http:\/\/www.tus-bruchhausen.de\/Fussball\/erste-und-zweite-am-2-spieltag-in-herdringen\/\" \/>\n<meta property=\"og:locale\" content=\"de_DE\" \/>\n<meta property=\"og:type\" content=\"article\" \/>\n<meta property=\"og:title\" content=\"Erste und Zweite tauschen Heimrecht mit SV Herdringen\" \/>\n<meta property=\"og:description\" content=\"Die Mannschaften des TuS Bruchhausen bestreiten weiterhin nur Ausw\u00e4rtsspiele. Das laut Spielplan erste Heimspielwochenende am 24. August findet auf Grund des Umbaus der Sportanlage nicht statt. Deshalb wird f\u00fcr\u00a0die anstehenden Meisterschaftsspiele am 2. Spieltag das Heimrecht getauscht. Die 1. Mannschaft des TuS 02 spielt somit eine Woche nach dem erfolgreichen Auftakt\u00a0beim TuS M\u00fcschede\u00a0auf dem Sportplatz [&hellip;]\" \/>\n<meta property=\"og:url\" content=\"http:\/\/www.tus-bruchhausen.de\/Fussball\/erste-und-zweite-am-2-spieltag-in-herdringen\/\" \/>\n<meta property=\"og:site_name\" content=\"TuS Bruchhausen\" \/>\n<meta property=\"article:publisher\" content=\"https:\/\/www.facebook.com\/TuS02\/\" \/>\n<meta property=\"article:published_time\" content=\"2014-08-20T07:00:53+00:00\" \/>\n<meta property=\"article:modified_time\" content=\"2014-08-22T06:58:21+00:00\" \/>\n<meta property=\"og:image\" content=\"http:\/\/www.tus-bruchhausen.de\/Fussball\/wp-content\/uploads\/2014\/08\/IMG_2852.jpg\" \/>\n\t<meta property=\"og:image:width\" content=\"1440\" \/>\n\t<meta property=\"og:image:height\" content=\"960\" \/>\n\t<meta property=\"og:image:type\" content=\"image\/jpeg\" \/>\n<meta name=\"author\" content=\"Dominic Gabriel\" \/>\n<meta name=\"twitter:card\" content=\"summary_large_image\" \/>\n<meta name=\"twitter:label1\" content=\"Verfasst von\" \/>\n\t<meta name=\"twitter:data1\" content=\"Dominic Gabriel\" \/>\n\t<meta name=\"twitter:label2\" content=\"Gesch\u00e4tzte Lesezeit\" \/>\n\t<meta name=\"twitter:data2\" content=\"1\u00a0Minute\" \/>\n<script type=\"application\/ld+json\" class=\"yoast-schema-graph\">{\"@context\":\"https:\/\/schema.org\",\"@graph\":[{\"@type\":\"Article\",\"@id\":\"http:\/\/www.tus-bruchhausen.de\/Fussball\/erste-und-zweite-am-2-spieltag-in-herdringen\/#article\",\"isPartOf\":{\"@id\":\"http:\/\/www.tus-bruchhausen.de\/Fussball\/erste-und-zweite-am-2-spieltag-in-herdringen\/\"},\"author\":{\"name\":\"Dominic Gabriel\",\"@id\":\"http:\/\/www.tus-bruchhausen.de\/Fussball\/#\/schema\/person\/53a173c5abf387371fd35fcb395bc0af\"},\"headline\":\"Erste und Zweite tauschen Heimrecht mit SV Herdringen\",\"datePublished\":\"2014-08-20T07:00:53+00:00\",\"dateModified\":\"2014-08-22T06:58:21+00:00\",\"mainEntityOfPage\":{\"@id\":\"http:\/\/www.tus-bruchhausen.de\/Fussball\/erste-und-zweite-am-2-spieltag-in-herdringen\/\"},\"wordCount\":168,\"image\":{\"@id\":\"http:\/\/www.tus-bruchhausen.de\/Fussball\/erste-und-zweite-am-2-spieltag-in-herdringen\/#primaryimage\"},\"thumbnailUrl\":\"https:\/\/www.tus-bruchhausen.de\/Fussball\/wp-content\/uploads\/2014\/08\/IMG_2852.jpg\",\"articleSection\":[\"1. Mannschaft\",\"2. Mannschaft\",\"3. Mannschaft\"],\"inLanguage\":\"de\"},{\"@type\":\"WebPage\",\"@id\":\"http:\/\/www.tus-bruchhausen.de\/Fussball\/erste-und-zweite-am-2-spieltag-in-herdringen\/\",\"url\":\"http:\/\/www.tus-bruchhausen.de\/Fussball\/erste-und-zweite-am-2-spieltag-in-herdringen\/\",\"name\":\"Erste und Zweite tauschen Heimrecht mit SV Herdringen\",\"isPartOf\":{\"@id\":\"http:\/\/www.tus-bruchhausen.de\/Fussball\/#website\"},\"primaryImageOfPage\":{\"@id\":\"http:\/\/www.tus-bruchhausen.de\/Fussball\/erste-und-zweite-am-2-spieltag-in-herdringen\/#primaryimage\"},\"image\":{\"@id\":\"http:\/\/www.tus-bruchhausen.de\/Fussball\/erste-und-zweite-am-2-spieltag-in-herdringen\/#primaryimage\"},\"thumbnailUrl\":\"https:\/\/www.tus-bruchhausen.de\/Fussball\/wp-content\/uploads\/2014\/08\/IMG_2852.jpg\",\"datePublished\":\"2014-08-20T07:00:53+00:00\",\"dateModified\":\"2014-08-22T06:58:21+00:00\",\"author\":{\"@id\":\"http:\/\/www.tus-bruchhausen.de\/Fussball\/#\/schema\/person\/53a173c5abf387371fd35fcb395bc0af\"},\"breadcrumb\":{\"@id\":\"http:\/\/www.tus-bruchhausen.de\/Fussball\/erste-und-zweite-am-2-spieltag-in-herdringen\/#breadcrumb\"},\"inLanguage\":\"de\",\"potentialAction\":[{\"@type\":\"ReadAction\",\"target\":[\"http:\/\/www.tus-bruchhausen.de\/Fussball\/erste-und-zweite-am-2-spieltag-in-herdringen\/\"]}]},{\"@type\":\"ImageObject\",\"inLanguage\":\"de\",\"@id\":\"http:\/\/www.tus-bruchhausen.de\/Fussball\/erste-und-zweite-am-2-spieltag-in-herdringen\/#primaryimage\",\"url\":\"https:\/\/www.tus-bruchhausen.de\/Fussball\/wp-content\/uploads\/2014\/08\/IMG_2852.jpg\",\"contentUrl\":\"https:\/\/www.tus-bruchhausen.de\/Fussball\/wp-content\/uploads\/2014\/08\/IMG_2852.jpg\",\"width\":1440,\"height\":960},{\"@type\":\"BreadcrumbList\",\"@id\":\"http:\/\/www.tus-bruchhausen.de\/Fussball\/erste-und-zweite-am-2-spieltag-in-herdringen\/#breadcrumb\",\"itemListElement\":[{\"@type\":\"ListItem\",\"position\":1,\"name\":\"Startseite\",\"item\":\"https:\/\/www.tus-bruchhausen.de\/Fussball\/\"},{\"@type\":\"ListItem\",\"position\":2,\"name\":\"Erste und Zweite tauschen Heimrecht mit SV Herdringen\"}]},{\"@type\":\"WebSite\",\"@id\":\"http:\/\/www.tus-bruchhausen.de\/Fussball\/#website\",\"url\":\"http:\/\/www.tus-bruchhausen.de\/Fussball\/\",\"name\":\"TuS Bruchhausen\",\"description\":\"Fu\u00dfball\",\"potentialAction\":[{\"@type\":\"SearchAction\",\"target\":{\"@type\":\"EntryPoint\",\"urlTemplate\":\"http:\/\/www.tus-bruchhausen.de\/Fussball\/?s={search_term_string}\"},\"query-input\":{\"@type\":\"PropertyValueSpecification\",\"valueRequired\":true,\"valueName\":\"search_term_string\"}}],\"inLanguage\":\"de\"},{\"@type\":\"Person\",\"@id\":\"http:\/\/www.tus-bruchhausen.de\/Fussball\/#\/schema\/person\/53a173c5abf387371fd35fcb395bc0af\",\"name\":\"Dominic Gabriel\",\"image\":{\"@type\":\"ImageObject\",\"inLanguage\":\"de\",\"@id\":\"https:\/\/secure.gravatar.com\/avatar\/750762ec91b9970d725a622f9a107d8412b787d34f1fd38dd08605665102440c?s=96&d=mm&r=g\",\"url\":\"https:\/\/secure.gravatar.com\/avatar\/750762ec91b9970d725a622f9a107d8412b787d34f1fd38dd08605665102440c?s=96&d=mm&r=g\",\"contentUrl\":\"https:\/\/secure.gravatar.com\/avatar\/750762ec91b9970d725a622f9a107d8412b787d34f1fd38dd08605665102440c?s=96&d=mm&r=g\",\"caption\":\"Dominic Gabriel\"}}]}<\/script>\n<!-- \/ Yoast SEO plugin. -->","yoast_head_json":{"title":"Erste und Zweite tauschen Heimrecht mit SV Herdringen","robots":{"index":"index","follow":"follow","max-snippet":"max-snippet:-1","max-image-preview":"max-image-preview:large","max-video-preview":"max-video-preview:-1"},"canonical":"http:\/\/www.tus-bruchhausen.de\/Fussball\/erste-und-zweite-am-2-spieltag-in-herdringen\/","og_locale":"de_DE","og_type":"article","og_title":"Erste und Zweite tauschen Heimrecht mit SV Herdringen","og_description":"Die Mannschaften des TuS Bruchhausen bestreiten weiterhin nur Ausw\u00e4rtsspiele. Das laut Spielplan erste Heimspielwochenende am 24. August findet auf Grund des Umbaus der Sportanlage nicht statt. Deshalb wird f\u00fcr\u00a0die anstehenden Meisterschaftsspiele am 2. Spieltag das Heimrecht getauscht. Die 1. Mannschaft des TuS 02 spielt somit eine Woche nach dem erfolgreichen Auftakt\u00a0beim TuS M\u00fcschede\u00a0auf dem Sportplatz [&hellip;]","og_url":"http:\/\/www.tus-bruchhausen.de\/Fussball\/erste-und-zweite-am-2-spieltag-in-herdringen\/","og_site_name":"TuS Bruchhausen","article_publisher":"https:\/\/www.facebook.com\/TuS02\/","article_published_time":"2014-08-20T07:00:53+00:00","article_modified_time":"2014-08-22T06:58:21+00:00","og_image":[{"width":1440,"height":960,"url":"http:\/\/www.tus-bruchhausen.de\/Fussball\/wp-content\/uploads\/2014\/08\/IMG_2852.jpg","type":"image\/jpeg"}],"author":"Dominic Gabriel","twitter_card":"summary_large_image","twitter_misc":{"Verfasst von":"Dominic Gabriel","Gesch\u00e4tzte Lesezeit":"1\u00a0Minute"},"schema":{"@context":"https:\/\/schema.org","@graph":[{"@type":"Article","@id":"http:\/\/www.tus-bruchhausen.de\/Fussball\/erste-und-zweite-am-2-spieltag-in-herdringen\/#article","isPartOf":{"@id":"http:\/\/www.tus-bruchhausen.de\/Fussball\/erste-und-zweite-am-2-spieltag-in-herdringen\/"},"author":{"name":"Dominic Gabriel","@id":"http:\/\/www.tus-bruchhausen.de\/Fussball\/#\/schema\/person\/53a173c5abf387371fd35fcb395bc0af"},"headline":"Erste und Zweite tauschen Heimrecht mit SV Herdringen","datePublished":"2014-08-20T07:00:53+00:00","dateModified":"2014-08-22T06:58:21+00:00","mainEntityOfPage":{"@id":"http:\/\/www.tus-bruchhausen.de\/Fussball\/erste-und-zweite-am-2-spieltag-in-herdringen\/"},"wordCount":168,"image":{"@id":"http:\/\/www.tus-bruchhausen.de\/Fussball\/erste-und-zweite-am-2-spieltag-in-herdringen\/#primaryimage"},"thumbnailUrl":"https:\/\/www.tus-bruchhausen.de\/Fussball\/wp-content\/uploads\/2014\/08\/IMG_2852.jpg","articleSection":["1. Mannschaft","2. Mannschaft","3. Mannschaft"],"inLanguage":"de"},{"@type":"WebPage","@id":"http:\/\/www.tus-bruchhausen.de\/Fussball\/erste-und-zweite-am-2-spieltag-in-herdringen\/","url":"http:\/\/www.tus-bruchhausen.de\/Fussball\/erste-und-zweite-am-2-spieltag-in-herdringen\/","name":"Erste und Zweite tauschen Heimrecht mit SV Herdringen","isPartOf":{"@id":"http:\/\/www.tus-bruchhausen.de\/Fussball\/#website"},"primaryImageOfPage":{"@id":"http:\/\/www.tus-bruchhausen.de\/Fussball\/erste-und-zweite-am-2-spieltag-in-herdringen\/#primaryimage"},"image":{"@id":"http:\/\/www.tus-bruchhausen.de\/Fussball\/erste-und-zweite-am-2-spieltag-in-herdringen\/#primaryimage"},"thumbnailUrl":"https:\/\/www.tus-bruchhausen.de\/Fussball\/wp-content\/uploads\/2014\/08\/IMG_2852.jpg","datePublished":"2014-08-20T07:00:53+00:00","dateModified":"2014-08-22T06:58:21+00:00","author":{"@id":"http:\/\/www.tus-bruchhausen.de\/Fussball\/#\/schema\/person\/53a173c5abf387371fd35fcb395bc0af"},"breadcrumb":{"@id":"http:\/\/www.tus-bruchhausen.de\/Fussball\/erste-und-zweite-am-2-spieltag-in-herdringen\/#breadcrumb"},"inLanguage":"de","potentialAction":[{"@type":"ReadAction","target":["http:\/\/www.tus-bruchhausen.de\/Fussball\/erste-und-zweite-am-2-spieltag-in-herdringen\/"]}]},{"@type":"ImageObject","inLanguage":"de","@id":"http:\/\/www.tus-bruchhausen.de\/Fussball\/erste-und-zweite-am-2-spieltag-in-herdringen\/#primaryimage","url":"https:\/\/www.tus-bruchhausen.de\/Fussball\/wp-content\/uploads\/2014\/08\/IMG_2852.jpg","contentUrl":"https:\/\/www.tus-bruchhausen.de\/Fussball\/wp-content\/uploads\/2014\/08\/IMG_2852.jpg","width":1440,"height":960},{"@type":"BreadcrumbList","@id":"http:\/\/www.tus-bruchhausen.de\/Fussball\/erste-und-zweite-am-2-spieltag-in-herdringen\/#breadcrumb","itemListElement":[{"@type":"ListItem","position":1,"name":"Startseite","item":"https:\/\/www.tus-bruchhausen.de\/Fussball\/"},{"@type":"ListItem","position":2,"name":"Erste und Zweite tauschen Heimrecht mit SV Herdringen"}]},{"@type":"WebSite","@id":"http:\/\/www.tus-bruchhausen.de\/Fussball\/#website","url":"http:\/\/www.tus-bruchhausen.de\/Fussball\/","name":"TuS Bruchhausen","description":"Fu\u00dfball","potentialAction":[{"@type":"SearchAction","target":{"@type":"EntryPoint","urlTemplate":"http:\/\/www.tus-bruchhausen.de\/Fussball\/?s={search_term_string}"},"query-input":{"@type":"PropertyValueSpecification","valueRequired":true,"valueName":"search_term_string"}}],"inLanguage":"de"},{"@type":"Person","@id":"http:\/\/www.tus-bruchhausen.de\/Fussball\/#\/schema\/person\/53a173c5abf387371fd35fcb395bc0af","name":"Dominic Gabriel","image":{"@type":"ImageObject","inLanguage":"de","@id":"https:\/\/secure.gravatar.com\/avatar\/750762ec91b9970d725a622f9a107d8412b787d34f1fd38dd08605665102440c?s=96&d=mm&r=g","url":"https:\/\/secure.gravatar.com\/avatar\/750762ec91b9970d725a622f9a107d8412b787d34f1fd38dd08605665102440c?s=96&d=mm&r=g","contentUrl":"https:\/\/secure.gravatar.com\/avatar\/750762ec91b9970d725a622f9a107d8412b787d34f1fd38dd08605665102440c?s=96&d=mm&r=g","caption":"Dominic Gabriel"}}]}},"_links":{"self":[{"href":"https:\/\/www.tus-bruchhausen.de\/Fussball\/wp-json\/wp\/v2\/posts\/3995","targetHints":{"allow":["GET"]}}],"collection":[{"href":"https:\/\/www.tus-bruchhausen.de\/Fussball\/wp-json\/wp\/v2\/posts"}],"about":[{"href":"https:\/\/www.tus-bruchhausen.de\/Fussball\/wp-json\/wp\/v2\/types\/post"}],"author":[{"embeddable":true,"href":"https:\/\/www.tus-bruchhausen.de\/Fussball\/wp-json\/wp\/v2\/users\/6"}],"replies":[{"embeddable":true,"href":"https:\/\/www.tus-bruchhausen.de\/Fussball\/wp-json\/wp\/v2\/comments?post=3995"}],"version-history":[{"count":17,"href":"https:\/\/www.tus-bruchhausen.de\/Fussball\/wp-json\/wp\/v2\/posts\/3995\/revisions"}],"predecessor-version":[{"id":4109,"href":"https:\/\/www.tus-bruchhausen.de\/Fussball\/wp-json\/wp\/v2\/posts\/3995\/revisions\/4109"}],"wp:featuredmedia":[{"embeddable":true,"href":"https:\/\/www.tus-bruchhausen.de\/Fussball\/wp-json\/wp\/v2\/media\/4001"}],"wp:attachment":[{"href":"https:\/\/www.tus-bruchhausen.de\/Fussball\/wp-json\/wp\/v2\/media?parent=3995"}],"wp:term":[{"taxonomy":"category","embeddable":true,"href":"https:\/\/www.tus-bruchhausen.de\/Fussball\/wp-json\/wp\/v2\/categories?post=3995"},{"taxonomy":"post_tag","embeddable":true,"href":"https:\/\/www.tus-bruchhausen.de\/Fussball\/wp-json\/wp\/v2\/tags?post=3995"}],"curies":[{"name":"wp","href":"https:\/\/api.w.org\/{rel}","templated":true}]}}