{"id":4904,"date":"2014-11-20T12:15:02","date_gmt":"2014-11-20T11:15:02","guid":{"rendered":"http:\/\/tus-bruchhausen.de\/Fussball\/?p=4904"},"modified":"2014-11-21T22:01:50","modified_gmt":"2014-11-21T21:01:50","slug":"freitagabend-das-duell-um-die-tabellenfuehrung","status":"publish","type":"post","link":"https:\/\/www.tus-bruchhausen.de\/Fussball\/freitagabend-das-duell-um-die-tabellenfuehrung\/","title":{"rendered":"Freitagabend &#8211; Das Duell um die Tabellenspitze"},"content":{"rendered":"<p>Am Freitag, 21. November k\u00e4mpfen der TuS Bruchhausen und der TuS Vo\u00dfwinkel um die Tabellenf\u00fchrung der Kreisliga A Arnsberg.\u00a0Seit sechs Spieltagen haben beide Teams ein Spiel weniger absolviert als die Konkurrenz und standen\u00a0deshalb in der Tabelle bislang vielleicht unter Wert. Das Spiel am 8. Spieltag war ausgefallen weil der angesetzte Schiedsrichter nicht erschienen war und auf die Schnelle kein Ersatz greifbar war.<\/p>\n<p><span class=\"pullquote\"><!-- Es geht um den prestigetr\u00e4chtigen ersten Platz --><\/span>In der Tabelle liegen beide Mannschaften mit 29 Punkten gleich auf. Auf Grund der besseren Tordifferenz liegt der TuS Vo\u00dfwinkel auf dem\u00a0zweiten\u00a0Rang. Der Abstand zum Tabellenf\u00fchrer TuRa Freienohl betr\u00e4gt nur einen Punkt. In der letzten Saison konnte die beiden Teams jeweils ein Duell gewinnen. Im Spitzenspiel treffen zwei Mannschaften mit einer starken Serie aufeinander. Der TuS Vo\u00dfwinkel ist seit acht Spielen ungeschlagen und feierte zuletzt drei Siege in Serie. Der TuS Bruchhausen ist im neuen Sportpark An der Hiag noch ohne Niederlage und feierte zuletzt in der Liga sechs Siege in Folge. Die Hiag-Elf sind seit zehn Spielen in Folge ungeschlagen, das ist A Liga-Bestwert.<\/p>\n<p>Co-Trainer Stephen Hoffmann rechnet mit einem spannenden Duell: &#8220;Es wird ein hochemotionales Spiel, denn immerhin geht es um den prestigetr\u00e4chtigen ersten Platz.&#8221;\u00a0 Vor dem Spiel gibt sich Stephen Hoffmann selbstbewusst: &#8220;Wir kommen von Spiel zu Spiel besser in Fahrt und wir sind nach dem Umbruch im Sommer noch lange nicht bei 100%.&#8221; TuS Chef-Trainer Freddy Quebbemann schaut eher auf den Gegner und hat Respekt vor dessen Leistung: &#8220;Der TuS Vosswinkel hat schon in der letzten Saison die zweitbeste R\u00fcckrunde der A-Liga gespielt und ist von Platz 13 bis auf Rang f\u00fcnf geklettert. In diesem Jahr haben sie sich noch verst\u00e4rkt. Man muss vor der Offensive Respekt haben, dort ist <span class=\"pullquote pqRight\">Vosswinkel vor allem mit Standards brandgef\u00e4hrlich<\/span> .&#8221;\u00a0 Der Trainer des TuS Bruchhausen warnt vor dem Duell, &#8220;mit einer Einstellung wie gehen den TuS Hachen wird unsere super Heimserie rei\u00dfen.&#8221;<\/p>\n<figure id=\"attachment_4937\" aria-describedby=\"caption-attachment-4937\" style=\"width: 361px\" class=\"wp-caption alignright\"><a href=\"http:\/\/tus-bruchhausen.de\/Fussball\/wp-content\/uploads\/2014\/11\/kino_mannschaft.jpg\" rel=\"lightbox[4904]\"><img loading=\"lazy\" decoding=\"async\" class=\"wp-image-4937\" src=\"http:\/\/tus-bruchhausen.de\/Fussball\/wp-content\/uploads\/2014\/11\/kino_mannschaft-581x254.jpg\" alt=\"kino_mannschaft\" width=\"361\" height=\"158\" srcset=\"https:\/\/www.tus-bruchhausen.de\/Fussball\/wp-content\/uploads\/2014\/11\/kino_mannschaft-581x254.jpg 581w, https:\/\/www.tus-bruchhausen.de\/Fussball\/wp-content\/uploads\/2014\/11\/kino_mannschaft-200x87.jpg 200w, https:\/\/www.tus-bruchhausen.de\/Fussball\/wp-content\/uploads\/2014\/11\/kino_mannschaft-900x395.jpg 900w, https:\/\/www.tus-bruchhausen.de\/Fussball\/wp-content\/uploads\/2014\/11\/kino_mannschaft.jpg 1440w\" sizes=\"auto, (max-width: 361px) 100vw, 361px\" \/><\/a><figcaption id=\"caption-attachment-4937\" class=\"wp-caption-text\">Zur Einstimmung auf Topspiel schaute die Hiag-Elf am Mittwoch gemeinsam den Film &#8220;Die Mannschaft&#8221; in Kino in Unna<\/figcaption><\/figure>\n<p>Bei einem unentschiedenen Spielausgang w\u00fcrden die beiden Verfolger punktgleich zur Tabellenspitze aufschlie\u00dfen und dort ein F\u00fchrungstrio mit der TuRa Freienohl bilden. Der\u00a0Sieger\u00a0des\u00a0Nachholspiels\u00a0w\u00fcrde\u00a0mit zwei Punkten Vorsprung die\u00a0Tabellenf\u00fchrung \u00fcbernehmen. Es w\u00e4re\u00a0f\u00fcr den Gewinner des Topspiels ein gro\u00dfer Schritt Richtung Herbstmeisterschaft, die am kommenden Spieltag vergeben wird.<\/p>\n<p>Der TuS Bruchhausen\u00a0kann im Topspiel personell aus dem Vollen sch\u00f6pfen. Fehlen wird nur der langzeitverletzte Fabian Nagel. Ansto\u00df im Duell um die Tabellenspitze ist um 19.30 Uhr im Sportpark An der Hiag.<\/p>\n","protected":false},"excerpt":{"rendered":"<p>Am Freitag, 21. November k\u00e4mpfen der TuS Bruchhausen und der TuS Vo\u00dfwinkel um die Tabellenf\u00fchrung der Kreisliga A Arnsberg.\u00a0Seit sechs Spieltagen haben beide Teams ein Spiel weniger absolviert als die Konkurrenz und standen\u00a0deshalb in der Tabelle bislang vielleicht unter Wert. Das Spiel am 8. Spieltag war ausgefallen weil der angesetzte Schiedsrichter nicht erschienen war und [&hellip;]<\/p>\n","protected":false},"author":6,"featured_media":4915,"comment_status":"closed","ping_status":"closed","sticky":false,"template":"","format":"standard","meta":{"footnotes":""},"categories":[18,20],"tags":[],"class_list":["post-4904","post","type-post","status-publish","format-standard","has-post-thumbnail","hentry","category-spielankuendigung","category-app","small-justify-block","has-thumb"],"yoast_head":"<!-- This site is optimized with the Yoast SEO plugin v27.2 - https:\/\/yoast.com\/product\/yoast-seo-wordpress\/ -->\n<title>Freitagabend - Das Duell um die Tabellenspitze<\/title>\n<meta name=\"robots\" content=\"index, follow, max-snippet:-1, max-image-preview:large, max-video-preview:-1\" \/>\n<link rel=\"canonical\" href=\"https:\/\/www.tus-bruchhausen.de\/Fussball\/freitagabend-das-duell-um-die-tabellenfuehrung\/\" \/>\n<meta property=\"og:locale\" content=\"de_DE\" \/>\n<meta property=\"og:type\" content=\"article\" \/>\n<meta property=\"og:title\" content=\"Freitagabend - Das Duell um die Tabellenspitze\" \/>\n<meta property=\"og:description\" content=\"Am Freitag, 21. November k\u00e4mpfen der TuS Bruchhausen und der TuS Vo\u00dfwinkel um die Tabellenf\u00fchrung der Kreisliga A Arnsberg.\u00a0Seit sechs Spieltagen haben beide Teams ein Spiel weniger absolviert als die Konkurrenz und standen\u00a0deshalb in der Tabelle bislang vielleicht unter Wert. Das Spiel am 8. Spieltag war ausgefallen weil der angesetzte Schiedsrichter nicht erschienen war und [&hellip;]\" \/>\n<meta property=\"og:url\" content=\"https:\/\/www.tus-bruchhausen.de\/Fussball\/freitagabend-das-duell-um-die-tabellenfuehrung\/\" \/>\n<meta property=\"og:site_name\" content=\"TuS Bruchhausen\" \/>\n<meta property=\"article:publisher\" content=\"https:\/\/www.facebook.com\/TuS02\/\" \/>\n<meta property=\"article:published_time\" content=\"2014-11-20T11:15:02+00:00\" \/>\n<meta property=\"article:modified_time\" content=\"2014-11-21T21:01:50+00:00\" \/>\n<meta property=\"og:image\" content=\"https:\/\/www.tus-bruchhausen.de\/Fussball\/wp-content\/uploads\/2014\/11\/br_vosswinkel_1415.png\" \/>\n\t<meta property=\"og:image:width\" content=\"1440\" \/>\n\t<meta property=\"og:image:height\" content=\"500\" \/>\n\t<meta property=\"og:image:type\" content=\"image\/png\" \/>\n<meta name=\"author\" content=\"Dominic Gabriel\" \/>\n<meta name=\"twitter:card\" content=\"summary_large_image\" \/>\n<meta name=\"twitter:label1\" content=\"Verfasst von\" \/>\n\t<meta name=\"twitter:data1\" content=\"Dominic Gabriel\" \/>\n\t<meta name=\"twitter:label2\" content=\"Gesch\u00e4tzte Lesezeit\" \/>\n\t<meta name=\"twitter:data2\" content=\"2\u00a0Minuten\" \/>\n<script type=\"application\/ld+json\" class=\"yoast-schema-graph\">{\"@context\":\"https:\/\/schema.org\",\"@graph\":[{\"@type\":\"Article\",\"@id\":\"https:\/\/www.tus-bruchhausen.de\/Fussball\/freitagabend-das-duell-um-die-tabellenfuehrung\/#article\",\"isPartOf\":{\"@id\":\"https:\/\/www.tus-bruchhausen.de\/Fussball\/freitagabend-das-duell-um-die-tabellenfuehrung\/\"},\"author\":{\"name\":\"Dominic Gabriel\",\"@id\":\"http:\/\/www.tus-bruchhausen.de\/Fussball\/#\/schema\/person\/53a173c5abf387371fd35fcb395bc0af\"},\"headline\":\"Freitagabend &#8211; Das Duell um die Tabellenspitze\",\"datePublished\":\"2014-11-20T11:15:02+00:00\",\"dateModified\":\"2014-11-21T21:01:50+00:00\",\"mainEntityOfPage\":{\"@id\":\"https:\/\/www.tus-bruchhausen.de\/Fussball\/freitagabend-das-duell-um-die-tabellenfuehrung\/\"},\"wordCount\":440,\"image\":{\"@id\":\"https:\/\/www.tus-bruchhausen.de\/Fussball\/freitagabend-das-duell-um-die-tabellenfuehrung\/#primaryimage\"},\"thumbnailUrl\":\"https:\/\/www.tus-bruchhausen.de\/Fussball\/wp-content\/uploads\/2014\/11\/br_vosswinkel_1415.png\",\"articleSection\":[\"Spielank\u00fcndigung\",\"Z_APP\"],\"inLanguage\":\"de\"},{\"@type\":\"WebPage\",\"@id\":\"https:\/\/www.tus-bruchhausen.de\/Fussball\/freitagabend-das-duell-um-die-tabellenfuehrung\/\",\"url\":\"https:\/\/www.tus-bruchhausen.de\/Fussball\/freitagabend-das-duell-um-die-tabellenfuehrung\/\",\"name\":\"Freitagabend - Das Duell um die Tabellenspitze\",\"isPartOf\":{\"@id\":\"http:\/\/www.tus-bruchhausen.de\/Fussball\/#website\"},\"primaryImageOfPage\":{\"@id\":\"https:\/\/www.tus-bruchhausen.de\/Fussball\/freitagabend-das-duell-um-die-tabellenfuehrung\/#primaryimage\"},\"image\":{\"@id\":\"https:\/\/www.tus-bruchhausen.de\/Fussball\/freitagabend-das-duell-um-die-tabellenfuehrung\/#primaryimage\"},\"thumbnailUrl\":\"https:\/\/www.tus-bruchhausen.de\/Fussball\/wp-content\/uploads\/2014\/11\/br_vosswinkel_1415.png\",\"datePublished\":\"2014-11-20T11:15:02+00:00\",\"dateModified\":\"2014-11-21T21:01:50+00:00\",\"author\":{\"@id\":\"http:\/\/www.tus-bruchhausen.de\/Fussball\/#\/schema\/person\/53a173c5abf387371fd35fcb395bc0af\"},\"breadcrumb\":{\"@id\":\"https:\/\/www.tus-bruchhausen.de\/Fussball\/freitagabend-das-duell-um-die-tabellenfuehrung\/#breadcrumb\"},\"inLanguage\":\"de\",\"potentialAction\":[{\"@type\":\"ReadAction\",\"target\":[\"https:\/\/www.tus-bruchhausen.de\/Fussball\/freitagabend-das-duell-um-die-tabellenfuehrung\/\"]}]},{\"@type\":\"ImageObject\",\"inLanguage\":\"de\",\"@id\":\"https:\/\/www.tus-bruchhausen.de\/Fussball\/freitagabend-das-duell-um-die-tabellenfuehrung\/#primaryimage\",\"url\":\"https:\/\/www.tus-bruchhausen.de\/Fussball\/wp-content\/uploads\/2014\/11\/br_vosswinkel_1415.png\",\"contentUrl\":\"https:\/\/www.tus-bruchhausen.de\/Fussball\/wp-content\/uploads\/2014\/11\/br_vosswinkel_1415.png\",\"width\":1440,\"height\":500},{\"@type\":\"BreadcrumbList\",\"@id\":\"https:\/\/www.tus-bruchhausen.de\/Fussball\/freitagabend-das-duell-um-die-tabellenfuehrung\/#breadcrumb\",\"itemListElement\":[{\"@type\":\"ListItem\",\"position\":1,\"name\":\"Startseite\",\"item\":\"https:\/\/www.tus-bruchhausen.de\/Fussball\/\"},{\"@type\":\"ListItem\",\"position\":2,\"name\":\"Freitagabend &#8211; Das Duell um die Tabellenspitze\"}]},{\"@type\":\"WebSite\",\"@id\":\"http:\/\/www.tus-bruchhausen.de\/Fussball\/#website\",\"url\":\"http:\/\/www.tus-bruchhausen.de\/Fussball\/\",\"name\":\"TuS Bruchhausen\",\"description\":\"Fu\u00dfball\",\"potentialAction\":[{\"@type\":\"SearchAction\",\"target\":{\"@type\":\"EntryPoint\",\"urlTemplate\":\"http:\/\/www.tus-bruchhausen.de\/Fussball\/?s={search_term_string}\"},\"query-input\":{\"@type\":\"PropertyValueSpecification\",\"valueRequired\":true,\"valueName\":\"search_term_string\"}}],\"inLanguage\":\"de\"},{\"@type\":\"Person\",\"@id\":\"http:\/\/www.tus-bruchhausen.de\/Fussball\/#\/schema\/person\/53a173c5abf387371fd35fcb395bc0af\",\"name\":\"Dominic Gabriel\",\"image\":{\"@type\":\"ImageObject\",\"inLanguage\":\"de\",\"@id\":\"https:\/\/secure.gravatar.com\/avatar\/750762ec91b9970d725a622f9a107d8412b787d34f1fd38dd08605665102440c?s=96&d=mm&r=g\",\"url\":\"https:\/\/secure.gravatar.com\/avatar\/750762ec91b9970d725a622f9a107d8412b787d34f1fd38dd08605665102440c?s=96&d=mm&r=g\",\"contentUrl\":\"https:\/\/secure.gravatar.com\/avatar\/750762ec91b9970d725a622f9a107d8412b787d34f1fd38dd08605665102440c?s=96&d=mm&r=g\",\"caption\":\"Dominic Gabriel\"}}]}<\/script>\n<!-- \/ Yoast SEO plugin. -->","yoast_head_json":{"title":"Freitagabend - Das Duell um die Tabellenspitze","robots":{"index":"index","follow":"follow","max-snippet":"max-snippet:-1","max-image-preview":"max-image-preview:large","max-video-preview":"max-video-preview:-1"},"canonical":"https:\/\/www.tus-bruchhausen.de\/Fussball\/freitagabend-das-duell-um-die-tabellenfuehrung\/","og_locale":"de_DE","og_type":"article","og_title":"Freitagabend - Das Duell um die Tabellenspitze","og_description":"Am Freitag, 21. November k\u00e4mpfen der TuS Bruchhausen und der TuS Vo\u00dfwinkel um die Tabellenf\u00fchrung der Kreisliga A Arnsberg.\u00a0Seit sechs Spieltagen haben beide Teams ein Spiel weniger absolviert als die Konkurrenz und standen\u00a0deshalb in der Tabelle bislang vielleicht unter Wert. Das Spiel am 8. Spieltag war ausgefallen weil der angesetzte Schiedsrichter nicht erschienen war und [&hellip;]","og_url":"https:\/\/www.tus-bruchhausen.de\/Fussball\/freitagabend-das-duell-um-die-tabellenfuehrung\/","og_site_name":"TuS Bruchhausen","article_publisher":"https:\/\/www.facebook.com\/TuS02\/","article_published_time":"2014-11-20T11:15:02+00:00","article_modified_time":"2014-11-21T21:01:50+00:00","og_image":[{"width":1440,"height":500,"url":"https:\/\/www.tus-bruchhausen.de\/Fussball\/wp-content\/uploads\/2014\/11\/br_vosswinkel_1415.png","type":"image\/png"}],"author":"Dominic Gabriel","twitter_card":"summary_large_image","twitter_misc":{"Verfasst von":"Dominic Gabriel","Gesch\u00e4tzte Lesezeit":"2\u00a0Minuten"},"schema":{"@context":"https:\/\/schema.org","@graph":[{"@type":"Article","@id":"https:\/\/www.tus-bruchhausen.de\/Fussball\/freitagabend-das-duell-um-die-tabellenfuehrung\/#article","isPartOf":{"@id":"https:\/\/www.tus-bruchhausen.de\/Fussball\/freitagabend-das-duell-um-die-tabellenfuehrung\/"},"author":{"name":"Dominic Gabriel","@id":"http:\/\/www.tus-bruchhausen.de\/Fussball\/#\/schema\/person\/53a173c5abf387371fd35fcb395bc0af"},"headline":"Freitagabend &#8211; Das Duell um die Tabellenspitze","datePublished":"2014-11-20T11:15:02+00:00","dateModified":"2014-11-21T21:01:50+00:00","mainEntityOfPage":{"@id":"https:\/\/www.tus-bruchhausen.de\/Fussball\/freitagabend-das-duell-um-die-tabellenfuehrung\/"},"wordCount":440,"image":{"@id":"https:\/\/www.tus-bruchhausen.de\/Fussball\/freitagabend-das-duell-um-die-tabellenfuehrung\/#primaryimage"},"thumbnailUrl":"https:\/\/www.tus-bruchhausen.de\/Fussball\/wp-content\/uploads\/2014\/11\/br_vosswinkel_1415.png","articleSection":["Spielank\u00fcndigung","Z_APP"],"inLanguage":"de"},{"@type":"WebPage","@id":"https:\/\/www.tus-bruchhausen.de\/Fussball\/freitagabend-das-duell-um-die-tabellenfuehrung\/","url":"https:\/\/www.tus-bruchhausen.de\/Fussball\/freitagabend-das-duell-um-die-tabellenfuehrung\/","name":"Freitagabend - Das Duell um die Tabellenspitze","isPartOf":{"@id":"http:\/\/www.tus-bruchhausen.de\/Fussball\/#website"},"primaryImageOfPage":{"@id":"https:\/\/www.tus-bruchhausen.de\/Fussball\/freitagabend-das-duell-um-die-tabellenfuehrung\/#primaryimage"},"image":{"@id":"https:\/\/www.tus-bruchhausen.de\/Fussball\/freitagabend-das-duell-um-die-tabellenfuehrung\/#primaryimage"},"thumbnailUrl":"https:\/\/www.tus-bruchhausen.de\/Fussball\/wp-content\/uploads\/2014\/11\/br_vosswinkel_1415.png","datePublished":"2014-11-20T11:15:02+00:00","dateModified":"2014-11-21T21:01:50+00:00","author":{"@id":"http:\/\/www.tus-bruchhausen.de\/Fussball\/#\/schema\/person\/53a173c5abf387371fd35fcb395bc0af"},"breadcrumb":{"@id":"https:\/\/www.tus-bruchhausen.de\/Fussball\/freitagabend-das-duell-um-die-tabellenfuehrung\/#breadcrumb"},"inLanguage":"de","potentialAction":[{"@type":"ReadAction","target":["https:\/\/www.tus-bruchhausen.de\/Fussball\/freitagabend-das-duell-um-die-tabellenfuehrung\/"]}]},{"@type":"ImageObject","inLanguage":"de","@id":"https:\/\/www.tus-bruchhausen.de\/Fussball\/freitagabend-das-duell-um-die-tabellenfuehrung\/#primaryimage","url":"https:\/\/www.tus-bruchhausen.de\/Fussball\/wp-content\/uploads\/2014\/11\/br_vosswinkel_1415.png","contentUrl":"https:\/\/www.tus-bruchhausen.de\/Fussball\/wp-content\/uploads\/2014\/11\/br_vosswinkel_1415.png","width":1440,"height":500},{"@type":"BreadcrumbList","@id":"https:\/\/www.tus-bruchhausen.de\/Fussball\/freitagabend-das-duell-um-die-tabellenfuehrung\/#breadcrumb","itemListElement":[{"@type":"ListItem","position":1,"name":"Startseite","item":"https:\/\/www.tus-bruchhausen.de\/Fussball\/"},{"@type":"ListItem","position":2,"name":"Freitagabend &#8211; Das Duell um die Tabellenspitze"}]},{"@type":"WebSite","@id":"http:\/\/www.tus-bruchhausen.de\/Fussball\/#website","url":"http:\/\/www.tus-bruchhausen.de\/Fussball\/","name":"TuS Bruchhausen","description":"Fu\u00dfball","potentialAction":[{"@type":"SearchAction","target":{"@type":"EntryPoint","urlTemplate":"http:\/\/www.tus-bruchhausen.de\/Fussball\/?s={search_term_string}"},"query-input":{"@type":"PropertyValueSpecification","valueRequired":true,"valueName":"search_term_string"}}],"inLanguage":"de"},{"@type":"Person","@id":"http:\/\/www.tus-bruchhausen.de\/Fussball\/#\/schema\/person\/53a173c5abf387371fd35fcb395bc0af","name":"Dominic Gabriel","image":{"@type":"ImageObject","inLanguage":"de","@id":"https:\/\/secure.gravatar.com\/avatar\/750762ec91b9970d725a622f9a107d8412b787d34f1fd38dd08605665102440c?s=96&d=mm&r=g","url":"https:\/\/secure.gravatar.com\/avatar\/750762ec91b9970d725a622f9a107d8412b787d34f1fd38dd08605665102440c?s=96&d=mm&r=g","contentUrl":"https:\/\/secure.gravatar.com\/avatar\/750762ec91b9970d725a622f9a107d8412b787d34f1fd38dd08605665102440c?s=96&d=mm&r=g","caption":"Dominic Gabriel"}}]}},"_links":{"self":[{"href":"https:\/\/www.tus-bruchhausen.de\/Fussball\/wp-json\/wp\/v2\/posts\/4904","targetHints":{"allow":["GET"]}}],"collection":[{"href":"https:\/\/www.tus-bruchhausen.de\/Fussball\/wp-json\/wp\/v2\/posts"}],"about":[{"href":"https:\/\/www.tus-bruchhausen.de\/Fussball\/wp-json\/wp\/v2\/types\/post"}],"author":[{"embeddable":true,"href":"https:\/\/www.tus-bruchhausen.de\/Fussball\/wp-json\/wp\/v2\/users\/6"}],"replies":[{"embeddable":true,"href":"https:\/\/www.tus-bruchhausen.de\/Fussball\/wp-json\/wp\/v2\/comments?post=4904"}],"version-history":[{"count":17,"href":"https:\/\/www.tus-bruchhausen.de\/Fussball\/wp-json\/wp\/v2\/posts\/4904\/revisions"}],"predecessor-version":[{"id":4946,"href":"https:\/\/www.tus-bruchhausen.de\/Fussball\/wp-json\/wp\/v2\/posts\/4904\/revisions\/4946"}],"wp:featuredmedia":[{"embeddable":true,"href":"https:\/\/www.tus-bruchhausen.de\/Fussball\/wp-json\/wp\/v2\/media\/4915"}],"wp:attachment":[{"href":"https:\/\/www.tus-bruchhausen.de\/Fussball\/wp-json\/wp\/v2\/media?parent=4904"}],"wp:term":[{"taxonomy":"category","embeddable":true,"href":"https:\/\/www.tus-bruchhausen.de\/Fussball\/wp-json\/wp\/v2\/categories?post=4904"},{"taxonomy":"post_tag","embeddable":true,"href":"https:\/\/www.tus-bruchhausen.de\/Fussball\/wp-json\/wp\/v2\/tags?post=4904"}],"curies":[{"name":"wp","href":"https:\/\/api.w.org\/{rel}","templated":true}]}}